{"id":26038,"date":"2024-04-30T18:16:53","date_gmt":"2024-04-30T21:16:53","guid":{"rendered":"https:\/\/portalmf.com.br\/?p=26038"},"modified":"2024-04-30T18:16:54","modified_gmt":"2024-04-30T21:16:54","slug":"especialista-fala-sobre-os-cuidados-com-a-saude-no-pos-micareta","status":"publish","type":"post","link":"https:\/\/portalmf.com.br\/index.php\/2024\/04\/30\/especialista-fala-sobre-os-cuidados-com-a-saude-no-pos-micareta\/","title":{"rendered":"Especialista fala sobre os cuidados com a sa\u00fade no p\u00f3s-Micareta"},"content":{"rendered":"\n<p>Ap\u00f3s festas de grande aglomera\u00e7\u00e3o, assim como a micareta de Feira de Santana, \u00e9 comum aparecem surtos de casos cl\u00ednicos virais, no entanto, especialistas alertam que ainda vivemos um per\u00edodo onde ainda h\u00e1 casos de COVID 19 al\u00e9m de muitos outros agentes virais e que pacientes podem ser acometidos por mais de um deles concomitantemente.<\/p>\n\n\n\n<p><em>\u201c\u00c9 poss\u00edvel, pois vivemos um momento onde h\u00e1 uma diversidade grande de v\u00edrus circulando em nosso meio, principalmente, COVID 19, lembrando que s\u00e3o doen\u00e7as que t\u00eam sintomas bem semelhantes, por isso \u00e9 de vital import\u00e2ncia que as pessoas acometidas por quaisquer sintomas e doen\u00e7as, procurem atendimento m\u00e9dico para que possam ser medicadas corretamente e evitar sempre a automedica\u00e7\u00e3o\u201d,<\/em> aconselha biom\u00e9dico, Gilson Alves.<\/p>\n\n\n\n<p>O especialista diz ainda que os principais v\u00edrus que mais frequentemente podem originar uma virose respirat\u00f3ria s\u00e3o o rinov\u00edrus, v\u00edrus sincicial respirat\u00f3rio, adenov\u00edrus, influenza, parainfluenza e metapneumov\u00edrus.&nbsp; Contudo, salienta que o mesmo v\u00edrus pode acometer a mesma pessoa, mas a depender da idade e do sistema imunol\u00f3gico deficit\u00e1rio desta pessoa, poder\u00e1 ocorrer um agravamento desse quadro viral ou ainda o mesmo paciente ser acometido por mais de uma s\u00edndrome viral ao mesmo tempo.<\/p>\n\n\n\n<p>Neste per\u00edodo de surtos de viroses e emerg\u00eancias lotadas, muitas pessoas questionam a efic\u00e1cia e efeito colateral das vacinas, principalmente da vacina da gripe. Alves explica que as vacinas e respostas dos efeitos colaterais, mudam de pessoa para pessoa tamb\u00e9m.<\/p>\n\n\n\n<p><em>\u201cCada pessoa \u00e9 \u00fanica no seu sistema imune, sendo assim este indiv\u00edduo ter\u00e1 uma resposta na evolu\u00e7\u00e3o do cl\u00ednico de determinada doen\u00e7a, isso tamb\u00e9m se aplica aos efeitos colaterais das vacinas, pois cada organismo ter\u00e1 uma determinada rea\u00e7\u00e3o\u201d.&nbsp;<\/em><\/p>\n\n\n\n<p>Ainda sobre a vacina da Influenza, o t\u00e9cnico diz que pessoas n\u00e3o precisam e n\u00e3o devem ter medo de tomar qualquer tipo de vacina por achar que pode ter efeitos danosos \u00e0 sa\u00fade, pois todas as vacinas s\u00e3o seguras, principalmente, as que utilizam v\u00edrus inativado.&nbsp;<\/p>\n\n\n\n<p><em>\u201cTodas as vacinas passam por um rigoroso crit\u00e9rio de pesquisa baseado na ci\u00eancia. Pode acontecer de uma pessoa n\u00e3o responder a uma vacina, mas caso raros acontecem e quando ocorrem,&nbsp;podem ser por erros prim\u00e1rios de imuniza\u00e7\u00e3o,&nbsp;como erro de manuseio, conserva\u00e7\u00e3o, erros de dilui\u00e7\u00e3o,&nbsp;erros de aplica\u00e7\u00e3o faixa et\u00e1ria recomenda ou mesmo no intervalo recomendado para aplica\u00e7\u00e3o e refor\u00e7o\u201d,<\/em> explica.&nbsp;<\/p>\n\n\n\n<p>Neste per\u00edodo p\u00f3s festa em que vivemos os grandes surtos das viroses, o biom\u00e9dico recomenda manter o m\u00e1ximo distanciamento de pessoas com caracter\u00edsticas gripais, se proteger com m\u00e1scaras e realizar assepsia. <em>\u201cUm m\u00e9todo infal\u00edvel que \u00e9 sempre estar lavando as m\u00e3os, evitar est\u00e1 passando as m\u00e3os nos olhos, nariz e boca\u201d.<\/em>&nbsp;<\/p>\n\n\n\n<p><strong>P\u00fablico mais vulner\u00e1vel<\/strong>&nbsp;<\/p>\n\n\n\n<p>De acordo com o perito, as crian\u00e7as e os idosos tendem a ser mais suscet\u00edveis a ficarem mais debilitados por doen\u00e7as virais, isto porque, os mesmos&nbsp;t\u00eam um sistema imunol\u00f3gico mais fr\u00e1gil, principalmente, aquelas pessoas que t\u00eam doen\u00e7as pr\u00e9-existentes (imunossuprimidos).<\/p>\n","protected":false},"excerpt":{"rendered":"<p>Ap\u00f3s festas de grande aglomera\u00e7\u00e3o, assim como a micareta de Feira de Santana, \u00e9 comum aparecem surtos de casos cl\u00ednicos virais, no entanto, especialistas alertam que ainda vivemos um per\u00edodo onde ainda h\u00e1 casos de COVID 19 al\u00e9m de muitos outros agentes virais e que pacientes podem ser acometidos por mais de um deles concomitantemente. [&hellip;]<\/p>\n","protected":false},"author":5,"featured_media":26039,"comment_status":"open","ping_status":"open","sticky":false,"template":"","format":"standard","meta":{"_monsterinsights_skip_tracking":false,"_monsterinsights_sitenote_active":false,"_monsterinsights_sitenote_note":"","_monsterinsights_sitenote_category":0,"footnotes":""},"categories":[41],"tags":[],"yoast_head":"<!-- This site is optimized with the Yoast SEO plugin v22.9 - https:\/\/yoast.com\/wordpress\/plugins\/seo\/ -->\n<title>Especialista fala sobre os cuidados com a sa\u00fade no p\u00f3s-Micareta - Portal MF<\/title>\n<meta name=\"robots\" content=\"index, follow, max-snippet:-1, max-image-preview:large, max-video-preview:-1\" \/>\n<link rel=\"canonical\" href=\"https:\/\/portalmf.com.br\/index.php\/2024\/04\/30\/especialista-fala-sobre-os-cuidados-com-a-saude-no-pos-micareta\/\" \/>\n<meta property=\"og:locale\" content=\"pt_BR\" \/>\n<meta property=\"og:type\" content=\"article\" \/>\n<meta property=\"og:title\" content=\"Especialista fala sobre os cuidados com a sa\u00fade no p\u00f3s-Micareta - Portal MF\" \/>\n<meta property=\"og:description\" content=\"Ap\u00f3s festas de grande aglomera\u00e7\u00e3o, assim como a micareta de Feira de Santana, \u00e9 comum aparecem surtos de casos cl\u00ednicos virais, no entanto, especialistas alertam que ainda vivemos um per\u00edodo onde ainda h\u00e1 casos de COVID 19 al\u00e9m de muitos outros agentes virais e que pacientes podem ser acometidos por mais de um deles concomitantemente. [&hellip;]\" \/>\n<meta property=\"og:url\" content=\"https:\/\/portalmf.com.br\/index.php\/2024\/04\/30\/especialista-fala-sobre-os-cuidados-com-a-saude-no-pos-micareta\/\" \/>\n<meta property=\"og:site_name\" content=\"Portal MF\" \/>\n<meta property=\"article:published_time\" content=\"2024-04-30T21:16:53+00:00\" \/>\n<meta property=\"article:modified_time\" content=\"2024-04-30T21:16:54+00:00\" \/>\n<meta property=\"og:image\" content=\"https:\/\/portalmf.com.br\/wp-content\/uploads\/2024\/04\/Especialista-fala-sobre-os-cuidados-com-a-saude-no-pos-Micareta-1.jpg\" \/>\n\t<meta property=\"og:image:width\" content=\"800\" \/>\n\t<meta property=\"og:image:height\" content=\"723\" \/>\n\t<meta property=\"og:image:type\" content=\"image\/jpeg\" \/>\n<meta name=\"author\" content=\"Lila Oliveira\" \/>\n<meta name=\"twitter:card\" content=\"summary_large_image\" \/>\n<meta name=\"twitter:label1\" content=\"Escrito por\" \/>\n\t<meta name=\"twitter:data1\" content=\"Lila Oliveira\" \/>\n\t<meta name=\"twitter:label2\" content=\"Est. tempo de leitura\" \/>\n\t<meta name=\"twitter:data2\" content=\"3 minutos\" \/>\n<script type=\"application\/ld+json\" class=\"yoast-schema-graph\">{\"@context\":\"https:\/\/schema.org\",\"@graph\":[{\"@type\":\"WebPage\",\"@id\":\"https:\/\/portalmf.com.br\/index.php\/2024\/04\/30\/especialista-fala-sobre-os-cuidados-com-a-saude-no-pos-micareta\/\",\"url\":\"https:\/\/portalmf.com.br\/index.php\/2024\/04\/30\/especialista-fala-sobre-os-cuidados-com-a-saude-no-pos-micareta\/\",\"name\":\"Especialista fala sobre os cuidados com a sa\u00fade no p\u00f3s-Micareta - Portal MF\",\"isPartOf\":{\"@id\":\"https:\/\/portalmf.com.br\/#website\"},\"primaryImageOfPage\":{\"@id\":\"https:\/\/portalmf.com.br\/index.php\/2024\/04\/30\/especialista-fala-sobre-os-cuidados-com-a-saude-no-pos-micareta\/#primaryimage\"},\"image\":{\"@id\":\"https:\/\/portalmf.com.br\/index.php\/2024\/04\/30\/especialista-fala-sobre-os-cuidados-com-a-saude-no-pos-micareta\/#primaryimage\"},\"thumbnailUrl\":\"https:\/\/portalmf.com.br\/wp-content\/uploads\/2024\/04\/Especialista-fala-sobre-os-cuidados-com-a-saude-no-pos-Micareta-1.jpg\",\"datePublished\":\"2024-04-30T21:16:53+00:00\",\"dateModified\":\"2024-04-30T21:16:54+00:00\",\"author\":{\"@id\":\"https:\/\/portalmf.com.br\/#\/schema\/person\/19071c375ee7579b7300dd91d656ff97\"},\"breadcrumb\":{\"@id\":\"https:\/\/portalmf.com.br\/index.php\/2024\/04\/30\/especialista-fala-sobre-os-cuidados-com-a-saude-no-pos-micareta\/#breadcrumb\"},\"inLanguage\":\"pt-BR\",\"potentialAction\":[{\"@type\":\"ReadAction\",\"target\":[\"https:\/\/portalmf.com.br\/index.php\/2024\/04\/30\/especialista-fala-sobre-os-cuidados-com-a-saude-no-pos-micareta\/\"]}]},{\"@type\":\"ImageObject\",\"inLanguage\":\"pt-BR\",\"@id\":\"https:\/\/portalmf.com.br\/index.php\/2024\/04\/30\/especialista-fala-sobre-os-cuidados-com-a-saude-no-pos-micareta\/#primaryimage\",\"url\":\"https:\/\/portalmf.com.br\/wp-content\/uploads\/2024\/04\/Especialista-fala-sobre-os-cuidados-com-a-saude-no-pos-Micareta-1.jpg\",\"contentUrl\":\"https:\/\/portalmf.com.br\/wp-content\/uploads\/2024\/04\/Especialista-fala-sobre-os-cuidados-com-a-saude-no-pos-Micareta-1.jpg\",\"width\":800,\"height\":723},{\"@type\":\"BreadcrumbList\",\"@id\":\"https:\/\/portalmf.com.br\/index.php\/2024\/04\/30\/especialista-fala-sobre-os-cuidados-com-a-saude-no-pos-micareta\/#breadcrumb\",\"itemListElement\":[{\"@type\":\"ListItem\",\"position\":1,\"name\":\"In\u00edcio\",\"item\":\"https:\/\/portalmf.com.br\/\"},{\"@type\":\"ListItem\",\"position\":2,\"name\":\"Especialista fala sobre os cuidados com a sa\u00fade no p\u00f3s-Micareta\"}]},{\"@type\":\"WebSite\",\"@id\":\"https:\/\/portalmf.com.br\/#website\",\"url\":\"https:\/\/portalmf.com.br\/\",\"name\":\"Portal MF\",\"description\":\"Voc\u00ea conectado com a informa\u00e7\u00e3o\",\"potentialAction\":[{\"@type\":\"SearchAction\",\"target\":{\"@type\":\"EntryPoint\",\"urlTemplate\":\"https:\/\/portalmf.com.br\/?s={search_term_string}\"},\"query-input\":\"required name=search_term_string\"}],\"inLanguage\":\"pt-BR\"},{\"@type\":\"Person\",\"@id\":\"https:\/\/portalmf.com.br\/#\/schema\/person\/19071c375ee7579b7300dd91d656ff97\",\"name\":\"Lila Oliveira\",\"image\":{\"@type\":\"ImageObject\",\"inLanguage\":\"pt-BR\",\"@id\":\"https:\/\/portalmf.com.br\/#\/schema\/person\/image\/\",\"url\":\"https:\/\/secure.gravatar.com\/avatar\/344958fa973c4e824a6dde1b63c19431?s=96&d=mm&r=g\",\"contentUrl\":\"https:\/\/secure.gravatar.com\/avatar\/344958fa973c4e824a6dde1b63c19431?s=96&d=mm&r=g\",\"caption\":\"Lila Oliveira\"},\"sameAs\":[\"https:\/\/portalmf.com.br\/\"],\"url\":\"https:\/\/portalmf.com.br\/index.php\/author\/lilaoliveira\/\"}]}<\/script>\n<!-- \/ Yoast SEO plugin. -->","yoast_head_json":{"title":"Especialista fala sobre os cuidados com a sa\u00fade no p\u00f3s-Micareta - Portal MF","robots":{"index":"index","follow":"follow","max-snippet":"max-snippet:-1","max-image-preview":"max-image-preview:large","max-video-preview":"max-video-preview:-1"},"canonical":"https:\/\/portalmf.com.br\/index.php\/2024\/04\/30\/especialista-fala-sobre-os-cuidados-com-a-saude-no-pos-micareta\/","og_locale":"pt_BR","og_type":"article","og_title":"Especialista fala sobre os cuidados com a sa\u00fade no p\u00f3s-Micareta - Portal MF","og_description":"Ap\u00f3s festas de grande aglomera\u00e7\u00e3o, assim como a micareta de Feira de Santana, \u00e9 comum aparecem surtos de casos cl\u00ednicos virais, no entanto, especialistas alertam que ainda vivemos um per\u00edodo onde ainda h\u00e1 casos de COVID 19 al\u00e9m de muitos outros agentes virais e que pacientes podem ser acometidos por mais de um deles concomitantemente. [&hellip;]","og_url":"https:\/\/portalmf.com.br\/index.php\/2024\/04\/30\/especialista-fala-sobre-os-cuidados-com-a-saude-no-pos-micareta\/","og_site_name":"Portal MF","article_published_time":"2024-04-30T21:16:53+00:00","article_modified_time":"2024-04-30T21:16:54+00:00","og_image":[{"width":800,"height":723,"url":"https:\/\/portalmf.com.br\/wp-content\/uploads\/2024\/04\/Especialista-fala-sobre-os-cuidados-com-a-saude-no-pos-Micareta-1.jpg","type":"image\/jpeg"}],"author":"Lila Oliveira","twitter_card":"summary_large_image","twitter_misc":{"Escrito por":"Lila Oliveira","Est. tempo de leitura":"3 minutos"},"schema":{"@context":"https:\/\/schema.org","@graph":[{"@type":"WebPage","@id":"https:\/\/portalmf.com.br\/index.php\/2024\/04\/30\/especialista-fala-sobre-os-cuidados-com-a-saude-no-pos-micareta\/","url":"https:\/\/portalmf.com.br\/index.php\/2024\/04\/30\/especialista-fala-sobre-os-cuidados-com-a-saude-no-pos-micareta\/","name":"Especialista fala sobre os cuidados com a sa\u00fade no p\u00f3s-Micareta - Portal MF","isPartOf":{"@id":"https:\/\/portalmf.com.br\/#website"},"primaryImageOfPage":{"@id":"https:\/\/portalmf.com.br\/index.php\/2024\/04\/30\/especialista-fala-sobre-os-cuidados-com-a-saude-no-pos-micareta\/#primaryimage"},"image":{"@id":"https:\/\/portalmf.com.br\/index.php\/2024\/04\/30\/especialista-fala-sobre-os-cuidados-com-a-saude-no-pos-micareta\/#primaryimage"},"thumbnailUrl":"https:\/\/portalmf.com.br\/wp-content\/uploads\/2024\/04\/Especialista-fala-sobre-os-cuidados-com-a-saude-no-pos-Micareta-1.jpg","datePublished":"2024-04-30T21:16:53+00:00","dateModified":"2024-04-30T21:16:54+00:00","author":{"@id":"https:\/\/portalmf.com.br\/#\/schema\/person\/19071c375ee7579b7300dd91d656ff97"},"breadcrumb":{"@id":"https:\/\/portalmf.com.br\/index.php\/2024\/04\/30\/especialista-fala-sobre-os-cuidados-com-a-saude-no-pos-micareta\/#breadcrumb"},"inLanguage":"pt-BR","potentialAction":[{"@type":"ReadAction","target":["https:\/\/portalmf.com.br\/index.php\/2024\/04\/30\/especialista-fala-sobre-os-cuidados-com-a-saude-no-pos-micareta\/"]}]},{"@type":"ImageObject","inLanguage":"pt-BR","@id":"https:\/\/portalmf.com.br\/index.php\/2024\/04\/30\/especialista-fala-sobre-os-cuidados-com-a-saude-no-pos-micareta\/#primaryimage","url":"https:\/\/portalmf.com.br\/wp-content\/uploads\/2024\/04\/Especialista-fala-sobre-os-cuidados-com-a-saude-no-pos-Micareta-1.jpg","contentUrl":"https:\/\/portalmf.com.br\/wp-content\/uploads\/2024\/04\/Especialista-fala-sobre-os-cuidados-com-a-saude-no-pos-Micareta-1.jpg","width":800,"height":723},{"@type":"BreadcrumbList","@id":"https:\/\/portalmf.com.br\/index.php\/2024\/04\/30\/especialista-fala-sobre-os-cuidados-com-a-saude-no-pos-micareta\/#breadcrumb","itemListElement":[{"@type":"ListItem","position":1,"name":"In\u00edcio","item":"https:\/\/portalmf.com.br\/"},{"@type":"ListItem","position":2,"name":"Especialista fala sobre os cuidados com a sa\u00fade no p\u00f3s-Micareta"}]},{"@type":"WebSite","@id":"https:\/\/portalmf.com.br\/#website","url":"https:\/\/portalmf.com.br\/","name":"Portal MF","description":"Voc\u00ea conectado com a informa\u00e7\u00e3o","potentialAction":[{"@type":"SearchAction","target":{"@type":"EntryPoint","urlTemplate":"https:\/\/portalmf.com.br\/?s={search_term_string}"},"query-input":"required name=search_term_string"}],"inLanguage":"pt-BR"},{"@type":"Person","@id":"https:\/\/portalmf.com.br\/#\/schema\/person\/19071c375ee7579b7300dd91d656ff97","name":"Lila Oliveira","image":{"@type":"ImageObject","inLanguage":"pt-BR","@id":"https:\/\/portalmf.com.br\/#\/schema\/person\/image\/","url":"https:\/\/secure.gravatar.com\/avatar\/344958fa973c4e824a6dde1b63c19431?s=96&d=mm&r=g","contentUrl":"https:\/\/secure.gravatar.com\/avatar\/344958fa973c4e824a6dde1b63c19431?s=96&d=mm&r=g","caption":"Lila Oliveira"},"sameAs":["https:\/\/portalmf.com.br\/"],"url":"https:\/\/portalmf.com.br\/index.php\/author\/lilaoliveira\/"}]}},"_links":{"self":[{"href":"https:\/\/portalmf.com.br\/index.php\/wp-json\/wp\/v2\/posts\/26038"}],"collection":[{"href":"https:\/\/portalmf.com.br\/index.php\/wp-json\/wp\/v2\/posts"}],"about":[{"href":"https:\/\/portalmf.com.br\/index.php\/wp-json\/wp\/v2\/types\/post"}],"author":[{"embeddable":true,"href":"https:\/\/portalmf.com.br\/index.php\/wp-json\/wp\/v2\/users\/5"}],"replies":[{"embeddable":true,"href":"https:\/\/portalmf.com.br\/index.php\/wp-json\/wp\/v2\/comments?post=26038"}],"version-history":[{"count":1,"href":"https:\/\/portalmf.com.br\/index.php\/wp-json\/wp\/v2\/posts\/26038\/revisions"}],"predecessor-version":[{"id":26040,"href":"https:\/\/portalmf.com.br\/index.php\/wp-json\/wp\/v2\/posts\/26038\/revisions\/26040"}],"wp:featuredmedia":[{"embeddable":true,"href":"https:\/\/portalmf.com.br\/index.php\/wp-json\/wp\/v2\/media\/26039"}],"wp:attachment":[{"href":"https:\/\/portalmf.com.br\/index.php\/wp-json\/wp\/v2\/media?parent=26038"}],"wp:term":[{"taxonomy":"category","embeddable":true,"href":"https:\/\/portalmf.com.br\/index.php\/wp-json\/wp\/v2\/categories?post=26038"},{"taxonomy":"post_tag","embeddable":true,"href":"https:\/\/portalmf.com.br\/index.php\/wp-json\/wp\/v2\/tags?post=26038"}],"curies":[{"name":"wp","href":"https:\/\/api.w.org\/{rel}","templated":true}]}}