{"id":25893,"date":"2024-04-23T16:35:56","date_gmt":"2024-04-23T19:35:56","guid":{"rendered":"https:\/\/portalmf.com.br\/?p=25893"},"modified":"2024-04-23T22:58:30","modified_gmt":"2024-04-24T01:58:30","slug":"cobertura-da-tv-geral-na-micareta-alcanca-audiencia-internacional-e-bate-recorde-de-acessos","status":"publish","type":"post","link":"https:\/\/portalmf.com.br\/index.php\/2024\/04\/23\/cobertura-da-tv-geral-na-micareta-alcanca-audiencia-internacional-e-bate-recorde-de-acessos\/","title":{"rendered":"Cobertura da TV Geral na Micareta alcan\u00e7a audi\u00eancia internacional e bate recorde de acessos"},"content":{"rendered":"\n<p>A TV Geral,&nbsp;primeira televis\u00e3o via internet do Norte-Nordeste do Brasil, comemora mais um grande feito durante a realiza\u00e7\u00e3o da transmiss\u00e3o da Micareta de Feira de Santana, em 2024.<\/p>\n\n\n\n<p>Com transmiss\u00e3o ao vivo e&nbsp;ininterrupta, a TV Geral teve a maior cobertura integrada do Estado, somando as&nbsp;multiplataformas e ve\u00edculos: site Jornal Folha do Estado, R\u00e1dio Geral, TV Geral e Jornal Folha do Estado (Impresso).&nbsp;<\/p>\n\n\n\n<figure class=\"wp-block-embed is-type-video is-provider-youtube wp-block-embed-youtube wp-embed-aspect-16-9 wp-has-aspect-ratio\"><div class=\"wp-block-embed__wrapper\">\n<iframe title=\"Igor Kann\u00e1rio na Micareta de Feira 2024 - S\u00c1BADO (20\/04) - TvGeral.com.br\" width=\"696\" height=\"392\" src=\"https:\/\/www.youtube.com\/embed\/6a5aofGjiIo?feature=oembed\" frameborder=\"0\" allow=\"accelerometer; autoplay; clipboard-write; encrypted-media; gyroscope; picture-in-picture; web-share\" referrerpolicy=\"strict-origin-when-cross-origin\" allowfullscreen><\/iframe>\n<\/div><figcaption class=\"wp-element-caption\">Jornalista Reginaldo J\u00fanior conversando com o cantor Igor Kannario<\/figcaption><\/figure>\n\n\n\n<p>Al\u00e9m dos ve\u00edculos de massa tradicionais, estava presente tamb\u00e9m, de forma simult\u00e2nea, nas maiores redes sociais: Instagram, Facebook, X (antigo Twitter), com rep\u00f3rteres espalhados em todos os pontos dos circuitos, diretamente dos trios, com imagens de diversos pontos, captando imagens atrav\u00e9s de recursos tecnol\u00f3gicos de ponta para transmiss\u00e3o panor\u00e2mica da folia.<\/p>\n\n\n\n<figure class=\"wp-block-image size-full\"><img fetchpriority=\"high\" decoding=\"async\" width=\"800\" height=\"533\" src=\"https:\/\/portalmf.com.br\/wp-content\/uploads\/2024\/04\/CAMAROTE-FOLHA-DO-ESTADO-2024-1.jpg\" alt=\"\" class=\"wp-image-25897\" srcset=\"https:\/\/portalmf.com.br\/wp-content\/uploads\/2024\/04\/CAMAROTE-FOLHA-DO-ESTADO-2024-1.jpg 800w, https:\/\/portalmf.com.br\/wp-content\/uploads\/2024\/04\/CAMAROTE-FOLHA-DO-ESTADO-2024-1-300x200.jpg 300w, https:\/\/portalmf.com.br\/wp-content\/uploads\/2024\/04\/CAMAROTE-FOLHA-DO-ESTADO-2024-1-768x512.jpg 768w, https:\/\/portalmf.com.br\/wp-content\/uploads\/2024\/04\/CAMAROTE-FOLHA-DO-ESTADO-2024-1-696x464.jpg 696w\" sizes=\"(max-width: 800px) 100vw, 800px\" \/><figcaption class=\"wp-element-caption\"><strong>Entrevista com ex-prefeito Jos\u00e9 Ronaldo de Carvalho. Foto: FotoShow<\/strong><\/figcaption><\/figure>\n\n\n\n<p>A TV Geral atingiu milhares de internautas em todo o mundo. Foram 19 profissionais envolvidos diretamente na transmiss\u00e3o da TV Geral e mais 6 profissionais de comunica\u00e7\u00e3o do Grupo Jornal Folha do Estado da Bahia.<\/p>\n\n\n\n<figure class=\"wp-block-embed is-type-video is-provider-youtube wp-block-embed-youtube wp-embed-aspect-16-9 wp-has-aspect-ratio\"><div class=\"wp-block-embed__wrapper\">\n<iframe title=\"Lincoln na Micareta de Feira 2024 - QUINTA (18\/04) - TvGeral.com.br\" width=\"696\" height=\"392\" src=\"https:\/\/www.youtube.com\/embed\/2Qry77NDKX8?feature=oembed\" frameborder=\"0\" allow=\"accelerometer; autoplay; clipboard-write; encrypted-media; gyroscope; picture-in-picture; web-share\" referrerpolicy=\"strict-origin-when-cross-origin\" allowfullscreen><\/iframe>\n<\/div><\/figure>\n\n\n\n<p>Foram mais de 33 horas de transmiss\u00e3o ao vivo,\u00a0mais de 232 mil acessos no Youtube e mais de 130 mil contas alcan\u00e7adas por postagens nas redes sociais.\u00a0<\/p>\n\n\n\n<figure class=\"wp-block-image size-full\"><img decoding=\"async\" width=\"800\" height=\"533\" src=\"https:\/\/portalmf.com.br\/wp-content\/uploads\/2024\/04\/CAMAROTE-FOLHA-DO-ESTADO-2024-2.jpg\" alt=\"\" class=\"wp-image-25899\" srcset=\"https:\/\/portalmf.com.br\/wp-content\/uploads\/2024\/04\/CAMAROTE-FOLHA-DO-ESTADO-2024-2.jpg 800w, https:\/\/portalmf.com.br\/wp-content\/uploads\/2024\/04\/CAMAROTE-FOLHA-DO-ESTADO-2024-2-300x200.jpg 300w, https:\/\/portalmf.com.br\/wp-content\/uploads\/2024\/04\/CAMAROTE-FOLHA-DO-ESTADO-2024-2-768x512.jpg 768w, https:\/\/portalmf.com.br\/wp-content\/uploads\/2024\/04\/CAMAROTE-FOLHA-DO-ESTADO-2024-2-696x464.jpg 696w\" sizes=\"(max-width: 800px) 100vw, 800px\" \/><figcaption class=\"wp-element-caption\">Equipe da TV Geral<\/figcaption><\/figure>\n\n\n\n<p>Durante os 4 dias de festa mais o arrast\u00e3o que aconteceu na segunda-feira (22), animado pelo cantor Thiago Aquino, o Camarote da TV Geral foi visitado por diversos artistas, pol\u00edticos, gestores p\u00fablicos e convidados. Parada obrigat\u00f3ria tanto das maiores atra\u00e7\u00f5es como tamb\u00e9m dos artistas da terra, que parabenizaram o grupo pela excel\u00eancia na cobertura da maior e primeira Micareta do Brasil.\u00a0<\/p>\n\n\n\n<p>As informa\u00e7\u00f5es s\u00e3o do Folha do Estado<\/p>\n","protected":false},"excerpt":{"rendered":"<p>A TV Geral,&nbsp;primeira televis\u00e3o via internet do Norte-Nordeste do Brasil, comemora mais um grande feito durante a realiza\u00e7\u00e3o da transmiss\u00e3o da Micareta de Feira de Santana, em 2024. Com transmiss\u00e3o ao vivo e&nbsp;ininterrupta, a TV Geral teve a maior cobertura integrada do Estado, somando as&nbsp;multiplataformas e ve\u00edculos: site Jornal Folha do Estado, R\u00e1dio Geral, TV [&hellip;]<\/p>\n","protected":false},"author":5,"featured_media":25905,"comment_status":"open","ping_status":"open","sticky":false,"template":"","format":"standard","meta":{"_monsterinsights_skip_tracking":false,"_monsterinsights_sitenote_active":false,"_monsterinsights_sitenote_note":"","_monsterinsights_sitenote_category":0,"footnotes":""},"categories":[39],"tags":[],"yoast_head":"<!-- This site is optimized with the Yoast SEO plugin v22.9 - https:\/\/yoast.com\/wordpress\/plugins\/seo\/ -->\n<title>Cobertura da TV Geral na Micareta alcan\u00e7a audi\u00eancia internacional e bate recorde de acessos - Portal MF<\/title>\n<meta name=\"robots\" content=\"index, follow, max-snippet:-1, max-image-preview:large, max-video-preview:-1\" \/>\n<link rel=\"canonical\" href=\"https:\/\/portalmf.com.br\/index.php\/2024\/04\/23\/cobertura-da-tv-geral-na-micareta-alcanca-audiencia-internacional-e-bate-recorde-de-acessos\/\" \/>\n<meta property=\"og:locale\" content=\"pt_BR\" \/>\n<meta property=\"og:type\" content=\"article\" \/>\n<meta property=\"og:title\" content=\"Cobertura da TV Geral na Micareta alcan\u00e7a audi\u00eancia internacional e bate recorde de acessos - Portal MF\" \/>\n<meta property=\"og:description\" content=\"A TV Geral,&nbsp;primeira televis\u00e3o via internet do Norte-Nordeste do Brasil, comemora mais um grande feito durante a realiza\u00e7\u00e3o da transmiss\u00e3o da Micareta de Feira de Santana, em 2024. Com transmiss\u00e3o ao vivo e&nbsp;ininterrupta, a TV Geral teve a maior cobertura integrada do Estado, somando as&nbsp;multiplataformas e ve\u00edculos: site Jornal Folha do Estado, R\u00e1dio Geral, TV [&hellip;]\" \/>\n<meta property=\"og:url\" content=\"https:\/\/portalmf.com.br\/index.php\/2024\/04\/23\/cobertura-da-tv-geral-na-micareta-alcanca-audiencia-internacional-e-bate-recorde-de-acessos\/\" \/>\n<meta property=\"og:site_name\" content=\"Portal MF\" \/>\n<meta property=\"article:published_time\" content=\"2024-04-23T19:35:56+00:00\" \/>\n<meta property=\"article:modified_time\" content=\"2024-04-24T01:58:30+00:00\" \/>\n<meta property=\"og:image\" content=\"https:\/\/portalmf.com.br\/wp-content\/uploads\/2024\/04\/cobertura_tv_geral_site.jpg\" \/>\n\t<meta property=\"og:image:width\" content=\"800\" \/>\n\t<meta property=\"og:image:height\" content=\"448\" \/>\n\t<meta property=\"og:image:type\" content=\"image\/jpeg\" \/>\n<meta name=\"author\" content=\"Lila Oliveira\" \/>\n<meta name=\"twitter:card\" content=\"summary_large_image\" \/>\n<meta name=\"twitter:label1\" content=\"Escrito por\" \/>\n\t<meta name=\"twitter:data1\" content=\"Lila Oliveira\" \/>\n\t<meta name=\"twitter:label2\" content=\"Est. tempo de leitura\" \/>\n\t<meta name=\"twitter:data2\" content=\"3 minutos\" \/>\n<script type=\"application\/ld+json\" class=\"yoast-schema-graph\">{\"@context\":\"https:\/\/schema.org\",\"@graph\":[{\"@type\":\"WebPage\",\"@id\":\"https:\/\/portalmf.com.br\/index.php\/2024\/04\/23\/cobertura-da-tv-geral-na-micareta-alcanca-audiencia-internacional-e-bate-recorde-de-acessos\/\",\"url\":\"https:\/\/portalmf.com.br\/index.php\/2024\/04\/23\/cobertura-da-tv-geral-na-micareta-alcanca-audiencia-internacional-e-bate-recorde-de-acessos\/\",\"name\":\"Cobertura da TV Geral na Micareta alcan\u00e7a audi\u00eancia internacional e bate recorde de acessos - Portal MF\",\"isPartOf\":{\"@id\":\"https:\/\/portalmf.com.br\/#website\"},\"primaryImageOfPage\":{\"@id\":\"https:\/\/portalmf.com.br\/index.php\/2024\/04\/23\/cobertura-da-tv-geral-na-micareta-alcanca-audiencia-internacional-e-bate-recorde-de-acessos\/#primaryimage\"},\"image\":{\"@id\":\"https:\/\/portalmf.com.br\/index.php\/2024\/04\/23\/cobertura-da-tv-geral-na-micareta-alcanca-audiencia-internacional-e-bate-recorde-de-acessos\/#primaryimage\"},\"thumbnailUrl\":\"https:\/\/portalmf.com.br\/wp-content\/uploads\/2024\/04\/cobertura_tv_geral_site.jpg\",\"datePublished\":\"2024-04-23T19:35:56+00:00\",\"dateModified\":\"2024-04-24T01:58:30+00:00\",\"author\":{\"@id\":\"https:\/\/portalmf.com.br\/#\/schema\/person\/19071c375ee7579b7300dd91d656ff97\"},\"breadcrumb\":{\"@id\":\"https:\/\/portalmf.com.br\/index.php\/2024\/04\/23\/cobertura-da-tv-geral-na-micareta-alcanca-audiencia-internacional-e-bate-recorde-de-acessos\/#breadcrumb\"},\"inLanguage\":\"pt-BR\",\"potentialAction\":[{\"@type\":\"ReadAction\",\"target\":[\"https:\/\/portalmf.com.br\/index.php\/2024\/04\/23\/cobertura-da-tv-geral-na-micareta-alcanca-audiencia-internacional-e-bate-recorde-de-acessos\/\"]}]},{\"@type\":\"ImageObject\",\"inLanguage\":\"pt-BR\",\"@id\":\"https:\/\/portalmf.com.br\/index.php\/2024\/04\/23\/cobertura-da-tv-geral-na-micareta-alcanca-audiencia-internacional-e-bate-recorde-de-acessos\/#primaryimage\",\"url\":\"https:\/\/portalmf.com.br\/wp-content\/uploads\/2024\/04\/cobertura_tv_geral_site.jpg\",\"contentUrl\":\"https:\/\/portalmf.com.br\/wp-content\/uploads\/2024\/04\/cobertura_tv_geral_site.jpg\",\"width\":800,\"height\":448},{\"@type\":\"BreadcrumbList\",\"@id\":\"https:\/\/portalmf.com.br\/index.php\/2024\/04\/23\/cobertura-da-tv-geral-na-micareta-alcanca-audiencia-internacional-e-bate-recorde-de-acessos\/#breadcrumb\",\"itemListElement\":[{\"@type\":\"ListItem\",\"position\":1,\"name\":\"In\u00edcio\",\"item\":\"https:\/\/portalmf.com.br\/\"},{\"@type\":\"ListItem\",\"position\":2,\"name\":\"Cobertura da TV Geral na Micareta alcan\u00e7a audi\u00eancia internacional e bate recorde de acessos\"}]},{\"@type\":\"WebSite\",\"@id\":\"https:\/\/portalmf.com.br\/#website\",\"url\":\"https:\/\/portalmf.com.br\/\",\"name\":\"Portal MF\",\"description\":\"Voc\u00ea conectado com a informa\u00e7\u00e3o\",\"potentialAction\":[{\"@type\":\"SearchAction\",\"target\":{\"@type\":\"EntryPoint\",\"urlTemplate\":\"https:\/\/portalmf.com.br\/?s={search_term_string}\"},\"query-input\":\"required name=search_term_string\"}],\"inLanguage\":\"pt-BR\"},{\"@type\":\"Person\",\"@id\":\"https:\/\/portalmf.com.br\/#\/schema\/person\/19071c375ee7579b7300dd91d656ff97\",\"name\":\"Lila Oliveira\",\"image\":{\"@type\":\"ImageObject\",\"inLanguage\":\"pt-BR\",\"@id\":\"https:\/\/portalmf.com.br\/#\/schema\/person\/image\/\",\"url\":\"https:\/\/secure.gravatar.com\/avatar\/344958fa973c4e824a6dde1b63c19431?s=96&d=mm&r=g\",\"contentUrl\":\"https:\/\/secure.gravatar.com\/avatar\/344958fa973c4e824a6dde1b63c19431?s=96&d=mm&r=g\",\"caption\":\"Lila Oliveira\"},\"sameAs\":[\"https:\/\/portalmf.com.br\/\"],\"url\":\"https:\/\/portalmf.com.br\/index.php\/author\/lilaoliveira\/\"}]}<\/script>\n<!-- \/ Yoast SEO plugin. -->","yoast_head_json":{"title":"Cobertura da TV Geral na Micareta alcan\u00e7a audi\u00eancia internacional e bate recorde de acessos - Portal MF","robots":{"index":"index","follow":"follow","max-snippet":"max-snippet:-1","max-image-preview":"max-image-preview:large","max-video-preview":"max-video-preview:-1"},"canonical":"https:\/\/portalmf.com.br\/index.php\/2024\/04\/23\/cobertura-da-tv-geral-na-micareta-alcanca-audiencia-internacional-e-bate-recorde-de-acessos\/","og_locale":"pt_BR","og_type":"article","og_title":"Cobertura da TV Geral na Micareta alcan\u00e7a audi\u00eancia internacional e bate recorde de acessos - Portal MF","og_description":"A TV Geral,&nbsp;primeira televis\u00e3o via internet do Norte-Nordeste do Brasil, comemora mais um grande feito durante a realiza\u00e7\u00e3o da transmiss\u00e3o da Micareta de Feira de Santana, em 2024. Com transmiss\u00e3o ao vivo e&nbsp;ininterrupta, a TV Geral teve a maior cobertura integrada do Estado, somando as&nbsp;multiplataformas e ve\u00edculos: site Jornal Folha do Estado, R\u00e1dio Geral, TV [&hellip;]","og_url":"https:\/\/portalmf.com.br\/index.php\/2024\/04\/23\/cobertura-da-tv-geral-na-micareta-alcanca-audiencia-internacional-e-bate-recorde-de-acessos\/","og_site_name":"Portal MF","article_published_time":"2024-04-23T19:35:56+00:00","article_modified_time":"2024-04-24T01:58:30+00:00","og_image":[{"width":800,"height":448,"url":"https:\/\/portalmf.com.br\/wp-content\/uploads\/2024\/04\/cobertura_tv_geral_site.jpg","type":"image\/jpeg"}],"author":"Lila Oliveira","twitter_card":"summary_large_image","twitter_misc":{"Escrito por":"Lila Oliveira","Est. tempo de leitura":"3 minutos"},"schema":{"@context":"https:\/\/schema.org","@graph":[{"@type":"WebPage","@id":"https:\/\/portalmf.com.br\/index.php\/2024\/04\/23\/cobertura-da-tv-geral-na-micareta-alcanca-audiencia-internacional-e-bate-recorde-de-acessos\/","url":"https:\/\/portalmf.com.br\/index.php\/2024\/04\/23\/cobertura-da-tv-geral-na-micareta-alcanca-audiencia-internacional-e-bate-recorde-de-acessos\/","name":"Cobertura da TV Geral na Micareta alcan\u00e7a audi\u00eancia internacional e bate recorde de acessos - Portal MF","isPartOf":{"@id":"https:\/\/portalmf.com.br\/#website"},"primaryImageOfPage":{"@id":"https:\/\/portalmf.com.br\/index.php\/2024\/04\/23\/cobertura-da-tv-geral-na-micareta-alcanca-audiencia-internacional-e-bate-recorde-de-acessos\/#primaryimage"},"image":{"@id":"https:\/\/portalmf.com.br\/index.php\/2024\/04\/23\/cobertura-da-tv-geral-na-micareta-alcanca-audiencia-internacional-e-bate-recorde-de-acessos\/#primaryimage"},"thumbnailUrl":"https:\/\/portalmf.com.br\/wp-content\/uploads\/2024\/04\/cobertura_tv_geral_site.jpg","datePublished":"2024-04-23T19:35:56+00:00","dateModified":"2024-04-24T01:58:30+00:00","author":{"@id":"https:\/\/portalmf.com.br\/#\/schema\/person\/19071c375ee7579b7300dd91d656ff97"},"breadcrumb":{"@id":"https:\/\/portalmf.com.br\/index.php\/2024\/04\/23\/cobertura-da-tv-geral-na-micareta-alcanca-audiencia-internacional-e-bate-recorde-de-acessos\/#breadcrumb"},"inLanguage":"pt-BR","potentialAction":[{"@type":"ReadAction","target":["https:\/\/portalmf.com.br\/index.php\/2024\/04\/23\/cobertura-da-tv-geral-na-micareta-alcanca-audiencia-internacional-e-bate-recorde-de-acessos\/"]}]},{"@type":"ImageObject","inLanguage":"pt-BR","@id":"https:\/\/portalmf.com.br\/index.php\/2024\/04\/23\/cobertura-da-tv-geral-na-micareta-alcanca-audiencia-internacional-e-bate-recorde-de-acessos\/#primaryimage","url":"https:\/\/portalmf.com.br\/wp-content\/uploads\/2024\/04\/cobertura_tv_geral_site.jpg","contentUrl":"https:\/\/portalmf.com.br\/wp-content\/uploads\/2024\/04\/cobertura_tv_geral_site.jpg","width":800,"height":448},{"@type":"BreadcrumbList","@id":"https:\/\/portalmf.com.br\/index.php\/2024\/04\/23\/cobertura-da-tv-geral-na-micareta-alcanca-audiencia-internacional-e-bate-recorde-de-acessos\/#breadcrumb","itemListElement":[{"@type":"ListItem","position":1,"name":"In\u00edcio","item":"https:\/\/portalmf.com.br\/"},{"@type":"ListItem","position":2,"name":"Cobertura da TV Geral na Micareta alcan\u00e7a audi\u00eancia internacional e bate recorde de acessos"}]},{"@type":"WebSite","@id":"https:\/\/portalmf.com.br\/#website","url":"https:\/\/portalmf.com.br\/","name":"Portal MF","description":"Voc\u00ea conectado com a informa\u00e7\u00e3o","potentialAction":[{"@type":"SearchAction","target":{"@type":"EntryPoint","urlTemplate":"https:\/\/portalmf.com.br\/?s={search_term_string}"},"query-input":"required name=search_term_string"}],"inLanguage":"pt-BR"},{"@type":"Person","@id":"https:\/\/portalmf.com.br\/#\/schema\/person\/19071c375ee7579b7300dd91d656ff97","name":"Lila Oliveira","image":{"@type":"ImageObject","inLanguage":"pt-BR","@id":"https:\/\/portalmf.com.br\/#\/schema\/person\/image\/","url":"https:\/\/secure.gravatar.com\/avatar\/344958fa973c4e824a6dde1b63c19431?s=96&d=mm&r=g","contentUrl":"https:\/\/secure.gravatar.com\/avatar\/344958fa973c4e824a6dde1b63c19431?s=96&d=mm&r=g","caption":"Lila Oliveira"},"sameAs":["https:\/\/portalmf.com.br\/"],"url":"https:\/\/portalmf.com.br\/index.php\/author\/lilaoliveira\/"}]}},"_links":{"self":[{"href":"https:\/\/portalmf.com.br\/index.php\/wp-json\/wp\/v2\/posts\/25893"}],"collection":[{"href":"https:\/\/portalmf.com.br\/index.php\/wp-json\/wp\/v2\/posts"}],"about":[{"href":"https:\/\/portalmf.com.br\/index.php\/wp-json\/wp\/v2\/types\/post"}],"author":[{"embeddable":true,"href":"https:\/\/portalmf.com.br\/index.php\/wp-json\/wp\/v2\/users\/5"}],"replies":[{"embeddable":true,"href":"https:\/\/portalmf.com.br\/index.php\/wp-json\/wp\/v2\/comments?post=25893"}],"version-history":[{"count":3,"href":"https:\/\/portalmf.com.br\/index.php\/wp-json\/wp\/v2\/posts\/25893\/revisions"}],"predecessor-version":[{"id":25900,"href":"https:\/\/portalmf.com.br\/index.php\/wp-json\/wp\/v2\/posts\/25893\/revisions\/25900"}],"wp:featuredmedia":[{"embeddable":true,"href":"https:\/\/portalmf.com.br\/index.php\/wp-json\/wp\/v2\/media\/25905"}],"wp:attachment":[{"href":"https:\/\/portalmf.com.br\/index.php\/wp-json\/wp\/v2\/media?parent=25893"}],"wp:term":[{"taxonomy":"category","embeddable":true,"href":"https:\/\/portalmf.com.br\/index.php\/wp-json\/wp\/v2\/categories?post=25893"},{"taxonomy":"post_tag","embeddable":true,"href":"https:\/\/portalmf.com.br\/index.php\/wp-json\/wp\/v2\/tags?post=25893"}],"curies":[{"name":"wp","href":"https:\/\/api.w.org\/{rel}","templated":true}]}}