{"id":25888,"date":"2024-04-22T23:43:56","date_gmt":"2024-04-23T02:43:56","guid":{"rendered":"https:\/\/portalmf.com.br\/?p=25888"},"modified":"2024-04-23T22:56:25","modified_gmt":"2024-04-24T01:56:25","slug":"o-poeta-fala-sobre-realizacao-em-estreia-na-micareta-de-feira","status":"publish","type":"post","link":"https:\/\/portalmf.com.br\/index.php\/2024\/04\/22\/o-poeta-fala-sobre-realizacao-em-estreia-na-micareta-de-feira\/","title":{"rendered":"O Poeta fala sobre realiza\u00e7\u00e3o em estr\u00e9ia na Micareta de Feira"},"content":{"rendered":"\n<p>O Poeta fez sua estreia na Micareta de Feira no Domingo, 21. Ele afirmou estar muito feliz em participar pela primeira vez da Micareta de Feira.<\/p>\n\n\n\n<p>\u201cFeira \u00e9 uma refer\u00eancia em quest\u00e3o de Carnaval; vou te confessar uma coisa, estou muito nervoso, com uma expectativa a mil\u201d, relatou.<\/p>\n\n\n\n<p>O Poeta j\u00e1 tinha feito uma participa\u00e7\u00e3o com o Psirico, logo quando estourou no ramo da m\u00fasica; e hoje o cantor faz parte de uma gera\u00e7\u00e3o mais recente do Pagode Baiano que \u00e9 sucesso garantido.<\/p>\n","protected":false},"excerpt":{"rendered":"<p>O Poeta fez sua estreia na Micareta de Feira no Domingo, 21. Ele afirmou estar muito feliz em participar pela primeira vez da Micareta de Feira. \u201cFeira \u00e9 uma refer\u00eancia em quest\u00e3o de Carnaval; vou te confessar uma coisa, estou muito nervoso, com uma expectativa a mil\u201d, relatou. O Poeta j\u00e1 tinha feito uma participa\u00e7\u00e3o [&hellip;]<\/p>\n","protected":false},"author":4,"featured_media":25889,"comment_status":"open","ping_status":"open","sticky":false,"template":"","format":"standard","meta":{"_monsterinsights_skip_tracking":false,"_monsterinsights_sitenote_active":false,"_monsterinsights_sitenote_note":"","_monsterinsights_sitenote_category":0,"footnotes":""},"categories":[48,39],"tags":[],"yoast_head":"<!-- This site is optimized with the Yoast SEO plugin v22.9 - https:\/\/yoast.com\/wordpress\/plugins\/seo\/ -->\n<title>O Poeta fala sobre realiza\u00e7\u00e3o em estr\u00e9ia na Micareta de Feira - Portal MF<\/title>\n<meta name=\"robots\" content=\"index, follow, max-snippet:-1, max-image-preview:large, max-video-preview:-1\" \/>\n<link rel=\"canonical\" href=\"https:\/\/portalmf.com.br\/index.php\/2024\/04\/22\/o-poeta-fala-sobre-realizacao-em-estreia-na-micareta-de-feira\/\" \/>\n<meta property=\"og:locale\" content=\"pt_BR\" \/>\n<meta property=\"og:type\" content=\"article\" \/>\n<meta property=\"og:title\" content=\"O Poeta fala sobre realiza\u00e7\u00e3o em estr\u00e9ia na Micareta de Feira - Portal MF\" \/>\n<meta property=\"og:description\" content=\"O Poeta fez sua estreia na Micareta de Feira no Domingo, 21. Ele afirmou estar muito feliz em participar pela primeira vez da Micareta de Feira. \u201cFeira \u00e9 uma refer\u00eancia em quest\u00e3o de Carnaval; vou te confessar uma coisa, estou muito nervoso, com uma expectativa a mil\u201d, relatou. O Poeta j\u00e1 tinha feito uma participa\u00e7\u00e3o [&hellip;]\" \/>\n<meta property=\"og:url\" content=\"https:\/\/portalmf.com.br\/index.php\/2024\/04\/22\/o-poeta-fala-sobre-realizacao-em-estreia-na-micareta-de-feira\/\" \/>\n<meta property=\"og:site_name\" content=\"Portal MF\" \/>\n<meta property=\"article:published_time\" content=\"2024-04-23T02:43:56+00:00\" \/>\n<meta property=\"article:modified_time\" content=\"2024-04-24T01:56:25+00:00\" \/>\n<meta property=\"og:image\" content=\"https:\/\/portalmf.com.br\/wp-content\/uploads\/2024\/04\/Screenshot_20240422-233745_WhatsApp.jpg\" \/>\n\t<meta property=\"og:image:width\" content=\"716\" \/>\n\t<meta property=\"og:image:height\" content=\"529\" \/>\n\t<meta property=\"og:image:type\" content=\"image\/jpeg\" \/>\n<meta name=\"author\" content=\"Erivelton Costa\" \/>\n<meta name=\"twitter:card\" content=\"summary_large_image\" \/>\n<meta name=\"twitter:label1\" content=\"Escrito por\" \/>\n\t<meta name=\"twitter:data1\" content=\"Erivelton Costa\" \/>\n\t<meta name=\"twitter:label2\" content=\"Est. tempo de leitura\" \/>\n\t<meta name=\"twitter:data2\" content=\"1 minuto\" \/>\n<script type=\"application\/ld+json\" class=\"yoast-schema-graph\">{\"@context\":\"https:\/\/schema.org\",\"@graph\":[{\"@type\":\"WebPage\",\"@id\":\"https:\/\/portalmf.com.br\/index.php\/2024\/04\/22\/o-poeta-fala-sobre-realizacao-em-estreia-na-micareta-de-feira\/\",\"url\":\"https:\/\/portalmf.com.br\/index.php\/2024\/04\/22\/o-poeta-fala-sobre-realizacao-em-estreia-na-micareta-de-feira\/\",\"name\":\"O Poeta fala sobre realiza\u00e7\u00e3o em estr\u00e9ia na Micareta de Feira - Portal MF\",\"isPartOf\":{\"@id\":\"https:\/\/portalmf.com.br\/#website\"},\"primaryImageOfPage\":{\"@id\":\"https:\/\/portalmf.com.br\/index.php\/2024\/04\/22\/o-poeta-fala-sobre-realizacao-em-estreia-na-micareta-de-feira\/#primaryimage\"},\"image\":{\"@id\":\"https:\/\/portalmf.com.br\/index.php\/2024\/04\/22\/o-poeta-fala-sobre-realizacao-em-estreia-na-micareta-de-feira\/#primaryimage\"},\"thumbnailUrl\":\"https:\/\/portalmf.com.br\/wp-content\/uploads\/2024\/04\/Screenshot_20240422-233745_WhatsApp.jpg\",\"datePublished\":\"2024-04-23T02:43:56+00:00\",\"dateModified\":\"2024-04-24T01:56:25+00:00\",\"author\":{\"@id\":\"https:\/\/portalmf.com.br\/#\/schema\/person\/68a086817af0e8624a5fe3aa1d520a09\"},\"breadcrumb\":{\"@id\":\"https:\/\/portalmf.com.br\/index.php\/2024\/04\/22\/o-poeta-fala-sobre-realizacao-em-estreia-na-micareta-de-feira\/#breadcrumb\"},\"inLanguage\":\"pt-BR\",\"potentialAction\":[{\"@type\":\"ReadAction\",\"target\":[\"https:\/\/portalmf.com.br\/index.php\/2024\/04\/22\/o-poeta-fala-sobre-realizacao-em-estreia-na-micareta-de-feira\/\"]}]},{\"@type\":\"ImageObject\",\"inLanguage\":\"pt-BR\",\"@id\":\"https:\/\/portalmf.com.br\/index.php\/2024\/04\/22\/o-poeta-fala-sobre-realizacao-em-estreia-na-micareta-de-feira\/#primaryimage\",\"url\":\"https:\/\/portalmf.com.br\/wp-content\/uploads\/2024\/04\/Screenshot_20240422-233745_WhatsApp.jpg\",\"contentUrl\":\"https:\/\/portalmf.com.br\/wp-content\/uploads\/2024\/04\/Screenshot_20240422-233745_WhatsApp.jpg\",\"width\":716,\"height\":529},{\"@type\":\"BreadcrumbList\",\"@id\":\"https:\/\/portalmf.com.br\/index.php\/2024\/04\/22\/o-poeta-fala-sobre-realizacao-em-estreia-na-micareta-de-feira\/#breadcrumb\",\"itemListElement\":[{\"@type\":\"ListItem\",\"position\":1,\"name\":\"In\u00edcio\",\"item\":\"https:\/\/portalmf.com.br\/\"},{\"@type\":\"ListItem\",\"position\":2,\"name\":\"O Poeta fala sobre realiza\u00e7\u00e3o em estr\u00e9ia na Micareta de Feira\"}]},{\"@type\":\"WebSite\",\"@id\":\"https:\/\/portalmf.com.br\/#website\",\"url\":\"https:\/\/portalmf.com.br\/\",\"name\":\"Portal MF\",\"description\":\"Voc\u00ea conectado com a informa\u00e7\u00e3o\",\"potentialAction\":[{\"@type\":\"SearchAction\",\"target\":{\"@type\":\"EntryPoint\",\"urlTemplate\":\"https:\/\/portalmf.com.br\/?s={search_term_string}\"},\"query-input\":\"required name=search_term_string\"}],\"inLanguage\":\"pt-BR\"},{\"@type\":\"Person\",\"@id\":\"https:\/\/portalmf.com.br\/#\/schema\/person\/68a086817af0e8624a5fe3aa1d520a09\",\"name\":\"Erivelton Costa\",\"image\":{\"@type\":\"ImageObject\",\"inLanguage\":\"pt-BR\",\"@id\":\"https:\/\/portalmf.com.br\/#\/schema\/person\/image\/\",\"url\":\"https:\/\/secure.gravatar.com\/avatar\/568bc70f6528e14005a2e78a0b61ba2e?s=96&d=mm&r=g\",\"contentUrl\":\"https:\/\/secure.gravatar.com\/avatar\/568bc70f6528e14005a2e78a0b61ba2e?s=96&d=mm&r=g\",\"caption\":\"Erivelton Costa\"},\"description\":\"Jornalista\",\"sameAs\":[\"https:\/\/portalmf.com.br\/\",\"toncostaa\"],\"url\":\"https:\/\/portalmf.com.br\/index.php\/author\/eriveltoncosta\/\"}]}<\/script>\n<!-- \/ Yoast SEO plugin. -->","yoast_head_json":{"title":"O Poeta fala sobre realiza\u00e7\u00e3o em estr\u00e9ia na Micareta de Feira - Portal MF","robots":{"index":"index","follow":"follow","max-snippet":"max-snippet:-1","max-image-preview":"max-image-preview:large","max-video-preview":"max-video-preview:-1"},"canonical":"https:\/\/portalmf.com.br\/index.php\/2024\/04\/22\/o-poeta-fala-sobre-realizacao-em-estreia-na-micareta-de-feira\/","og_locale":"pt_BR","og_type":"article","og_title":"O Poeta fala sobre realiza\u00e7\u00e3o em estr\u00e9ia na Micareta de Feira - Portal MF","og_description":"O Poeta fez sua estreia na Micareta de Feira no Domingo, 21. Ele afirmou estar muito feliz em participar pela primeira vez da Micareta de Feira. \u201cFeira \u00e9 uma refer\u00eancia em quest\u00e3o de Carnaval; vou te confessar uma coisa, estou muito nervoso, com uma expectativa a mil\u201d, relatou. O Poeta j\u00e1 tinha feito uma participa\u00e7\u00e3o [&hellip;]","og_url":"https:\/\/portalmf.com.br\/index.php\/2024\/04\/22\/o-poeta-fala-sobre-realizacao-em-estreia-na-micareta-de-feira\/","og_site_name":"Portal MF","article_published_time":"2024-04-23T02:43:56+00:00","article_modified_time":"2024-04-24T01:56:25+00:00","og_image":[{"width":716,"height":529,"url":"https:\/\/portalmf.com.br\/wp-content\/uploads\/2024\/04\/Screenshot_20240422-233745_WhatsApp.jpg","type":"image\/jpeg"}],"author":"Erivelton Costa","twitter_card":"summary_large_image","twitter_misc":{"Escrito por":"Erivelton Costa","Est. tempo de leitura":"1 minuto"},"schema":{"@context":"https:\/\/schema.org","@graph":[{"@type":"WebPage","@id":"https:\/\/portalmf.com.br\/index.php\/2024\/04\/22\/o-poeta-fala-sobre-realizacao-em-estreia-na-micareta-de-feira\/","url":"https:\/\/portalmf.com.br\/index.php\/2024\/04\/22\/o-poeta-fala-sobre-realizacao-em-estreia-na-micareta-de-feira\/","name":"O Poeta fala sobre realiza\u00e7\u00e3o em estr\u00e9ia na Micareta de Feira - Portal MF","isPartOf":{"@id":"https:\/\/portalmf.com.br\/#website"},"primaryImageOfPage":{"@id":"https:\/\/portalmf.com.br\/index.php\/2024\/04\/22\/o-poeta-fala-sobre-realizacao-em-estreia-na-micareta-de-feira\/#primaryimage"},"image":{"@id":"https:\/\/portalmf.com.br\/index.php\/2024\/04\/22\/o-poeta-fala-sobre-realizacao-em-estreia-na-micareta-de-feira\/#primaryimage"},"thumbnailUrl":"https:\/\/portalmf.com.br\/wp-content\/uploads\/2024\/04\/Screenshot_20240422-233745_WhatsApp.jpg","datePublished":"2024-04-23T02:43:56+00:00","dateModified":"2024-04-24T01:56:25+00:00","author":{"@id":"https:\/\/portalmf.com.br\/#\/schema\/person\/68a086817af0e8624a5fe3aa1d520a09"},"breadcrumb":{"@id":"https:\/\/portalmf.com.br\/index.php\/2024\/04\/22\/o-poeta-fala-sobre-realizacao-em-estreia-na-micareta-de-feira\/#breadcrumb"},"inLanguage":"pt-BR","potentialAction":[{"@type":"ReadAction","target":["https:\/\/portalmf.com.br\/index.php\/2024\/04\/22\/o-poeta-fala-sobre-realizacao-em-estreia-na-micareta-de-feira\/"]}]},{"@type":"ImageObject","inLanguage":"pt-BR","@id":"https:\/\/portalmf.com.br\/index.php\/2024\/04\/22\/o-poeta-fala-sobre-realizacao-em-estreia-na-micareta-de-feira\/#primaryimage","url":"https:\/\/portalmf.com.br\/wp-content\/uploads\/2024\/04\/Screenshot_20240422-233745_WhatsApp.jpg","contentUrl":"https:\/\/portalmf.com.br\/wp-content\/uploads\/2024\/04\/Screenshot_20240422-233745_WhatsApp.jpg","width":716,"height":529},{"@type":"BreadcrumbList","@id":"https:\/\/portalmf.com.br\/index.php\/2024\/04\/22\/o-poeta-fala-sobre-realizacao-em-estreia-na-micareta-de-feira\/#breadcrumb","itemListElement":[{"@type":"ListItem","position":1,"name":"In\u00edcio","item":"https:\/\/portalmf.com.br\/"},{"@type":"ListItem","position":2,"name":"O Poeta fala sobre realiza\u00e7\u00e3o em estr\u00e9ia na Micareta de Feira"}]},{"@type":"WebSite","@id":"https:\/\/portalmf.com.br\/#website","url":"https:\/\/portalmf.com.br\/","name":"Portal MF","description":"Voc\u00ea conectado com a informa\u00e7\u00e3o","potentialAction":[{"@type":"SearchAction","target":{"@type":"EntryPoint","urlTemplate":"https:\/\/portalmf.com.br\/?s={search_term_string}"},"query-input":"required name=search_term_string"}],"inLanguage":"pt-BR"},{"@type":"Person","@id":"https:\/\/portalmf.com.br\/#\/schema\/person\/68a086817af0e8624a5fe3aa1d520a09","name":"Erivelton Costa","image":{"@type":"ImageObject","inLanguage":"pt-BR","@id":"https:\/\/portalmf.com.br\/#\/schema\/person\/image\/","url":"https:\/\/secure.gravatar.com\/avatar\/568bc70f6528e14005a2e78a0b61ba2e?s=96&d=mm&r=g","contentUrl":"https:\/\/secure.gravatar.com\/avatar\/568bc70f6528e14005a2e78a0b61ba2e?s=96&d=mm&r=g","caption":"Erivelton Costa"},"description":"Jornalista","sameAs":["https:\/\/portalmf.com.br\/","toncostaa"],"url":"https:\/\/portalmf.com.br\/index.php\/author\/eriveltoncosta\/"}]}},"_links":{"self":[{"href":"https:\/\/portalmf.com.br\/index.php\/wp-json\/wp\/v2\/posts\/25888"}],"collection":[{"href":"https:\/\/portalmf.com.br\/index.php\/wp-json\/wp\/v2\/posts"}],"about":[{"href":"https:\/\/portalmf.com.br\/index.php\/wp-json\/wp\/v2\/types\/post"}],"author":[{"embeddable":true,"href":"https:\/\/portalmf.com.br\/index.php\/wp-json\/wp\/v2\/users\/4"}],"replies":[{"embeddable":true,"href":"https:\/\/portalmf.com.br\/index.php\/wp-json\/wp\/v2\/comments?post=25888"}],"version-history":[{"count":2,"href":"https:\/\/portalmf.com.br\/index.php\/wp-json\/wp\/v2\/posts\/25888\/revisions"}],"predecessor-version":[{"id":25892,"href":"https:\/\/portalmf.com.br\/index.php\/wp-json\/wp\/v2\/posts\/25888\/revisions\/25892"}],"wp:featuredmedia":[{"embeddable":true,"href":"https:\/\/portalmf.com.br\/index.php\/wp-json\/wp\/v2\/media\/25889"}],"wp:attachment":[{"href":"https:\/\/portalmf.com.br\/index.php\/wp-json\/wp\/v2\/media?parent=25888"}],"wp:term":[{"taxonomy":"category","embeddable":true,"href":"https:\/\/portalmf.com.br\/index.php\/wp-json\/wp\/v2\/categories?post=25888"},{"taxonomy":"post_tag","embeddable":true,"href":"https:\/\/portalmf.com.br\/index.php\/wp-json\/wp\/v2\/tags?post=25888"}],"curies":[{"name":"wp","href":"https:\/\/api.w.org\/{rel}","templated":true}]}}