{"id":25875,"date":"2024-04-22T21:49:00","date_gmt":"2024-04-23T00:49:00","guid":{"rendered":"https:\/\/portalmf.com.br\/?p=25875"},"modified":"2024-04-22T21:52:27","modified_gmt":"2024-04-23T00:52:27","slug":"naldinho-e-leo-rios-voltaram-a-micareta-de-feira-apos-seis-anos","status":"publish","type":"post","link":"https:\/\/portalmf.com.br\/index.php\/2024\/04\/22\/naldinho-e-leo-rios-voltaram-a-micareta-de-feira-apos-seis-anos\/","title":{"rendered":"Naldinho e L\u00e9o Rios voltaram a Micareta de Feira ap\u00f3s seis anos"},"content":{"rendered":"\n<p>A dupla Naldinho e L\u00e9o Rios se apresentou no circuito Maneca Ferreira no \u00faltimo da folia feirense, 21.<\/p>\n\n\n\n<p>Eles lembraram que em 2018, \u00faltima vez que estiveram aqui, ganharam o pr\u00eamio de revela\u00e7\u00e3o do nosso Carnaval.<\/p>\n\n\n\n<p>&#8220;O p\u00fablico de Feira ama a gente; sempre demonstram isto, desde a \u00e9poca dos Clones; esta \u00e9 a terceira vez que viemos tocar aqui, com a volta da dupla e todas as apresenta\u00e7\u00f5es tiveram casa cheia&#8221;, relatou Naldinho.<\/p>\n\n\n\n<figure class=\"wp-block-image size-full\"><img fetchpriority=\"high\" decoding=\"async\" width=\"720\" height=\"680\" src=\"https:\/\/portalmf.com.br\/wp-content\/uploads\/2024\/04\/Screenshot_20240422-200916_Instagram.jpg\" alt=\"\" class=\"wp-image-25878\" srcset=\"https:\/\/portalmf.com.br\/wp-content\/uploads\/2024\/04\/Screenshot_20240422-200916_Instagram.jpg 720w, https:\/\/portalmf.com.br\/wp-content\/uploads\/2024\/04\/Screenshot_20240422-200916_Instagram-300x283.jpg 300w, https:\/\/portalmf.com.br\/wp-content\/uploads\/2024\/04\/Screenshot_20240422-200916_Instagram-696x657.jpg 696w\" sizes=\"(max-width: 720px) 100vw, 720px\" \/><figcaption class=\"wp-element-caption\">Cantor Naldinho cantando na Micareta de Feira; foto: produ\u00e7\u00e3o Naldinho e L\u00e9o Rios <\/figcaption><\/figure>\n\n\n\n<p>Naldinho e L\u00e9o Rios embalaram cora\u00e7\u00f5es apaixonados com a m\u00fasica &#8216;book Rosa&#8217; na primeira forma\u00e7\u00e3o da dupla e fizeram um enorme sucesso, no come\u00e7o da d\u00e9cada passada, com a Banda Os Clones; e at\u00e9 por isso, tamb\u00e9m levaram um repert\u00f3rio das antigas para a Micareta deste ano.<\/p>\n","protected":false},"excerpt":{"rendered":"<p>A dupla Naldinho e L\u00e9o Rios se apresentou no circuito Maneca Ferreira no \u00faltimo da folia feirense, 21. Eles lembraram que em 2018, \u00faltima vez que estiveram aqui, ganharam o pr\u00eamio de revela\u00e7\u00e3o do nosso Carnaval. &#8220;O p\u00fablico de Feira ama a gente; sempre demonstram isto, desde a \u00e9poca dos Clones; esta \u00e9 a terceira [&hellip;]<\/p>\n","protected":false},"author":4,"featured_media":25876,"comment_status":"open","ping_status":"open","sticky":false,"template":"","format":"standard","meta":{"_monsterinsights_skip_tracking":false,"_monsterinsights_sitenote_active":false,"_monsterinsights_sitenote_note":"","_monsterinsights_sitenote_category":0,"footnotes":""},"categories":[39],"tags":[],"yoast_head":"<!-- This site is optimized with the Yoast SEO plugin v22.9 - https:\/\/yoast.com\/wordpress\/plugins\/seo\/ -->\n<title>Naldinho e L\u00e9o Rios voltaram a Micareta de Feira ap\u00f3s seis anos - Portal MF<\/title>\n<meta name=\"robots\" content=\"index, follow, max-snippet:-1, max-image-preview:large, max-video-preview:-1\" \/>\n<link rel=\"canonical\" href=\"https:\/\/portalmf.com.br\/index.php\/2024\/04\/22\/naldinho-e-leo-rios-voltaram-a-micareta-de-feira-apos-seis-anos\/\" \/>\n<meta property=\"og:locale\" content=\"pt_BR\" \/>\n<meta property=\"og:type\" content=\"article\" \/>\n<meta property=\"og:title\" content=\"Naldinho e L\u00e9o Rios voltaram a Micareta de Feira ap\u00f3s seis anos - Portal MF\" \/>\n<meta property=\"og:description\" content=\"A dupla Naldinho e L\u00e9o Rios se apresentou no circuito Maneca Ferreira no \u00faltimo da folia feirense, 21. Eles lembraram que em 2018, \u00faltima vez que estiveram aqui, ganharam o pr\u00eamio de revela\u00e7\u00e3o do nosso Carnaval. &#8220;O p\u00fablico de Feira ama a gente; sempre demonstram isto, desde a \u00e9poca dos Clones; esta \u00e9 a terceira [&hellip;]\" \/>\n<meta property=\"og:url\" content=\"https:\/\/portalmf.com.br\/index.php\/2024\/04\/22\/naldinho-e-leo-rios-voltaram-a-micareta-de-feira-apos-seis-anos\/\" \/>\n<meta property=\"og:site_name\" content=\"Portal MF\" \/>\n<meta property=\"article:published_time\" content=\"2024-04-23T00:49:00+00:00\" \/>\n<meta property=\"article:modified_time\" content=\"2024-04-23T00:52:27+00:00\" \/>\n<meta property=\"og:image\" content=\"https:\/\/portalmf.com.br\/wp-content\/uploads\/2024\/04\/Screenshot_20240422-200745_Instagram.jpg\" \/>\n\t<meta property=\"og:image:width\" content=\"720\" \/>\n\t<meta property=\"og:image:height\" content=\"643\" \/>\n\t<meta property=\"og:image:type\" content=\"image\/jpeg\" \/>\n<meta name=\"author\" content=\"Erivelton Costa\" \/>\n<meta name=\"twitter:card\" content=\"summary_large_image\" \/>\n<meta name=\"twitter:label1\" content=\"Escrito por\" \/>\n\t<meta name=\"twitter:data1\" content=\"Erivelton Costa\" \/>\n\t<meta name=\"twitter:label2\" content=\"Est. tempo de leitura\" \/>\n\t<meta name=\"twitter:data2\" content=\"2 minutos\" \/>\n<script type=\"application\/ld+json\" class=\"yoast-schema-graph\">{\"@context\":\"https:\/\/schema.org\",\"@graph\":[{\"@type\":\"WebPage\",\"@id\":\"https:\/\/portalmf.com.br\/index.php\/2024\/04\/22\/naldinho-e-leo-rios-voltaram-a-micareta-de-feira-apos-seis-anos\/\",\"url\":\"https:\/\/portalmf.com.br\/index.php\/2024\/04\/22\/naldinho-e-leo-rios-voltaram-a-micareta-de-feira-apos-seis-anos\/\",\"name\":\"Naldinho e L\u00e9o Rios voltaram a Micareta de Feira ap\u00f3s seis anos - Portal MF\",\"isPartOf\":{\"@id\":\"https:\/\/portalmf.com.br\/#website\"},\"primaryImageOfPage\":{\"@id\":\"https:\/\/portalmf.com.br\/index.php\/2024\/04\/22\/naldinho-e-leo-rios-voltaram-a-micareta-de-feira-apos-seis-anos\/#primaryimage\"},\"image\":{\"@id\":\"https:\/\/portalmf.com.br\/index.php\/2024\/04\/22\/naldinho-e-leo-rios-voltaram-a-micareta-de-feira-apos-seis-anos\/#primaryimage\"},\"thumbnailUrl\":\"https:\/\/portalmf.com.br\/wp-content\/uploads\/2024\/04\/Screenshot_20240422-200745_Instagram.jpg\",\"datePublished\":\"2024-04-23T00:49:00+00:00\",\"dateModified\":\"2024-04-23T00:52:27+00:00\",\"author\":{\"@id\":\"https:\/\/portalmf.com.br\/#\/schema\/person\/68a086817af0e8624a5fe3aa1d520a09\"},\"breadcrumb\":{\"@id\":\"https:\/\/portalmf.com.br\/index.php\/2024\/04\/22\/naldinho-e-leo-rios-voltaram-a-micareta-de-feira-apos-seis-anos\/#breadcrumb\"},\"inLanguage\":\"pt-BR\",\"potentialAction\":[{\"@type\":\"ReadAction\",\"target\":[\"https:\/\/portalmf.com.br\/index.php\/2024\/04\/22\/naldinho-e-leo-rios-voltaram-a-micareta-de-feira-apos-seis-anos\/\"]}]},{\"@type\":\"ImageObject\",\"inLanguage\":\"pt-BR\",\"@id\":\"https:\/\/portalmf.com.br\/index.php\/2024\/04\/22\/naldinho-e-leo-rios-voltaram-a-micareta-de-feira-apos-seis-anos\/#primaryimage\",\"url\":\"https:\/\/portalmf.com.br\/wp-content\/uploads\/2024\/04\/Screenshot_20240422-200745_Instagram.jpg\",\"contentUrl\":\"https:\/\/portalmf.com.br\/wp-content\/uploads\/2024\/04\/Screenshot_20240422-200745_Instagram.jpg\",\"width\":720,\"height\":643},{\"@type\":\"BreadcrumbList\",\"@id\":\"https:\/\/portalmf.com.br\/index.php\/2024\/04\/22\/naldinho-e-leo-rios-voltaram-a-micareta-de-feira-apos-seis-anos\/#breadcrumb\",\"itemListElement\":[{\"@type\":\"ListItem\",\"position\":1,\"name\":\"In\u00edcio\",\"item\":\"https:\/\/portalmf.com.br\/\"},{\"@type\":\"ListItem\",\"position\":2,\"name\":\"Naldinho e L\u00e9o Rios voltaram a Micareta de Feira ap\u00f3s seis anos\"}]},{\"@type\":\"WebSite\",\"@id\":\"https:\/\/portalmf.com.br\/#website\",\"url\":\"https:\/\/portalmf.com.br\/\",\"name\":\"Portal MF\",\"description\":\"Voc\u00ea conectado com a informa\u00e7\u00e3o\",\"potentialAction\":[{\"@type\":\"SearchAction\",\"target\":{\"@type\":\"EntryPoint\",\"urlTemplate\":\"https:\/\/portalmf.com.br\/?s={search_term_string}\"},\"query-input\":\"required name=search_term_string\"}],\"inLanguage\":\"pt-BR\"},{\"@type\":\"Person\",\"@id\":\"https:\/\/portalmf.com.br\/#\/schema\/person\/68a086817af0e8624a5fe3aa1d520a09\",\"name\":\"Erivelton Costa\",\"image\":{\"@type\":\"ImageObject\",\"inLanguage\":\"pt-BR\",\"@id\":\"https:\/\/portalmf.com.br\/#\/schema\/person\/image\/\",\"url\":\"https:\/\/secure.gravatar.com\/avatar\/568bc70f6528e14005a2e78a0b61ba2e?s=96&d=mm&r=g\",\"contentUrl\":\"https:\/\/secure.gravatar.com\/avatar\/568bc70f6528e14005a2e78a0b61ba2e?s=96&d=mm&r=g\",\"caption\":\"Erivelton Costa\"},\"description\":\"Jornalista\",\"sameAs\":[\"https:\/\/portalmf.com.br\/\",\"toncostaa\"],\"url\":\"https:\/\/portalmf.com.br\/index.php\/author\/eriveltoncosta\/\"}]}<\/script>\n<!-- \/ Yoast SEO plugin. -->","yoast_head_json":{"title":"Naldinho e L\u00e9o Rios voltaram a Micareta de Feira ap\u00f3s seis anos - Portal MF","robots":{"index":"index","follow":"follow","max-snippet":"max-snippet:-1","max-image-preview":"max-image-preview:large","max-video-preview":"max-video-preview:-1"},"canonical":"https:\/\/portalmf.com.br\/index.php\/2024\/04\/22\/naldinho-e-leo-rios-voltaram-a-micareta-de-feira-apos-seis-anos\/","og_locale":"pt_BR","og_type":"article","og_title":"Naldinho e L\u00e9o Rios voltaram a Micareta de Feira ap\u00f3s seis anos - Portal MF","og_description":"A dupla Naldinho e L\u00e9o Rios se apresentou no circuito Maneca Ferreira no \u00faltimo da folia feirense, 21. Eles lembraram que em 2018, \u00faltima vez que estiveram aqui, ganharam o pr\u00eamio de revela\u00e7\u00e3o do nosso Carnaval. &#8220;O p\u00fablico de Feira ama a gente; sempre demonstram isto, desde a \u00e9poca dos Clones; esta \u00e9 a terceira [&hellip;]","og_url":"https:\/\/portalmf.com.br\/index.php\/2024\/04\/22\/naldinho-e-leo-rios-voltaram-a-micareta-de-feira-apos-seis-anos\/","og_site_name":"Portal MF","article_published_time":"2024-04-23T00:49:00+00:00","article_modified_time":"2024-04-23T00:52:27+00:00","og_image":[{"width":720,"height":643,"url":"https:\/\/portalmf.com.br\/wp-content\/uploads\/2024\/04\/Screenshot_20240422-200745_Instagram.jpg","type":"image\/jpeg"}],"author":"Erivelton Costa","twitter_card":"summary_large_image","twitter_misc":{"Escrito por":"Erivelton Costa","Est. tempo de leitura":"2 minutos"},"schema":{"@context":"https:\/\/schema.org","@graph":[{"@type":"WebPage","@id":"https:\/\/portalmf.com.br\/index.php\/2024\/04\/22\/naldinho-e-leo-rios-voltaram-a-micareta-de-feira-apos-seis-anos\/","url":"https:\/\/portalmf.com.br\/index.php\/2024\/04\/22\/naldinho-e-leo-rios-voltaram-a-micareta-de-feira-apos-seis-anos\/","name":"Naldinho e L\u00e9o Rios voltaram a Micareta de Feira ap\u00f3s seis anos - Portal MF","isPartOf":{"@id":"https:\/\/portalmf.com.br\/#website"},"primaryImageOfPage":{"@id":"https:\/\/portalmf.com.br\/index.php\/2024\/04\/22\/naldinho-e-leo-rios-voltaram-a-micareta-de-feira-apos-seis-anos\/#primaryimage"},"image":{"@id":"https:\/\/portalmf.com.br\/index.php\/2024\/04\/22\/naldinho-e-leo-rios-voltaram-a-micareta-de-feira-apos-seis-anos\/#primaryimage"},"thumbnailUrl":"https:\/\/portalmf.com.br\/wp-content\/uploads\/2024\/04\/Screenshot_20240422-200745_Instagram.jpg","datePublished":"2024-04-23T00:49:00+00:00","dateModified":"2024-04-23T00:52:27+00:00","author":{"@id":"https:\/\/portalmf.com.br\/#\/schema\/person\/68a086817af0e8624a5fe3aa1d520a09"},"breadcrumb":{"@id":"https:\/\/portalmf.com.br\/index.php\/2024\/04\/22\/naldinho-e-leo-rios-voltaram-a-micareta-de-feira-apos-seis-anos\/#breadcrumb"},"inLanguage":"pt-BR","potentialAction":[{"@type":"ReadAction","target":["https:\/\/portalmf.com.br\/index.php\/2024\/04\/22\/naldinho-e-leo-rios-voltaram-a-micareta-de-feira-apos-seis-anos\/"]}]},{"@type":"ImageObject","inLanguage":"pt-BR","@id":"https:\/\/portalmf.com.br\/index.php\/2024\/04\/22\/naldinho-e-leo-rios-voltaram-a-micareta-de-feira-apos-seis-anos\/#primaryimage","url":"https:\/\/portalmf.com.br\/wp-content\/uploads\/2024\/04\/Screenshot_20240422-200745_Instagram.jpg","contentUrl":"https:\/\/portalmf.com.br\/wp-content\/uploads\/2024\/04\/Screenshot_20240422-200745_Instagram.jpg","width":720,"height":643},{"@type":"BreadcrumbList","@id":"https:\/\/portalmf.com.br\/index.php\/2024\/04\/22\/naldinho-e-leo-rios-voltaram-a-micareta-de-feira-apos-seis-anos\/#breadcrumb","itemListElement":[{"@type":"ListItem","position":1,"name":"In\u00edcio","item":"https:\/\/portalmf.com.br\/"},{"@type":"ListItem","position":2,"name":"Naldinho e L\u00e9o Rios voltaram a Micareta de Feira ap\u00f3s seis anos"}]},{"@type":"WebSite","@id":"https:\/\/portalmf.com.br\/#website","url":"https:\/\/portalmf.com.br\/","name":"Portal MF","description":"Voc\u00ea conectado com a informa\u00e7\u00e3o","potentialAction":[{"@type":"SearchAction","target":{"@type":"EntryPoint","urlTemplate":"https:\/\/portalmf.com.br\/?s={search_term_string}"},"query-input":"required name=search_term_string"}],"inLanguage":"pt-BR"},{"@type":"Person","@id":"https:\/\/portalmf.com.br\/#\/schema\/person\/68a086817af0e8624a5fe3aa1d520a09","name":"Erivelton Costa","image":{"@type":"ImageObject","inLanguage":"pt-BR","@id":"https:\/\/portalmf.com.br\/#\/schema\/person\/image\/","url":"https:\/\/secure.gravatar.com\/avatar\/568bc70f6528e14005a2e78a0b61ba2e?s=96&d=mm&r=g","contentUrl":"https:\/\/secure.gravatar.com\/avatar\/568bc70f6528e14005a2e78a0b61ba2e?s=96&d=mm&r=g","caption":"Erivelton Costa"},"description":"Jornalista","sameAs":["https:\/\/portalmf.com.br\/","toncostaa"],"url":"https:\/\/portalmf.com.br\/index.php\/author\/eriveltoncosta\/"}]}},"_links":{"self":[{"href":"https:\/\/portalmf.com.br\/index.php\/wp-json\/wp\/v2\/posts\/25875"}],"collection":[{"href":"https:\/\/portalmf.com.br\/index.php\/wp-json\/wp\/v2\/posts"}],"about":[{"href":"https:\/\/portalmf.com.br\/index.php\/wp-json\/wp\/v2\/types\/post"}],"author":[{"embeddable":true,"href":"https:\/\/portalmf.com.br\/index.php\/wp-json\/wp\/v2\/users\/4"}],"replies":[{"embeddable":true,"href":"https:\/\/portalmf.com.br\/index.php\/wp-json\/wp\/v2\/comments?post=25875"}],"version-history":[{"count":2,"href":"https:\/\/portalmf.com.br\/index.php\/wp-json\/wp\/v2\/posts\/25875\/revisions"}],"predecessor-version":[{"id":25880,"href":"https:\/\/portalmf.com.br\/index.php\/wp-json\/wp\/v2\/posts\/25875\/revisions\/25880"}],"wp:featuredmedia":[{"embeddable":true,"href":"https:\/\/portalmf.com.br\/index.php\/wp-json\/wp\/v2\/media\/25876"}],"wp:attachment":[{"href":"https:\/\/portalmf.com.br\/index.php\/wp-json\/wp\/v2\/media?parent=25875"}],"wp:term":[{"taxonomy":"category","embeddable":true,"href":"https:\/\/portalmf.com.br\/index.php\/wp-json\/wp\/v2\/categories?post=25875"},{"taxonomy":"post_tag","embeddable":true,"href":"https:\/\/portalmf.com.br\/index.php\/wp-json\/wp\/v2\/tags?post=25875"}],"curies":[{"name":"wp","href":"https:\/\/api.w.org\/{rel}","templated":true}]}}