{"id":25864,"date":"2024-04-22T17:11:18","date_gmt":"2024-04-22T20:11:18","guid":{"rendered":"https:\/\/portalmf.com.br\/?p=25864"},"modified":"2024-04-23T22:56:14","modified_gmt":"2024-04-24T01:56:14","slug":"leo-santana-comemora-aniversario-na-micareta-de-feira","status":"publish","type":"post","link":"https:\/\/portalmf.com.br\/index.php\/2024\/04\/22\/leo-santana-comemora-aniversario-na-micareta-de-feira\/","title":{"rendered":"L\u00e9o Santana comemora anivers\u00e1rio na Micareta de Feira"},"content":{"rendered":"\n<p>L\u00e9o Santana foi a principal atra\u00e7\u00e3o do Domingo de Micareta. O Gigante levou um grande p\u00fablico para a avenida, com destaque para a diversidade dos foli\u00f5es presentes.<\/p>\n\n\n\n<p>L\u00e9o completa 36 anos de idade hoje, 22, mas ele contou que estava comemorando desde ontem, 21, por Feira ser diferente. E a sua hist\u00f3ria com Feira \u00e9 especial. Para se ter uma ideia, desde que assumiu os vocais do Parangol\u00e9, Leandro s\u00f3 n\u00e3o se apresentou na Micareta de Feira em 2014, primeiro ano da sua carreira solo.<\/p>\n\n\n\n<p>O cantor ir\u00e1 lan\u00e7ar a sua turn\u00ea do projeto \u2018Pagoddin\u2019 em Maio; e os shows come\u00e7am em Agosto. Este projeto de Samba \u00e9 inspirado no grande entusiasmo que L\u00e9o possui pelo ritmo, que o pr\u00f3prio era inserido, antes de virar cantor, quando tocava pandeiro em um grupo do g\u00eanero.<\/p>\n","protected":false},"excerpt":{"rendered":"<p>L\u00e9o Santana foi a principal atra\u00e7\u00e3o do Domingo de Micareta. O Gigante levou um grande p\u00fablico para a avenida, com destaque para a diversidade dos foli\u00f5es presentes. L\u00e9o completa 36 anos de idade hoje, 22, mas ele contou que estava comemorando desde ontem, 21, por Feira ser diferente. E a sua hist\u00f3ria com Feira \u00e9 [&hellip;]<\/p>\n","protected":false},"author":4,"featured_media":25868,"comment_status":"open","ping_status":"open","sticky":false,"template":"","format":"standard","meta":{"_monsterinsights_skip_tracking":false,"_monsterinsights_sitenote_active":false,"_monsterinsights_sitenote_note":"","_monsterinsights_sitenote_category":0,"footnotes":""},"categories":[48,47,39],"tags":[],"yoast_head":"<!-- This site is optimized with the Yoast SEO plugin v22.9 - https:\/\/yoast.com\/wordpress\/plugins\/seo\/ -->\n<title>L\u00e9o Santana comemora anivers\u00e1rio na Micareta de Feira - Portal MF<\/title>\n<meta name=\"robots\" content=\"index, follow, max-snippet:-1, max-image-preview:large, max-video-preview:-1\" \/>\n<link rel=\"canonical\" href=\"https:\/\/portalmf.com.br\/index.php\/2024\/04\/22\/leo-santana-comemora-aniversario-na-micareta-de-feira\/\" \/>\n<meta property=\"og:locale\" content=\"pt_BR\" \/>\n<meta property=\"og:type\" content=\"article\" \/>\n<meta property=\"og:title\" content=\"L\u00e9o Santana comemora anivers\u00e1rio na Micareta de Feira - Portal MF\" \/>\n<meta property=\"og:description\" content=\"L\u00e9o Santana foi a principal atra\u00e7\u00e3o do Domingo de Micareta. O Gigante levou um grande p\u00fablico para a avenida, com destaque para a diversidade dos foli\u00f5es presentes. L\u00e9o completa 36 anos de idade hoje, 22, mas ele contou que estava comemorando desde ontem, 21, por Feira ser diferente. E a sua hist\u00f3ria com Feira \u00e9 [&hellip;]\" \/>\n<meta property=\"og:url\" content=\"https:\/\/portalmf.com.br\/index.php\/2024\/04\/22\/leo-santana-comemora-aniversario-na-micareta-de-feira\/\" \/>\n<meta property=\"og:site_name\" content=\"Portal MF\" \/>\n<meta property=\"article:published_time\" content=\"2024-04-22T20:11:18+00:00\" \/>\n<meta property=\"article:modified_time\" content=\"2024-04-24T01:56:14+00:00\" \/>\n<meta property=\"og:image\" content=\"https:\/\/portalmf.com.br\/wp-content\/uploads\/2024\/04\/Screenshot_20240422-184305_WhatsApp-1.jpg\" \/>\n\t<meta property=\"og:image:width\" content=\"720\" \/>\n\t<meta property=\"og:image:height\" content=\"646\" \/>\n\t<meta property=\"og:image:type\" content=\"image\/jpeg\" \/>\n<meta name=\"author\" content=\"Erivelton Costa\" \/>\n<meta name=\"twitter:card\" content=\"summary_large_image\" \/>\n<meta name=\"twitter:label1\" content=\"Escrito por\" \/>\n\t<meta name=\"twitter:data1\" content=\"Erivelton Costa\" \/>\n\t<meta name=\"twitter:label2\" content=\"Est. tempo de leitura\" \/>\n\t<meta name=\"twitter:data2\" content=\"1 minuto\" \/>\n<script type=\"application\/ld+json\" class=\"yoast-schema-graph\">{\"@context\":\"https:\/\/schema.org\",\"@graph\":[{\"@type\":\"WebPage\",\"@id\":\"https:\/\/portalmf.com.br\/index.php\/2024\/04\/22\/leo-santana-comemora-aniversario-na-micareta-de-feira\/\",\"url\":\"https:\/\/portalmf.com.br\/index.php\/2024\/04\/22\/leo-santana-comemora-aniversario-na-micareta-de-feira\/\",\"name\":\"L\u00e9o Santana comemora anivers\u00e1rio na Micareta de Feira - Portal MF\",\"isPartOf\":{\"@id\":\"https:\/\/portalmf.com.br\/#website\"},\"primaryImageOfPage\":{\"@id\":\"https:\/\/portalmf.com.br\/index.php\/2024\/04\/22\/leo-santana-comemora-aniversario-na-micareta-de-feira\/#primaryimage\"},\"image\":{\"@id\":\"https:\/\/portalmf.com.br\/index.php\/2024\/04\/22\/leo-santana-comemora-aniversario-na-micareta-de-feira\/#primaryimage\"},\"thumbnailUrl\":\"https:\/\/portalmf.com.br\/wp-content\/uploads\/2024\/04\/Screenshot_20240422-184305_WhatsApp-1.jpg\",\"datePublished\":\"2024-04-22T20:11:18+00:00\",\"dateModified\":\"2024-04-24T01:56:14+00:00\",\"author\":{\"@id\":\"https:\/\/portalmf.com.br\/#\/schema\/person\/68a086817af0e8624a5fe3aa1d520a09\"},\"breadcrumb\":{\"@id\":\"https:\/\/portalmf.com.br\/index.php\/2024\/04\/22\/leo-santana-comemora-aniversario-na-micareta-de-feira\/#breadcrumb\"},\"inLanguage\":\"pt-BR\",\"potentialAction\":[{\"@type\":\"ReadAction\",\"target\":[\"https:\/\/portalmf.com.br\/index.php\/2024\/04\/22\/leo-santana-comemora-aniversario-na-micareta-de-feira\/\"]}]},{\"@type\":\"ImageObject\",\"inLanguage\":\"pt-BR\",\"@id\":\"https:\/\/portalmf.com.br\/index.php\/2024\/04\/22\/leo-santana-comemora-aniversario-na-micareta-de-feira\/#primaryimage\",\"url\":\"https:\/\/portalmf.com.br\/wp-content\/uploads\/2024\/04\/Screenshot_20240422-184305_WhatsApp-1.jpg\",\"contentUrl\":\"https:\/\/portalmf.com.br\/wp-content\/uploads\/2024\/04\/Screenshot_20240422-184305_WhatsApp-1.jpg\",\"width\":720,\"height\":646},{\"@type\":\"BreadcrumbList\",\"@id\":\"https:\/\/portalmf.com.br\/index.php\/2024\/04\/22\/leo-santana-comemora-aniversario-na-micareta-de-feira\/#breadcrumb\",\"itemListElement\":[{\"@type\":\"ListItem\",\"position\":1,\"name\":\"In\u00edcio\",\"item\":\"https:\/\/portalmf.com.br\/\"},{\"@type\":\"ListItem\",\"position\":2,\"name\":\"L\u00e9o Santana comemora anivers\u00e1rio na Micareta de Feira\"}]},{\"@type\":\"WebSite\",\"@id\":\"https:\/\/portalmf.com.br\/#website\",\"url\":\"https:\/\/portalmf.com.br\/\",\"name\":\"Portal MF\",\"description\":\"Voc\u00ea conectado com a informa\u00e7\u00e3o\",\"potentialAction\":[{\"@type\":\"SearchAction\",\"target\":{\"@type\":\"EntryPoint\",\"urlTemplate\":\"https:\/\/portalmf.com.br\/?s={search_term_string}\"},\"query-input\":\"required name=search_term_string\"}],\"inLanguage\":\"pt-BR\"},{\"@type\":\"Person\",\"@id\":\"https:\/\/portalmf.com.br\/#\/schema\/person\/68a086817af0e8624a5fe3aa1d520a09\",\"name\":\"Erivelton Costa\",\"image\":{\"@type\":\"ImageObject\",\"inLanguage\":\"pt-BR\",\"@id\":\"https:\/\/portalmf.com.br\/#\/schema\/person\/image\/\",\"url\":\"https:\/\/secure.gravatar.com\/avatar\/568bc70f6528e14005a2e78a0b61ba2e?s=96&d=mm&r=g\",\"contentUrl\":\"https:\/\/secure.gravatar.com\/avatar\/568bc70f6528e14005a2e78a0b61ba2e?s=96&d=mm&r=g\",\"caption\":\"Erivelton Costa\"},\"description\":\"Jornalista\",\"sameAs\":[\"https:\/\/portalmf.com.br\/\",\"toncostaa\"],\"url\":\"https:\/\/portalmf.com.br\/index.php\/author\/eriveltoncosta\/\"}]}<\/script>\n<!-- \/ Yoast SEO plugin. -->","yoast_head_json":{"title":"L\u00e9o Santana comemora anivers\u00e1rio na Micareta de Feira - Portal MF","robots":{"index":"index","follow":"follow","max-snippet":"max-snippet:-1","max-image-preview":"max-image-preview:large","max-video-preview":"max-video-preview:-1"},"canonical":"https:\/\/portalmf.com.br\/index.php\/2024\/04\/22\/leo-santana-comemora-aniversario-na-micareta-de-feira\/","og_locale":"pt_BR","og_type":"article","og_title":"L\u00e9o Santana comemora anivers\u00e1rio na Micareta de Feira - Portal MF","og_description":"L\u00e9o Santana foi a principal atra\u00e7\u00e3o do Domingo de Micareta. O Gigante levou um grande p\u00fablico para a avenida, com destaque para a diversidade dos foli\u00f5es presentes. L\u00e9o completa 36 anos de idade hoje, 22, mas ele contou que estava comemorando desde ontem, 21, por Feira ser diferente. E a sua hist\u00f3ria com Feira \u00e9 [&hellip;]","og_url":"https:\/\/portalmf.com.br\/index.php\/2024\/04\/22\/leo-santana-comemora-aniversario-na-micareta-de-feira\/","og_site_name":"Portal MF","article_published_time":"2024-04-22T20:11:18+00:00","article_modified_time":"2024-04-24T01:56:14+00:00","og_image":[{"width":720,"height":646,"url":"https:\/\/portalmf.com.br\/wp-content\/uploads\/2024\/04\/Screenshot_20240422-184305_WhatsApp-1.jpg","type":"image\/jpeg"}],"author":"Erivelton Costa","twitter_card":"summary_large_image","twitter_misc":{"Escrito por":"Erivelton Costa","Est. tempo de leitura":"1 minuto"},"schema":{"@context":"https:\/\/schema.org","@graph":[{"@type":"WebPage","@id":"https:\/\/portalmf.com.br\/index.php\/2024\/04\/22\/leo-santana-comemora-aniversario-na-micareta-de-feira\/","url":"https:\/\/portalmf.com.br\/index.php\/2024\/04\/22\/leo-santana-comemora-aniversario-na-micareta-de-feira\/","name":"L\u00e9o Santana comemora anivers\u00e1rio na Micareta de Feira - Portal MF","isPartOf":{"@id":"https:\/\/portalmf.com.br\/#website"},"primaryImageOfPage":{"@id":"https:\/\/portalmf.com.br\/index.php\/2024\/04\/22\/leo-santana-comemora-aniversario-na-micareta-de-feira\/#primaryimage"},"image":{"@id":"https:\/\/portalmf.com.br\/index.php\/2024\/04\/22\/leo-santana-comemora-aniversario-na-micareta-de-feira\/#primaryimage"},"thumbnailUrl":"https:\/\/portalmf.com.br\/wp-content\/uploads\/2024\/04\/Screenshot_20240422-184305_WhatsApp-1.jpg","datePublished":"2024-04-22T20:11:18+00:00","dateModified":"2024-04-24T01:56:14+00:00","author":{"@id":"https:\/\/portalmf.com.br\/#\/schema\/person\/68a086817af0e8624a5fe3aa1d520a09"},"breadcrumb":{"@id":"https:\/\/portalmf.com.br\/index.php\/2024\/04\/22\/leo-santana-comemora-aniversario-na-micareta-de-feira\/#breadcrumb"},"inLanguage":"pt-BR","potentialAction":[{"@type":"ReadAction","target":["https:\/\/portalmf.com.br\/index.php\/2024\/04\/22\/leo-santana-comemora-aniversario-na-micareta-de-feira\/"]}]},{"@type":"ImageObject","inLanguage":"pt-BR","@id":"https:\/\/portalmf.com.br\/index.php\/2024\/04\/22\/leo-santana-comemora-aniversario-na-micareta-de-feira\/#primaryimage","url":"https:\/\/portalmf.com.br\/wp-content\/uploads\/2024\/04\/Screenshot_20240422-184305_WhatsApp-1.jpg","contentUrl":"https:\/\/portalmf.com.br\/wp-content\/uploads\/2024\/04\/Screenshot_20240422-184305_WhatsApp-1.jpg","width":720,"height":646},{"@type":"BreadcrumbList","@id":"https:\/\/portalmf.com.br\/index.php\/2024\/04\/22\/leo-santana-comemora-aniversario-na-micareta-de-feira\/#breadcrumb","itemListElement":[{"@type":"ListItem","position":1,"name":"In\u00edcio","item":"https:\/\/portalmf.com.br\/"},{"@type":"ListItem","position":2,"name":"L\u00e9o Santana comemora anivers\u00e1rio na Micareta de Feira"}]},{"@type":"WebSite","@id":"https:\/\/portalmf.com.br\/#website","url":"https:\/\/portalmf.com.br\/","name":"Portal MF","description":"Voc\u00ea conectado com a informa\u00e7\u00e3o","potentialAction":[{"@type":"SearchAction","target":{"@type":"EntryPoint","urlTemplate":"https:\/\/portalmf.com.br\/?s={search_term_string}"},"query-input":"required name=search_term_string"}],"inLanguage":"pt-BR"},{"@type":"Person","@id":"https:\/\/portalmf.com.br\/#\/schema\/person\/68a086817af0e8624a5fe3aa1d520a09","name":"Erivelton Costa","image":{"@type":"ImageObject","inLanguage":"pt-BR","@id":"https:\/\/portalmf.com.br\/#\/schema\/person\/image\/","url":"https:\/\/secure.gravatar.com\/avatar\/568bc70f6528e14005a2e78a0b61ba2e?s=96&d=mm&r=g","contentUrl":"https:\/\/secure.gravatar.com\/avatar\/568bc70f6528e14005a2e78a0b61ba2e?s=96&d=mm&r=g","caption":"Erivelton Costa"},"description":"Jornalista","sameAs":["https:\/\/portalmf.com.br\/","toncostaa"],"url":"https:\/\/portalmf.com.br\/index.php\/author\/eriveltoncosta\/"}]}},"_links":{"self":[{"href":"https:\/\/portalmf.com.br\/index.php\/wp-json\/wp\/v2\/posts\/25864"}],"collection":[{"href":"https:\/\/portalmf.com.br\/index.php\/wp-json\/wp\/v2\/posts"}],"about":[{"href":"https:\/\/portalmf.com.br\/index.php\/wp-json\/wp\/v2\/types\/post"}],"author":[{"embeddable":true,"href":"https:\/\/portalmf.com.br\/index.php\/wp-json\/wp\/v2\/users\/4"}],"replies":[{"embeddable":true,"href":"https:\/\/portalmf.com.br\/index.php\/wp-json\/wp\/v2\/comments?post=25864"}],"version-history":[{"count":2,"href":"https:\/\/portalmf.com.br\/index.php\/wp-json\/wp\/v2\/posts\/25864\/revisions"}],"predecessor-version":[{"id":25910,"href":"https:\/\/portalmf.com.br\/index.php\/wp-json\/wp\/v2\/posts\/25864\/revisions\/25910"}],"wp:featuredmedia":[{"embeddable":true,"href":"https:\/\/portalmf.com.br\/index.php\/wp-json\/wp\/v2\/media\/25868"}],"wp:attachment":[{"href":"https:\/\/portalmf.com.br\/index.php\/wp-json\/wp\/v2\/media?parent=25864"}],"wp:term":[{"taxonomy":"category","embeddable":true,"href":"https:\/\/portalmf.com.br\/index.php\/wp-json\/wp\/v2\/categories?post=25864"},{"taxonomy":"post_tag","embeddable":true,"href":"https:\/\/portalmf.com.br\/index.php\/wp-json\/wp\/v2\/tags?post=25864"}],"curies":[{"name":"wp","href":"https:\/\/api.w.org\/{rel}","templated":true}]}}