{"id":25861,"date":"2024-04-21T15:49:47","date_gmt":"2024-04-21T18:49:47","guid":{"rendered":"https:\/\/portalmf.com.br\/?p=25861"},"modified":"2024-04-21T15:49:49","modified_gmt":"2024-04-21T18:49:49","slug":"pablo-roberto-afirma-que-a-violencia-na-micareta-esta-sendo-reduzida-consideravelmente","status":"publish","type":"post","link":"https:\/\/portalmf.com.br\/index.php\/2024\/04\/21\/pablo-roberto-afirma-que-a-violencia-na-micareta-esta-sendo-reduzida-consideravelmente\/","title":{"rendered":"Pablo Roberto afirma que a viol\u00eancia na Micareta est\u00e1 sendo reduzida consideravelmente"},"content":{"rendered":"\n<p>O Deputado Pablo Roberto (PSDB) esteve na avenida ontem (20) para curtir um pouco da folia. Ele afirma que sempre gostou de curtir a festa.<\/p>\n\n\n\n<p>E, como pol\u00edtico, o amor que ele sente pela festa vira trabalho; \u00e9 o que garante Pablo estar sempre tendo iniciativas para melhorar o nosso Carnaval.<\/p>\n\n\n\n<p>Roberto afirma ter sido refer\u00eancia no controle da viol\u00eancia e nas abordagens da Pol\u00edcia Militar com o foli\u00e3o.<\/p>\n\n\n\n<p>&#8220;Estamos trabalhando duro para melhorar a seguran\u00e7a do povo feirense na sua festa t\u00e3o querida, que \u00e9 a Micareta; prova disto \u00e9 que a diminui\u00e7\u00e3o de ocorr\u00eancias registradas pela Pol\u00edcia Militar j\u00e1 diminu\u00edram bastante&#8221;, afirmou.<\/p>\n\n\n\n<p>Pablo ainda disse est\u00e1 sempre propondo discuss\u00f5es para a melhoria das abordagens da P.M; e que acredita ver sempre qualquer evolu\u00e7\u00e3o no evento, se ocorrerem debates de cunho saud\u00e1vel entre todos os representantes dos envolvidos.<\/p>\n","protected":false},"excerpt":{"rendered":"<p>O Deputado Pablo Roberto (PSDB) esteve na avenida ontem (20) para curtir um pouco da folia. Ele afirma que sempre gostou de curtir a festa. E, como pol\u00edtico, o amor que ele sente pela festa vira trabalho; \u00e9 o que garante Pablo estar sempre tendo iniciativas para melhorar o nosso Carnaval. Roberto afirma ter sido [&hellip;]<\/p>\n","protected":false},"author":4,"featured_media":25862,"comment_status":"open","ping_status":"open","sticky":true,"template":"","format":"standard","meta":{"_monsterinsights_skip_tracking":false,"_monsterinsights_sitenote_active":false,"_monsterinsights_sitenote_note":"","_monsterinsights_sitenote_category":0,"footnotes":""},"categories":[1],"tags":[],"yoast_head":"<!-- This site is optimized with the Yoast SEO plugin v22.9 - https:\/\/yoast.com\/wordpress\/plugins\/seo\/ -->\n<title>Pablo Roberto afirma que a viol\u00eancia na Micareta est\u00e1 sendo reduzida consideravelmente - Portal MF<\/title>\n<meta name=\"robots\" content=\"index, follow, max-snippet:-1, max-image-preview:large, max-video-preview:-1\" \/>\n<link rel=\"canonical\" href=\"https:\/\/portalmf.com.br\/index.php\/2024\/04\/21\/pablo-roberto-afirma-que-a-violencia-na-micareta-esta-sendo-reduzida-consideravelmente\/\" \/>\n<meta property=\"og:locale\" content=\"pt_BR\" \/>\n<meta property=\"og:type\" content=\"article\" \/>\n<meta property=\"og:title\" content=\"Pablo Roberto afirma que a viol\u00eancia na Micareta est\u00e1 sendo reduzida consideravelmente - Portal MF\" \/>\n<meta property=\"og:description\" content=\"O Deputado Pablo Roberto (PSDB) esteve na avenida ontem (20) para curtir um pouco da folia. Ele afirma que sempre gostou de curtir a festa. E, como pol\u00edtico, o amor que ele sente pela festa vira trabalho; \u00e9 o que garante Pablo estar sempre tendo iniciativas para melhorar o nosso Carnaval. Roberto afirma ter sido [&hellip;]\" \/>\n<meta property=\"og:url\" content=\"https:\/\/portalmf.com.br\/index.php\/2024\/04\/21\/pablo-roberto-afirma-que-a-violencia-na-micareta-esta-sendo-reduzida-consideravelmente\/\" \/>\n<meta property=\"og:site_name\" content=\"Portal MF\" \/>\n<meta property=\"article:published_time\" content=\"2024-04-21T18:49:47+00:00\" \/>\n<meta property=\"article:modified_time\" content=\"2024-04-21T18:49:49+00:00\" \/>\n<meta property=\"og:image\" content=\"https:\/\/portalmf.com.br\/wp-content\/uploads\/2024\/04\/Screenshot_20240421-154725_Gallery.jpg\" \/>\n\t<meta property=\"og:image:width\" content=\"720\" \/>\n\t<meta property=\"og:image:height\" content=\"514\" \/>\n\t<meta property=\"og:image:type\" content=\"image\/jpeg\" \/>\n<meta name=\"author\" content=\"Erivelton Costa\" \/>\n<meta name=\"twitter:card\" content=\"summary_large_image\" \/>\n<meta name=\"twitter:label1\" content=\"Escrito por\" \/>\n\t<meta name=\"twitter:data1\" content=\"Erivelton Costa\" \/>\n\t<meta name=\"twitter:label2\" content=\"Est. tempo de leitura\" \/>\n\t<meta name=\"twitter:data2\" content=\"1 minuto\" \/>\n<script type=\"application\/ld+json\" class=\"yoast-schema-graph\">{\"@context\":\"https:\/\/schema.org\",\"@graph\":[{\"@type\":\"WebPage\",\"@id\":\"https:\/\/portalmf.com.br\/index.php\/2024\/04\/21\/pablo-roberto-afirma-que-a-violencia-na-micareta-esta-sendo-reduzida-consideravelmente\/\",\"url\":\"https:\/\/portalmf.com.br\/index.php\/2024\/04\/21\/pablo-roberto-afirma-que-a-violencia-na-micareta-esta-sendo-reduzida-consideravelmente\/\",\"name\":\"Pablo Roberto afirma que a viol\u00eancia na Micareta est\u00e1 sendo reduzida consideravelmente - Portal MF\",\"isPartOf\":{\"@id\":\"https:\/\/portalmf.com.br\/#website\"},\"primaryImageOfPage\":{\"@id\":\"https:\/\/portalmf.com.br\/index.php\/2024\/04\/21\/pablo-roberto-afirma-que-a-violencia-na-micareta-esta-sendo-reduzida-consideravelmente\/#primaryimage\"},\"image\":{\"@id\":\"https:\/\/portalmf.com.br\/index.php\/2024\/04\/21\/pablo-roberto-afirma-que-a-violencia-na-micareta-esta-sendo-reduzida-consideravelmente\/#primaryimage\"},\"thumbnailUrl\":\"https:\/\/portalmf.com.br\/wp-content\/uploads\/2024\/04\/Screenshot_20240421-154725_Gallery.jpg\",\"datePublished\":\"2024-04-21T18:49:47+00:00\",\"dateModified\":\"2024-04-21T18:49:49+00:00\",\"author\":{\"@id\":\"https:\/\/portalmf.com.br\/#\/schema\/person\/68a086817af0e8624a5fe3aa1d520a09\"},\"breadcrumb\":{\"@id\":\"https:\/\/portalmf.com.br\/index.php\/2024\/04\/21\/pablo-roberto-afirma-que-a-violencia-na-micareta-esta-sendo-reduzida-consideravelmente\/#breadcrumb\"},\"inLanguage\":\"pt-BR\",\"potentialAction\":[{\"@type\":\"ReadAction\",\"target\":[\"https:\/\/portalmf.com.br\/index.php\/2024\/04\/21\/pablo-roberto-afirma-que-a-violencia-na-micareta-esta-sendo-reduzida-consideravelmente\/\"]}]},{\"@type\":\"ImageObject\",\"inLanguage\":\"pt-BR\",\"@id\":\"https:\/\/portalmf.com.br\/index.php\/2024\/04\/21\/pablo-roberto-afirma-que-a-violencia-na-micareta-esta-sendo-reduzida-consideravelmente\/#primaryimage\",\"url\":\"https:\/\/portalmf.com.br\/wp-content\/uploads\/2024\/04\/Screenshot_20240421-154725_Gallery.jpg\",\"contentUrl\":\"https:\/\/portalmf.com.br\/wp-content\/uploads\/2024\/04\/Screenshot_20240421-154725_Gallery.jpg\",\"width\":720,\"height\":514},{\"@type\":\"BreadcrumbList\",\"@id\":\"https:\/\/portalmf.com.br\/index.php\/2024\/04\/21\/pablo-roberto-afirma-que-a-violencia-na-micareta-esta-sendo-reduzida-consideravelmente\/#breadcrumb\",\"itemListElement\":[{\"@type\":\"ListItem\",\"position\":1,\"name\":\"In\u00edcio\",\"item\":\"https:\/\/portalmf.com.br\/\"},{\"@type\":\"ListItem\",\"position\":2,\"name\":\"Pablo Roberto afirma que a viol\u00eancia na Micareta est\u00e1 sendo reduzida consideravelmente\"}]},{\"@type\":\"WebSite\",\"@id\":\"https:\/\/portalmf.com.br\/#website\",\"url\":\"https:\/\/portalmf.com.br\/\",\"name\":\"Portal MF\",\"description\":\"Voc\u00ea conectado com a informa\u00e7\u00e3o\",\"potentialAction\":[{\"@type\":\"SearchAction\",\"target\":{\"@type\":\"EntryPoint\",\"urlTemplate\":\"https:\/\/portalmf.com.br\/?s={search_term_string}\"},\"query-input\":\"required name=search_term_string\"}],\"inLanguage\":\"pt-BR\"},{\"@type\":\"Person\",\"@id\":\"https:\/\/portalmf.com.br\/#\/schema\/person\/68a086817af0e8624a5fe3aa1d520a09\",\"name\":\"Erivelton Costa\",\"image\":{\"@type\":\"ImageObject\",\"inLanguage\":\"pt-BR\",\"@id\":\"https:\/\/portalmf.com.br\/#\/schema\/person\/image\/\",\"url\":\"https:\/\/secure.gravatar.com\/avatar\/568bc70f6528e14005a2e78a0b61ba2e?s=96&d=mm&r=g\",\"contentUrl\":\"https:\/\/secure.gravatar.com\/avatar\/568bc70f6528e14005a2e78a0b61ba2e?s=96&d=mm&r=g\",\"caption\":\"Erivelton Costa\"},\"description\":\"Jornalista\",\"sameAs\":[\"https:\/\/portalmf.com.br\/\",\"toncostaa\"],\"url\":\"https:\/\/portalmf.com.br\/index.php\/author\/eriveltoncosta\/\"}]}<\/script>\n<!-- \/ Yoast SEO plugin. -->","yoast_head_json":{"title":"Pablo Roberto afirma que a viol\u00eancia na Micareta est\u00e1 sendo reduzida consideravelmente - Portal MF","robots":{"index":"index","follow":"follow","max-snippet":"max-snippet:-1","max-image-preview":"max-image-preview:large","max-video-preview":"max-video-preview:-1"},"canonical":"https:\/\/portalmf.com.br\/index.php\/2024\/04\/21\/pablo-roberto-afirma-que-a-violencia-na-micareta-esta-sendo-reduzida-consideravelmente\/","og_locale":"pt_BR","og_type":"article","og_title":"Pablo Roberto afirma que a viol\u00eancia na Micareta est\u00e1 sendo reduzida consideravelmente - Portal MF","og_description":"O Deputado Pablo Roberto (PSDB) esteve na avenida ontem (20) para curtir um pouco da folia. Ele afirma que sempre gostou de curtir a festa. E, como pol\u00edtico, o amor que ele sente pela festa vira trabalho; \u00e9 o que garante Pablo estar sempre tendo iniciativas para melhorar o nosso Carnaval. Roberto afirma ter sido [&hellip;]","og_url":"https:\/\/portalmf.com.br\/index.php\/2024\/04\/21\/pablo-roberto-afirma-que-a-violencia-na-micareta-esta-sendo-reduzida-consideravelmente\/","og_site_name":"Portal MF","article_published_time":"2024-04-21T18:49:47+00:00","article_modified_time":"2024-04-21T18:49:49+00:00","og_image":[{"width":720,"height":514,"url":"https:\/\/portalmf.com.br\/wp-content\/uploads\/2024\/04\/Screenshot_20240421-154725_Gallery.jpg","type":"image\/jpeg"}],"author":"Erivelton Costa","twitter_card":"summary_large_image","twitter_misc":{"Escrito por":"Erivelton Costa","Est. tempo de leitura":"1 minuto"},"schema":{"@context":"https:\/\/schema.org","@graph":[{"@type":"WebPage","@id":"https:\/\/portalmf.com.br\/index.php\/2024\/04\/21\/pablo-roberto-afirma-que-a-violencia-na-micareta-esta-sendo-reduzida-consideravelmente\/","url":"https:\/\/portalmf.com.br\/index.php\/2024\/04\/21\/pablo-roberto-afirma-que-a-violencia-na-micareta-esta-sendo-reduzida-consideravelmente\/","name":"Pablo Roberto afirma que a viol\u00eancia na Micareta est\u00e1 sendo reduzida consideravelmente - Portal MF","isPartOf":{"@id":"https:\/\/portalmf.com.br\/#website"},"primaryImageOfPage":{"@id":"https:\/\/portalmf.com.br\/index.php\/2024\/04\/21\/pablo-roberto-afirma-que-a-violencia-na-micareta-esta-sendo-reduzida-consideravelmente\/#primaryimage"},"image":{"@id":"https:\/\/portalmf.com.br\/index.php\/2024\/04\/21\/pablo-roberto-afirma-que-a-violencia-na-micareta-esta-sendo-reduzida-consideravelmente\/#primaryimage"},"thumbnailUrl":"https:\/\/portalmf.com.br\/wp-content\/uploads\/2024\/04\/Screenshot_20240421-154725_Gallery.jpg","datePublished":"2024-04-21T18:49:47+00:00","dateModified":"2024-04-21T18:49:49+00:00","author":{"@id":"https:\/\/portalmf.com.br\/#\/schema\/person\/68a086817af0e8624a5fe3aa1d520a09"},"breadcrumb":{"@id":"https:\/\/portalmf.com.br\/index.php\/2024\/04\/21\/pablo-roberto-afirma-que-a-violencia-na-micareta-esta-sendo-reduzida-consideravelmente\/#breadcrumb"},"inLanguage":"pt-BR","potentialAction":[{"@type":"ReadAction","target":["https:\/\/portalmf.com.br\/index.php\/2024\/04\/21\/pablo-roberto-afirma-que-a-violencia-na-micareta-esta-sendo-reduzida-consideravelmente\/"]}]},{"@type":"ImageObject","inLanguage":"pt-BR","@id":"https:\/\/portalmf.com.br\/index.php\/2024\/04\/21\/pablo-roberto-afirma-que-a-violencia-na-micareta-esta-sendo-reduzida-consideravelmente\/#primaryimage","url":"https:\/\/portalmf.com.br\/wp-content\/uploads\/2024\/04\/Screenshot_20240421-154725_Gallery.jpg","contentUrl":"https:\/\/portalmf.com.br\/wp-content\/uploads\/2024\/04\/Screenshot_20240421-154725_Gallery.jpg","width":720,"height":514},{"@type":"BreadcrumbList","@id":"https:\/\/portalmf.com.br\/index.php\/2024\/04\/21\/pablo-roberto-afirma-que-a-violencia-na-micareta-esta-sendo-reduzida-consideravelmente\/#breadcrumb","itemListElement":[{"@type":"ListItem","position":1,"name":"In\u00edcio","item":"https:\/\/portalmf.com.br\/"},{"@type":"ListItem","position":2,"name":"Pablo Roberto afirma que a viol\u00eancia na Micareta est\u00e1 sendo reduzida consideravelmente"}]},{"@type":"WebSite","@id":"https:\/\/portalmf.com.br\/#website","url":"https:\/\/portalmf.com.br\/","name":"Portal MF","description":"Voc\u00ea conectado com a informa\u00e7\u00e3o","potentialAction":[{"@type":"SearchAction","target":{"@type":"EntryPoint","urlTemplate":"https:\/\/portalmf.com.br\/?s={search_term_string}"},"query-input":"required name=search_term_string"}],"inLanguage":"pt-BR"},{"@type":"Person","@id":"https:\/\/portalmf.com.br\/#\/schema\/person\/68a086817af0e8624a5fe3aa1d520a09","name":"Erivelton Costa","image":{"@type":"ImageObject","inLanguage":"pt-BR","@id":"https:\/\/portalmf.com.br\/#\/schema\/person\/image\/","url":"https:\/\/secure.gravatar.com\/avatar\/568bc70f6528e14005a2e78a0b61ba2e?s=96&d=mm&r=g","contentUrl":"https:\/\/secure.gravatar.com\/avatar\/568bc70f6528e14005a2e78a0b61ba2e?s=96&d=mm&r=g","caption":"Erivelton Costa"},"description":"Jornalista","sameAs":["https:\/\/portalmf.com.br\/","toncostaa"],"url":"https:\/\/portalmf.com.br\/index.php\/author\/eriveltoncosta\/"}]}},"_links":{"self":[{"href":"https:\/\/portalmf.com.br\/index.php\/wp-json\/wp\/v2\/posts\/25861"}],"collection":[{"href":"https:\/\/portalmf.com.br\/index.php\/wp-json\/wp\/v2\/posts"}],"about":[{"href":"https:\/\/portalmf.com.br\/index.php\/wp-json\/wp\/v2\/types\/post"}],"author":[{"embeddable":true,"href":"https:\/\/portalmf.com.br\/index.php\/wp-json\/wp\/v2\/users\/4"}],"replies":[{"embeddable":true,"href":"https:\/\/portalmf.com.br\/index.php\/wp-json\/wp\/v2\/comments?post=25861"}],"version-history":[{"count":1,"href":"https:\/\/portalmf.com.br\/index.php\/wp-json\/wp\/v2\/posts\/25861\/revisions"}],"predecessor-version":[{"id":25863,"href":"https:\/\/portalmf.com.br\/index.php\/wp-json\/wp\/v2\/posts\/25861\/revisions\/25863"}],"wp:featuredmedia":[{"embeddable":true,"href":"https:\/\/portalmf.com.br\/index.php\/wp-json\/wp\/v2\/media\/25862"}],"wp:attachment":[{"href":"https:\/\/portalmf.com.br\/index.php\/wp-json\/wp\/v2\/media?parent=25861"}],"wp:term":[{"taxonomy":"category","embeddable":true,"href":"https:\/\/portalmf.com.br\/index.php\/wp-json\/wp\/v2\/categories?post=25861"},{"taxonomy":"post_tag","embeddable":true,"href":"https:\/\/portalmf.com.br\/index.php\/wp-json\/wp\/v2\/tags?post=25861"}],"curies":[{"name":"wp","href":"https:\/\/api.w.org\/{rel}","templated":true}]}}