{"id":25840,"date":"2024-04-21T13:19:31","date_gmt":"2024-04-21T16:19:31","guid":{"rendered":"https:\/\/portalmf.com.br\/?p=25840"},"modified":"2024-04-21T13:31:56","modified_gmt":"2024-04-21T16:31:56","slug":"a-companhia-do-pagode-desceu-na-boquinha-da-garrafa-em-feira-e-com-parceria-historica-entre-seus-cantores","status":"publish","type":"post","link":"https:\/\/portalmf.com.br\/index.php\/2024\/04\/21\/a-companhia-do-pagode-desceu-na-boquinha-da-garrafa-em-feira-e-com-parceria-historica-entre-seus-cantores\/","title":{"rendered":"A Companhia do Pagode desceu na Boquinha da Garrafa em Feira; e com parceria hist\u00f3rica entre seus cantores"},"content":{"rendered":"\n<p>A Companhia de Pagode levou clima de Nostalgia para o circuito da Micareta. O cl\u00e1ssico grupo est\u00e1 em nova fase. E trouxe, de forma in\u00e9dita, os cantores Neg\u00e3o Jamaica e Diumbanda juntos.<\/p>\n\n\n\n<p>Bastante animados, eles lembraram hist\u00f3rias que os marcaram na micareta de Feira.<br>\u201cRecebi uma carta de 30 metros de comprimento, feita por uma f\u00e3, que no dia subiu no trio para cantar com a gente\u201d, afirmou Neg\u00e3o Jamaica.<\/p>\n\n\n\n<p>J\u00e1 Di Umbanda lembrou que o acolhimento proporcionado pelo p\u00fablico feirense sempre foi diferenciado; ele cita os bailes que aconteciam no Cajueiro como refer\u00eancia disto.<\/p>\n\n\n\n<p>Em 1994,&nbsp;Diumbanda&nbsp;saiu do&nbsp;Gera Samba&nbsp;e formou a Companhia do Pagode. Em 1995, a banda viveu seu auge e alcan\u00e7ou grande popularidade no&nbsp;Brasil&nbsp;com a m\u00fasica &#8220;Na Boquinha da Garrafa&#8221;.<\/p>\n\n\n\n<figure class=\"wp-block-gallery has-nested-images columns-default is-cropped wp-block-gallery-1 is-layout-flex wp-block-gallery-is-layout-flex\">\n<figure class=\"wp-block-image size-large is-style-default\"><img fetchpriority=\"high\" decoding=\"async\" width=\"720\" height=\"535\" data-id=\"25849\" src=\"https:\/\/portalmf.com.br\/wp-content\/uploads\/2024\/04\/Screenshot_20240421-132249_WhatsApp-2.jpg\" alt=\"\" class=\"wp-image-25849\" srcset=\"https:\/\/portalmf.com.br\/wp-content\/uploads\/2024\/04\/Screenshot_20240421-132249_WhatsApp-2.jpg 720w, https:\/\/portalmf.com.br\/wp-content\/uploads\/2024\/04\/Screenshot_20240421-132249_WhatsApp-2-300x223.jpg 300w, https:\/\/portalmf.com.br\/wp-content\/uploads\/2024\/04\/Screenshot_20240421-132249_WhatsApp-2-485x360.jpg 485w, https:\/\/portalmf.com.br\/wp-content\/uploads\/2024\/04\/Screenshot_20240421-132249_WhatsApp-2-696x517.jpg 696w\" sizes=\"(max-width: 720px) 100vw, 720px\" \/><figcaption class=\"wp-element-caption\">Neg\u00e3o Jamaica, um dos cantores do grupo.<\/figcaption><\/figure>\n<\/figure>\n\n\n\n<p>Em 1997, Diumbanda deixou os&nbsp;vocais&nbsp;e assumiu&nbsp;Neg\u00e3o Jamaica, irm\u00e3o do&nbsp;Beto Jamaica. E, atualmente, pela primeira vez, eles cantam juntos com este grupo que fez hist\u00f3ria.<\/p>\n","protected":false},"excerpt":{"rendered":"<p>A Companhia de Pagode levou clima de Nostalgia para o circuito da Micareta. O cl\u00e1ssico grupo est\u00e1 em nova fase. E trouxe, de forma in\u00e9dita, os cantores Neg\u00e3o Jamaica e Diumbanda juntos. Bastante animados, eles lembraram hist\u00f3rias que os marcaram na micareta de Feira.\u201cRecebi uma carta de 30 metros de comprimento, feita por uma f\u00e3, [&hellip;]<\/p>\n","protected":false},"author":4,"featured_media":25847,"comment_status":"open","ping_status":"open","sticky":true,"template":"","format":"standard","meta":{"_monsterinsights_skip_tracking":false,"_monsterinsights_sitenote_active":false,"_monsterinsights_sitenote_note":"","_monsterinsights_sitenote_category":0,"footnotes":""},"categories":[48,47,39],"tags":[],"yoast_head":"<!-- This site is optimized with the Yoast SEO plugin v22.9 - https:\/\/yoast.com\/wordpress\/plugins\/seo\/ -->\n<title>A Companhia do Pagode desceu na Boquinha da Garrafa em Feira; e com parceria hist\u00f3rica entre seus cantores - Portal MF<\/title>\n<meta name=\"robots\" content=\"index, follow, max-snippet:-1, max-image-preview:large, max-video-preview:-1\" \/>\n<link rel=\"canonical\" href=\"https:\/\/portalmf.com.br\/index.php\/2024\/04\/21\/a-companhia-do-pagode-desceu-na-boquinha-da-garrafa-em-feira-e-com-parceria-historica-entre-seus-cantores\/\" \/>\n<meta property=\"og:locale\" content=\"pt_BR\" \/>\n<meta property=\"og:type\" content=\"article\" \/>\n<meta property=\"og:title\" content=\"A Companhia do Pagode desceu na Boquinha da Garrafa em Feira; e com parceria hist\u00f3rica entre seus cantores - Portal MF\" \/>\n<meta property=\"og:description\" content=\"A Companhia de Pagode levou clima de Nostalgia para o circuito da Micareta. O cl\u00e1ssico grupo est\u00e1 em nova fase. E trouxe, de forma in\u00e9dita, os cantores Neg\u00e3o Jamaica e Diumbanda juntos. Bastante animados, eles lembraram hist\u00f3rias que os marcaram na micareta de Feira.\u201cRecebi uma carta de 30 metros de comprimento, feita por uma f\u00e3, [&hellip;]\" \/>\n<meta property=\"og:url\" content=\"https:\/\/portalmf.com.br\/index.php\/2024\/04\/21\/a-companhia-do-pagode-desceu-na-boquinha-da-garrafa-em-feira-e-com-parceria-historica-entre-seus-cantores\/\" \/>\n<meta property=\"og:site_name\" content=\"Portal MF\" \/>\n<meta property=\"article:published_time\" content=\"2024-04-21T16:19:31+00:00\" \/>\n<meta property=\"article:modified_time\" content=\"2024-04-21T16:31:56+00:00\" \/>\n<meta property=\"og:image\" content=\"https:\/\/portalmf.com.br\/wp-content\/uploads\/2024\/04\/Screenshot_20240421-131457_WhatsApp.jpg\" \/>\n\t<meta property=\"og:image:width\" content=\"720\" \/>\n\t<meta property=\"og:image:height\" content=\"458\" \/>\n\t<meta property=\"og:image:type\" content=\"image\/jpeg\" \/>\n<meta name=\"author\" content=\"Erivelton Costa\" \/>\n<meta name=\"twitter:card\" content=\"summary_large_image\" \/>\n<meta name=\"twitter:label1\" content=\"Escrito por\" \/>\n\t<meta name=\"twitter:data1\" content=\"Erivelton Costa\" \/>\n\t<meta name=\"twitter:label2\" content=\"Est. tempo de leitura\" \/>\n\t<meta name=\"twitter:data2\" content=\"2 minutos\" \/>\n<script type=\"application\/ld+json\" class=\"yoast-schema-graph\">{\"@context\":\"https:\/\/schema.org\",\"@graph\":[{\"@type\":\"WebPage\",\"@id\":\"https:\/\/portalmf.com.br\/index.php\/2024\/04\/21\/a-companhia-do-pagode-desceu-na-boquinha-da-garrafa-em-feira-e-com-parceria-historica-entre-seus-cantores\/\",\"url\":\"https:\/\/portalmf.com.br\/index.php\/2024\/04\/21\/a-companhia-do-pagode-desceu-na-boquinha-da-garrafa-em-feira-e-com-parceria-historica-entre-seus-cantores\/\",\"name\":\"A Companhia do Pagode desceu na Boquinha da Garrafa em Feira; e com parceria hist\u00f3rica entre seus cantores - Portal MF\",\"isPartOf\":{\"@id\":\"https:\/\/portalmf.com.br\/#website\"},\"primaryImageOfPage\":{\"@id\":\"https:\/\/portalmf.com.br\/index.php\/2024\/04\/21\/a-companhia-do-pagode-desceu-na-boquinha-da-garrafa-em-feira-e-com-parceria-historica-entre-seus-cantores\/#primaryimage\"},\"image\":{\"@id\":\"https:\/\/portalmf.com.br\/index.php\/2024\/04\/21\/a-companhia-do-pagode-desceu-na-boquinha-da-garrafa-em-feira-e-com-parceria-historica-entre-seus-cantores\/#primaryimage\"},\"thumbnailUrl\":\"https:\/\/portalmf.com.br\/wp-content\/uploads\/2024\/04\/Screenshot_20240421-131457_WhatsApp.jpg\",\"datePublished\":\"2024-04-21T16:19:31+00:00\",\"dateModified\":\"2024-04-21T16:31:56+00:00\",\"author\":{\"@id\":\"https:\/\/portalmf.com.br\/#\/schema\/person\/68a086817af0e8624a5fe3aa1d520a09\"},\"breadcrumb\":{\"@id\":\"https:\/\/portalmf.com.br\/index.php\/2024\/04\/21\/a-companhia-do-pagode-desceu-na-boquinha-da-garrafa-em-feira-e-com-parceria-historica-entre-seus-cantores\/#breadcrumb\"},\"inLanguage\":\"pt-BR\",\"potentialAction\":[{\"@type\":\"ReadAction\",\"target\":[\"https:\/\/portalmf.com.br\/index.php\/2024\/04\/21\/a-companhia-do-pagode-desceu-na-boquinha-da-garrafa-em-feira-e-com-parceria-historica-entre-seus-cantores\/\"]}]},{\"@type\":\"ImageObject\",\"inLanguage\":\"pt-BR\",\"@id\":\"https:\/\/portalmf.com.br\/index.php\/2024\/04\/21\/a-companhia-do-pagode-desceu-na-boquinha-da-garrafa-em-feira-e-com-parceria-historica-entre-seus-cantores\/#primaryimage\",\"url\":\"https:\/\/portalmf.com.br\/wp-content\/uploads\/2024\/04\/Screenshot_20240421-131457_WhatsApp.jpg\",\"contentUrl\":\"https:\/\/portalmf.com.br\/wp-content\/uploads\/2024\/04\/Screenshot_20240421-131457_WhatsApp.jpg\",\"width\":720,\"height\":458},{\"@type\":\"BreadcrumbList\",\"@id\":\"https:\/\/portalmf.com.br\/index.php\/2024\/04\/21\/a-companhia-do-pagode-desceu-na-boquinha-da-garrafa-em-feira-e-com-parceria-historica-entre-seus-cantores\/#breadcrumb\",\"itemListElement\":[{\"@type\":\"ListItem\",\"position\":1,\"name\":\"In\u00edcio\",\"item\":\"https:\/\/portalmf.com.br\/\"},{\"@type\":\"ListItem\",\"position\":2,\"name\":\"A Companhia do Pagode desceu na Boquinha da Garrafa em Feira; e com parceria hist\u00f3rica entre seus cantores\"}]},{\"@type\":\"WebSite\",\"@id\":\"https:\/\/portalmf.com.br\/#website\",\"url\":\"https:\/\/portalmf.com.br\/\",\"name\":\"Portal MF\",\"description\":\"Voc\u00ea conectado com a informa\u00e7\u00e3o\",\"potentialAction\":[{\"@type\":\"SearchAction\",\"target\":{\"@type\":\"EntryPoint\",\"urlTemplate\":\"https:\/\/portalmf.com.br\/?s={search_term_string}\"},\"query-input\":\"required name=search_term_string\"}],\"inLanguage\":\"pt-BR\"},{\"@type\":\"Person\",\"@id\":\"https:\/\/portalmf.com.br\/#\/schema\/person\/68a086817af0e8624a5fe3aa1d520a09\",\"name\":\"Erivelton Costa\",\"image\":{\"@type\":\"ImageObject\",\"inLanguage\":\"pt-BR\",\"@id\":\"https:\/\/portalmf.com.br\/#\/schema\/person\/image\/\",\"url\":\"https:\/\/secure.gravatar.com\/avatar\/568bc70f6528e14005a2e78a0b61ba2e?s=96&d=mm&r=g\",\"contentUrl\":\"https:\/\/secure.gravatar.com\/avatar\/568bc70f6528e14005a2e78a0b61ba2e?s=96&d=mm&r=g\",\"caption\":\"Erivelton Costa\"},\"description\":\"Jornalista\",\"sameAs\":[\"https:\/\/portalmf.com.br\/\",\"toncostaa\"],\"url\":\"https:\/\/portalmf.com.br\/index.php\/author\/eriveltoncosta\/\"}]}<\/script>\n<!-- \/ Yoast SEO plugin. -->","yoast_head_json":{"title":"A Companhia do Pagode desceu na Boquinha da Garrafa em Feira; e com parceria hist\u00f3rica entre seus cantores - Portal MF","robots":{"index":"index","follow":"follow","max-snippet":"max-snippet:-1","max-image-preview":"max-image-preview:large","max-video-preview":"max-video-preview:-1"},"canonical":"https:\/\/portalmf.com.br\/index.php\/2024\/04\/21\/a-companhia-do-pagode-desceu-na-boquinha-da-garrafa-em-feira-e-com-parceria-historica-entre-seus-cantores\/","og_locale":"pt_BR","og_type":"article","og_title":"A Companhia do Pagode desceu na Boquinha da Garrafa em Feira; e com parceria hist\u00f3rica entre seus cantores - Portal MF","og_description":"A Companhia de Pagode levou clima de Nostalgia para o circuito da Micareta. O cl\u00e1ssico grupo est\u00e1 em nova fase. E trouxe, de forma in\u00e9dita, os cantores Neg\u00e3o Jamaica e Diumbanda juntos. Bastante animados, eles lembraram hist\u00f3rias que os marcaram na micareta de Feira.\u201cRecebi uma carta de 30 metros de comprimento, feita por uma f\u00e3, [&hellip;]","og_url":"https:\/\/portalmf.com.br\/index.php\/2024\/04\/21\/a-companhia-do-pagode-desceu-na-boquinha-da-garrafa-em-feira-e-com-parceria-historica-entre-seus-cantores\/","og_site_name":"Portal MF","article_published_time":"2024-04-21T16:19:31+00:00","article_modified_time":"2024-04-21T16:31:56+00:00","og_image":[{"width":720,"height":458,"url":"https:\/\/portalmf.com.br\/wp-content\/uploads\/2024\/04\/Screenshot_20240421-131457_WhatsApp.jpg","type":"image\/jpeg"}],"author":"Erivelton Costa","twitter_card":"summary_large_image","twitter_misc":{"Escrito por":"Erivelton Costa","Est. tempo de leitura":"2 minutos"},"schema":{"@context":"https:\/\/schema.org","@graph":[{"@type":"WebPage","@id":"https:\/\/portalmf.com.br\/index.php\/2024\/04\/21\/a-companhia-do-pagode-desceu-na-boquinha-da-garrafa-em-feira-e-com-parceria-historica-entre-seus-cantores\/","url":"https:\/\/portalmf.com.br\/index.php\/2024\/04\/21\/a-companhia-do-pagode-desceu-na-boquinha-da-garrafa-em-feira-e-com-parceria-historica-entre-seus-cantores\/","name":"A Companhia do Pagode desceu na Boquinha da Garrafa em Feira; e com parceria hist\u00f3rica entre seus cantores - Portal MF","isPartOf":{"@id":"https:\/\/portalmf.com.br\/#website"},"primaryImageOfPage":{"@id":"https:\/\/portalmf.com.br\/index.php\/2024\/04\/21\/a-companhia-do-pagode-desceu-na-boquinha-da-garrafa-em-feira-e-com-parceria-historica-entre-seus-cantores\/#primaryimage"},"image":{"@id":"https:\/\/portalmf.com.br\/index.php\/2024\/04\/21\/a-companhia-do-pagode-desceu-na-boquinha-da-garrafa-em-feira-e-com-parceria-historica-entre-seus-cantores\/#primaryimage"},"thumbnailUrl":"https:\/\/portalmf.com.br\/wp-content\/uploads\/2024\/04\/Screenshot_20240421-131457_WhatsApp.jpg","datePublished":"2024-04-21T16:19:31+00:00","dateModified":"2024-04-21T16:31:56+00:00","author":{"@id":"https:\/\/portalmf.com.br\/#\/schema\/person\/68a086817af0e8624a5fe3aa1d520a09"},"breadcrumb":{"@id":"https:\/\/portalmf.com.br\/index.php\/2024\/04\/21\/a-companhia-do-pagode-desceu-na-boquinha-da-garrafa-em-feira-e-com-parceria-historica-entre-seus-cantores\/#breadcrumb"},"inLanguage":"pt-BR","potentialAction":[{"@type":"ReadAction","target":["https:\/\/portalmf.com.br\/index.php\/2024\/04\/21\/a-companhia-do-pagode-desceu-na-boquinha-da-garrafa-em-feira-e-com-parceria-historica-entre-seus-cantores\/"]}]},{"@type":"ImageObject","inLanguage":"pt-BR","@id":"https:\/\/portalmf.com.br\/index.php\/2024\/04\/21\/a-companhia-do-pagode-desceu-na-boquinha-da-garrafa-em-feira-e-com-parceria-historica-entre-seus-cantores\/#primaryimage","url":"https:\/\/portalmf.com.br\/wp-content\/uploads\/2024\/04\/Screenshot_20240421-131457_WhatsApp.jpg","contentUrl":"https:\/\/portalmf.com.br\/wp-content\/uploads\/2024\/04\/Screenshot_20240421-131457_WhatsApp.jpg","width":720,"height":458},{"@type":"BreadcrumbList","@id":"https:\/\/portalmf.com.br\/index.php\/2024\/04\/21\/a-companhia-do-pagode-desceu-na-boquinha-da-garrafa-em-feira-e-com-parceria-historica-entre-seus-cantores\/#breadcrumb","itemListElement":[{"@type":"ListItem","position":1,"name":"In\u00edcio","item":"https:\/\/portalmf.com.br\/"},{"@type":"ListItem","position":2,"name":"A Companhia do Pagode desceu na Boquinha da Garrafa em Feira; e com parceria hist\u00f3rica entre seus cantores"}]},{"@type":"WebSite","@id":"https:\/\/portalmf.com.br\/#website","url":"https:\/\/portalmf.com.br\/","name":"Portal MF","description":"Voc\u00ea conectado com a informa\u00e7\u00e3o","potentialAction":[{"@type":"SearchAction","target":{"@type":"EntryPoint","urlTemplate":"https:\/\/portalmf.com.br\/?s={search_term_string}"},"query-input":"required name=search_term_string"}],"inLanguage":"pt-BR"},{"@type":"Person","@id":"https:\/\/portalmf.com.br\/#\/schema\/person\/68a086817af0e8624a5fe3aa1d520a09","name":"Erivelton Costa","image":{"@type":"ImageObject","inLanguage":"pt-BR","@id":"https:\/\/portalmf.com.br\/#\/schema\/person\/image\/","url":"https:\/\/secure.gravatar.com\/avatar\/568bc70f6528e14005a2e78a0b61ba2e?s=96&d=mm&r=g","contentUrl":"https:\/\/secure.gravatar.com\/avatar\/568bc70f6528e14005a2e78a0b61ba2e?s=96&d=mm&r=g","caption":"Erivelton Costa"},"description":"Jornalista","sameAs":["https:\/\/portalmf.com.br\/","toncostaa"],"url":"https:\/\/portalmf.com.br\/index.php\/author\/eriveltoncosta\/"}]}},"_links":{"self":[{"href":"https:\/\/portalmf.com.br\/index.php\/wp-json\/wp\/v2\/posts\/25840"}],"collection":[{"href":"https:\/\/portalmf.com.br\/index.php\/wp-json\/wp\/v2\/posts"}],"about":[{"href":"https:\/\/portalmf.com.br\/index.php\/wp-json\/wp\/v2\/types\/post"}],"author":[{"embeddable":true,"href":"https:\/\/portalmf.com.br\/index.php\/wp-json\/wp\/v2\/users\/4"}],"replies":[{"embeddable":true,"href":"https:\/\/portalmf.com.br\/index.php\/wp-json\/wp\/v2\/comments?post=25840"}],"version-history":[{"count":2,"href":"https:\/\/portalmf.com.br\/index.php\/wp-json\/wp\/v2\/posts\/25840\/revisions"}],"predecessor-version":[{"id":25850,"href":"https:\/\/portalmf.com.br\/index.php\/wp-json\/wp\/v2\/posts\/25840\/revisions\/25850"}],"wp:featuredmedia":[{"embeddable":true,"href":"https:\/\/portalmf.com.br\/index.php\/wp-json\/wp\/v2\/media\/25847"}],"wp:attachment":[{"href":"https:\/\/portalmf.com.br\/index.php\/wp-json\/wp\/v2\/media?parent=25840"}],"wp:term":[{"taxonomy":"category","embeddable":true,"href":"https:\/\/portalmf.com.br\/index.php\/wp-json\/wp\/v2\/categories?post=25840"},{"taxonomy":"post_tag","embeddable":true,"href":"https:\/\/portalmf.com.br\/index.php\/wp-json\/wp\/v2\/tags?post=25840"}],"curies":[{"name":"wp","href":"https:\/\/api.w.org\/{rel}","templated":true}]}}