{"id":25831,"date":"2024-04-21T10:50:06","date_gmt":"2024-04-21T13:50:06","guid":{"rendered":"https:\/\/portalmf.com.br\/?p=25831"},"modified":"2024-04-21T11:01:42","modified_gmt":"2024-04-21T14:01:42","slug":"parangole-faz-provavel-ultima-apresentacao-com-tony-na-micareta-de-feira","status":"publish","type":"post","link":"https:\/\/portalmf.com.br\/index.php\/2024\/04\/21\/parangole-faz-provavel-ultima-apresentacao-com-tony-na-micareta-de-feira\/","title":{"rendered":"Parangol\u00e9 faz, prov\u00e1vel, \u00faltima apresenta\u00e7\u00e3o com Tony na Micareta de Feira"},"content":{"rendered":"\n<p>Umas das atra\u00e7\u00f5es mais aguardadas da noite de ontem, 20, da Micareta foi a Banda Parangol\u00e9. Liderada por Tony Sales, \u00e9 sempre um momento especial, para a maior micareta do Brasil, receber a atra\u00e7\u00e3o musical que teve uma das m\u00fasicas mais fortes da \u00faltima edi\u00e7\u00e3o do Carnaval de Salvador, que \u00e9 a can\u00e7\u00e3o &#8216;Perna Bamba&#8217;.<\/p>\n\n\n\n<p>O Parangol\u00e9 fez ontem uma apresenta\u00e7\u00e3o hist\u00f3rica na avenida, tendo em vista que a banda chegou ao n\u00edvel mais alto do que, provavelmente, possa ser seu, at\u00e9 o momento, o \u00faltimo auge; pois Tony revelou ao apresentador Danilo Gentili, que a sua ideia \u00e9 seguir carreira solo em 2025; e, possivelmente, na pr\u00f3xima Folia de Feira um novo vocalista j\u00e1 ir\u00e1 ter assumido o Parango.<\/p>\n\n\n\n<p>A Banda de Pagode sempre agregou Feira aos seus auges e vice-versa. Quem n\u00e3o se lembra da forma\u00e7\u00e3o com Bambam e Nenel na d\u00e9cada de 2000 e, claro, as participa\u00e7\u00f5es memor\u00e1veis de L\u00e9o Santana \u00e0 frente do grupo, vindo a Micareta em todos os anos em que esteve nos vocais desta banda, que Feira sempre abra\u00e7ou.<\/p>\n","protected":false},"excerpt":{"rendered":"<p>Umas das atra\u00e7\u00f5es mais aguardadas da noite de ontem, 20, da Micareta foi a Banda Parangol\u00e9. Liderada por Tony Sales, \u00e9 sempre um momento especial, para a maior micareta do Brasil, receber a atra\u00e7\u00e3o musical que teve uma das m\u00fasicas mais fortes da \u00faltima edi\u00e7\u00e3o do Carnaval de Salvador, que \u00e9 a can\u00e7\u00e3o &#8216;Perna Bamba&#8217;. [&hellip;]<\/p>\n","protected":false},"author":4,"featured_media":25832,"comment_status":"open","ping_status":"open","sticky":true,"template":"","format":"standard","meta":{"_monsterinsights_skip_tracking":false,"_monsterinsights_sitenote_active":false,"_monsterinsights_sitenote_note":"","_monsterinsights_sitenote_category":0,"footnotes":""},"categories":[48,47,39],"tags":[],"yoast_head":"<!-- This site is optimized with the Yoast SEO plugin v22.9 - https:\/\/yoast.com\/wordpress\/plugins\/seo\/ -->\n<title>Parangol\u00e9 faz, prov\u00e1vel, \u00faltima apresenta\u00e7\u00e3o com Tony na Micareta de Feira - Portal MF<\/title>\n<meta name=\"robots\" content=\"index, follow, max-snippet:-1, max-image-preview:large, max-video-preview:-1\" \/>\n<link rel=\"canonical\" href=\"https:\/\/portalmf.com.br\/index.php\/2024\/04\/21\/parangole-faz-provavel-ultima-apresentacao-com-tony-na-micareta-de-feira\/\" \/>\n<meta property=\"og:locale\" content=\"pt_BR\" \/>\n<meta property=\"og:type\" content=\"article\" \/>\n<meta property=\"og:title\" content=\"Parangol\u00e9 faz, prov\u00e1vel, \u00faltima apresenta\u00e7\u00e3o com Tony na Micareta de Feira - Portal MF\" \/>\n<meta property=\"og:description\" content=\"Umas das atra\u00e7\u00f5es mais aguardadas da noite de ontem, 20, da Micareta foi a Banda Parangol\u00e9. Liderada por Tony Sales, \u00e9 sempre um momento especial, para a maior micareta do Brasil, receber a atra\u00e7\u00e3o musical que teve uma das m\u00fasicas mais fortes da \u00faltima edi\u00e7\u00e3o do Carnaval de Salvador, que \u00e9 a can\u00e7\u00e3o &#8216;Perna Bamba&#8217;. [&hellip;]\" \/>\n<meta property=\"og:url\" content=\"https:\/\/portalmf.com.br\/index.php\/2024\/04\/21\/parangole-faz-provavel-ultima-apresentacao-com-tony-na-micareta-de-feira\/\" \/>\n<meta property=\"og:site_name\" content=\"Portal MF\" \/>\n<meta property=\"article:published_time\" content=\"2024-04-21T13:50:06+00:00\" \/>\n<meta property=\"article:modified_time\" content=\"2024-04-21T14:01:42+00:00\" \/>\n<meta property=\"og:image\" content=\"https:\/\/portalmf.com.br\/wp-content\/uploads\/2024\/04\/Screenshot_20240421-104809_WhatsApp.jpg\" \/>\n\t<meta property=\"og:image:width\" content=\"720\" \/>\n\t<meta property=\"og:image:height\" content=\"515\" \/>\n\t<meta property=\"og:image:type\" content=\"image\/jpeg\" \/>\n<meta name=\"author\" content=\"Erivelton Costa\" \/>\n<meta name=\"twitter:card\" content=\"summary_large_image\" \/>\n<meta name=\"twitter:label1\" content=\"Escrito por\" \/>\n\t<meta name=\"twitter:data1\" content=\"Erivelton Costa\" \/>\n\t<meta name=\"twitter:label2\" content=\"Est. tempo de leitura\" \/>\n\t<meta name=\"twitter:data2\" content=\"2 minutos\" \/>\n<script type=\"application\/ld+json\" class=\"yoast-schema-graph\">{\"@context\":\"https:\/\/schema.org\",\"@graph\":[{\"@type\":\"WebPage\",\"@id\":\"https:\/\/portalmf.com.br\/index.php\/2024\/04\/21\/parangole-faz-provavel-ultima-apresentacao-com-tony-na-micareta-de-feira\/\",\"url\":\"https:\/\/portalmf.com.br\/index.php\/2024\/04\/21\/parangole-faz-provavel-ultima-apresentacao-com-tony-na-micareta-de-feira\/\",\"name\":\"Parangol\u00e9 faz, prov\u00e1vel, \u00faltima apresenta\u00e7\u00e3o com Tony na Micareta de Feira - Portal MF\",\"isPartOf\":{\"@id\":\"https:\/\/portalmf.com.br\/#website\"},\"primaryImageOfPage\":{\"@id\":\"https:\/\/portalmf.com.br\/index.php\/2024\/04\/21\/parangole-faz-provavel-ultima-apresentacao-com-tony-na-micareta-de-feira\/#primaryimage\"},\"image\":{\"@id\":\"https:\/\/portalmf.com.br\/index.php\/2024\/04\/21\/parangole-faz-provavel-ultima-apresentacao-com-tony-na-micareta-de-feira\/#primaryimage\"},\"thumbnailUrl\":\"https:\/\/portalmf.com.br\/wp-content\/uploads\/2024\/04\/Screenshot_20240421-104809_WhatsApp.jpg\",\"datePublished\":\"2024-04-21T13:50:06+00:00\",\"dateModified\":\"2024-04-21T14:01:42+00:00\",\"author\":{\"@id\":\"https:\/\/portalmf.com.br\/#\/schema\/person\/68a086817af0e8624a5fe3aa1d520a09\"},\"breadcrumb\":{\"@id\":\"https:\/\/portalmf.com.br\/index.php\/2024\/04\/21\/parangole-faz-provavel-ultima-apresentacao-com-tony-na-micareta-de-feira\/#breadcrumb\"},\"inLanguage\":\"pt-BR\",\"potentialAction\":[{\"@type\":\"ReadAction\",\"target\":[\"https:\/\/portalmf.com.br\/index.php\/2024\/04\/21\/parangole-faz-provavel-ultima-apresentacao-com-tony-na-micareta-de-feira\/\"]}]},{\"@type\":\"ImageObject\",\"inLanguage\":\"pt-BR\",\"@id\":\"https:\/\/portalmf.com.br\/index.php\/2024\/04\/21\/parangole-faz-provavel-ultima-apresentacao-com-tony-na-micareta-de-feira\/#primaryimage\",\"url\":\"https:\/\/portalmf.com.br\/wp-content\/uploads\/2024\/04\/Screenshot_20240421-104809_WhatsApp.jpg\",\"contentUrl\":\"https:\/\/portalmf.com.br\/wp-content\/uploads\/2024\/04\/Screenshot_20240421-104809_WhatsApp.jpg\",\"width\":720,\"height\":515},{\"@type\":\"BreadcrumbList\",\"@id\":\"https:\/\/portalmf.com.br\/index.php\/2024\/04\/21\/parangole-faz-provavel-ultima-apresentacao-com-tony-na-micareta-de-feira\/#breadcrumb\",\"itemListElement\":[{\"@type\":\"ListItem\",\"position\":1,\"name\":\"In\u00edcio\",\"item\":\"https:\/\/portalmf.com.br\/\"},{\"@type\":\"ListItem\",\"position\":2,\"name\":\"Parangol\u00e9 faz, prov\u00e1vel, \u00faltima apresenta\u00e7\u00e3o com Tony na Micareta de Feira\"}]},{\"@type\":\"WebSite\",\"@id\":\"https:\/\/portalmf.com.br\/#website\",\"url\":\"https:\/\/portalmf.com.br\/\",\"name\":\"Portal MF\",\"description\":\"Voc\u00ea conectado com a informa\u00e7\u00e3o\",\"potentialAction\":[{\"@type\":\"SearchAction\",\"target\":{\"@type\":\"EntryPoint\",\"urlTemplate\":\"https:\/\/portalmf.com.br\/?s={search_term_string}\"},\"query-input\":\"required name=search_term_string\"}],\"inLanguage\":\"pt-BR\"},{\"@type\":\"Person\",\"@id\":\"https:\/\/portalmf.com.br\/#\/schema\/person\/68a086817af0e8624a5fe3aa1d520a09\",\"name\":\"Erivelton Costa\",\"image\":{\"@type\":\"ImageObject\",\"inLanguage\":\"pt-BR\",\"@id\":\"https:\/\/portalmf.com.br\/#\/schema\/person\/image\/\",\"url\":\"https:\/\/secure.gravatar.com\/avatar\/568bc70f6528e14005a2e78a0b61ba2e?s=96&d=mm&r=g\",\"contentUrl\":\"https:\/\/secure.gravatar.com\/avatar\/568bc70f6528e14005a2e78a0b61ba2e?s=96&d=mm&r=g\",\"caption\":\"Erivelton Costa\"},\"description\":\"Jornalista\",\"sameAs\":[\"https:\/\/portalmf.com.br\/\",\"toncostaa\"],\"url\":\"https:\/\/portalmf.com.br\/index.php\/author\/eriveltoncosta\/\"}]}<\/script>\n<!-- \/ Yoast SEO plugin. -->","yoast_head_json":{"title":"Parangol\u00e9 faz, prov\u00e1vel, \u00faltima apresenta\u00e7\u00e3o com Tony na Micareta de Feira - Portal MF","robots":{"index":"index","follow":"follow","max-snippet":"max-snippet:-1","max-image-preview":"max-image-preview:large","max-video-preview":"max-video-preview:-1"},"canonical":"https:\/\/portalmf.com.br\/index.php\/2024\/04\/21\/parangole-faz-provavel-ultima-apresentacao-com-tony-na-micareta-de-feira\/","og_locale":"pt_BR","og_type":"article","og_title":"Parangol\u00e9 faz, prov\u00e1vel, \u00faltima apresenta\u00e7\u00e3o com Tony na Micareta de Feira - Portal MF","og_description":"Umas das atra\u00e7\u00f5es mais aguardadas da noite de ontem, 20, da Micareta foi a Banda Parangol\u00e9. Liderada por Tony Sales, \u00e9 sempre um momento especial, para a maior micareta do Brasil, receber a atra\u00e7\u00e3o musical que teve uma das m\u00fasicas mais fortes da \u00faltima edi\u00e7\u00e3o do Carnaval de Salvador, que \u00e9 a can\u00e7\u00e3o &#8216;Perna Bamba&#8217;. [&hellip;]","og_url":"https:\/\/portalmf.com.br\/index.php\/2024\/04\/21\/parangole-faz-provavel-ultima-apresentacao-com-tony-na-micareta-de-feira\/","og_site_name":"Portal MF","article_published_time":"2024-04-21T13:50:06+00:00","article_modified_time":"2024-04-21T14:01:42+00:00","og_image":[{"width":720,"height":515,"url":"https:\/\/portalmf.com.br\/wp-content\/uploads\/2024\/04\/Screenshot_20240421-104809_WhatsApp.jpg","type":"image\/jpeg"}],"author":"Erivelton Costa","twitter_card":"summary_large_image","twitter_misc":{"Escrito por":"Erivelton Costa","Est. tempo de leitura":"2 minutos"},"schema":{"@context":"https:\/\/schema.org","@graph":[{"@type":"WebPage","@id":"https:\/\/portalmf.com.br\/index.php\/2024\/04\/21\/parangole-faz-provavel-ultima-apresentacao-com-tony-na-micareta-de-feira\/","url":"https:\/\/portalmf.com.br\/index.php\/2024\/04\/21\/parangole-faz-provavel-ultima-apresentacao-com-tony-na-micareta-de-feira\/","name":"Parangol\u00e9 faz, prov\u00e1vel, \u00faltima apresenta\u00e7\u00e3o com Tony na Micareta de Feira - Portal MF","isPartOf":{"@id":"https:\/\/portalmf.com.br\/#website"},"primaryImageOfPage":{"@id":"https:\/\/portalmf.com.br\/index.php\/2024\/04\/21\/parangole-faz-provavel-ultima-apresentacao-com-tony-na-micareta-de-feira\/#primaryimage"},"image":{"@id":"https:\/\/portalmf.com.br\/index.php\/2024\/04\/21\/parangole-faz-provavel-ultima-apresentacao-com-tony-na-micareta-de-feira\/#primaryimage"},"thumbnailUrl":"https:\/\/portalmf.com.br\/wp-content\/uploads\/2024\/04\/Screenshot_20240421-104809_WhatsApp.jpg","datePublished":"2024-04-21T13:50:06+00:00","dateModified":"2024-04-21T14:01:42+00:00","author":{"@id":"https:\/\/portalmf.com.br\/#\/schema\/person\/68a086817af0e8624a5fe3aa1d520a09"},"breadcrumb":{"@id":"https:\/\/portalmf.com.br\/index.php\/2024\/04\/21\/parangole-faz-provavel-ultima-apresentacao-com-tony-na-micareta-de-feira\/#breadcrumb"},"inLanguage":"pt-BR","potentialAction":[{"@type":"ReadAction","target":["https:\/\/portalmf.com.br\/index.php\/2024\/04\/21\/parangole-faz-provavel-ultima-apresentacao-com-tony-na-micareta-de-feira\/"]}]},{"@type":"ImageObject","inLanguage":"pt-BR","@id":"https:\/\/portalmf.com.br\/index.php\/2024\/04\/21\/parangole-faz-provavel-ultima-apresentacao-com-tony-na-micareta-de-feira\/#primaryimage","url":"https:\/\/portalmf.com.br\/wp-content\/uploads\/2024\/04\/Screenshot_20240421-104809_WhatsApp.jpg","contentUrl":"https:\/\/portalmf.com.br\/wp-content\/uploads\/2024\/04\/Screenshot_20240421-104809_WhatsApp.jpg","width":720,"height":515},{"@type":"BreadcrumbList","@id":"https:\/\/portalmf.com.br\/index.php\/2024\/04\/21\/parangole-faz-provavel-ultima-apresentacao-com-tony-na-micareta-de-feira\/#breadcrumb","itemListElement":[{"@type":"ListItem","position":1,"name":"In\u00edcio","item":"https:\/\/portalmf.com.br\/"},{"@type":"ListItem","position":2,"name":"Parangol\u00e9 faz, prov\u00e1vel, \u00faltima apresenta\u00e7\u00e3o com Tony na Micareta de Feira"}]},{"@type":"WebSite","@id":"https:\/\/portalmf.com.br\/#website","url":"https:\/\/portalmf.com.br\/","name":"Portal MF","description":"Voc\u00ea conectado com a informa\u00e7\u00e3o","potentialAction":[{"@type":"SearchAction","target":{"@type":"EntryPoint","urlTemplate":"https:\/\/portalmf.com.br\/?s={search_term_string}"},"query-input":"required name=search_term_string"}],"inLanguage":"pt-BR"},{"@type":"Person","@id":"https:\/\/portalmf.com.br\/#\/schema\/person\/68a086817af0e8624a5fe3aa1d520a09","name":"Erivelton Costa","image":{"@type":"ImageObject","inLanguage":"pt-BR","@id":"https:\/\/portalmf.com.br\/#\/schema\/person\/image\/","url":"https:\/\/secure.gravatar.com\/avatar\/568bc70f6528e14005a2e78a0b61ba2e?s=96&d=mm&r=g","contentUrl":"https:\/\/secure.gravatar.com\/avatar\/568bc70f6528e14005a2e78a0b61ba2e?s=96&d=mm&r=g","caption":"Erivelton Costa"},"description":"Jornalista","sameAs":["https:\/\/portalmf.com.br\/","toncostaa"],"url":"https:\/\/portalmf.com.br\/index.php\/author\/eriveltoncosta\/"}]}},"_links":{"self":[{"href":"https:\/\/portalmf.com.br\/index.php\/wp-json\/wp\/v2\/posts\/25831"}],"collection":[{"href":"https:\/\/portalmf.com.br\/index.php\/wp-json\/wp\/v2\/posts"}],"about":[{"href":"https:\/\/portalmf.com.br\/index.php\/wp-json\/wp\/v2\/types\/post"}],"author":[{"embeddable":true,"href":"https:\/\/portalmf.com.br\/index.php\/wp-json\/wp\/v2\/users\/4"}],"replies":[{"embeddable":true,"href":"https:\/\/portalmf.com.br\/index.php\/wp-json\/wp\/v2\/comments?post=25831"}],"version-history":[{"count":1,"href":"https:\/\/portalmf.com.br\/index.php\/wp-json\/wp\/v2\/posts\/25831\/revisions"}],"predecessor-version":[{"id":25833,"href":"https:\/\/portalmf.com.br\/index.php\/wp-json\/wp\/v2\/posts\/25831\/revisions\/25833"}],"wp:featuredmedia":[{"embeddable":true,"href":"https:\/\/portalmf.com.br\/index.php\/wp-json\/wp\/v2\/media\/25832"}],"wp:attachment":[{"href":"https:\/\/portalmf.com.br\/index.php\/wp-json\/wp\/v2\/media?parent=25831"}],"wp:term":[{"taxonomy":"category","embeddable":true,"href":"https:\/\/portalmf.com.br\/index.php\/wp-json\/wp\/v2\/categories?post=25831"},{"taxonomy":"post_tag","embeddable":true,"href":"https:\/\/portalmf.com.br\/index.php\/wp-json\/wp\/v2\/tags?post=25831"}],"curies":[{"name":"wp","href":"https:\/\/api.w.org\/{rel}","templated":true}]}}