{"id":25703,"date":"2024-04-15T08:36:00","date_gmt":"2024-04-15T11:36:00","guid":{"rendered":"https:\/\/portalmf.com.br\/?p=25703"},"modified":"2024-04-15T22:43:27","modified_gmt":"2024-04-16T01:43:27","slug":"ao-lado-de-jeronimo-e-wagner-ze-neto-oficializa-pre-candidatura-a-prefeito-de-feira","status":"publish","type":"post","link":"https:\/\/portalmf.com.br\/index.php\/2024\/04\/15\/ao-lado-de-jeronimo-e-wagner-ze-neto-oficializa-pre-candidatura-a-prefeito-de-feira\/","title":{"rendered":"Ao lado de Jer\u00f4nimo e Wagner, Z\u00e9 Neto oficializa pr\u00e9-candidatura a prefeito de Feira"},"content":{"rendered":"\n<p>Defendendo a uni\u00e3o para a cidade ser do tamanho que ela merece, o deputado federal Z\u00e9 Neto (PT) teve sua pr\u00e9-candidatura a prefeito de Feira de Santana lan\u00e7ada na manh\u00e3 deste domingo (14).<\/p>\n\n\n\n<figure class=\"wp-block-image size-large\"><img fetchpriority=\"high\" decoding=\"async\" width=\"1024\" height=\"683\" src=\"https:\/\/portalmf.com.br\/wp-content\/uploads\/2024\/04\/Ao-lado-de-Jeronimo-e-Wagner-Ze-Neto-oficializa-pre-candidatura-a-prefeito-de-Feira-3-1024x683.jpeg\" alt=\"\" class=\"wp-image-25705\" srcset=\"https:\/\/portalmf.com.br\/wp-content\/uploads\/2024\/04\/Ao-lado-de-Jeronimo-e-Wagner-Ze-Neto-oficializa-pre-candidatura-a-prefeito-de-Feira-3-1024x683.jpeg 1024w, https:\/\/portalmf.com.br\/wp-content\/uploads\/2024\/04\/Ao-lado-de-Jeronimo-e-Wagner-Ze-Neto-oficializa-pre-candidatura-a-prefeito-de-Feira-3-300x200.jpeg 300w, https:\/\/portalmf.com.br\/wp-content\/uploads\/2024\/04\/Ao-lado-de-Jeronimo-e-Wagner-Ze-Neto-oficializa-pre-candidatura-a-prefeito-de-Feira-3-768x512.jpeg 768w, https:\/\/portalmf.com.br\/wp-content\/uploads\/2024\/04\/Ao-lado-de-Jeronimo-e-Wagner-Ze-Neto-oficializa-pre-candidatura-a-prefeito-de-Feira-3-696x464.jpeg 696w, https:\/\/portalmf.com.br\/wp-content\/uploads\/2024\/04\/Ao-lado-de-Jeronimo-e-Wagner-Ze-Neto-oficializa-pre-candidatura-a-prefeito-de-Feira-3-1068x713.jpeg 1068w, https:\/\/portalmf.com.br\/wp-content\/uploads\/2024\/04\/Ao-lado-de-Jeronimo-e-Wagner-Ze-Neto-oficializa-pre-candidatura-a-prefeito-de-Feira-3.jpeg 1280w\" sizes=\"(max-width: 1024px) 100vw, 1024px\" \/><figcaption class=\"wp-element-caption\"><strong>Fotos: Ulisses Dumas<\/strong><\/figcaption><\/figure>\n\n\n\n<p>Com a presen\u00e7a do governador Jer\u00f4nimo Rodrigues, do senador Jaques Wagner e diante de mais de seis mil pessoas, entre elas, lideran\u00e7as de nove partidos aliados (PT, PCdoB, PV, PP, Avante, Podemos, PSB, PSD e MDB) que lotaram a casa de eventos Prime Music, Z\u00e9 Neto afirmou que \u201cagora \u00e9 outra hist\u00f3ria\u201d, referindo-se ao sentimento de mudan\u00e7a.<\/p>\n\n\n\n<figure class=\"wp-block-image size-large\"><img decoding=\"async\" width=\"1024\" height=\"755\" src=\"https:\/\/portalmf.com.br\/wp-content\/uploads\/2024\/04\/Ao-lado-de-Jeronimo-e-Wagner-Ze-Neto-oficializa-pre-candidatura-a-prefeito-de-Feira-2-1024x755.jpeg\" alt=\"\" class=\"wp-image-25704\" srcset=\"https:\/\/portalmf.com.br\/wp-content\/uploads\/2024\/04\/Ao-lado-de-Jeronimo-e-Wagner-Ze-Neto-oficializa-pre-candidatura-a-prefeito-de-Feira-2-1024x755.jpeg 1024w, https:\/\/portalmf.com.br\/wp-content\/uploads\/2024\/04\/Ao-lado-de-Jeronimo-e-Wagner-Ze-Neto-oficializa-pre-candidatura-a-prefeito-de-Feira-2-300x221.jpeg 300w, https:\/\/portalmf.com.br\/wp-content\/uploads\/2024\/04\/Ao-lado-de-Jeronimo-e-Wagner-Ze-Neto-oficializa-pre-candidatura-a-prefeito-de-Feira-2-768x566.jpeg 768w, https:\/\/portalmf.com.br\/wp-content\/uploads\/2024\/04\/Ao-lado-de-Jeronimo-e-Wagner-Ze-Neto-oficializa-pre-candidatura-a-prefeito-de-Feira-2-696x513.jpeg 696w, https:\/\/portalmf.com.br\/wp-content\/uploads\/2024\/04\/Ao-lado-de-Jeronimo-e-Wagner-Ze-Neto-oficializa-pre-candidatura-a-prefeito-de-Feira-2-1068x787.jpeg 1068w, https:\/\/portalmf.com.br\/wp-content\/uploads\/2024\/04\/Ao-lado-de-Jeronimo-e-Wagner-Ze-Neto-oficializa-pre-candidatura-a-prefeito-de-Feira-2.jpeg 1160w\" sizes=\"(max-width: 1024px) 100vw, 1024px\" \/><figcaption class=\"wp-element-caption\"><strong>Fotos: Ulisses Dumas<\/strong><\/figcaption><\/figure>\n\n\n\n<p><em>\u201cN\u00e3o \u00e9 apenas uma cabe\u00e7a que vai governar Feira, \u00e9 essa unidade formada por nove partidos liderados pelo nosso governador Jer\u00f4nimo e com apoio decisivo do nosso presidente Lula. E hoje, vimos isso aqui expressado pelos segmentos comercial e empresarial, movimentos sociais, enfim, a sociedade como um todo. Essa uni\u00e3o por Feira, determina\u00e7\u00e3o, compet\u00eancia, energia boa e, principalmente, amor por nossa terra, \u00e9 o que nos motiva a seguir na luta para ver nossa Princesa do Sert\u00e3o feliz, do tamanho que ela merece e chegar muito mais distante do que se imaginava. A hist\u00f3ria agora \u00e9 outra e j\u00e1 est\u00e1 sendo constru\u00edda por nossa gente\u201d,<\/em> reiterou.<\/p>\n\n\n\n<p>HIST\u00d3RICO<\/p>\n\n\n\n<p>Z\u00e9 Neto \u00e9 feirense, tem 60 anos, \u00e9 casado e pai de duas filhas (Maria e Luiza) com sua esposa Naiana. Advogado formado em Direito pela pela Universidade Federal da Bahia (UFBA), foi o vereador mais votado da hist\u00f3ria do Partido dos Trabalhadores (PT), em Feira. Deputado estadual por quatro vezes, atualmente exerce seu segundo mandato como deputado federal, sendo o mais votado da sigla com 128.439 mil votos.<\/p>\n","protected":false},"excerpt":{"rendered":"<p>Defendendo a uni\u00e3o para a cidade ser do tamanho que ela merece, o deputado federal Z\u00e9 Neto (PT) teve sua pr\u00e9-candidatura a prefeito de Feira de Santana lan\u00e7ada na manh\u00e3 deste domingo (14). Com a presen\u00e7a do governador Jer\u00f4nimo Rodrigues, do senador Jaques Wagner e diante de mais de seis mil pessoas, entre elas, lideran\u00e7as [&hellip;]<\/p>\n","protected":false},"author":3,"featured_media":25706,"comment_status":"open","ping_status":"open","sticky":false,"template":"","format":"standard","meta":{"_monsterinsights_skip_tracking":false,"_monsterinsights_sitenote_active":false,"_monsterinsights_sitenote_note":"","_monsterinsights_sitenote_category":0,"footnotes":""},"categories":[301,34],"tags":[],"yoast_head":"<!-- This site is optimized with the Yoast SEO plugin v22.9 - https:\/\/yoast.com\/wordpress\/plugins\/seo\/ -->\n<title>Ao lado de Jer\u00f4nimo e Wagner, Z\u00e9 Neto oficializa pr\u00e9-candidatura a prefeito de Feira - Portal MF<\/title>\n<meta name=\"robots\" content=\"index, follow, max-snippet:-1, max-image-preview:large, max-video-preview:-1\" \/>\n<link rel=\"canonical\" href=\"https:\/\/portalmf.com.br\/index.php\/2024\/04\/15\/ao-lado-de-jeronimo-e-wagner-ze-neto-oficializa-pre-candidatura-a-prefeito-de-feira\/\" \/>\n<meta property=\"og:locale\" content=\"pt_BR\" \/>\n<meta property=\"og:type\" content=\"article\" \/>\n<meta property=\"og:title\" content=\"Ao lado de Jer\u00f4nimo e Wagner, Z\u00e9 Neto oficializa pr\u00e9-candidatura a prefeito de Feira - Portal MF\" \/>\n<meta property=\"og:description\" content=\"Defendendo a uni\u00e3o para a cidade ser do tamanho que ela merece, o deputado federal Z\u00e9 Neto (PT) teve sua pr\u00e9-candidatura a prefeito de Feira de Santana lan\u00e7ada na manh\u00e3 deste domingo (14). Com a presen\u00e7a do governador Jer\u00f4nimo Rodrigues, do senador Jaques Wagner e diante de mais de seis mil pessoas, entre elas, lideran\u00e7as [&hellip;]\" \/>\n<meta property=\"og:url\" content=\"https:\/\/portalmf.com.br\/index.php\/2024\/04\/15\/ao-lado-de-jeronimo-e-wagner-ze-neto-oficializa-pre-candidatura-a-prefeito-de-feira\/\" \/>\n<meta property=\"og:site_name\" content=\"Portal MF\" \/>\n<meta property=\"article:author\" content=\"https:\/\/www.facebook.com\/portalmfoficial\" \/>\n<meta property=\"article:published_time\" content=\"2024-04-15T11:36:00+00:00\" \/>\n<meta property=\"article:modified_time\" content=\"2024-04-16T01:43:27+00:00\" \/>\n<meta property=\"og:image\" content=\"https:\/\/portalmf.com.br\/wp-content\/uploads\/2024\/04\/Ao-lado-de-Jeronimo-e-Wagner-Ze-Neto-oficializa-pre-candidatura-a-prefeito-de-Feira-1.jpeg\" \/>\n\t<meta property=\"og:image:width\" content=\"1280\" \/>\n\t<meta property=\"og:image:height\" content=\"853\" \/>\n\t<meta property=\"og:image:type\" content=\"image\/jpeg\" \/>\n<meta name=\"author\" content=\"Reda\u00e7\u00e3o Portal MF\" \/>\n<meta name=\"twitter:card\" content=\"summary_large_image\" \/>\n<meta name=\"twitter:creator\" content=\"@https:\/\/x.com\/portalmfoficial\" \/>\n<meta name=\"twitter:label1\" content=\"Escrito por\" \/>\n\t<meta name=\"twitter:data1\" content=\"Reda\u00e7\u00e3o Portal MF\" \/>\n\t<meta name=\"twitter:label2\" content=\"Est. tempo de leitura\" \/>\n\t<meta name=\"twitter:data2\" content=\"3 minutos\" \/>\n<script type=\"application\/ld+json\" class=\"yoast-schema-graph\">{\"@context\":\"https:\/\/schema.org\",\"@graph\":[{\"@type\":\"WebPage\",\"@id\":\"https:\/\/portalmf.com.br\/index.php\/2024\/04\/15\/ao-lado-de-jeronimo-e-wagner-ze-neto-oficializa-pre-candidatura-a-prefeito-de-feira\/\",\"url\":\"https:\/\/portalmf.com.br\/index.php\/2024\/04\/15\/ao-lado-de-jeronimo-e-wagner-ze-neto-oficializa-pre-candidatura-a-prefeito-de-feira\/\",\"name\":\"Ao lado de Jer\u00f4nimo e Wagner, Z\u00e9 Neto oficializa pr\u00e9-candidatura a prefeito de Feira - Portal MF\",\"isPartOf\":{\"@id\":\"https:\/\/portalmf.com.br\/#website\"},\"primaryImageOfPage\":{\"@id\":\"https:\/\/portalmf.com.br\/index.php\/2024\/04\/15\/ao-lado-de-jeronimo-e-wagner-ze-neto-oficializa-pre-candidatura-a-prefeito-de-feira\/#primaryimage\"},\"image\":{\"@id\":\"https:\/\/portalmf.com.br\/index.php\/2024\/04\/15\/ao-lado-de-jeronimo-e-wagner-ze-neto-oficializa-pre-candidatura-a-prefeito-de-feira\/#primaryimage\"},\"thumbnailUrl\":\"https:\/\/portalmf.com.br\/wp-content\/uploads\/2024\/04\/Ao-lado-de-Jeronimo-e-Wagner-Ze-Neto-oficializa-pre-candidatura-a-prefeito-de-Feira-1.jpeg\",\"datePublished\":\"2024-04-15T11:36:00+00:00\",\"dateModified\":\"2024-04-16T01:43:27+00:00\",\"author\":{\"@id\":\"https:\/\/portalmf.com.br\/#\/schema\/person\/9ec101baf56233e53520c26de5d6f6f0\"},\"breadcrumb\":{\"@id\":\"https:\/\/portalmf.com.br\/index.php\/2024\/04\/15\/ao-lado-de-jeronimo-e-wagner-ze-neto-oficializa-pre-candidatura-a-prefeito-de-feira\/#breadcrumb\"},\"inLanguage\":\"pt-BR\",\"potentialAction\":[{\"@type\":\"ReadAction\",\"target\":[\"https:\/\/portalmf.com.br\/index.php\/2024\/04\/15\/ao-lado-de-jeronimo-e-wagner-ze-neto-oficializa-pre-candidatura-a-prefeito-de-feira\/\"]}]},{\"@type\":\"ImageObject\",\"inLanguage\":\"pt-BR\",\"@id\":\"https:\/\/portalmf.com.br\/index.php\/2024\/04\/15\/ao-lado-de-jeronimo-e-wagner-ze-neto-oficializa-pre-candidatura-a-prefeito-de-feira\/#primaryimage\",\"url\":\"https:\/\/portalmf.com.br\/wp-content\/uploads\/2024\/04\/Ao-lado-de-Jeronimo-e-Wagner-Ze-Neto-oficializa-pre-candidatura-a-prefeito-de-Feira-1.jpeg\",\"contentUrl\":\"https:\/\/portalmf.com.br\/wp-content\/uploads\/2024\/04\/Ao-lado-de-Jeronimo-e-Wagner-Ze-Neto-oficializa-pre-candidatura-a-prefeito-de-Feira-1.jpeg\",\"width\":1280,\"height\":853},{\"@type\":\"BreadcrumbList\",\"@id\":\"https:\/\/portalmf.com.br\/index.php\/2024\/04\/15\/ao-lado-de-jeronimo-e-wagner-ze-neto-oficializa-pre-candidatura-a-prefeito-de-feira\/#breadcrumb\",\"itemListElement\":[{\"@type\":\"ListItem\",\"position\":1,\"name\":\"In\u00edcio\",\"item\":\"https:\/\/portalmf.com.br\/\"},{\"@type\":\"ListItem\",\"position\":2,\"name\":\"Ao lado de Jer\u00f4nimo e Wagner, Z\u00e9 Neto oficializa pr\u00e9-candidatura a prefeito de Feira\"}]},{\"@type\":\"WebSite\",\"@id\":\"https:\/\/portalmf.com.br\/#website\",\"url\":\"https:\/\/portalmf.com.br\/\",\"name\":\"Portal MF\",\"description\":\"Voc\u00ea conectado com a informa\u00e7\u00e3o\",\"potentialAction\":[{\"@type\":\"SearchAction\",\"target\":{\"@type\":\"EntryPoint\",\"urlTemplate\":\"https:\/\/portalmf.com.br\/?s={search_term_string}\"},\"query-input\":\"required name=search_term_string\"}],\"inLanguage\":\"pt-BR\"},{\"@type\":\"Person\",\"@id\":\"https:\/\/portalmf.com.br\/#\/schema\/person\/9ec101baf56233e53520c26de5d6f6f0\",\"name\":\"Reda\u00e7\u00e3o Portal MF\",\"image\":{\"@type\":\"ImageObject\",\"inLanguage\":\"pt-BR\",\"@id\":\"https:\/\/portalmf.com.br\/#\/schema\/person\/image\/\",\"url\":\"https:\/\/secure.gravatar.com\/avatar\/41b9aaeb2100835f7c64362330f74c7f?s=96&d=mm&r=g\",\"contentUrl\":\"https:\/\/secure.gravatar.com\/avatar\/41b9aaeb2100835f7c64362330f74c7f?s=96&d=mm&r=g\",\"caption\":\"Reda\u00e7\u00e3o Portal MF\"},\"description\":\"Sejam bem-vindos o portal de informa\u00e7\u00f5es de entretenimento de Feira de Santana, desde 2006 realiza coberturas dos principais eventos com entrevistas exclusivas com as principais personalidades mundiais. Fique conectado tamb\u00e9m nas redes sociais.\",\"sameAs\":[\"http:\/\/www.portalmf.com.br\/\",\"https:\/\/www.facebook.com\/portalmfoficial\",\"https:\/\/www.instagram.com\/portalmf\/\",\"https:\/\/x.com\/https:\/\/x.com\/portalmfoficial\",\"https:\/\/www.youtube.com\/@portalmfoficial\"],\"url\":\"https:\/\/portalmf.com.br\/index.php\/author\/junior\/\"}]}<\/script>\n<!-- \/ Yoast SEO plugin. -->","yoast_head_json":{"title":"Ao lado de Jer\u00f4nimo e Wagner, Z\u00e9 Neto oficializa pr\u00e9-candidatura a prefeito de Feira - Portal MF","robots":{"index":"index","follow":"follow","max-snippet":"max-snippet:-1","max-image-preview":"max-image-preview:large","max-video-preview":"max-video-preview:-1"},"canonical":"https:\/\/portalmf.com.br\/index.php\/2024\/04\/15\/ao-lado-de-jeronimo-e-wagner-ze-neto-oficializa-pre-candidatura-a-prefeito-de-feira\/","og_locale":"pt_BR","og_type":"article","og_title":"Ao lado de Jer\u00f4nimo e Wagner, Z\u00e9 Neto oficializa pr\u00e9-candidatura a prefeito de Feira - Portal MF","og_description":"Defendendo a uni\u00e3o para a cidade ser do tamanho que ela merece, o deputado federal Z\u00e9 Neto (PT) teve sua pr\u00e9-candidatura a prefeito de Feira de Santana lan\u00e7ada na manh\u00e3 deste domingo (14). Com a presen\u00e7a do governador Jer\u00f4nimo Rodrigues, do senador Jaques Wagner e diante de mais de seis mil pessoas, entre elas, lideran\u00e7as [&hellip;]","og_url":"https:\/\/portalmf.com.br\/index.php\/2024\/04\/15\/ao-lado-de-jeronimo-e-wagner-ze-neto-oficializa-pre-candidatura-a-prefeito-de-feira\/","og_site_name":"Portal MF","article_author":"https:\/\/www.facebook.com\/portalmfoficial","article_published_time":"2024-04-15T11:36:00+00:00","article_modified_time":"2024-04-16T01:43:27+00:00","og_image":[{"width":1280,"height":853,"url":"https:\/\/portalmf.com.br\/wp-content\/uploads\/2024\/04\/Ao-lado-de-Jeronimo-e-Wagner-Ze-Neto-oficializa-pre-candidatura-a-prefeito-de-Feira-1.jpeg","type":"image\/jpeg"}],"author":"Reda\u00e7\u00e3o Portal MF","twitter_card":"summary_large_image","twitter_creator":"@https:\/\/x.com\/portalmfoficial","twitter_misc":{"Escrito por":"Reda\u00e7\u00e3o Portal MF","Est. tempo de leitura":"3 minutos"},"schema":{"@context":"https:\/\/schema.org","@graph":[{"@type":"WebPage","@id":"https:\/\/portalmf.com.br\/index.php\/2024\/04\/15\/ao-lado-de-jeronimo-e-wagner-ze-neto-oficializa-pre-candidatura-a-prefeito-de-feira\/","url":"https:\/\/portalmf.com.br\/index.php\/2024\/04\/15\/ao-lado-de-jeronimo-e-wagner-ze-neto-oficializa-pre-candidatura-a-prefeito-de-feira\/","name":"Ao lado de Jer\u00f4nimo e Wagner, Z\u00e9 Neto oficializa pr\u00e9-candidatura a prefeito de Feira - Portal MF","isPartOf":{"@id":"https:\/\/portalmf.com.br\/#website"},"primaryImageOfPage":{"@id":"https:\/\/portalmf.com.br\/index.php\/2024\/04\/15\/ao-lado-de-jeronimo-e-wagner-ze-neto-oficializa-pre-candidatura-a-prefeito-de-feira\/#primaryimage"},"image":{"@id":"https:\/\/portalmf.com.br\/index.php\/2024\/04\/15\/ao-lado-de-jeronimo-e-wagner-ze-neto-oficializa-pre-candidatura-a-prefeito-de-feira\/#primaryimage"},"thumbnailUrl":"https:\/\/portalmf.com.br\/wp-content\/uploads\/2024\/04\/Ao-lado-de-Jeronimo-e-Wagner-Ze-Neto-oficializa-pre-candidatura-a-prefeito-de-Feira-1.jpeg","datePublished":"2024-04-15T11:36:00+00:00","dateModified":"2024-04-16T01:43:27+00:00","author":{"@id":"https:\/\/portalmf.com.br\/#\/schema\/person\/9ec101baf56233e53520c26de5d6f6f0"},"breadcrumb":{"@id":"https:\/\/portalmf.com.br\/index.php\/2024\/04\/15\/ao-lado-de-jeronimo-e-wagner-ze-neto-oficializa-pre-candidatura-a-prefeito-de-feira\/#breadcrumb"},"inLanguage":"pt-BR","potentialAction":[{"@type":"ReadAction","target":["https:\/\/portalmf.com.br\/index.php\/2024\/04\/15\/ao-lado-de-jeronimo-e-wagner-ze-neto-oficializa-pre-candidatura-a-prefeito-de-feira\/"]}]},{"@type":"ImageObject","inLanguage":"pt-BR","@id":"https:\/\/portalmf.com.br\/index.php\/2024\/04\/15\/ao-lado-de-jeronimo-e-wagner-ze-neto-oficializa-pre-candidatura-a-prefeito-de-feira\/#primaryimage","url":"https:\/\/portalmf.com.br\/wp-content\/uploads\/2024\/04\/Ao-lado-de-Jeronimo-e-Wagner-Ze-Neto-oficializa-pre-candidatura-a-prefeito-de-Feira-1.jpeg","contentUrl":"https:\/\/portalmf.com.br\/wp-content\/uploads\/2024\/04\/Ao-lado-de-Jeronimo-e-Wagner-Ze-Neto-oficializa-pre-candidatura-a-prefeito-de-Feira-1.jpeg","width":1280,"height":853},{"@type":"BreadcrumbList","@id":"https:\/\/portalmf.com.br\/index.php\/2024\/04\/15\/ao-lado-de-jeronimo-e-wagner-ze-neto-oficializa-pre-candidatura-a-prefeito-de-feira\/#breadcrumb","itemListElement":[{"@type":"ListItem","position":1,"name":"In\u00edcio","item":"https:\/\/portalmf.com.br\/"},{"@type":"ListItem","position":2,"name":"Ao lado de Jer\u00f4nimo e Wagner, Z\u00e9 Neto oficializa pr\u00e9-candidatura a prefeito de Feira"}]},{"@type":"WebSite","@id":"https:\/\/portalmf.com.br\/#website","url":"https:\/\/portalmf.com.br\/","name":"Portal MF","description":"Voc\u00ea conectado com a informa\u00e7\u00e3o","potentialAction":[{"@type":"SearchAction","target":{"@type":"EntryPoint","urlTemplate":"https:\/\/portalmf.com.br\/?s={search_term_string}"},"query-input":"required name=search_term_string"}],"inLanguage":"pt-BR"},{"@type":"Person","@id":"https:\/\/portalmf.com.br\/#\/schema\/person\/9ec101baf56233e53520c26de5d6f6f0","name":"Reda\u00e7\u00e3o Portal MF","image":{"@type":"ImageObject","inLanguage":"pt-BR","@id":"https:\/\/portalmf.com.br\/#\/schema\/person\/image\/","url":"https:\/\/secure.gravatar.com\/avatar\/41b9aaeb2100835f7c64362330f74c7f?s=96&d=mm&r=g","contentUrl":"https:\/\/secure.gravatar.com\/avatar\/41b9aaeb2100835f7c64362330f74c7f?s=96&d=mm&r=g","caption":"Reda\u00e7\u00e3o Portal MF"},"description":"Sejam bem-vindos o portal de informa\u00e7\u00f5es de entretenimento de Feira de Santana, desde 2006 realiza coberturas dos principais eventos com entrevistas exclusivas com as principais personalidades mundiais. Fique conectado tamb\u00e9m nas redes sociais.","sameAs":["http:\/\/www.portalmf.com.br\/","https:\/\/www.facebook.com\/portalmfoficial","https:\/\/www.instagram.com\/portalmf\/","https:\/\/x.com\/https:\/\/x.com\/portalmfoficial","https:\/\/www.youtube.com\/@portalmfoficial"],"url":"https:\/\/portalmf.com.br\/index.php\/author\/junior\/"}]}},"_links":{"self":[{"href":"https:\/\/portalmf.com.br\/index.php\/wp-json\/wp\/v2\/posts\/25703"}],"collection":[{"href":"https:\/\/portalmf.com.br\/index.php\/wp-json\/wp\/v2\/posts"}],"about":[{"href":"https:\/\/portalmf.com.br\/index.php\/wp-json\/wp\/v2\/types\/post"}],"author":[{"embeddable":true,"href":"https:\/\/portalmf.com.br\/index.php\/wp-json\/wp\/v2\/users\/3"}],"replies":[{"embeddable":true,"href":"https:\/\/portalmf.com.br\/index.php\/wp-json\/wp\/v2\/comments?post=25703"}],"version-history":[{"count":1,"href":"https:\/\/portalmf.com.br\/index.php\/wp-json\/wp\/v2\/posts\/25703\/revisions"}],"predecessor-version":[{"id":25707,"href":"https:\/\/portalmf.com.br\/index.php\/wp-json\/wp\/v2\/posts\/25703\/revisions\/25707"}],"wp:featuredmedia":[{"embeddable":true,"href":"https:\/\/portalmf.com.br\/index.php\/wp-json\/wp\/v2\/media\/25706"}],"wp:attachment":[{"href":"https:\/\/portalmf.com.br\/index.php\/wp-json\/wp\/v2\/media?parent=25703"}],"wp:term":[{"taxonomy":"category","embeddable":true,"href":"https:\/\/portalmf.com.br\/index.php\/wp-json\/wp\/v2\/categories?post=25703"},{"taxonomy":"post_tag","embeddable":true,"href":"https:\/\/portalmf.com.br\/index.php\/wp-json\/wp\/v2\/tags?post=25703"}],"curies":[{"name":"wp","href":"https:\/\/api.w.org\/{rel}","templated":true}]}}