{"id":25696,"date":"2024-04-15T16:58:51","date_gmt":"2024-04-15T19:58:51","guid":{"rendered":"https:\/\/portalmf.com.br\/?p=25696"},"modified":"2024-04-15T16:58:52","modified_gmt":"2024-04-15T19:58:52","slug":"josivaldo-santana-e-a-grande-revelacao-da-politica-feirense","status":"publish","type":"post","link":"https:\/\/portalmf.com.br\/index.php\/2024\/04\/15\/josivaldo-santana-e-a-grande-revelacao-da-politica-feirense\/","title":{"rendered":"Josivaldo Santana \u00e9 a grande revela\u00e7\u00e3o da pol\u00edtica feirense"},"content":{"rendered":"\n<p>Em tempos em que os jovens v\u00eam se interessando cada vez mais por essa \u00e1rea, nada mais justo de que sejam eles os que fazem a pol\u00edtica. \u00c9 com esse incentivo que Josivaldo Santana, pr\u00e9-candidato a vereador em Feira de Santana, vem se mostrando como a grande jovem revela\u00e7\u00e3o da pol\u00edtica feirense. Josivaldo tem se destacado no cen\u00e1rio pol\u00edtico da cidade e tem grandes chances de lograr \u00eaxito na elei\u00e7\u00e3o de outubro.<\/p>\n\n\n\n<p>O pr\u00e9-candidato est\u00e1 filiado ao Uni\u00e3o Brasil (UB) e, nos bastidores da pol\u00edtica da cidade, est\u00e1 com bastante aceita\u00e7\u00e3o. Josivaldo tem muita desenvoltura, \u00e9 bem relacionado, tem como qualidade a sua forte lideran\u00e7a e tem acesso a todas as camadas da sociedade feirense, al\u00e9m de ter uma vontade inabal\u00e1vel de ajudar aqueles que mais precisam. Por esse motivo, deseja chegar a representar a cidade de Feira de Santana no Legislativo feirense.<\/p>\n","protected":false},"excerpt":{"rendered":"<p>Em tempos em que os jovens v\u00eam se interessando cada vez mais por essa \u00e1rea, nada mais justo de que sejam eles os que fazem a pol\u00edtica. \u00c9 com esse incentivo que Josivaldo Santana, pr\u00e9-candidato a vereador em Feira de Santana, vem se mostrando como a grande jovem revela\u00e7\u00e3o da pol\u00edtica feirense. Josivaldo tem se [&hellip;]<\/p>\n","protected":false},"author":3,"featured_media":25243,"comment_status":"open","ping_status":"open","sticky":false,"template":"","format":"standard","meta":{"_monsterinsights_skip_tracking":false,"_monsterinsights_sitenote_active":false,"_monsterinsights_sitenote_note":"","_monsterinsights_sitenote_category":0,"footnotes":""},"categories":[301,34],"tags":[],"yoast_head":"<!-- This site is optimized with the Yoast SEO plugin v22.9 - https:\/\/yoast.com\/wordpress\/plugins\/seo\/ -->\n<title>Josivaldo Santana \u00e9 a grande revela\u00e7\u00e3o da pol\u00edtica feirense - Portal MF<\/title>\n<meta name=\"robots\" content=\"index, follow, max-snippet:-1, max-image-preview:large, max-video-preview:-1\" \/>\n<link rel=\"canonical\" href=\"https:\/\/portalmf.com.br\/index.php\/2024\/04\/15\/josivaldo-santana-e-a-grande-revelacao-da-politica-feirense\/\" \/>\n<meta property=\"og:locale\" content=\"pt_BR\" \/>\n<meta property=\"og:type\" content=\"article\" \/>\n<meta property=\"og:title\" content=\"Josivaldo Santana \u00e9 a grande revela\u00e7\u00e3o da pol\u00edtica feirense - Portal MF\" \/>\n<meta property=\"og:description\" content=\"Em tempos em que os jovens v\u00eam se interessando cada vez mais por essa \u00e1rea, nada mais justo de que sejam eles os que fazem a pol\u00edtica. \u00c9 com esse incentivo que Josivaldo Santana, pr\u00e9-candidato a vereador em Feira de Santana, vem se mostrando como a grande jovem revela\u00e7\u00e3o da pol\u00edtica feirense. Josivaldo tem se [&hellip;]\" \/>\n<meta property=\"og:url\" content=\"https:\/\/portalmf.com.br\/index.php\/2024\/04\/15\/josivaldo-santana-e-a-grande-revelacao-da-politica-feirense\/\" \/>\n<meta property=\"og:site_name\" content=\"Portal MF\" \/>\n<meta property=\"article:author\" content=\"https:\/\/www.facebook.com\/portalmfoficial\" \/>\n<meta property=\"article:published_time\" content=\"2024-04-15T19:58:51+00:00\" \/>\n<meta property=\"article:modified_time\" content=\"2024-04-15T19:58:52+00:00\" \/>\n<meta property=\"og:image\" content=\"https:\/\/portalmf.com.br\/wp-content\/uploads\/2024\/03\/Josivaldo-Santana-e-Jose-Ronaldo-3.jpg\" \/>\n\t<meta property=\"og:image:width\" content=\"800\" \/>\n\t<meta property=\"og:image:height\" content=\"533\" \/>\n\t<meta property=\"og:image:type\" content=\"image\/jpeg\" \/>\n<meta name=\"author\" content=\"Reda\u00e7\u00e3o Portal MF\" \/>\n<meta name=\"twitter:card\" content=\"summary_large_image\" \/>\n<meta name=\"twitter:creator\" content=\"@https:\/\/x.com\/portalmfoficial\" \/>\n<meta name=\"twitter:label1\" content=\"Escrito por\" \/>\n\t<meta name=\"twitter:data1\" content=\"Reda\u00e7\u00e3o Portal MF\" \/>\n\t<meta name=\"twitter:label2\" content=\"Est. tempo de leitura\" \/>\n\t<meta name=\"twitter:data2\" content=\"1 minuto\" \/>\n<script type=\"application\/ld+json\" class=\"yoast-schema-graph\">{\"@context\":\"https:\/\/schema.org\",\"@graph\":[{\"@type\":\"WebPage\",\"@id\":\"https:\/\/portalmf.com.br\/index.php\/2024\/04\/15\/josivaldo-santana-e-a-grande-revelacao-da-politica-feirense\/\",\"url\":\"https:\/\/portalmf.com.br\/index.php\/2024\/04\/15\/josivaldo-santana-e-a-grande-revelacao-da-politica-feirense\/\",\"name\":\"Josivaldo Santana \u00e9 a grande revela\u00e7\u00e3o da pol\u00edtica feirense - Portal MF\",\"isPartOf\":{\"@id\":\"https:\/\/portalmf.com.br\/#website\"},\"primaryImageOfPage\":{\"@id\":\"https:\/\/portalmf.com.br\/index.php\/2024\/04\/15\/josivaldo-santana-e-a-grande-revelacao-da-politica-feirense\/#primaryimage\"},\"image\":{\"@id\":\"https:\/\/portalmf.com.br\/index.php\/2024\/04\/15\/josivaldo-santana-e-a-grande-revelacao-da-politica-feirense\/#primaryimage\"},\"thumbnailUrl\":\"https:\/\/portalmf.com.br\/wp-content\/uploads\/2024\/03\/Josivaldo-Santana-e-Jose-Ronaldo-3.jpg\",\"datePublished\":\"2024-04-15T19:58:51+00:00\",\"dateModified\":\"2024-04-15T19:58:52+00:00\",\"author\":{\"@id\":\"https:\/\/portalmf.com.br\/#\/schema\/person\/9ec101baf56233e53520c26de5d6f6f0\"},\"breadcrumb\":{\"@id\":\"https:\/\/portalmf.com.br\/index.php\/2024\/04\/15\/josivaldo-santana-e-a-grande-revelacao-da-politica-feirense\/#breadcrumb\"},\"inLanguage\":\"pt-BR\",\"potentialAction\":[{\"@type\":\"ReadAction\",\"target\":[\"https:\/\/portalmf.com.br\/index.php\/2024\/04\/15\/josivaldo-santana-e-a-grande-revelacao-da-politica-feirense\/\"]}]},{\"@type\":\"ImageObject\",\"inLanguage\":\"pt-BR\",\"@id\":\"https:\/\/portalmf.com.br\/index.php\/2024\/04\/15\/josivaldo-santana-e-a-grande-revelacao-da-politica-feirense\/#primaryimage\",\"url\":\"https:\/\/portalmf.com.br\/wp-content\/uploads\/2024\/03\/Josivaldo-Santana-e-Jose-Ronaldo-3.jpg\",\"contentUrl\":\"https:\/\/portalmf.com.br\/wp-content\/uploads\/2024\/03\/Josivaldo-Santana-e-Jose-Ronaldo-3.jpg\",\"width\":800,\"height\":533},{\"@type\":\"BreadcrumbList\",\"@id\":\"https:\/\/portalmf.com.br\/index.php\/2024\/04\/15\/josivaldo-santana-e-a-grande-revelacao-da-politica-feirense\/#breadcrumb\",\"itemListElement\":[{\"@type\":\"ListItem\",\"position\":1,\"name\":\"In\u00edcio\",\"item\":\"https:\/\/portalmf.com.br\/\"},{\"@type\":\"ListItem\",\"position\":2,\"name\":\"Josivaldo Santana \u00e9 a grande revela\u00e7\u00e3o da pol\u00edtica feirense\"}]},{\"@type\":\"WebSite\",\"@id\":\"https:\/\/portalmf.com.br\/#website\",\"url\":\"https:\/\/portalmf.com.br\/\",\"name\":\"Portal MF\",\"description\":\"Voc\u00ea conectado com a informa\u00e7\u00e3o\",\"potentialAction\":[{\"@type\":\"SearchAction\",\"target\":{\"@type\":\"EntryPoint\",\"urlTemplate\":\"https:\/\/portalmf.com.br\/?s={search_term_string}\"},\"query-input\":\"required name=search_term_string\"}],\"inLanguage\":\"pt-BR\"},{\"@type\":\"Person\",\"@id\":\"https:\/\/portalmf.com.br\/#\/schema\/person\/9ec101baf56233e53520c26de5d6f6f0\",\"name\":\"Reda\u00e7\u00e3o Portal MF\",\"image\":{\"@type\":\"ImageObject\",\"inLanguage\":\"pt-BR\",\"@id\":\"https:\/\/portalmf.com.br\/#\/schema\/person\/image\/\",\"url\":\"https:\/\/secure.gravatar.com\/avatar\/41b9aaeb2100835f7c64362330f74c7f?s=96&d=mm&r=g\",\"contentUrl\":\"https:\/\/secure.gravatar.com\/avatar\/41b9aaeb2100835f7c64362330f74c7f?s=96&d=mm&r=g\",\"caption\":\"Reda\u00e7\u00e3o Portal MF\"},\"description\":\"Sejam bem-vindos o portal de informa\u00e7\u00f5es de entretenimento de Feira de Santana, desde 2006 realiza coberturas dos principais eventos com entrevistas exclusivas com as principais personalidades mundiais. Fique conectado tamb\u00e9m nas redes sociais.\",\"sameAs\":[\"http:\/\/www.portalmf.com.br\/\",\"https:\/\/www.facebook.com\/portalmfoficial\",\"https:\/\/www.instagram.com\/portalmf\/\",\"https:\/\/x.com\/https:\/\/x.com\/portalmfoficial\",\"https:\/\/www.youtube.com\/@portalmfoficial\"],\"url\":\"https:\/\/portalmf.com.br\/index.php\/author\/junior\/\"}]}<\/script>\n<!-- \/ Yoast SEO plugin. -->","yoast_head_json":{"title":"Josivaldo Santana \u00e9 a grande revela\u00e7\u00e3o da pol\u00edtica feirense - Portal MF","robots":{"index":"index","follow":"follow","max-snippet":"max-snippet:-1","max-image-preview":"max-image-preview:large","max-video-preview":"max-video-preview:-1"},"canonical":"https:\/\/portalmf.com.br\/index.php\/2024\/04\/15\/josivaldo-santana-e-a-grande-revelacao-da-politica-feirense\/","og_locale":"pt_BR","og_type":"article","og_title":"Josivaldo Santana \u00e9 a grande revela\u00e7\u00e3o da pol\u00edtica feirense - Portal MF","og_description":"Em tempos em que os jovens v\u00eam se interessando cada vez mais por essa \u00e1rea, nada mais justo de que sejam eles os que fazem a pol\u00edtica. \u00c9 com esse incentivo que Josivaldo Santana, pr\u00e9-candidato a vereador em Feira de Santana, vem se mostrando como a grande jovem revela\u00e7\u00e3o da pol\u00edtica feirense. Josivaldo tem se [&hellip;]","og_url":"https:\/\/portalmf.com.br\/index.php\/2024\/04\/15\/josivaldo-santana-e-a-grande-revelacao-da-politica-feirense\/","og_site_name":"Portal MF","article_author":"https:\/\/www.facebook.com\/portalmfoficial","article_published_time":"2024-04-15T19:58:51+00:00","article_modified_time":"2024-04-15T19:58:52+00:00","og_image":[{"width":800,"height":533,"url":"https:\/\/portalmf.com.br\/wp-content\/uploads\/2024\/03\/Josivaldo-Santana-e-Jose-Ronaldo-3.jpg","type":"image\/jpeg"}],"author":"Reda\u00e7\u00e3o Portal MF","twitter_card":"summary_large_image","twitter_creator":"@https:\/\/x.com\/portalmfoficial","twitter_misc":{"Escrito por":"Reda\u00e7\u00e3o Portal MF","Est. tempo de leitura":"1 minuto"},"schema":{"@context":"https:\/\/schema.org","@graph":[{"@type":"WebPage","@id":"https:\/\/portalmf.com.br\/index.php\/2024\/04\/15\/josivaldo-santana-e-a-grande-revelacao-da-politica-feirense\/","url":"https:\/\/portalmf.com.br\/index.php\/2024\/04\/15\/josivaldo-santana-e-a-grande-revelacao-da-politica-feirense\/","name":"Josivaldo Santana \u00e9 a grande revela\u00e7\u00e3o da pol\u00edtica feirense - Portal MF","isPartOf":{"@id":"https:\/\/portalmf.com.br\/#website"},"primaryImageOfPage":{"@id":"https:\/\/portalmf.com.br\/index.php\/2024\/04\/15\/josivaldo-santana-e-a-grande-revelacao-da-politica-feirense\/#primaryimage"},"image":{"@id":"https:\/\/portalmf.com.br\/index.php\/2024\/04\/15\/josivaldo-santana-e-a-grande-revelacao-da-politica-feirense\/#primaryimage"},"thumbnailUrl":"https:\/\/portalmf.com.br\/wp-content\/uploads\/2024\/03\/Josivaldo-Santana-e-Jose-Ronaldo-3.jpg","datePublished":"2024-04-15T19:58:51+00:00","dateModified":"2024-04-15T19:58:52+00:00","author":{"@id":"https:\/\/portalmf.com.br\/#\/schema\/person\/9ec101baf56233e53520c26de5d6f6f0"},"breadcrumb":{"@id":"https:\/\/portalmf.com.br\/index.php\/2024\/04\/15\/josivaldo-santana-e-a-grande-revelacao-da-politica-feirense\/#breadcrumb"},"inLanguage":"pt-BR","potentialAction":[{"@type":"ReadAction","target":["https:\/\/portalmf.com.br\/index.php\/2024\/04\/15\/josivaldo-santana-e-a-grande-revelacao-da-politica-feirense\/"]}]},{"@type":"ImageObject","inLanguage":"pt-BR","@id":"https:\/\/portalmf.com.br\/index.php\/2024\/04\/15\/josivaldo-santana-e-a-grande-revelacao-da-politica-feirense\/#primaryimage","url":"https:\/\/portalmf.com.br\/wp-content\/uploads\/2024\/03\/Josivaldo-Santana-e-Jose-Ronaldo-3.jpg","contentUrl":"https:\/\/portalmf.com.br\/wp-content\/uploads\/2024\/03\/Josivaldo-Santana-e-Jose-Ronaldo-3.jpg","width":800,"height":533},{"@type":"BreadcrumbList","@id":"https:\/\/portalmf.com.br\/index.php\/2024\/04\/15\/josivaldo-santana-e-a-grande-revelacao-da-politica-feirense\/#breadcrumb","itemListElement":[{"@type":"ListItem","position":1,"name":"In\u00edcio","item":"https:\/\/portalmf.com.br\/"},{"@type":"ListItem","position":2,"name":"Josivaldo Santana \u00e9 a grande revela\u00e7\u00e3o da pol\u00edtica feirense"}]},{"@type":"WebSite","@id":"https:\/\/portalmf.com.br\/#website","url":"https:\/\/portalmf.com.br\/","name":"Portal MF","description":"Voc\u00ea conectado com a informa\u00e7\u00e3o","potentialAction":[{"@type":"SearchAction","target":{"@type":"EntryPoint","urlTemplate":"https:\/\/portalmf.com.br\/?s={search_term_string}"},"query-input":"required name=search_term_string"}],"inLanguage":"pt-BR"},{"@type":"Person","@id":"https:\/\/portalmf.com.br\/#\/schema\/person\/9ec101baf56233e53520c26de5d6f6f0","name":"Reda\u00e7\u00e3o Portal MF","image":{"@type":"ImageObject","inLanguage":"pt-BR","@id":"https:\/\/portalmf.com.br\/#\/schema\/person\/image\/","url":"https:\/\/secure.gravatar.com\/avatar\/41b9aaeb2100835f7c64362330f74c7f?s=96&d=mm&r=g","contentUrl":"https:\/\/secure.gravatar.com\/avatar\/41b9aaeb2100835f7c64362330f74c7f?s=96&d=mm&r=g","caption":"Reda\u00e7\u00e3o Portal MF"},"description":"Sejam bem-vindos o portal de informa\u00e7\u00f5es de entretenimento de Feira de Santana, desde 2006 realiza coberturas dos principais eventos com entrevistas exclusivas com as principais personalidades mundiais. Fique conectado tamb\u00e9m nas redes sociais.","sameAs":["http:\/\/www.portalmf.com.br\/","https:\/\/www.facebook.com\/portalmfoficial","https:\/\/www.instagram.com\/portalmf\/","https:\/\/x.com\/https:\/\/x.com\/portalmfoficial","https:\/\/www.youtube.com\/@portalmfoficial"],"url":"https:\/\/portalmf.com.br\/index.php\/author\/junior\/"}]}},"_links":{"self":[{"href":"https:\/\/portalmf.com.br\/index.php\/wp-json\/wp\/v2\/posts\/25696"}],"collection":[{"href":"https:\/\/portalmf.com.br\/index.php\/wp-json\/wp\/v2\/posts"}],"about":[{"href":"https:\/\/portalmf.com.br\/index.php\/wp-json\/wp\/v2\/types\/post"}],"author":[{"embeddable":true,"href":"https:\/\/portalmf.com.br\/index.php\/wp-json\/wp\/v2\/users\/3"}],"replies":[{"embeddable":true,"href":"https:\/\/portalmf.com.br\/index.php\/wp-json\/wp\/v2\/comments?post=25696"}],"version-history":[{"count":1,"href":"https:\/\/portalmf.com.br\/index.php\/wp-json\/wp\/v2\/posts\/25696\/revisions"}],"predecessor-version":[{"id":25697,"href":"https:\/\/portalmf.com.br\/index.php\/wp-json\/wp\/v2\/posts\/25696\/revisions\/25697"}],"wp:featuredmedia":[{"embeddable":true,"href":"https:\/\/portalmf.com.br\/index.php\/wp-json\/wp\/v2\/media\/25243"}],"wp:attachment":[{"href":"https:\/\/portalmf.com.br\/index.php\/wp-json\/wp\/v2\/media?parent=25696"}],"wp:term":[{"taxonomy":"category","embeddable":true,"href":"https:\/\/portalmf.com.br\/index.php\/wp-json\/wp\/v2\/categories?post=25696"},{"taxonomy":"post_tag","embeddable":true,"href":"https:\/\/portalmf.com.br\/index.php\/wp-json\/wp\/v2\/tags?post=25696"}],"curies":[{"name":"wp","href":"https:\/\/api.w.org\/{rel}","templated":true}]}}