{"id":2560,"date":"2022-08-03T13:47:35","date_gmt":"2022-08-03T16:47:35","guid":{"rendered":"http:\/\/portalmf.com.br\/?p=2560"},"modified":"2022-08-03T13:47:37","modified_gmt":"2022-08-03T16:47:37","slug":"uefa-usara-impedimento-semiautomatico-na-liga-dos-campeoes","status":"publish","type":"post","link":"https:\/\/portalmf.com.br\/index.php\/2022\/08\/03\/uefa-usara-impedimento-semiautomatico-na-liga-dos-campeoes\/","title":{"rendered":"Uefa usar\u00e1 impedimento semiautom\u00e1tico na Liga dos Campe\u00f5es"},"content":{"rendered":"\n<p>A Uefa anunciou nesta quarta-feira que o impedimento semiautom\u00e1tico, uma tecnologia destinada a acelerar e dar confiabilidade \u00e0s decis\u00f5es da arbitragem, que ser\u00e1 utilizada na Supercopa da Europa, entre Real Madrid e Eintracht Frankfurt, e na fase de grupos da Liga dos Campe\u00f5es.<\/p>\n\n\n\n<p>A Fifa decidiu no in\u00edcio de julho colocar em pr\u00e1tica esse sistema na Copa do Mundo do Catar (21 de novembro a 18 de dezembro). A ferramenta permite estabelecer a qualquer momento a posi\u00e7\u00e3o dos jogadores e da bola, facilitando a sinaliza\u00e7\u00e3o de lances de impedimento.<\/p>\n\n\n\n<p>&#8220;Este sistema inovador permitir\u00e1 \u00e0s equipes do VAR determinar as situa\u00e7\u00f5es de impedimento rapidamente e com mais precis\u00e3o, melhorando a curso do jogo e a coer\u00eancia das decis\u00f5es&#8221;, declarou Roberto Rosetti, chefe dos \u00e1rbitros na Uefa.<\/p>\n\n\n\n<p>&#8220;O novo sistema funcionar\u00e1 gra\u00e7as a c\u00e2meras capazes de acompanhar 29 pontos corporais diferentes por jogador&#8221;, explicou a Uefa em comunicado, acrescentando que 188 testes foram realizados com a tecnologia desde 2020.<\/p>\n\n\n\n<p>&#8220;O sistema est\u00e1 pronto para ser utilizado nos jogos oficiais e para ser colocado em funcionamento em cada sede da Liga dos Campe\u00f5es&#8221;, confirmou Roberto Rosetti.<\/p>\n\n\n\n<p>Com informa\u00e7\u00f5es da Gazeta Esportiva<\/p>\n","protected":false},"excerpt":{"rendered":"<p>A Uefa anunciou nesta quarta-feira que o impedimento semiautom\u00e1tico, uma tecnologia destinada a acelerar e dar confiabilidade \u00e0s decis\u00f5es da arbitragem, que ser\u00e1 utilizada na Supercopa da Europa, entre Real Madrid e Eintracht Frankfurt, e na fase de grupos da Liga dos Campe\u00f5es. A Fifa decidiu no in\u00edcio de julho colocar em pr\u00e1tica esse sistema [&hellip;]<\/p>\n","protected":false},"author":2,"featured_media":2561,"comment_status":"open","ping_status":"open","sticky":false,"template":"","format":"standard","meta":{"_monsterinsights_skip_tracking":false,"_monsterinsights_sitenote_active":false,"_monsterinsights_sitenote_note":"","_monsterinsights_sitenote_category":0,"footnotes":""},"categories":[42],"tags":[],"yoast_head":"<!-- This site is optimized with the Yoast SEO plugin v22.9 - https:\/\/yoast.com\/wordpress\/plugins\/seo\/ -->\n<title>Uefa usar\u00e1 impedimento semiautom\u00e1tico na Liga dos Campe\u00f5es - Portal MF<\/title>\n<meta name=\"robots\" content=\"index, follow, max-snippet:-1, max-image-preview:large, max-video-preview:-1\" \/>\n<link rel=\"canonical\" href=\"https:\/\/portalmf.com.br\/index.php\/2022\/08\/03\/uefa-usara-impedimento-semiautomatico-na-liga-dos-campeoes\/\" \/>\n<meta property=\"og:locale\" content=\"pt_BR\" \/>\n<meta property=\"og:type\" content=\"article\" \/>\n<meta property=\"og:title\" content=\"Uefa usar\u00e1 impedimento semiautom\u00e1tico na Liga dos Campe\u00f5es - Portal MF\" \/>\n<meta property=\"og:description\" content=\"A Uefa anunciou nesta quarta-feira que o impedimento semiautom\u00e1tico, uma tecnologia destinada a acelerar e dar confiabilidade \u00e0s decis\u00f5es da arbitragem, que ser\u00e1 utilizada na Supercopa da Europa, entre Real Madrid e Eintracht Frankfurt, e na fase de grupos da Liga dos Campe\u00f5es. A Fifa decidiu no in\u00edcio de julho colocar em pr\u00e1tica esse sistema [&hellip;]\" \/>\n<meta property=\"og:url\" content=\"https:\/\/portalmf.com.br\/index.php\/2022\/08\/03\/uefa-usara-impedimento-semiautomatico-na-liga-dos-campeoes\/\" \/>\n<meta property=\"og:site_name\" content=\"Portal MF\" \/>\n<meta property=\"article:author\" content=\"reginaldojrfsa\" \/>\n<meta property=\"article:published_time\" content=\"2022-08-03T16:47:35+00:00\" \/>\n<meta property=\"article:modified_time\" content=\"2022-08-03T16:47:37+00:00\" \/>\n<meta property=\"og:image\" content=\"https:\/\/portalmf.com.br\/wp-content\/uploads\/2022\/08\/trofeu-da-uefa-champions-league-1541619890916_v2_4x3_Easy-Resize.com_-1024x769-1.jpg\" \/>\n\t<meta property=\"og:image:width\" content=\"1024\" \/>\n\t<meta property=\"og:image:height\" content=\"769\" \/>\n\t<meta property=\"og:image:type\" content=\"image\/jpeg\" \/>\n<meta name=\"author\" content=\"Reginaldo J\u00fanior\" \/>\n<meta name=\"twitter:card\" content=\"summary_large_image\" \/>\n<meta name=\"twitter:creator\" content=\"@reginaldojrmf\" \/>\n<meta name=\"twitter:label1\" content=\"Escrito por\" \/>\n\t<meta name=\"twitter:data1\" content=\"Reginaldo J\u00fanior\" \/>\n\t<meta name=\"twitter:label2\" content=\"Est. tempo de leitura\" \/>\n\t<meta name=\"twitter:data2\" content=\"1 minuto\" \/>\n<script type=\"application\/ld+json\" class=\"yoast-schema-graph\">{\"@context\":\"https:\/\/schema.org\",\"@graph\":[{\"@type\":\"WebPage\",\"@id\":\"https:\/\/portalmf.com.br\/index.php\/2022\/08\/03\/uefa-usara-impedimento-semiautomatico-na-liga-dos-campeoes\/\",\"url\":\"https:\/\/portalmf.com.br\/index.php\/2022\/08\/03\/uefa-usara-impedimento-semiautomatico-na-liga-dos-campeoes\/\",\"name\":\"Uefa usar\u00e1 impedimento semiautom\u00e1tico na Liga dos Campe\u00f5es - Portal MF\",\"isPartOf\":{\"@id\":\"https:\/\/portalmf.com.br\/#website\"},\"primaryImageOfPage\":{\"@id\":\"https:\/\/portalmf.com.br\/index.php\/2022\/08\/03\/uefa-usara-impedimento-semiautomatico-na-liga-dos-campeoes\/#primaryimage\"},\"image\":{\"@id\":\"https:\/\/portalmf.com.br\/index.php\/2022\/08\/03\/uefa-usara-impedimento-semiautomatico-na-liga-dos-campeoes\/#primaryimage\"},\"thumbnailUrl\":\"https:\/\/portalmf.com.br\/wp-content\/uploads\/2022\/08\/trofeu-da-uefa-champions-league-1541619890916_v2_4x3_Easy-Resize.com_-1024x769-1.jpg\",\"datePublished\":\"2022-08-03T16:47:35+00:00\",\"dateModified\":\"2022-08-03T16:47:37+00:00\",\"author\":{\"@id\":\"https:\/\/portalmf.com.br\/#\/schema\/person\/11c82086fe8abc05a19147e964587285\"},\"breadcrumb\":{\"@id\":\"https:\/\/portalmf.com.br\/index.php\/2022\/08\/03\/uefa-usara-impedimento-semiautomatico-na-liga-dos-campeoes\/#breadcrumb\"},\"inLanguage\":\"pt-BR\",\"potentialAction\":[{\"@type\":\"ReadAction\",\"target\":[\"https:\/\/portalmf.com.br\/index.php\/2022\/08\/03\/uefa-usara-impedimento-semiautomatico-na-liga-dos-campeoes\/\"]}]},{\"@type\":\"ImageObject\",\"inLanguage\":\"pt-BR\",\"@id\":\"https:\/\/portalmf.com.br\/index.php\/2022\/08\/03\/uefa-usara-impedimento-semiautomatico-na-liga-dos-campeoes\/#primaryimage\",\"url\":\"https:\/\/portalmf.com.br\/wp-content\/uploads\/2022\/08\/trofeu-da-uefa-champions-league-1541619890916_v2_4x3_Easy-Resize.com_-1024x769-1.jpg\",\"contentUrl\":\"https:\/\/portalmf.com.br\/wp-content\/uploads\/2022\/08\/trofeu-da-uefa-champions-league-1541619890916_v2_4x3_Easy-Resize.com_-1024x769-1.jpg\",\"width\":1024,\"height\":769},{\"@type\":\"BreadcrumbList\",\"@id\":\"https:\/\/portalmf.com.br\/index.php\/2022\/08\/03\/uefa-usara-impedimento-semiautomatico-na-liga-dos-campeoes\/#breadcrumb\",\"itemListElement\":[{\"@type\":\"ListItem\",\"position\":1,\"name\":\"In\u00edcio\",\"item\":\"https:\/\/portalmf.com.br\/\"},{\"@type\":\"ListItem\",\"position\":2,\"name\":\"Uefa usar\u00e1 impedimento semiautom\u00e1tico na Liga dos Campe\u00f5es\"}]},{\"@type\":\"WebSite\",\"@id\":\"https:\/\/portalmf.com.br\/#website\",\"url\":\"https:\/\/portalmf.com.br\/\",\"name\":\"Portal MF\",\"description\":\"Voc\u00ea conectado com a informa\u00e7\u00e3o\",\"potentialAction\":[{\"@type\":\"SearchAction\",\"target\":{\"@type\":\"EntryPoint\",\"urlTemplate\":\"https:\/\/portalmf.com.br\/?s={search_term_string}\"},\"query-input\":\"required name=search_term_string\"}],\"inLanguage\":\"pt-BR\"},{\"@type\":\"Person\",\"@id\":\"https:\/\/portalmf.com.br\/#\/schema\/person\/11c82086fe8abc05a19147e964587285\",\"name\":\"Reginaldo J\u00fanior\",\"image\":{\"@type\":\"ImageObject\",\"inLanguage\":\"pt-BR\",\"@id\":\"https:\/\/portalmf.com.br\/#\/schema\/person\/image\/\",\"url\":\"https:\/\/secure.gravatar.com\/avatar\/32a3c797cd0ac47cc53b8644c62776f9?s=96&d=mm&r=g\",\"contentUrl\":\"https:\/\/secure.gravatar.com\/avatar\/32a3c797cd0ac47cc53b8644c62776f9?s=96&d=mm&r=g\",\"caption\":\"Reginaldo J\u00fanior\"},\"description\":\"Jornalista e idealizador Portal MF\",\"sameAs\":[\"https:\/\/portalmf.com.br\/index.php\/author\/reginaldojr\/\",\"reginaldojrfsa\",\"reginaldojuniormf\",\"https:\/\/x.com\/reginaldojrmf\"],\"url\":\"https:\/\/portalmf.com.br\/index.php\/author\/reginaldojr\/\"}]}<\/script>\n<!-- \/ Yoast SEO plugin. -->","yoast_head_json":{"title":"Uefa usar\u00e1 impedimento semiautom\u00e1tico na Liga dos Campe\u00f5es - Portal MF","robots":{"index":"index","follow":"follow","max-snippet":"max-snippet:-1","max-image-preview":"max-image-preview:large","max-video-preview":"max-video-preview:-1"},"canonical":"https:\/\/portalmf.com.br\/index.php\/2022\/08\/03\/uefa-usara-impedimento-semiautomatico-na-liga-dos-campeoes\/","og_locale":"pt_BR","og_type":"article","og_title":"Uefa usar\u00e1 impedimento semiautom\u00e1tico na Liga dos Campe\u00f5es - Portal MF","og_description":"A Uefa anunciou nesta quarta-feira que o impedimento semiautom\u00e1tico, uma tecnologia destinada a acelerar e dar confiabilidade \u00e0s decis\u00f5es da arbitragem, que ser\u00e1 utilizada na Supercopa da Europa, entre Real Madrid e Eintracht Frankfurt, e na fase de grupos da Liga dos Campe\u00f5es. A Fifa decidiu no in\u00edcio de julho colocar em pr\u00e1tica esse sistema [&hellip;]","og_url":"https:\/\/portalmf.com.br\/index.php\/2022\/08\/03\/uefa-usara-impedimento-semiautomatico-na-liga-dos-campeoes\/","og_site_name":"Portal MF","article_author":"reginaldojrfsa","article_published_time":"2022-08-03T16:47:35+00:00","article_modified_time":"2022-08-03T16:47:37+00:00","og_image":[{"width":1024,"height":769,"url":"https:\/\/portalmf.com.br\/wp-content\/uploads\/2022\/08\/trofeu-da-uefa-champions-league-1541619890916_v2_4x3_Easy-Resize.com_-1024x769-1.jpg","type":"image\/jpeg"}],"author":"Reginaldo J\u00fanior","twitter_card":"summary_large_image","twitter_creator":"@reginaldojrmf","twitter_misc":{"Escrito por":"Reginaldo J\u00fanior","Est. tempo de leitura":"1 minuto"},"schema":{"@context":"https:\/\/schema.org","@graph":[{"@type":"WebPage","@id":"https:\/\/portalmf.com.br\/index.php\/2022\/08\/03\/uefa-usara-impedimento-semiautomatico-na-liga-dos-campeoes\/","url":"https:\/\/portalmf.com.br\/index.php\/2022\/08\/03\/uefa-usara-impedimento-semiautomatico-na-liga-dos-campeoes\/","name":"Uefa usar\u00e1 impedimento semiautom\u00e1tico na Liga dos Campe\u00f5es - Portal MF","isPartOf":{"@id":"https:\/\/portalmf.com.br\/#website"},"primaryImageOfPage":{"@id":"https:\/\/portalmf.com.br\/index.php\/2022\/08\/03\/uefa-usara-impedimento-semiautomatico-na-liga-dos-campeoes\/#primaryimage"},"image":{"@id":"https:\/\/portalmf.com.br\/index.php\/2022\/08\/03\/uefa-usara-impedimento-semiautomatico-na-liga-dos-campeoes\/#primaryimage"},"thumbnailUrl":"https:\/\/portalmf.com.br\/wp-content\/uploads\/2022\/08\/trofeu-da-uefa-champions-league-1541619890916_v2_4x3_Easy-Resize.com_-1024x769-1.jpg","datePublished":"2022-08-03T16:47:35+00:00","dateModified":"2022-08-03T16:47:37+00:00","author":{"@id":"https:\/\/portalmf.com.br\/#\/schema\/person\/11c82086fe8abc05a19147e964587285"},"breadcrumb":{"@id":"https:\/\/portalmf.com.br\/index.php\/2022\/08\/03\/uefa-usara-impedimento-semiautomatico-na-liga-dos-campeoes\/#breadcrumb"},"inLanguage":"pt-BR","potentialAction":[{"@type":"ReadAction","target":["https:\/\/portalmf.com.br\/index.php\/2022\/08\/03\/uefa-usara-impedimento-semiautomatico-na-liga-dos-campeoes\/"]}]},{"@type":"ImageObject","inLanguage":"pt-BR","@id":"https:\/\/portalmf.com.br\/index.php\/2022\/08\/03\/uefa-usara-impedimento-semiautomatico-na-liga-dos-campeoes\/#primaryimage","url":"https:\/\/portalmf.com.br\/wp-content\/uploads\/2022\/08\/trofeu-da-uefa-champions-league-1541619890916_v2_4x3_Easy-Resize.com_-1024x769-1.jpg","contentUrl":"https:\/\/portalmf.com.br\/wp-content\/uploads\/2022\/08\/trofeu-da-uefa-champions-league-1541619890916_v2_4x3_Easy-Resize.com_-1024x769-1.jpg","width":1024,"height":769},{"@type":"BreadcrumbList","@id":"https:\/\/portalmf.com.br\/index.php\/2022\/08\/03\/uefa-usara-impedimento-semiautomatico-na-liga-dos-campeoes\/#breadcrumb","itemListElement":[{"@type":"ListItem","position":1,"name":"In\u00edcio","item":"https:\/\/portalmf.com.br\/"},{"@type":"ListItem","position":2,"name":"Uefa usar\u00e1 impedimento semiautom\u00e1tico na Liga dos Campe\u00f5es"}]},{"@type":"WebSite","@id":"https:\/\/portalmf.com.br\/#website","url":"https:\/\/portalmf.com.br\/","name":"Portal MF","description":"Voc\u00ea conectado com a informa\u00e7\u00e3o","potentialAction":[{"@type":"SearchAction","target":{"@type":"EntryPoint","urlTemplate":"https:\/\/portalmf.com.br\/?s={search_term_string}"},"query-input":"required name=search_term_string"}],"inLanguage":"pt-BR"},{"@type":"Person","@id":"https:\/\/portalmf.com.br\/#\/schema\/person\/11c82086fe8abc05a19147e964587285","name":"Reginaldo J\u00fanior","image":{"@type":"ImageObject","inLanguage":"pt-BR","@id":"https:\/\/portalmf.com.br\/#\/schema\/person\/image\/","url":"https:\/\/secure.gravatar.com\/avatar\/32a3c797cd0ac47cc53b8644c62776f9?s=96&d=mm&r=g","contentUrl":"https:\/\/secure.gravatar.com\/avatar\/32a3c797cd0ac47cc53b8644c62776f9?s=96&d=mm&r=g","caption":"Reginaldo J\u00fanior"},"description":"Jornalista e idealizador Portal MF","sameAs":["https:\/\/portalmf.com.br\/index.php\/author\/reginaldojr\/","reginaldojrfsa","reginaldojuniormf","https:\/\/x.com\/reginaldojrmf"],"url":"https:\/\/portalmf.com.br\/index.php\/author\/reginaldojr\/"}]}},"_links":{"self":[{"href":"https:\/\/portalmf.com.br\/index.php\/wp-json\/wp\/v2\/posts\/2560"}],"collection":[{"href":"https:\/\/portalmf.com.br\/index.php\/wp-json\/wp\/v2\/posts"}],"about":[{"href":"https:\/\/portalmf.com.br\/index.php\/wp-json\/wp\/v2\/types\/post"}],"author":[{"embeddable":true,"href":"https:\/\/portalmf.com.br\/index.php\/wp-json\/wp\/v2\/users\/2"}],"replies":[{"embeddable":true,"href":"https:\/\/portalmf.com.br\/index.php\/wp-json\/wp\/v2\/comments?post=2560"}],"version-history":[{"count":1,"href":"https:\/\/portalmf.com.br\/index.php\/wp-json\/wp\/v2\/posts\/2560\/revisions"}],"predecessor-version":[{"id":2562,"href":"https:\/\/portalmf.com.br\/index.php\/wp-json\/wp\/v2\/posts\/2560\/revisions\/2562"}],"wp:featuredmedia":[{"embeddable":true,"href":"https:\/\/portalmf.com.br\/index.php\/wp-json\/wp\/v2\/media\/2561"}],"wp:attachment":[{"href":"https:\/\/portalmf.com.br\/index.php\/wp-json\/wp\/v2\/media?parent=2560"}],"wp:term":[{"taxonomy":"category","embeddable":true,"href":"https:\/\/portalmf.com.br\/index.php\/wp-json\/wp\/v2\/categories?post=2560"},{"taxonomy":"post_tag","embeddable":true,"href":"https:\/\/portalmf.com.br\/index.php\/wp-json\/wp\/v2\/tags?post=2560"}],"curies":[{"name":"wp","href":"https:\/\/api.w.org\/{rel}","templated":true}]}}