{"id":2557,"date":"2022-08-03T13:32:51","date_gmt":"2022-08-03T16:32:51","guid":{"rendered":"http:\/\/portalmf.com.br\/?p=2557"},"modified":"2022-08-03T13:32:52","modified_gmt":"2022-08-03T16:32:52","slug":"williams-confirma-renovacao-de-albon-para-temporada-2023-da-f1","status":"publish","type":"post","link":"https:\/\/portalmf.com.br\/index.php\/2022\/08\/03\/williams-confirma-renovacao-de-albon-para-temporada-2023-da-f1\/","title":{"rendered":"Williams confirma renova\u00e7\u00e3o de Albon para temporada 2023 da F1"},"content":{"rendered":"\n<p>A Williams aproveitou a esteira de an\u00fancios da F1 para fazer seu pr\u00f3prio. Nesta quarta-feira (3), a equipe divulgou atrav\u00e9s de suas redes sociais a renova\u00e7\u00e3o de Alexander Albon para a temporada 2023 da F1.<\/p>\n\n\n\n<p>Com a confirma\u00e7\u00e3o da continuidade do anglo-tailand\u00eas na escuderia inglesa, parte agora para seu segundo ano no time. Das 13 etapas disputadas at\u00e9 o momento, pontuou em duas, trazendo todos os tr\u00eas pontos somados pelo time na classifica\u00e7\u00e3o.<\/p>\n\n\n\n<p>A equipe de Sir Frank foi a porta de entrada para o retorno do competidor ao grid. Ap\u00f3s um per\u00edodo tumultuado entre AlphaTauri e Red Bull, passou o campeonato de 2021 apenas como piloto reserva da equipe de bebidas energ\u00e9ticas.<\/p>\n\n\n\n<p>A renova\u00e7\u00e3o de contrato de Albon com a Williams j\u00e1 vinha sendo ventilada nos \u00faltimos dias. Inclusive, na transmiss\u00e3o da Band do GP da Hungria, a rep\u00f3rter Mariana Becker chegou a comentar sobre o assunto.<\/p>\n\n\n\n<p>Os \u00faltimos dias t\u00eam sido bastante movimentados na dan\u00e7a das cadeiras para o pr\u00f3ximo ano. A aposentadoria de Sebastian Vettel provocou a mudan\u00e7a de Fernando Alonso para a Aston Martin, enquanto a Alpine diz que Oscar Piastri assume a vaga do espanhol, apesar de o australiano negar a informa\u00e7\u00e3o.<\/p>\n\n\n\n<p>A equipe francesa chegou a divulgar o comunicado da vinda do jovem piloto com at\u00e9 mesmo declara\u00e7\u00e3o de Otmar Szefnauer, chefe do time, mas n\u00e3o demorou muito para que Piastri viesse em suas pr\u00f3prias redes dizendo que o an\u00fancio n\u00e3o seguia a verdade e que n\u00e3o havia assinado com o time.<\/p>\n\n\n\n<p>Inclusive, ap\u00f3s a confirma\u00e7\u00e3o da Williams, Alexander fez uma postagem brincando com toda a situa\u00e7\u00e3o. Seguindo as palavras de Oscar, escreveu \u201ccompreendo que, com meu acordo, Williams divulgou uma not\u00edcia de que irei pilotar para eles ano que vem. Isso est\u00e1 certo e assinei um contrato para 2023. Vou correr com a Williams no pr\u00f3ximo ano. Vamos, Williams\u201d.<\/p>\n\n\n\n<p>Apesar de n\u00e3o especificar a dura\u00e7\u00e3o do contrato do piloto, a equipe indicou de ser multianos.<\/p>\n\n\n\n<figure class=\"wp-block-embed is-type-rich is-provider-twitter wp-block-embed-twitter\"><div class=\"wp-block-embed__wrapper\">\n<blockquote class=\"twitter-tweet\" data-width=\"550\" data-dnt=\"true\"><p lang=\"en\" dir=\"ltr\">I understand that, with my agreement, Williams Racing have put out a press release this afternoon that I am driving for them next year. This is right and I have signed a contract with Williams for 2023. I will be driving for Williams next year.<br><br>\ud83d\ude02 let\u2019s gooo <a href=\"https:\/\/twitter.com\/WilliamsRacing?ref_src=twsrc%5Etfw\">@williamsracing<\/a> \ud83d\udcaa <a href=\"https:\/\/t.co\/NNljcXOieE\">pic.twitter.com\/NNljcXOieE<\/a><\/p>&mdash; Alex Albon (@alex_albon) <a href=\"https:\/\/twitter.com\/alex_albon\/status\/1554829547006111749?ref_src=twsrc%5Etfw\">August 3, 2022<\/a><\/blockquote><script async src=\"https:\/\/platform.twitter.com\/widgets.js\" charset=\"utf-8\"><\/script>\n<\/div><\/figure>\n\n\n\n<p>Com informa\u00e7\u00f5es do F1 Mania<\/p>\n","protected":false},"excerpt":{"rendered":"<p>A Williams aproveitou a esteira de an\u00fancios da F1 para fazer seu pr\u00f3prio. Nesta quarta-feira (3), a equipe divulgou atrav\u00e9s de suas redes sociais a renova\u00e7\u00e3o de Alexander Albon para a temporada 2023 da F1. Com a confirma\u00e7\u00e3o da continuidade do anglo-tailand\u00eas na escuderia inglesa, parte agora para seu segundo ano no time. Das 13 [&hellip;]<\/p>\n","protected":false},"author":2,"featured_media":2558,"comment_status":"open","ping_status":"open","sticky":false,"template":"","format":"standard","meta":{"_monsterinsights_skip_tracking":false,"_monsterinsights_sitenote_active":false,"_monsterinsights_sitenote_note":"","_monsterinsights_sitenote_category":0,"footnotes":""},"categories":[42],"tags":[],"yoast_head":"<!-- This site is optimized with the Yoast SEO plugin v22.9 - https:\/\/yoast.com\/wordpress\/plugins\/seo\/ -->\n<title>Williams confirma renova\u00e7\u00e3o de Albon para temporada 2023 da F1 - Portal MF<\/title>\n<meta name=\"robots\" content=\"index, follow, max-snippet:-1, max-image-preview:large, max-video-preview:-1\" \/>\n<link rel=\"canonical\" href=\"https:\/\/portalmf.com.br\/index.php\/2022\/08\/03\/williams-confirma-renovacao-de-albon-para-temporada-2023-da-f1\/\" \/>\n<meta property=\"og:locale\" content=\"pt_BR\" \/>\n<meta property=\"og:type\" content=\"article\" \/>\n<meta property=\"og:title\" content=\"Williams confirma renova\u00e7\u00e3o de Albon para temporada 2023 da F1 - Portal MF\" \/>\n<meta property=\"og:description\" content=\"A Williams aproveitou a esteira de an\u00fancios da F1 para fazer seu pr\u00f3prio. Nesta quarta-feira (3), a equipe divulgou atrav\u00e9s de suas redes sociais a renova\u00e7\u00e3o de Alexander Albon para a temporada 2023 da F1. Com a confirma\u00e7\u00e3o da continuidade do anglo-tailand\u00eas na escuderia inglesa, parte agora para seu segundo ano no time. Das 13 [&hellip;]\" \/>\n<meta property=\"og:url\" content=\"https:\/\/portalmf.com.br\/index.php\/2022\/08\/03\/williams-confirma-renovacao-de-albon-para-temporada-2023-da-f1\/\" \/>\n<meta property=\"og:site_name\" content=\"Portal MF\" \/>\n<meta property=\"article:author\" content=\"reginaldojrfsa\" \/>\n<meta property=\"article:published_time\" content=\"2022-08-03T16:32:51+00:00\" \/>\n<meta property=\"article:modified_time\" content=\"2022-08-03T16:32:52+00:00\" \/>\n<meta property=\"og:image\" content=\"https:\/\/portalmf.com.br\/wp-content\/uploads\/2022\/08\/FZPdOjRUYAAUpcI.jpg\" \/>\n\t<meta property=\"og:image:width\" content=\"2048\" \/>\n\t<meta property=\"og:image:height\" content=\"2046\" \/>\n\t<meta property=\"og:image:type\" content=\"image\/jpeg\" \/>\n<meta name=\"author\" content=\"Reginaldo J\u00fanior\" \/>\n<meta name=\"twitter:card\" content=\"summary_large_image\" \/>\n<meta name=\"twitter:creator\" content=\"@reginaldojrmf\" \/>\n<meta name=\"twitter:label1\" content=\"Escrito por\" \/>\n\t<meta name=\"twitter:data1\" content=\"Reginaldo J\u00fanior\" \/>\n\t<meta name=\"twitter:label2\" content=\"Est. tempo de leitura\" \/>\n\t<meta name=\"twitter:data2\" content=\"2 minutos\" \/>\n<script type=\"application\/ld+json\" class=\"yoast-schema-graph\">{\"@context\":\"https:\/\/schema.org\",\"@graph\":[{\"@type\":\"WebPage\",\"@id\":\"https:\/\/portalmf.com.br\/index.php\/2022\/08\/03\/williams-confirma-renovacao-de-albon-para-temporada-2023-da-f1\/\",\"url\":\"https:\/\/portalmf.com.br\/index.php\/2022\/08\/03\/williams-confirma-renovacao-de-albon-para-temporada-2023-da-f1\/\",\"name\":\"Williams confirma renova\u00e7\u00e3o de Albon para temporada 2023 da F1 - Portal MF\",\"isPartOf\":{\"@id\":\"https:\/\/portalmf.com.br\/#website\"},\"primaryImageOfPage\":{\"@id\":\"https:\/\/portalmf.com.br\/index.php\/2022\/08\/03\/williams-confirma-renovacao-de-albon-para-temporada-2023-da-f1\/#primaryimage\"},\"image\":{\"@id\":\"https:\/\/portalmf.com.br\/index.php\/2022\/08\/03\/williams-confirma-renovacao-de-albon-para-temporada-2023-da-f1\/#primaryimage\"},\"thumbnailUrl\":\"https:\/\/portalmf.com.br\/wp-content\/uploads\/2022\/08\/FZPdOjRUYAAUpcI.jpg\",\"datePublished\":\"2022-08-03T16:32:51+00:00\",\"dateModified\":\"2022-08-03T16:32:52+00:00\",\"author\":{\"@id\":\"https:\/\/portalmf.com.br\/#\/schema\/person\/11c82086fe8abc05a19147e964587285\"},\"breadcrumb\":{\"@id\":\"https:\/\/portalmf.com.br\/index.php\/2022\/08\/03\/williams-confirma-renovacao-de-albon-para-temporada-2023-da-f1\/#breadcrumb\"},\"inLanguage\":\"pt-BR\",\"potentialAction\":[{\"@type\":\"ReadAction\",\"target\":[\"https:\/\/portalmf.com.br\/index.php\/2022\/08\/03\/williams-confirma-renovacao-de-albon-para-temporada-2023-da-f1\/\"]}]},{\"@type\":\"ImageObject\",\"inLanguage\":\"pt-BR\",\"@id\":\"https:\/\/portalmf.com.br\/index.php\/2022\/08\/03\/williams-confirma-renovacao-de-albon-para-temporada-2023-da-f1\/#primaryimage\",\"url\":\"https:\/\/portalmf.com.br\/wp-content\/uploads\/2022\/08\/FZPdOjRUYAAUpcI.jpg\",\"contentUrl\":\"https:\/\/portalmf.com.br\/wp-content\/uploads\/2022\/08\/FZPdOjRUYAAUpcI.jpg\",\"width\":2048,\"height\":2046},{\"@type\":\"BreadcrumbList\",\"@id\":\"https:\/\/portalmf.com.br\/index.php\/2022\/08\/03\/williams-confirma-renovacao-de-albon-para-temporada-2023-da-f1\/#breadcrumb\",\"itemListElement\":[{\"@type\":\"ListItem\",\"position\":1,\"name\":\"In\u00edcio\",\"item\":\"https:\/\/portalmf.com.br\/\"},{\"@type\":\"ListItem\",\"position\":2,\"name\":\"Williams confirma renova\u00e7\u00e3o de Albon para temporada 2023 da F1\"}]},{\"@type\":\"WebSite\",\"@id\":\"https:\/\/portalmf.com.br\/#website\",\"url\":\"https:\/\/portalmf.com.br\/\",\"name\":\"Portal MF\",\"description\":\"Voc\u00ea conectado com a informa\u00e7\u00e3o\",\"potentialAction\":[{\"@type\":\"SearchAction\",\"target\":{\"@type\":\"EntryPoint\",\"urlTemplate\":\"https:\/\/portalmf.com.br\/?s={search_term_string}\"},\"query-input\":\"required name=search_term_string\"}],\"inLanguage\":\"pt-BR\"},{\"@type\":\"Person\",\"@id\":\"https:\/\/portalmf.com.br\/#\/schema\/person\/11c82086fe8abc05a19147e964587285\",\"name\":\"Reginaldo J\u00fanior\",\"image\":{\"@type\":\"ImageObject\",\"inLanguage\":\"pt-BR\",\"@id\":\"https:\/\/portalmf.com.br\/#\/schema\/person\/image\/\",\"url\":\"https:\/\/secure.gravatar.com\/avatar\/32a3c797cd0ac47cc53b8644c62776f9?s=96&d=mm&r=g\",\"contentUrl\":\"https:\/\/secure.gravatar.com\/avatar\/32a3c797cd0ac47cc53b8644c62776f9?s=96&d=mm&r=g\",\"caption\":\"Reginaldo J\u00fanior\"},\"description\":\"Jornalista e idealizador Portal MF\",\"sameAs\":[\"https:\/\/portalmf.com.br\/index.php\/author\/reginaldojr\/\",\"reginaldojrfsa\",\"reginaldojuniormf\",\"https:\/\/x.com\/reginaldojrmf\"],\"url\":\"https:\/\/portalmf.com.br\/index.php\/author\/reginaldojr\/\"}]}<\/script>\n<!-- \/ Yoast SEO plugin. -->","yoast_head_json":{"title":"Williams confirma renova\u00e7\u00e3o de Albon para temporada 2023 da F1 - Portal MF","robots":{"index":"index","follow":"follow","max-snippet":"max-snippet:-1","max-image-preview":"max-image-preview:large","max-video-preview":"max-video-preview:-1"},"canonical":"https:\/\/portalmf.com.br\/index.php\/2022\/08\/03\/williams-confirma-renovacao-de-albon-para-temporada-2023-da-f1\/","og_locale":"pt_BR","og_type":"article","og_title":"Williams confirma renova\u00e7\u00e3o de Albon para temporada 2023 da F1 - Portal MF","og_description":"A Williams aproveitou a esteira de an\u00fancios da F1 para fazer seu pr\u00f3prio. Nesta quarta-feira (3), a equipe divulgou atrav\u00e9s de suas redes sociais a renova\u00e7\u00e3o de Alexander Albon para a temporada 2023 da F1. Com a confirma\u00e7\u00e3o da continuidade do anglo-tailand\u00eas na escuderia inglesa, parte agora para seu segundo ano no time. Das 13 [&hellip;]","og_url":"https:\/\/portalmf.com.br\/index.php\/2022\/08\/03\/williams-confirma-renovacao-de-albon-para-temporada-2023-da-f1\/","og_site_name":"Portal MF","article_author":"reginaldojrfsa","article_published_time":"2022-08-03T16:32:51+00:00","article_modified_time":"2022-08-03T16:32:52+00:00","og_image":[{"width":2048,"height":2046,"url":"https:\/\/portalmf.com.br\/wp-content\/uploads\/2022\/08\/FZPdOjRUYAAUpcI.jpg","type":"image\/jpeg"}],"author":"Reginaldo J\u00fanior","twitter_card":"summary_large_image","twitter_creator":"@reginaldojrmf","twitter_misc":{"Escrito por":"Reginaldo J\u00fanior","Est. tempo de leitura":"2 minutos"},"schema":{"@context":"https:\/\/schema.org","@graph":[{"@type":"WebPage","@id":"https:\/\/portalmf.com.br\/index.php\/2022\/08\/03\/williams-confirma-renovacao-de-albon-para-temporada-2023-da-f1\/","url":"https:\/\/portalmf.com.br\/index.php\/2022\/08\/03\/williams-confirma-renovacao-de-albon-para-temporada-2023-da-f1\/","name":"Williams confirma renova\u00e7\u00e3o de Albon para temporada 2023 da F1 - Portal MF","isPartOf":{"@id":"https:\/\/portalmf.com.br\/#website"},"primaryImageOfPage":{"@id":"https:\/\/portalmf.com.br\/index.php\/2022\/08\/03\/williams-confirma-renovacao-de-albon-para-temporada-2023-da-f1\/#primaryimage"},"image":{"@id":"https:\/\/portalmf.com.br\/index.php\/2022\/08\/03\/williams-confirma-renovacao-de-albon-para-temporada-2023-da-f1\/#primaryimage"},"thumbnailUrl":"https:\/\/portalmf.com.br\/wp-content\/uploads\/2022\/08\/FZPdOjRUYAAUpcI.jpg","datePublished":"2022-08-03T16:32:51+00:00","dateModified":"2022-08-03T16:32:52+00:00","author":{"@id":"https:\/\/portalmf.com.br\/#\/schema\/person\/11c82086fe8abc05a19147e964587285"},"breadcrumb":{"@id":"https:\/\/portalmf.com.br\/index.php\/2022\/08\/03\/williams-confirma-renovacao-de-albon-para-temporada-2023-da-f1\/#breadcrumb"},"inLanguage":"pt-BR","potentialAction":[{"@type":"ReadAction","target":["https:\/\/portalmf.com.br\/index.php\/2022\/08\/03\/williams-confirma-renovacao-de-albon-para-temporada-2023-da-f1\/"]}]},{"@type":"ImageObject","inLanguage":"pt-BR","@id":"https:\/\/portalmf.com.br\/index.php\/2022\/08\/03\/williams-confirma-renovacao-de-albon-para-temporada-2023-da-f1\/#primaryimage","url":"https:\/\/portalmf.com.br\/wp-content\/uploads\/2022\/08\/FZPdOjRUYAAUpcI.jpg","contentUrl":"https:\/\/portalmf.com.br\/wp-content\/uploads\/2022\/08\/FZPdOjRUYAAUpcI.jpg","width":2048,"height":2046},{"@type":"BreadcrumbList","@id":"https:\/\/portalmf.com.br\/index.php\/2022\/08\/03\/williams-confirma-renovacao-de-albon-para-temporada-2023-da-f1\/#breadcrumb","itemListElement":[{"@type":"ListItem","position":1,"name":"In\u00edcio","item":"https:\/\/portalmf.com.br\/"},{"@type":"ListItem","position":2,"name":"Williams confirma renova\u00e7\u00e3o de Albon para temporada 2023 da F1"}]},{"@type":"WebSite","@id":"https:\/\/portalmf.com.br\/#website","url":"https:\/\/portalmf.com.br\/","name":"Portal MF","description":"Voc\u00ea conectado com a informa\u00e7\u00e3o","potentialAction":[{"@type":"SearchAction","target":{"@type":"EntryPoint","urlTemplate":"https:\/\/portalmf.com.br\/?s={search_term_string}"},"query-input":"required name=search_term_string"}],"inLanguage":"pt-BR"},{"@type":"Person","@id":"https:\/\/portalmf.com.br\/#\/schema\/person\/11c82086fe8abc05a19147e964587285","name":"Reginaldo J\u00fanior","image":{"@type":"ImageObject","inLanguage":"pt-BR","@id":"https:\/\/portalmf.com.br\/#\/schema\/person\/image\/","url":"https:\/\/secure.gravatar.com\/avatar\/32a3c797cd0ac47cc53b8644c62776f9?s=96&d=mm&r=g","contentUrl":"https:\/\/secure.gravatar.com\/avatar\/32a3c797cd0ac47cc53b8644c62776f9?s=96&d=mm&r=g","caption":"Reginaldo J\u00fanior"},"description":"Jornalista e idealizador Portal MF","sameAs":["https:\/\/portalmf.com.br\/index.php\/author\/reginaldojr\/","reginaldojrfsa","reginaldojuniormf","https:\/\/x.com\/reginaldojrmf"],"url":"https:\/\/portalmf.com.br\/index.php\/author\/reginaldojr\/"}]}},"_links":{"self":[{"href":"https:\/\/portalmf.com.br\/index.php\/wp-json\/wp\/v2\/posts\/2557"}],"collection":[{"href":"https:\/\/portalmf.com.br\/index.php\/wp-json\/wp\/v2\/posts"}],"about":[{"href":"https:\/\/portalmf.com.br\/index.php\/wp-json\/wp\/v2\/types\/post"}],"author":[{"embeddable":true,"href":"https:\/\/portalmf.com.br\/index.php\/wp-json\/wp\/v2\/users\/2"}],"replies":[{"embeddable":true,"href":"https:\/\/portalmf.com.br\/index.php\/wp-json\/wp\/v2\/comments?post=2557"}],"version-history":[{"count":1,"href":"https:\/\/portalmf.com.br\/index.php\/wp-json\/wp\/v2\/posts\/2557\/revisions"}],"predecessor-version":[{"id":2559,"href":"https:\/\/portalmf.com.br\/index.php\/wp-json\/wp\/v2\/posts\/2557\/revisions\/2559"}],"wp:featuredmedia":[{"embeddable":true,"href":"https:\/\/portalmf.com.br\/index.php\/wp-json\/wp\/v2\/media\/2558"}],"wp:attachment":[{"href":"https:\/\/portalmf.com.br\/index.php\/wp-json\/wp\/v2\/media?parent=2557"}],"wp:term":[{"taxonomy":"category","embeddable":true,"href":"https:\/\/portalmf.com.br\/index.php\/wp-json\/wp\/v2\/categories?post=2557"},{"taxonomy":"post_tag","embeddable":true,"href":"https:\/\/portalmf.com.br\/index.php\/wp-json\/wp\/v2\/tags?post=2557"}],"curies":[{"name":"wp","href":"https:\/\/api.w.org\/{rel}","templated":true}]}}