{"id":2546,"date":"2022-08-03T10:07:00","date_gmt":"2022-08-03T13:07:00","guid":{"rendered":"http:\/\/portalmf.com.br\/?p=2546"},"modified":"2022-08-03T15:58:17","modified_gmt":"2022-08-03T18:58:17","slug":"3o-encontro-da-jovem-advocacia-do-sertao-acontecera-em-setembro-em-feira-de-santana","status":"publish","type":"post","link":"https:\/\/portalmf.com.br\/index.php\/2022\/08\/03\/3o-encontro-da-jovem-advocacia-do-sertao-acontecera-em-setembro-em-feira-de-santana\/","title":{"rendered":"3\u00ba encontro da Jovem Advocacia do Sert\u00e3o acontecer\u00e1 em setembro em Feira de Santana"},"content":{"rendered":"\n<p>Nos dias 21 e 22 de setembro acontecer\u00e1, no audit\u00f3rio da Faculdade Anisio Teixeira (FAT), o 3\u00ba Encontro da Jovem Advocacia do Sert\u00e3o. O evento, voltado para estudantes de Direito, bachar\u00e9is e advogados(as), \u00e9 organizado pela OAB Subse\u00e7\u00e3o Feira de Santana, em parceria com o Conselho Consultivo da Jovem Advocacia (CCJA), e apoio da Seccional da OAB com o seu respectivo CCJA.<\/p>\n\n\n\n<p>A presidente do CCJA da OAB Feira, Nubiana Reis, informa que o evento contar\u00e1 com grandes nomes do cen\u00e1rio jur\u00eddico nacional. <\/p>\n\n\n\n<p><em>\u201cRealizaremos um evento de grande porte em Feira de Santana, interior da Bahia, como fizemos em 2019. Ser\u00e3o dois dias de muito aprendizado. As palestras ter\u00e3o tem\u00e1ticas que contemplar\u00e3o diversas \u00e1reas do Direito, trazendo conhecimento pr\u00e1tico e muita experi\u00eancia\u201d,<\/em> declara.<\/p>\n\n\n\n<p>Nomes como Cristiane Morgado, Renato Porto, Brenda Viana, M\u00e1rcio Nissim, Lu\u00eds Viana, Marcus Rodrigues, Gabriela Pereira, Marcos Silva, Gabriela Macedo, Sarah Barros, Hermes Hilari\u00e3o, entre outros s\u00e3o os que comp\u00f5em o quadro de palestrantes do evento. As inscri\u00e7\u00f5es do evento j\u00e1 est\u00e3o abertas e podem ser feitas atrav\u00e9s do Sympla, pelo link:<a href=\" https:\/\/www.sympla.com.br\/3-encontro-da-jovem-advocacia-do-sertao__1665651?share_id=4ahoo.\"> https:\/\/www.sympla.com.br\/3-encontro-da-jovem-advocacia-do-sertao__1665651?share_id=4ahoo.<\/a><\/p>\n\n\n\n<p>Haver\u00e1 pain\u00e9is de palestras com temas variados nos dois dias, sendo que, no dia 21, as palestras ser\u00e3o realizadas das 18:00 \u00e0s 21:00, e no dia 22, das 9:00 \u00e0s 20:00. O evento ter\u00e1 carga hor\u00e1ria de 16 horas, com certificado.<\/p>\n\n\n\n<p>O presidente da OAB Subse\u00e7\u00e3o Feira, Raphael Pitombo, destaca que esse \u00e9 um grande evento realizado pela institui\u00e7\u00e3o que busca fomentar e difundir o conhecimento. <\/p>\n\n\n\n<p><em>\u201c\u00c9 um encontro que j\u00e1 faz parte do calend\u00e1rio jur\u00eddico da Bahia, contando com grandes nomes do cen\u00e1rio da advocacia nacional que estar\u00e3o em Feira de Santana nestes dias para falar para a jovem advocacia\u201d<\/em>, afirma.<\/p>\n\n\n\n<p>A vice-presidente, Lorena Peixoto, ressalta que este terceiro encontro demonstra, mais uma vez, o quanto a OAB se preocupa com a jovem advocacia. \u201cSe preocupa tamb\u00e9m com as suas demandas e com os desafios que os(as) colegas advogados(as) encontram quando iniciam sua vida profissional\u201d, declara.<\/p>\n","protected":false},"excerpt":{"rendered":"<p>Nos dias 21 e 22 de setembro acontecer\u00e1, no audit\u00f3rio da Faculdade Anisio Teixeira (FAT), o 3\u00ba Encontro da Jovem Advocacia do Sert\u00e3o. O evento, voltado para estudantes de Direito, bachar\u00e9is e advogados(as), \u00e9 organizado pela OAB Subse\u00e7\u00e3o Feira de Santana, em parceria com o Conselho Consultivo da Jovem Advocacia (CCJA), e apoio da Seccional [&hellip;]<\/p>\n","protected":false},"author":2,"featured_media":2547,"comment_status":"open","ping_status":"open","sticky":false,"template":"","format":"standard","meta":{"_monsterinsights_skip_tracking":false,"_monsterinsights_sitenote_active":false,"_monsterinsights_sitenote_note":"","_monsterinsights_sitenote_category":0,"footnotes":""},"categories":[34],"tags":[],"yoast_head":"<!-- This site is optimized with the Yoast SEO plugin v22.9 - https:\/\/yoast.com\/wordpress\/plugins\/seo\/ -->\n<title>3\u00ba encontro da Jovem Advocacia do Sert\u00e3o acontecer\u00e1 em setembro em Feira de Santana - Portal MF<\/title>\n<meta name=\"robots\" content=\"index, follow, max-snippet:-1, max-image-preview:large, max-video-preview:-1\" \/>\n<link rel=\"canonical\" href=\"https:\/\/portalmf.com.br\/index.php\/2022\/08\/03\/3o-encontro-da-jovem-advocacia-do-sertao-acontecera-em-setembro-em-feira-de-santana\/\" \/>\n<meta property=\"og:locale\" content=\"pt_BR\" \/>\n<meta property=\"og:type\" content=\"article\" \/>\n<meta property=\"og:title\" content=\"3\u00ba encontro da Jovem Advocacia do Sert\u00e3o acontecer\u00e1 em setembro em Feira de Santana - Portal MF\" \/>\n<meta property=\"og:description\" content=\"Nos dias 21 e 22 de setembro acontecer\u00e1, no audit\u00f3rio da Faculdade Anisio Teixeira (FAT), o 3\u00ba Encontro da Jovem Advocacia do Sert\u00e3o. O evento, voltado para estudantes de Direito, bachar\u00e9is e advogados(as), \u00e9 organizado pela OAB Subse\u00e7\u00e3o Feira de Santana, em parceria com o Conselho Consultivo da Jovem Advocacia (CCJA), e apoio da Seccional [&hellip;]\" \/>\n<meta property=\"og:url\" content=\"https:\/\/portalmf.com.br\/index.php\/2022\/08\/03\/3o-encontro-da-jovem-advocacia-do-sertao-acontecera-em-setembro-em-feira-de-santana\/\" \/>\n<meta property=\"og:site_name\" content=\"Portal MF\" \/>\n<meta property=\"article:author\" content=\"reginaldojrfsa\" \/>\n<meta property=\"article:published_time\" content=\"2022-08-03T13:07:00+00:00\" \/>\n<meta property=\"article:modified_time\" content=\"2022-08-03T18:58:17+00:00\" \/>\n<meta property=\"og:image\" content=\"https:\/\/portalmf.com.br\/wp-content\/uploads\/2022\/08\/WhatsApp-Image-2022-08-03-at-13.03.49.jpeg\" \/>\n\t<meta property=\"og:image:width\" content=\"1242\" \/>\n\t<meta property=\"og:image:height\" content=\"1227\" \/>\n\t<meta property=\"og:image:type\" content=\"image\/jpeg\" \/>\n<meta name=\"author\" content=\"Reginaldo J\u00fanior\" \/>\n<meta name=\"twitter:card\" content=\"summary_large_image\" \/>\n<meta name=\"twitter:creator\" content=\"@reginaldojrmf\" \/>\n<meta name=\"twitter:label1\" content=\"Escrito por\" \/>\n\t<meta name=\"twitter:data1\" content=\"Reginaldo J\u00fanior\" \/>\n\t<meta name=\"twitter:label2\" content=\"Est. tempo de leitura\" \/>\n\t<meta name=\"twitter:data2\" content=\"2 minutos\" \/>\n<script type=\"application\/ld+json\" class=\"yoast-schema-graph\">{\"@context\":\"https:\/\/schema.org\",\"@graph\":[{\"@type\":\"WebPage\",\"@id\":\"https:\/\/portalmf.com.br\/index.php\/2022\/08\/03\/3o-encontro-da-jovem-advocacia-do-sertao-acontecera-em-setembro-em-feira-de-santana\/\",\"url\":\"https:\/\/portalmf.com.br\/index.php\/2022\/08\/03\/3o-encontro-da-jovem-advocacia-do-sertao-acontecera-em-setembro-em-feira-de-santana\/\",\"name\":\"3\u00ba encontro da Jovem Advocacia do Sert\u00e3o acontecer\u00e1 em setembro em Feira de Santana - Portal MF\",\"isPartOf\":{\"@id\":\"https:\/\/portalmf.com.br\/#website\"},\"primaryImageOfPage\":{\"@id\":\"https:\/\/portalmf.com.br\/index.php\/2022\/08\/03\/3o-encontro-da-jovem-advocacia-do-sertao-acontecera-em-setembro-em-feira-de-santana\/#primaryimage\"},\"image\":{\"@id\":\"https:\/\/portalmf.com.br\/index.php\/2022\/08\/03\/3o-encontro-da-jovem-advocacia-do-sertao-acontecera-em-setembro-em-feira-de-santana\/#primaryimage\"},\"thumbnailUrl\":\"https:\/\/portalmf.com.br\/wp-content\/uploads\/2022\/08\/WhatsApp-Image-2022-08-03-at-13.03.49.jpeg\",\"datePublished\":\"2022-08-03T13:07:00+00:00\",\"dateModified\":\"2022-08-03T18:58:17+00:00\",\"author\":{\"@id\":\"https:\/\/portalmf.com.br\/#\/schema\/person\/11c82086fe8abc05a19147e964587285\"},\"breadcrumb\":{\"@id\":\"https:\/\/portalmf.com.br\/index.php\/2022\/08\/03\/3o-encontro-da-jovem-advocacia-do-sertao-acontecera-em-setembro-em-feira-de-santana\/#breadcrumb\"},\"inLanguage\":\"pt-BR\",\"potentialAction\":[{\"@type\":\"ReadAction\",\"target\":[\"https:\/\/portalmf.com.br\/index.php\/2022\/08\/03\/3o-encontro-da-jovem-advocacia-do-sertao-acontecera-em-setembro-em-feira-de-santana\/\"]}]},{\"@type\":\"ImageObject\",\"inLanguage\":\"pt-BR\",\"@id\":\"https:\/\/portalmf.com.br\/index.php\/2022\/08\/03\/3o-encontro-da-jovem-advocacia-do-sertao-acontecera-em-setembro-em-feira-de-santana\/#primaryimage\",\"url\":\"https:\/\/portalmf.com.br\/wp-content\/uploads\/2022\/08\/WhatsApp-Image-2022-08-03-at-13.03.49.jpeg\",\"contentUrl\":\"https:\/\/portalmf.com.br\/wp-content\/uploads\/2022\/08\/WhatsApp-Image-2022-08-03-at-13.03.49.jpeg\",\"width\":1242,\"height\":1227},{\"@type\":\"BreadcrumbList\",\"@id\":\"https:\/\/portalmf.com.br\/index.php\/2022\/08\/03\/3o-encontro-da-jovem-advocacia-do-sertao-acontecera-em-setembro-em-feira-de-santana\/#breadcrumb\",\"itemListElement\":[{\"@type\":\"ListItem\",\"position\":1,\"name\":\"In\u00edcio\",\"item\":\"https:\/\/portalmf.com.br\/\"},{\"@type\":\"ListItem\",\"position\":2,\"name\":\"3\u00ba encontro da Jovem Advocacia do Sert\u00e3o acontecer\u00e1 em setembro em Feira de Santana\"}]},{\"@type\":\"WebSite\",\"@id\":\"https:\/\/portalmf.com.br\/#website\",\"url\":\"https:\/\/portalmf.com.br\/\",\"name\":\"Portal MF\",\"description\":\"Voc\u00ea conectado com a informa\u00e7\u00e3o\",\"potentialAction\":[{\"@type\":\"SearchAction\",\"target\":{\"@type\":\"EntryPoint\",\"urlTemplate\":\"https:\/\/portalmf.com.br\/?s={search_term_string}\"},\"query-input\":\"required name=search_term_string\"}],\"inLanguage\":\"pt-BR\"},{\"@type\":\"Person\",\"@id\":\"https:\/\/portalmf.com.br\/#\/schema\/person\/11c82086fe8abc05a19147e964587285\",\"name\":\"Reginaldo J\u00fanior\",\"image\":{\"@type\":\"ImageObject\",\"inLanguage\":\"pt-BR\",\"@id\":\"https:\/\/portalmf.com.br\/#\/schema\/person\/image\/\",\"url\":\"https:\/\/secure.gravatar.com\/avatar\/32a3c797cd0ac47cc53b8644c62776f9?s=96&d=mm&r=g\",\"contentUrl\":\"https:\/\/secure.gravatar.com\/avatar\/32a3c797cd0ac47cc53b8644c62776f9?s=96&d=mm&r=g\",\"caption\":\"Reginaldo J\u00fanior\"},\"description\":\"Jornalista e idealizador Portal MF\",\"sameAs\":[\"https:\/\/portalmf.com.br\/index.php\/author\/reginaldojr\/\",\"reginaldojrfsa\",\"reginaldojuniormf\",\"https:\/\/x.com\/reginaldojrmf\"],\"url\":\"https:\/\/portalmf.com.br\/index.php\/author\/reginaldojr\/\"}]}<\/script>\n<!-- \/ Yoast SEO plugin. -->","yoast_head_json":{"title":"3\u00ba encontro da Jovem Advocacia do Sert\u00e3o acontecer\u00e1 em setembro em Feira de Santana - Portal MF","robots":{"index":"index","follow":"follow","max-snippet":"max-snippet:-1","max-image-preview":"max-image-preview:large","max-video-preview":"max-video-preview:-1"},"canonical":"https:\/\/portalmf.com.br\/index.php\/2022\/08\/03\/3o-encontro-da-jovem-advocacia-do-sertao-acontecera-em-setembro-em-feira-de-santana\/","og_locale":"pt_BR","og_type":"article","og_title":"3\u00ba encontro da Jovem Advocacia do Sert\u00e3o acontecer\u00e1 em setembro em Feira de Santana - Portal MF","og_description":"Nos dias 21 e 22 de setembro acontecer\u00e1, no audit\u00f3rio da Faculdade Anisio Teixeira (FAT), o 3\u00ba Encontro da Jovem Advocacia do Sert\u00e3o. O evento, voltado para estudantes de Direito, bachar\u00e9is e advogados(as), \u00e9 organizado pela OAB Subse\u00e7\u00e3o Feira de Santana, em parceria com o Conselho Consultivo da Jovem Advocacia (CCJA), e apoio da Seccional [&hellip;]","og_url":"https:\/\/portalmf.com.br\/index.php\/2022\/08\/03\/3o-encontro-da-jovem-advocacia-do-sertao-acontecera-em-setembro-em-feira-de-santana\/","og_site_name":"Portal MF","article_author":"reginaldojrfsa","article_published_time":"2022-08-03T13:07:00+00:00","article_modified_time":"2022-08-03T18:58:17+00:00","og_image":[{"width":1242,"height":1227,"url":"https:\/\/portalmf.com.br\/wp-content\/uploads\/2022\/08\/WhatsApp-Image-2022-08-03-at-13.03.49.jpeg","type":"image\/jpeg"}],"author":"Reginaldo J\u00fanior","twitter_card":"summary_large_image","twitter_creator":"@reginaldojrmf","twitter_misc":{"Escrito por":"Reginaldo J\u00fanior","Est. tempo de leitura":"2 minutos"},"schema":{"@context":"https:\/\/schema.org","@graph":[{"@type":"WebPage","@id":"https:\/\/portalmf.com.br\/index.php\/2022\/08\/03\/3o-encontro-da-jovem-advocacia-do-sertao-acontecera-em-setembro-em-feira-de-santana\/","url":"https:\/\/portalmf.com.br\/index.php\/2022\/08\/03\/3o-encontro-da-jovem-advocacia-do-sertao-acontecera-em-setembro-em-feira-de-santana\/","name":"3\u00ba encontro da Jovem Advocacia do Sert\u00e3o acontecer\u00e1 em setembro em Feira de Santana - Portal MF","isPartOf":{"@id":"https:\/\/portalmf.com.br\/#website"},"primaryImageOfPage":{"@id":"https:\/\/portalmf.com.br\/index.php\/2022\/08\/03\/3o-encontro-da-jovem-advocacia-do-sertao-acontecera-em-setembro-em-feira-de-santana\/#primaryimage"},"image":{"@id":"https:\/\/portalmf.com.br\/index.php\/2022\/08\/03\/3o-encontro-da-jovem-advocacia-do-sertao-acontecera-em-setembro-em-feira-de-santana\/#primaryimage"},"thumbnailUrl":"https:\/\/portalmf.com.br\/wp-content\/uploads\/2022\/08\/WhatsApp-Image-2022-08-03-at-13.03.49.jpeg","datePublished":"2022-08-03T13:07:00+00:00","dateModified":"2022-08-03T18:58:17+00:00","author":{"@id":"https:\/\/portalmf.com.br\/#\/schema\/person\/11c82086fe8abc05a19147e964587285"},"breadcrumb":{"@id":"https:\/\/portalmf.com.br\/index.php\/2022\/08\/03\/3o-encontro-da-jovem-advocacia-do-sertao-acontecera-em-setembro-em-feira-de-santana\/#breadcrumb"},"inLanguage":"pt-BR","potentialAction":[{"@type":"ReadAction","target":["https:\/\/portalmf.com.br\/index.php\/2022\/08\/03\/3o-encontro-da-jovem-advocacia-do-sertao-acontecera-em-setembro-em-feira-de-santana\/"]}]},{"@type":"ImageObject","inLanguage":"pt-BR","@id":"https:\/\/portalmf.com.br\/index.php\/2022\/08\/03\/3o-encontro-da-jovem-advocacia-do-sertao-acontecera-em-setembro-em-feira-de-santana\/#primaryimage","url":"https:\/\/portalmf.com.br\/wp-content\/uploads\/2022\/08\/WhatsApp-Image-2022-08-03-at-13.03.49.jpeg","contentUrl":"https:\/\/portalmf.com.br\/wp-content\/uploads\/2022\/08\/WhatsApp-Image-2022-08-03-at-13.03.49.jpeg","width":1242,"height":1227},{"@type":"BreadcrumbList","@id":"https:\/\/portalmf.com.br\/index.php\/2022\/08\/03\/3o-encontro-da-jovem-advocacia-do-sertao-acontecera-em-setembro-em-feira-de-santana\/#breadcrumb","itemListElement":[{"@type":"ListItem","position":1,"name":"In\u00edcio","item":"https:\/\/portalmf.com.br\/"},{"@type":"ListItem","position":2,"name":"3\u00ba encontro da Jovem Advocacia do Sert\u00e3o acontecer\u00e1 em setembro em Feira de Santana"}]},{"@type":"WebSite","@id":"https:\/\/portalmf.com.br\/#website","url":"https:\/\/portalmf.com.br\/","name":"Portal MF","description":"Voc\u00ea conectado com a informa\u00e7\u00e3o","potentialAction":[{"@type":"SearchAction","target":{"@type":"EntryPoint","urlTemplate":"https:\/\/portalmf.com.br\/?s={search_term_string}"},"query-input":"required name=search_term_string"}],"inLanguage":"pt-BR"},{"@type":"Person","@id":"https:\/\/portalmf.com.br\/#\/schema\/person\/11c82086fe8abc05a19147e964587285","name":"Reginaldo J\u00fanior","image":{"@type":"ImageObject","inLanguage":"pt-BR","@id":"https:\/\/portalmf.com.br\/#\/schema\/person\/image\/","url":"https:\/\/secure.gravatar.com\/avatar\/32a3c797cd0ac47cc53b8644c62776f9?s=96&d=mm&r=g","contentUrl":"https:\/\/secure.gravatar.com\/avatar\/32a3c797cd0ac47cc53b8644c62776f9?s=96&d=mm&r=g","caption":"Reginaldo J\u00fanior"},"description":"Jornalista e idealizador Portal MF","sameAs":["https:\/\/portalmf.com.br\/index.php\/author\/reginaldojr\/","reginaldojrfsa","reginaldojuniormf","https:\/\/x.com\/reginaldojrmf"],"url":"https:\/\/portalmf.com.br\/index.php\/author\/reginaldojr\/"}]}},"_links":{"self":[{"href":"https:\/\/portalmf.com.br\/index.php\/wp-json\/wp\/v2\/posts\/2546"}],"collection":[{"href":"https:\/\/portalmf.com.br\/index.php\/wp-json\/wp\/v2\/posts"}],"about":[{"href":"https:\/\/portalmf.com.br\/index.php\/wp-json\/wp\/v2\/types\/post"}],"author":[{"embeddable":true,"href":"https:\/\/portalmf.com.br\/index.php\/wp-json\/wp\/v2\/users\/2"}],"replies":[{"embeddable":true,"href":"https:\/\/portalmf.com.br\/index.php\/wp-json\/wp\/v2\/comments?post=2546"}],"version-history":[{"count":1,"href":"https:\/\/portalmf.com.br\/index.php\/wp-json\/wp\/v2\/posts\/2546\/revisions"}],"predecessor-version":[{"id":2548,"href":"https:\/\/portalmf.com.br\/index.php\/wp-json\/wp\/v2\/posts\/2546\/revisions\/2548"}],"wp:featuredmedia":[{"embeddable":true,"href":"https:\/\/portalmf.com.br\/index.php\/wp-json\/wp\/v2\/media\/2547"}],"wp:attachment":[{"href":"https:\/\/portalmf.com.br\/index.php\/wp-json\/wp\/v2\/media?parent=2546"}],"wp:term":[{"taxonomy":"category","embeddable":true,"href":"https:\/\/portalmf.com.br\/index.php\/wp-json\/wp\/v2\/categories?post=2546"},{"taxonomy":"post_tag","embeddable":true,"href":"https:\/\/portalmf.com.br\/index.php\/wp-json\/wp\/v2\/tags?post=2546"}],"curies":[{"name":"wp","href":"https:\/\/api.w.org\/{rel}","templated":true}]}}