{"id":2534,"date":"2022-08-03T12:12:18","date_gmt":"2022-08-03T15:12:18","guid":{"rendered":"http:\/\/portalmf.com.br\/?p=2534"},"modified":"2022-08-03T12:12:19","modified_gmt":"2022-08-03T15:12:19","slug":"os-presidios-hoje-sao-quarteis-generais-do-crime-na-bahia-e-tudo-isso-acontece-debaixo-dos-olhos-do-governador-diz-acm-neto","status":"publish","type":"post","link":"https:\/\/portalmf.com.br\/index.php\/2022\/08\/03\/os-presidios-hoje-sao-quarteis-generais-do-crime-na-bahia-e-tudo-isso-acontece-debaixo-dos-olhos-do-governador-diz-acm-neto\/","title":{"rendered":"\u201cOs pres\u00eddios hoje s\u00e3o quart\u00e9is-generais do crime na Bahia e tudo isso acontece debaixo dos olhos do governador\u201d, diz ACM Neto"},"content":{"rendered":"\n<p>O pr\u00e9-candidato ao governo do estado ACM Neto (Uni\u00e3o Brasil) criticou nesta ter\u00e7a-feira (2) a postura do governador diante de mais casos de viol\u00eancia registrados na Bahia e disse que os pres\u00eddios baianos s\u00e3o quart\u00e9is-generais do crime. O ex-prefeito de Salvador salientou que os epis\u00f3dios de inseguran\u00e7a est\u00e3o se repetindo diante de um olhar complacente e sem qualquer rea\u00e7\u00e3o do chefe do Executivo estadual. Ele afirmou que, caso seja eleito, mudar\u00e1 completamente a estrat\u00e9gia de seguran\u00e7a p\u00fablica, endurecendo inclusive o tratamento aos criminosos nos pres\u00eddios.<\/p>\n\n\n\n<p>\u201cA verdade \u00e9 que os pres\u00eddios hoje na Bahia s\u00e3o os quart\u00e9is-generais do crime organizado, e tudo isso acontece sob o olhar complacente do governador do estado e das autoridades de seguran\u00e7a p\u00fablica, que fingem que o problema n\u00e3o \u00e9 delas. Mais da metade dos crimes hoje acontecem por ordens de dentro da cadeia. Ora, se as ordens v\u00eam de dentro da cadeia \u00e9 porque o sistema prisional da Bahia n\u00e3o funciona. \u00c9 ideia minha, caso seja governador, implantar novos pres\u00eddios de seguran\u00e7a m\u00e1xima no estado. Vamos separar as fac\u00e7\u00f5es criminosas e dar tratamento dur\u00edssimo aos chefes do crime organizado\u201d, disse, em entrevista \u00e0 R\u00e1dio Sociedade.<\/p>\n\n\n\n<p>Neto lembrou que o papel eficiente da pol\u00edcia passa tamb\u00e9m pela preven\u00e7\u00e3o. Segundo ele, n\u00e3o h\u00e1 hoje estrutura para que os agentes fa\u00e7am um trabalho de intelig\u00eancia, unificando informa\u00e7\u00f5es e desbaratando fac\u00e7\u00f5es criminosas. \u201cTemos que cortar o v\u00ednculo econ\u00f4mico que alimenta essas organiza\u00e7\u00f5es. Precisamos cortar a comunica\u00e7\u00e3o de dentro do pres\u00eddio para fora. N\u00e3o \u00e9 poss\u00edvel que dentro do pres\u00eddio o preso tenha celular, que tenha r\u00e1dio-comunicador e que d\u00ea comando para o que est\u00e1 acontecendo do lado de fora. Antigamente, diziam que os pres\u00eddios eram a escola do crime. Mas, n\u00e3o \u00e9 a escola do crime mais. Hoje, \u00e9 o quartel-general do crime\u201d, completou.<\/p>\n\n\n\n<p>Neto ainda comentou o caso da menina de 15 anos assassinada no Campo Grande, em frente ao Pal\u00e1cio da Aclama\u00e7\u00e3o, com um tiro no peito durante uma tentativa de assalto. Ela estava indo para a escola acompanhada da m\u00e3e e da irm\u00e3 de 12 anos. Segundo ACM Neto, a culpa pela viol\u00eancia desenfreada \u00e9 sobretudo do governador, pois ele precisa se comportar como o comandante da seguran\u00e7a p\u00fablica na Bahia e n\u00e3o passar adiante essa tarefa.<\/p>\n\n\n\n<p><em>\u201c\u00c9 preciso ter um governador que mude a postura no enfrentamento ao crime, pois tanto Rui Costa como Jaques Wagner n\u00e3o agiram com a firmeza necess\u00e1ria. Quem me conhece, sabe: n\u00e3o sou de procurar culpados e desculpas e n\u00e3o sou de terceirizar tarefas que s\u00e3o pr\u00f3prias das fun\u00e7\u00f5es que exer\u00e7o. Assim demonstrei no meu trabalho de oito anos como prefeito de Salvador e, se tiver a oportunidade de ser governador, vou chamar o problema da seguran\u00e7a p\u00fablica para mim\u201d, <\/em>afirmou.<\/p>\n\n\n\n<p>O pr\u00e9-candidato tamb\u00e9m falou da necessidade de valorizar as for\u00e7as de seguran\u00e7 e dar a eles uma estrutura melhor de trabalho. <em>\u201cOs policiais hoje est\u00e3o desestimulados. Eu tenho conversado com muitos policiais militares e civis, com especialistas em seguran\u00e7a e a turma est\u00e1 desmotivada. A gente tem visto a\u00ed mais e mais not\u00edcias de policiais assassinados. A tropa n\u00e3o est\u00e1 com boa condi\u00e7\u00e3o de trabalho\u201d,<\/em> disse.<\/p>\n\n\n\n<p><em>\u201cEm 293 munic\u00edpios da Bahia, voc\u00ea encontra apenas dois policiais trabalhando em esquema de revezamento. As viaturas ficam paradas por falta de gasolina, e s\u00f3 rodam se a prefeitura ajudar a bancar. V\u00e1rias cidades que n\u00e3o possuem delegado titular e o que \u00e9 respons\u00e1vel pela \u00e1rea n\u00e3o aparece. N\u00e3o tem jeito, vai ser preciso botar mais dinheiro na seguran\u00e7a e ter estrat\u00e9gia. Plano de trabalho, cobran\u00e7a de resultados e integra\u00e7\u00e3o\u201d<\/em>, completou.<\/p>\n\n\n\n<p><strong>Trabalho conjunto<\/strong><br><br>Neto afirmou ainda que o governador precisa convocar outras entidades, como o Minist\u00e9rio P\u00fablico, o Poder Judici\u00e1rio e a Defensoria P\u00fablica, para um trabalho em conjunto contra a viol\u00eancia: \u201cTemos, sim, um problema de desatualiza\u00e7\u00e3o do C\u00f3digo Penal e do C\u00f3digo de Processo Penal, que tem muitas brechas para soltar ou n\u00e3o prender o bandido, e por isso precisamos da atua\u00e7\u00e3o do Minist\u00e9rio P\u00fablico e do Poder Judici\u00e1rio\u201d, disse.<\/p>\n\n\n\n<p>\u201cPor isso que eu quero colocar todos na mesma mesa e realizar reuni\u00f5es peri\u00f3dicas, fazer uma avalia\u00e7\u00e3o dos n\u00fameros do crime na Bahia e analisar em quais pontos as coisas est\u00e3o indo mal e como Minist\u00e9rio P\u00fablico e o Poder Judici\u00e1rio podem atuar para evitar isso. Temos que agir com rigor, porque lugar de bandido \u00e9 na cadeia, tem que ser tratado como bandido e n\u00e3o como mocinho\u201d, afirmou.<\/p>\n\n\n\n<p>As propostas de ACM Neto para a seguran\u00e7a p\u00fablica ser\u00e3o apresentadas no seu plano de governo, que trar\u00e1 um cap\u00edtulo espec\u00edfico para tratar do assunto. O documento estar\u00e1 dispon\u00edvel ap\u00f3s a conven\u00e7\u00e3o do Uni\u00e3o Brasil, que ser\u00e1 realizada na sexta-feira (5), \u00e0s 9h, no Centro de Conven\u00e7\u00f5es de Salvador, na Boca do Rio. \u201cAs propostas foram inspiradas em trabalhos feitos em alguns estados do Brasil, inclusive no estado de Goi\u00e1s, onde grandes resultados foram alcan\u00e7ados. N\u00f3s vamos mostrar no nosso plano de seguran\u00e7a quais s\u00e3o as nossas metas e o que vamos fazer para acabar com a viol\u00eancia na Bahia\u201d, disse Neto.<\/p>\n","protected":false},"excerpt":{"rendered":"<p>O pr\u00e9-candidato ao governo do estado ACM Neto (Uni\u00e3o Brasil) criticou nesta ter\u00e7a-feira (2) a postura do governador diante de mais casos de viol\u00eancia registrados na Bahia e disse que os pres\u00eddios baianos s\u00e3o quart\u00e9is-generais do crime. O ex-prefeito de Salvador salientou que os epis\u00f3dios de inseguran\u00e7a est\u00e3o se repetindo diante de um olhar complacente [&hellip;]<\/p>\n","protected":false},"author":2,"featured_media":2535,"comment_status":"open","ping_status":"open","sticky":false,"template":"","format":"standard","meta":{"_monsterinsights_skip_tracking":false,"_monsterinsights_sitenote_active":false,"_monsterinsights_sitenote_note":"","_monsterinsights_sitenote_category":0,"footnotes":""},"categories":[34],"tags":[],"yoast_head":"<!-- This site is optimized with the Yoast SEO plugin v22.9 - https:\/\/yoast.com\/wordpress\/plugins\/seo\/ -->\n<title>\u201cOs pres\u00eddios hoje s\u00e3o quart\u00e9is-generais do crime na Bahia e tudo isso acontece debaixo dos olhos do governador\u201d, diz ACM Neto - Portal MF<\/title>\n<meta name=\"robots\" content=\"index, follow, max-snippet:-1, max-image-preview:large, max-video-preview:-1\" \/>\n<link rel=\"canonical\" href=\"https:\/\/portalmf.com.br\/index.php\/2022\/08\/03\/os-presidios-hoje-sao-quarteis-generais-do-crime-na-bahia-e-tudo-isso-acontece-debaixo-dos-olhos-do-governador-diz-acm-neto\/\" \/>\n<meta property=\"og:locale\" content=\"pt_BR\" \/>\n<meta property=\"og:type\" content=\"article\" \/>\n<meta property=\"og:title\" content=\"\u201cOs pres\u00eddios hoje s\u00e3o quart\u00e9is-generais do crime na Bahia e tudo isso acontece debaixo dos olhos do governador\u201d, diz ACM Neto - Portal MF\" \/>\n<meta property=\"og:description\" content=\"O pr\u00e9-candidato ao governo do estado ACM Neto (Uni\u00e3o Brasil) criticou nesta ter\u00e7a-feira (2) a postura do governador diante de mais casos de viol\u00eancia registrados na Bahia e disse que os pres\u00eddios baianos s\u00e3o quart\u00e9is-generais do crime. O ex-prefeito de Salvador salientou que os epis\u00f3dios de inseguran\u00e7a est\u00e3o se repetindo diante de um olhar complacente [&hellip;]\" \/>\n<meta property=\"og:url\" content=\"https:\/\/portalmf.com.br\/index.php\/2022\/08\/03\/os-presidios-hoje-sao-quarteis-generais-do-crime-na-bahia-e-tudo-isso-acontece-debaixo-dos-olhos-do-governador-diz-acm-neto\/\" \/>\n<meta property=\"og:site_name\" content=\"Portal MF\" \/>\n<meta property=\"article:author\" content=\"reginaldojrfsa\" \/>\n<meta property=\"article:published_time\" content=\"2022-08-03T15:12:18+00:00\" \/>\n<meta property=\"article:modified_time\" content=\"2022-08-03T15:12:19+00:00\" \/>\n<meta property=\"og:image\" content=\"https:\/\/portalmf.com.br\/wp-content\/uploads\/2022\/08\/ACM-NETO.jpeg\" \/>\n\t<meta property=\"og:image:width\" content=\"1600\" \/>\n\t<meta property=\"og:image:height\" content=\"1352\" \/>\n\t<meta property=\"og:image:type\" content=\"image\/jpeg\" \/>\n<meta name=\"author\" content=\"Reginaldo J\u00fanior\" \/>\n<meta name=\"twitter:card\" content=\"summary_large_image\" \/>\n<meta name=\"twitter:creator\" content=\"@reginaldojrmf\" \/>\n<meta name=\"twitter:label1\" content=\"Escrito por\" \/>\n\t<meta name=\"twitter:data1\" content=\"Reginaldo J\u00fanior\" \/>\n\t<meta name=\"twitter:label2\" content=\"Est. tempo de leitura\" \/>\n\t<meta name=\"twitter:data2\" content=\"5 minutos\" \/>\n<script type=\"application\/ld+json\" class=\"yoast-schema-graph\">{\"@context\":\"https:\/\/schema.org\",\"@graph\":[{\"@type\":\"WebPage\",\"@id\":\"https:\/\/portalmf.com.br\/index.php\/2022\/08\/03\/os-presidios-hoje-sao-quarteis-generais-do-crime-na-bahia-e-tudo-isso-acontece-debaixo-dos-olhos-do-governador-diz-acm-neto\/\",\"url\":\"https:\/\/portalmf.com.br\/index.php\/2022\/08\/03\/os-presidios-hoje-sao-quarteis-generais-do-crime-na-bahia-e-tudo-isso-acontece-debaixo-dos-olhos-do-governador-diz-acm-neto\/\",\"name\":\"\u201cOs pres\u00eddios hoje s\u00e3o quart\u00e9is-generais do crime na Bahia e tudo isso acontece debaixo dos olhos do governador\u201d, diz ACM Neto - Portal MF\",\"isPartOf\":{\"@id\":\"https:\/\/portalmf.com.br\/#website\"},\"primaryImageOfPage\":{\"@id\":\"https:\/\/portalmf.com.br\/index.php\/2022\/08\/03\/os-presidios-hoje-sao-quarteis-generais-do-crime-na-bahia-e-tudo-isso-acontece-debaixo-dos-olhos-do-governador-diz-acm-neto\/#primaryimage\"},\"image\":{\"@id\":\"https:\/\/portalmf.com.br\/index.php\/2022\/08\/03\/os-presidios-hoje-sao-quarteis-generais-do-crime-na-bahia-e-tudo-isso-acontece-debaixo-dos-olhos-do-governador-diz-acm-neto\/#primaryimage\"},\"thumbnailUrl\":\"https:\/\/portalmf.com.br\/wp-content\/uploads\/2022\/08\/ACM-NETO.jpeg\",\"datePublished\":\"2022-08-03T15:12:18+00:00\",\"dateModified\":\"2022-08-03T15:12:19+00:00\",\"author\":{\"@id\":\"https:\/\/portalmf.com.br\/#\/schema\/person\/11c82086fe8abc05a19147e964587285\"},\"breadcrumb\":{\"@id\":\"https:\/\/portalmf.com.br\/index.php\/2022\/08\/03\/os-presidios-hoje-sao-quarteis-generais-do-crime-na-bahia-e-tudo-isso-acontece-debaixo-dos-olhos-do-governador-diz-acm-neto\/#breadcrumb\"},\"inLanguage\":\"pt-BR\",\"potentialAction\":[{\"@type\":\"ReadAction\",\"target\":[\"https:\/\/portalmf.com.br\/index.php\/2022\/08\/03\/os-presidios-hoje-sao-quarteis-generais-do-crime-na-bahia-e-tudo-isso-acontece-debaixo-dos-olhos-do-governador-diz-acm-neto\/\"]}]},{\"@type\":\"ImageObject\",\"inLanguage\":\"pt-BR\",\"@id\":\"https:\/\/portalmf.com.br\/index.php\/2022\/08\/03\/os-presidios-hoje-sao-quarteis-generais-do-crime-na-bahia-e-tudo-isso-acontece-debaixo-dos-olhos-do-governador-diz-acm-neto\/#primaryimage\",\"url\":\"https:\/\/portalmf.com.br\/wp-content\/uploads\/2022\/08\/ACM-NETO.jpeg\",\"contentUrl\":\"https:\/\/portalmf.com.br\/wp-content\/uploads\/2022\/08\/ACM-NETO.jpeg\",\"width\":1600,\"height\":1352},{\"@type\":\"BreadcrumbList\",\"@id\":\"https:\/\/portalmf.com.br\/index.php\/2022\/08\/03\/os-presidios-hoje-sao-quarteis-generais-do-crime-na-bahia-e-tudo-isso-acontece-debaixo-dos-olhos-do-governador-diz-acm-neto\/#breadcrumb\",\"itemListElement\":[{\"@type\":\"ListItem\",\"position\":1,\"name\":\"In\u00edcio\",\"item\":\"https:\/\/portalmf.com.br\/\"},{\"@type\":\"ListItem\",\"position\":2,\"name\":\"\u201cOs pres\u00eddios hoje s\u00e3o quart\u00e9is-generais do crime na Bahia e tudo isso acontece debaixo dos olhos do governador\u201d, diz ACM Neto\"}]},{\"@type\":\"WebSite\",\"@id\":\"https:\/\/portalmf.com.br\/#website\",\"url\":\"https:\/\/portalmf.com.br\/\",\"name\":\"Portal MF\",\"description\":\"Voc\u00ea conectado com a informa\u00e7\u00e3o\",\"potentialAction\":[{\"@type\":\"SearchAction\",\"target\":{\"@type\":\"EntryPoint\",\"urlTemplate\":\"https:\/\/portalmf.com.br\/?s={search_term_string}\"},\"query-input\":\"required name=search_term_string\"}],\"inLanguage\":\"pt-BR\"},{\"@type\":\"Person\",\"@id\":\"https:\/\/portalmf.com.br\/#\/schema\/person\/11c82086fe8abc05a19147e964587285\",\"name\":\"Reginaldo J\u00fanior\",\"image\":{\"@type\":\"ImageObject\",\"inLanguage\":\"pt-BR\",\"@id\":\"https:\/\/portalmf.com.br\/#\/schema\/person\/image\/\",\"url\":\"https:\/\/secure.gravatar.com\/avatar\/32a3c797cd0ac47cc53b8644c62776f9?s=96&d=mm&r=g\",\"contentUrl\":\"https:\/\/secure.gravatar.com\/avatar\/32a3c797cd0ac47cc53b8644c62776f9?s=96&d=mm&r=g\",\"caption\":\"Reginaldo J\u00fanior\"},\"description\":\"Jornalista e idealizador Portal MF\",\"sameAs\":[\"https:\/\/portalmf.com.br\/index.php\/author\/reginaldojr\/\",\"reginaldojrfsa\",\"reginaldojuniormf\",\"https:\/\/x.com\/reginaldojrmf\"],\"url\":\"https:\/\/portalmf.com.br\/index.php\/author\/reginaldojr\/\"}]}<\/script>\n<!-- \/ Yoast SEO plugin. -->","yoast_head_json":{"title":"\u201cOs pres\u00eddios hoje s\u00e3o quart\u00e9is-generais do crime na Bahia e tudo isso acontece debaixo dos olhos do governador\u201d, diz ACM Neto - Portal MF","robots":{"index":"index","follow":"follow","max-snippet":"max-snippet:-1","max-image-preview":"max-image-preview:large","max-video-preview":"max-video-preview:-1"},"canonical":"https:\/\/portalmf.com.br\/index.php\/2022\/08\/03\/os-presidios-hoje-sao-quarteis-generais-do-crime-na-bahia-e-tudo-isso-acontece-debaixo-dos-olhos-do-governador-diz-acm-neto\/","og_locale":"pt_BR","og_type":"article","og_title":"\u201cOs pres\u00eddios hoje s\u00e3o quart\u00e9is-generais do crime na Bahia e tudo isso acontece debaixo dos olhos do governador\u201d, diz ACM Neto - Portal MF","og_description":"O pr\u00e9-candidato ao governo do estado ACM Neto (Uni\u00e3o Brasil) criticou nesta ter\u00e7a-feira (2) a postura do governador diante de mais casos de viol\u00eancia registrados na Bahia e disse que os pres\u00eddios baianos s\u00e3o quart\u00e9is-generais do crime. O ex-prefeito de Salvador salientou que os epis\u00f3dios de inseguran\u00e7a est\u00e3o se repetindo diante de um olhar complacente [&hellip;]","og_url":"https:\/\/portalmf.com.br\/index.php\/2022\/08\/03\/os-presidios-hoje-sao-quarteis-generais-do-crime-na-bahia-e-tudo-isso-acontece-debaixo-dos-olhos-do-governador-diz-acm-neto\/","og_site_name":"Portal MF","article_author":"reginaldojrfsa","article_published_time":"2022-08-03T15:12:18+00:00","article_modified_time":"2022-08-03T15:12:19+00:00","og_image":[{"width":1600,"height":1352,"url":"https:\/\/portalmf.com.br\/wp-content\/uploads\/2022\/08\/ACM-NETO.jpeg","type":"image\/jpeg"}],"author":"Reginaldo J\u00fanior","twitter_card":"summary_large_image","twitter_creator":"@reginaldojrmf","twitter_misc":{"Escrito por":"Reginaldo J\u00fanior","Est. tempo de leitura":"5 minutos"},"schema":{"@context":"https:\/\/schema.org","@graph":[{"@type":"WebPage","@id":"https:\/\/portalmf.com.br\/index.php\/2022\/08\/03\/os-presidios-hoje-sao-quarteis-generais-do-crime-na-bahia-e-tudo-isso-acontece-debaixo-dos-olhos-do-governador-diz-acm-neto\/","url":"https:\/\/portalmf.com.br\/index.php\/2022\/08\/03\/os-presidios-hoje-sao-quarteis-generais-do-crime-na-bahia-e-tudo-isso-acontece-debaixo-dos-olhos-do-governador-diz-acm-neto\/","name":"\u201cOs pres\u00eddios hoje s\u00e3o quart\u00e9is-generais do crime na Bahia e tudo isso acontece debaixo dos olhos do governador\u201d, diz ACM Neto - Portal MF","isPartOf":{"@id":"https:\/\/portalmf.com.br\/#website"},"primaryImageOfPage":{"@id":"https:\/\/portalmf.com.br\/index.php\/2022\/08\/03\/os-presidios-hoje-sao-quarteis-generais-do-crime-na-bahia-e-tudo-isso-acontece-debaixo-dos-olhos-do-governador-diz-acm-neto\/#primaryimage"},"image":{"@id":"https:\/\/portalmf.com.br\/index.php\/2022\/08\/03\/os-presidios-hoje-sao-quarteis-generais-do-crime-na-bahia-e-tudo-isso-acontece-debaixo-dos-olhos-do-governador-diz-acm-neto\/#primaryimage"},"thumbnailUrl":"https:\/\/portalmf.com.br\/wp-content\/uploads\/2022\/08\/ACM-NETO.jpeg","datePublished":"2022-08-03T15:12:18+00:00","dateModified":"2022-08-03T15:12:19+00:00","author":{"@id":"https:\/\/portalmf.com.br\/#\/schema\/person\/11c82086fe8abc05a19147e964587285"},"breadcrumb":{"@id":"https:\/\/portalmf.com.br\/index.php\/2022\/08\/03\/os-presidios-hoje-sao-quarteis-generais-do-crime-na-bahia-e-tudo-isso-acontece-debaixo-dos-olhos-do-governador-diz-acm-neto\/#breadcrumb"},"inLanguage":"pt-BR","potentialAction":[{"@type":"ReadAction","target":["https:\/\/portalmf.com.br\/index.php\/2022\/08\/03\/os-presidios-hoje-sao-quarteis-generais-do-crime-na-bahia-e-tudo-isso-acontece-debaixo-dos-olhos-do-governador-diz-acm-neto\/"]}]},{"@type":"ImageObject","inLanguage":"pt-BR","@id":"https:\/\/portalmf.com.br\/index.php\/2022\/08\/03\/os-presidios-hoje-sao-quarteis-generais-do-crime-na-bahia-e-tudo-isso-acontece-debaixo-dos-olhos-do-governador-diz-acm-neto\/#primaryimage","url":"https:\/\/portalmf.com.br\/wp-content\/uploads\/2022\/08\/ACM-NETO.jpeg","contentUrl":"https:\/\/portalmf.com.br\/wp-content\/uploads\/2022\/08\/ACM-NETO.jpeg","width":1600,"height":1352},{"@type":"BreadcrumbList","@id":"https:\/\/portalmf.com.br\/index.php\/2022\/08\/03\/os-presidios-hoje-sao-quarteis-generais-do-crime-na-bahia-e-tudo-isso-acontece-debaixo-dos-olhos-do-governador-diz-acm-neto\/#breadcrumb","itemListElement":[{"@type":"ListItem","position":1,"name":"In\u00edcio","item":"https:\/\/portalmf.com.br\/"},{"@type":"ListItem","position":2,"name":"\u201cOs pres\u00eddios hoje s\u00e3o quart\u00e9is-generais do crime na Bahia e tudo isso acontece debaixo dos olhos do governador\u201d, diz ACM Neto"}]},{"@type":"WebSite","@id":"https:\/\/portalmf.com.br\/#website","url":"https:\/\/portalmf.com.br\/","name":"Portal MF","description":"Voc\u00ea conectado com a informa\u00e7\u00e3o","potentialAction":[{"@type":"SearchAction","target":{"@type":"EntryPoint","urlTemplate":"https:\/\/portalmf.com.br\/?s={search_term_string}"},"query-input":"required name=search_term_string"}],"inLanguage":"pt-BR"},{"@type":"Person","@id":"https:\/\/portalmf.com.br\/#\/schema\/person\/11c82086fe8abc05a19147e964587285","name":"Reginaldo J\u00fanior","image":{"@type":"ImageObject","inLanguage":"pt-BR","@id":"https:\/\/portalmf.com.br\/#\/schema\/person\/image\/","url":"https:\/\/secure.gravatar.com\/avatar\/32a3c797cd0ac47cc53b8644c62776f9?s=96&d=mm&r=g","contentUrl":"https:\/\/secure.gravatar.com\/avatar\/32a3c797cd0ac47cc53b8644c62776f9?s=96&d=mm&r=g","caption":"Reginaldo J\u00fanior"},"description":"Jornalista e idealizador Portal MF","sameAs":["https:\/\/portalmf.com.br\/index.php\/author\/reginaldojr\/","reginaldojrfsa","reginaldojuniormf","https:\/\/x.com\/reginaldojrmf"],"url":"https:\/\/portalmf.com.br\/index.php\/author\/reginaldojr\/"}]}},"_links":{"self":[{"href":"https:\/\/portalmf.com.br\/index.php\/wp-json\/wp\/v2\/posts\/2534"}],"collection":[{"href":"https:\/\/portalmf.com.br\/index.php\/wp-json\/wp\/v2\/posts"}],"about":[{"href":"https:\/\/portalmf.com.br\/index.php\/wp-json\/wp\/v2\/types\/post"}],"author":[{"embeddable":true,"href":"https:\/\/portalmf.com.br\/index.php\/wp-json\/wp\/v2\/users\/2"}],"replies":[{"embeddable":true,"href":"https:\/\/portalmf.com.br\/index.php\/wp-json\/wp\/v2\/comments?post=2534"}],"version-history":[{"count":1,"href":"https:\/\/portalmf.com.br\/index.php\/wp-json\/wp\/v2\/posts\/2534\/revisions"}],"predecessor-version":[{"id":2536,"href":"https:\/\/portalmf.com.br\/index.php\/wp-json\/wp\/v2\/posts\/2534\/revisions\/2536"}],"wp:featuredmedia":[{"embeddable":true,"href":"https:\/\/portalmf.com.br\/index.php\/wp-json\/wp\/v2\/media\/2535"}],"wp:attachment":[{"href":"https:\/\/portalmf.com.br\/index.php\/wp-json\/wp\/v2\/media?parent=2534"}],"wp:term":[{"taxonomy":"category","embeddable":true,"href":"https:\/\/portalmf.com.br\/index.php\/wp-json\/wp\/v2\/categories?post=2534"},{"taxonomy":"post_tag","embeddable":true,"href":"https:\/\/portalmf.com.br\/index.php\/wp-json\/wp\/v2\/tags?post=2534"}],"curies":[{"name":"wp","href":"https:\/\/api.w.org\/{rel}","templated":true}]}}