{"id":2531,"date":"2022-08-03T12:07:05","date_gmt":"2022-08-03T15:07:05","guid":{"rendered":"http:\/\/portalmf.com.br\/?p=2531"},"modified":"2022-08-03T12:07:06","modified_gmt":"2022-08-03T15:07:06","slug":"do-pp-prefeito-de-coracao-de-maria-declara-apoio-a-jeronimo-rodrigues","status":"publish","type":"post","link":"https:\/\/portalmf.com.br\/index.php\/2022\/08\/03\/do-pp-prefeito-de-coracao-de-maria-declara-apoio-a-jeronimo-rodrigues\/","title":{"rendered":"Do PP, prefeito de Cora\u00e7\u00e3o de Maria declara apoio a Jer\u00f4nimo Rodrigues"},"content":{"rendered":"\n<p>O prefeito Kley Lima, da cidade de Cora\u00e7\u00e3o de Maria, do Territ\u00f3rio do Portal do Sert\u00e3o, declarou apoio \u00e0 candidatura de Jer\u00f4nimo Rodrigues (PT) ao Governo do Estado na noite desta ter\u00e7a-feira (2). Filiado ao PP, partido de oposi\u00e7\u00e3o ao governador Rui Costa (PT), Kley se junta aos mais de 300 prefeitos baianos que apoiam o candidato de Lula na Bahia. Dos 92 gestores eleitos pelo Progressistas nas elei\u00e7\u00f5es municipais de 2020, 90% decidiram continuar a alian\u00e7a com o Partido dos Trabalhadores no estado.<\/p>\n\n\n\n<p>Em v\u00eddeo divulgado nesta ter\u00e7a, Kley agradeceu a Rui Costa pelos investimentos realizados em Cora\u00e7\u00e3o de Maria e disse que estar\u00e1 junto com Jer\u00f4nimo na campanha eleitoral. <\/p>\n\n\n\n<p><em>&#8220;Uma li\u00e7\u00e3o que eu aprendi com meu pai \u00e9 que o homem tem que ter palavra e gratid\u00e3o. E eu tenho muita gratid\u00e3o e tenho que ter palavra para que n\u00e3o restem d\u00favidas. Eu estou aqui hoje declarando o meu apoio a sua candidatura, ent\u00e3o, conte comigo&#8221;, <\/em>disse o prefeito de Cora\u00e7\u00e3o de Maria para Jer\u00f4nimo, que agradeceu a manifesta\u00e7\u00e3o p\u00fablica de apoio e ressaltou a alegria e a confian\u00e7a no gestor mariense.<\/p>\n","protected":false},"excerpt":{"rendered":"<p>O prefeito Kley Lima, da cidade de Cora\u00e7\u00e3o de Maria, do Territ\u00f3rio do Portal do Sert\u00e3o, declarou apoio \u00e0 candidatura de Jer\u00f4nimo Rodrigues (PT) ao Governo do Estado na noite desta ter\u00e7a-feira (2). Filiado ao PP, partido de oposi\u00e7\u00e3o ao governador Rui Costa (PT), Kley se junta aos mais de 300 prefeitos baianos que apoiam [&hellip;]<\/p>\n","protected":false},"author":2,"featured_media":2532,"comment_status":"open","ping_status":"open","sticky":false,"template":"","format":"standard","meta":{"_monsterinsights_skip_tracking":false,"_monsterinsights_sitenote_active":false,"_monsterinsights_sitenote_note":"","_monsterinsights_sitenote_category":0,"footnotes":""},"categories":[34],"tags":[],"yoast_head":"<!-- This site is optimized with the Yoast SEO plugin v22.9 - https:\/\/yoast.com\/wordpress\/plugins\/seo\/ -->\n<title>Do PP, prefeito de Cora\u00e7\u00e3o de Maria declara apoio a Jer\u00f4nimo Rodrigues - Portal MF<\/title>\n<meta name=\"robots\" content=\"index, follow, max-snippet:-1, max-image-preview:large, max-video-preview:-1\" \/>\n<link rel=\"canonical\" href=\"https:\/\/portalmf.com.br\/index.php\/2022\/08\/03\/do-pp-prefeito-de-coracao-de-maria-declara-apoio-a-jeronimo-rodrigues\/\" \/>\n<meta property=\"og:locale\" content=\"pt_BR\" \/>\n<meta property=\"og:type\" content=\"article\" \/>\n<meta property=\"og:title\" content=\"Do PP, prefeito de Cora\u00e7\u00e3o de Maria declara apoio a Jer\u00f4nimo Rodrigues - Portal MF\" \/>\n<meta property=\"og:description\" content=\"O prefeito Kley Lima, da cidade de Cora\u00e7\u00e3o de Maria, do Territ\u00f3rio do Portal do Sert\u00e3o, declarou apoio \u00e0 candidatura de Jer\u00f4nimo Rodrigues (PT) ao Governo do Estado na noite desta ter\u00e7a-feira (2). Filiado ao PP, partido de oposi\u00e7\u00e3o ao governador Rui Costa (PT), Kley se junta aos mais de 300 prefeitos baianos que apoiam [&hellip;]\" \/>\n<meta property=\"og:url\" content=\"https:\/\/portalmf.com.br\/index.php\/2022\/08\/03\/do-pp-prefeito-de-coracao-de-maria-declara-apoio-a-jeronimo-rodrigues\/\" \/>\n<meta property=\"og:site_name\" content=\"Portal MF\" \/>\n<meta property=\"article:author\" content=\"reginaldojrfsa\" \/>\n<meta property=\"article:published_time\" content=\"2022-08-03T15:07:05+00:00\" \/>\n<meta property=\"article:modified_time\" content=\"2022-08-03T15:07:06+00:00\" \/>\n<meta property=\"og:image\" content=\"https:\/\/portalmf.com.br\/wp-content\/uploads\/2022\/08\/WhatsApp-Image-2022-08-02-at-20.23.13.jpeg\" \/>\n\t<meta property=\"og:image:width\" content=\"1024\" \/>\n\t<meta property=\"og:image:height\" content=\"766\" \/>\n\t<meta property=\"og:image:type\" content=\"image\/jpeg\" \/>\n<meta name=\"author\" content=\"Reginaldo J\u00fanior\" \/>\n<meta name=\"twitter:card\" content=\"summary_large_image\" \/>\n<meta name=\"twitter:creator\" content=\"@reginaldojrmf\" \/>\n<meta name=\"twitter:label1\" content=\"Escrito por\" \/>\n\t<meta name=\"twitter:data1\" content=\"Reginaldo J\u00fanior\" \/>\n\t<meta name=\"twitter:label2\" content=\"Est. tempo de leitura\" \/>\n\t<meta name=\"twitter:data2\" content=\"1 minuto\" \/>\n<script type=\"application\/ld+json\" class=\"yoast-schema-graph\">{\"@context\":\"https:\/\/schema.org\",\"@graph\":[{\"@type\":\"WebPage\",\"@id\":\"https:\/\/portalmf.com.br\/index.php\/2022\/08\/03\/do-pp-prefeito-de-coracao-de-maria-declara-apoio-a-jeronimo-rodrigues\/\",\"url\":\"https:\/\/portalmf.com.br\/index.php\/2022\/08\/03\/do-pp-prefeito-de-coracao-de-maria-declara-apoio-a-jeronimo-rodrigues\/\",\"name\":\"Do PP, prefeito de Cora\u00e7\u00e3o de Maria declara apoio a Jer\u00f4nimo Rodrigues - Portal MF\",\"isPartOf\":{\"@id\":\"https:\/\/portalmf.com.br\/#website\"},\"primaryImageOfPage\":{\"@id\":\"https:\/\/portalmf.com.br\/index.php\/2022\/08\/03\/do-pp-prefeito-de-coracao-de-maria-declara-apoio-a-jeronimo-rodrigues\/#primaryimage\"},\"image\":{\"@id\":\"https:\/\/portalmf.com.br\/index.php\/2022\/08\/03\/do-pp-prefeito-de-coracao-de-maria-declara-apoio-a-jeronimo-rodrigues\/#primaryimage\"},\"thumbnailUrl\":\"https:\/\/portalmf.com.br\/wp-content\/uploads\/2022\/08\/WhatsApp-Image-2022-08-02-at-20.23.13.jpeg\",\"datePublished\":\"2022-08-03T15:07:05+00:00\",\"dateModified\":\"2022-08-03T15:07:06+00:00\",\"author\":{\"@id\":\"https:\/\/portalmf.com.br\/#\/schema\/person\/11c82086fe8abc05a19147e964587285\"},\"breadcrumb\":{\"@id\":\"https:\/\/portalmf.com.br\/index.php\/2022\/08\/03\/do-pp-prefeito-de-coracao-de-maria-declara-apoio-a-jeronimo-rodrigues\/#breadcrumb\"},\"inLanguage\":\"pt-BR\",\"potentialAction\":[{\"@type\":\"ReadAction\",\"target\":[\"https:\/\/portalmf.com.br\/index.php\/2022\/08\/03\/do-pp-prefeito-de-coracao-de-maria-declara-apoio-a-jeronimo-rodrigues\/\"]}]},{\"@type\":\"ImageObject\",\"inLanguage\":\"pt-BR\",\"@id\":\"https:\/\/portalmf.com.br\/index.php\/2022\/08\/03\/do-pp-prefeito-de-coracao-de-maria-declara-apoio-a-jeronimo-rodrigues\/#primaryimage\",\"url\":\"https:\/\/portalmf.com.br\/wp-content\/uploads\/2022\/08\/WhatsApp-Image-2022-08-02-at-20.23.13.jpeg\",\"contentUrl\":\"https:\/\/portalmf.com.br\/wp-content\/uploads\/2022\/08\/WhatsApp-Image-2022-08-02-at-20.23.13.jpeg\",\"width\":1024,\"height\":766},{\"@type\":\"BreadcrumbList\",\"@id\":\"https:\/\/portalmf.com.br\/index.php\/2022\/08\/03\/do-pp-prefeito-de-coracao-de-maria-declara-apoio-a-jeronimo-rodrigues\/#breadcrumb\",\"itemListElement\":[{\"@type\":\"ListItem\",\"position\":1,\"name\":\"In\u00edcio\",\"item\":\"https:\/\/portalmf.com.br\/\"},{\"@type\":\"ListItem\",\"position\":2,\"name\":\"Do PP, prefeito de Cora\u00e7\u00e3o de Maria declara apoio a Jer\u00f4nimo Rodrigues\"}]},{\"@type\":\"WebSite\",\"@id\":\"https:\/\/portalmf.com.br\/#website\",\"url\":\"https:\/\/portalmf.com.br\/\",\"name\":\"Portal MF\",\"description\":\"Voc\u00ea conectado com a informa\u00e7\u00e3o\",\"potentialAction\":[{\"@type\":\"SearchAction\",\"target\":{\"@type\":\"EntryPoint\",\"urlTemplate\":\"https:\/\/portalmf.com.br\/?s={search_term_string}\"},\"query-input\":\"required name=search_term_string\"}],\"inLanguage\":\"pt-BR\"},{\"@type\":\"Person\",\"@id\":\"https:\/\/portalmf.com.br\/#\/schema\/person\/11c82086fe8abc05a19147e964587285\",\"name\":\"Reginaldo J\u00fanior\",\"image\":{\"@type\":\"ImageObject\",\"inLanguage\":\"pt-BR\",\"@id\":\"https:\/\/portalmf.com.br\/#\/schema\/person\/image\/\",\"url\":\"https:\/\/secure.gravatar.com\/avatar\/32a3c797cd0ac47cc53b8644c62776f9?s=96&d=mm&r=g\",\"contentUrl\":\"https:\/\/secure.gravatar.com\/avatar\/32a3c797cd0ac47cc53b8644c62776f9?s=96&d=mm&r=g\",\"caption\":\"Reginaldo J\u00fanior\"},\"description\":\"Jornalista e idealizador Portal MF\",\"sameAs\":[\"https:\/\/portalmf.com.br\/index.php\/author\/reginaldojr\/\",\"reginaldojrfsa\",\"reginaldojuniormf\",\"https:\/\/x.com\/reginaldojrmf\"],\"url\":\"https:\/\/portalmf.com.br\/index.php\/author\/reginaldojr\/\"}]}<\/script>\n<!-- \/ Yoast SEO plugin. -->","yoast_head_json":{"title":"Do PP, prefeito de Cora\u00e7\u00e3o de Maria declara apoio a Jer\u00f4nimo Rodrigues - Portal MF","robots":{"index":"index","follow":"follow","max-snippet":"max-snippet:-1","max-image-preview":"max-image-preview:large","max-video-preview":"max-video-preview:-1"},"canonical":"https:\/\/portalmf.com.br\/index.php\/2022\/08\/03\/do-pp-prefeito-de-coracao-de-maria-declara-apoio-a-jeronimo-rodrigues\/","og_locale":"pt_BR","og_type":"article","og_title":"Do PP, prefeito de Cora\u00e7\u00e3o de Maria declara apoio a Jer\u00f4nimo Rodrigues - Portal MF","og_description":"O prefeito Kley Lima, da cidade de Cora\u00e7\u00e3o de Maria, do Territ\u00f3rio do Portal do Sert\u00e3o, declarou apoio \u00e0 candidatura de Jer\u00f4nimo Rodrigues (PT) ao Governo do Estado na noite desta ter\u00e7a-feira (2). Filiado ao PP, partido de oposi\u00e7\u00e3o ao governador Rui Costa (PT), Kley se junta aos mais de 300 prefeitos baianos que apoiam [&hellip;]","og_url":"https:\/\/portalmf.com.br\/index.php\/2022\/08\/03\/do-pp-prefeito-de-coracao-de-maria-declara-apoio-a-jeronimo-rodrigues\/","og_site_name":"Portal MF","article_author":"reginaldojrfsa","article_published_time":"2022-08-03T15:07:05+00:00","article_modified_time":"2022-08-03T15:07:06+00:00","og_image":[{"width":1024,"height":766,"url":"https:\/\/portalmf.com.br\/wp-content\/uploads\/2022\/08\/WhatsApp-Image-2022-08-02-at-20.23.13.jpeg","type":"image\/jpeg"}],"author":"Reginaldo J\u00fanior","twitter_card":"summary_large_image","twitter_creator":"@reginaldojrmf","twitter_misc":{"Escrito por":"Reginaldo J\u00fanior","Est. tempo de leitura":"1 minuto"},"schema":{"@context":"https:\/\/schema.org","@graph":[{"@type":"WebPage","@id":"https:\/\/portalmf.com.br\/index.php\/2022\/08\/03\/do-pp-prefeito-de-coracao-de-maria-declara-apoio-a-jeronimo-rodrigues\/","url":"https:\/\/portalmf.com.br\/index.php\/2022\/08\/03\/do-pp-prefeito-de-coracao-de-maria-declara-apoio-a-jeronimo-rodrigues\/","name":"Do PP, prefeito de Cora\u00e7\u00e3o de Maria declara apoio a Jer\u00f4nimo Rodrigues - Portal MF","isPartOf":{"@id":"https:\/\/portalmf.com.br\/#website"},"primaryImageOfPage":{"@id":"https:\/\/portalmf.com.br\/index.php\/2022\/08\/03\/do-pp-prefeito-de-coracao-de-maria-declara-apoio-a-jeronimo-rodrigues\/#primaryimage"},"image":{"@id":"https:\/\/portalmf.com.br\/index.php\/2022\/08\/03\/do-pp-prefeito-de-coracao-de-maria-declara-apoio-a-jeronimo-rodrigues\/#primaryimage"},"thumbnailUrl":"https:\/\/portalmf.com.br\/wp-content\/uploads\/2022\/08\/WhatsApp-Image-2022-08-02-at-20.23.13.jpeg","datePublished":"2022-08-03T15:07:05+00:00","dateModified":"2022-08-03T15:07:06+00:00","author":{"@id":"https:\/\/portalmf.com.br\/#\/schema\/person\/11c82086fe8abc05a19147e964587285"},"breadcrumb":{"@id":"https:\/\/portalmf.com.br\/index.php\/2022\/08\/03\/do-pp-prefeito-de-coracao-de-maria-declara-apoio-a-jeronimo-rodrigues\/#breadcrumb"},"inLanguage":"pt-BR","potentialAction":[{"@type":"ReadAction","target":["https:\/\/portalmf.com.br\/index.php\/2022\/08\/03\/do-pp-prefeito-de-coracao-de-maria-declara-apoio-a-jeronimo-rodrigues\/"]}]},{"@type":"ImageObject","inLanguage":"pt-BR","@id":"https:\/\/portalmf.com.br\/index.php\/2022\/08\/03\/do-pp-prefeito-de-coracao-de-maria-declara-apoio-a-jeronimo-rodrigues\/#primaryimage","url":"https:\/\/portalmf.com.br\/wp-content\/uploads\/2022\/08\/WhatsApp-Image-2022-08-02-at-20.23.13.jpeg","contentUrl":"https:\/\/portalmf.com.br\/wp-content\/uploads\/2022\/08\/WhatsApp-Image-2022-08-02-at-20.23.13.jpeg","width":1024,"height":766},{"@type":"BreadcrumbList","@id":"https:\/\/portalmf.com.br\/index.php\/2022\/08\/03\/do-pp-prefeito-de-coracao-de-maria-declara-apoio-a-jeronimo-rodrigues\/#breadcrumb","itemListElement":[{"@type":"ListItem","position":1,"name":"In\u00edcio","item":"https:\/\/portalmf.com.br\/"},{"@type":"ListItem","position":2,"name":"Do PP, prefeito de Cora\u00e7\u00e3o de Maria declara apoio a Jer\u00f4nimo Rodrigues"}]},{"@type":"WebSite","@id":"https:\/\/portalmf.com.br\/#website","url":"https:\/\/portalmf.com.br\/","name":"Portal MF","description":"Voc\u00ea conectado com a informa\u00e7\u00e3o","potentialAction":[{"@type":"SearchAction","target":{"@type":"EntryPoint","urlTemplate":"https:\/\/portalmf.com.br\/?s={search_term_string}"},"query-input":"required name=search_term_string"}],"inLanguage":"pt-BR"},{"@type":"Person","@id":"https:\/\/portalmf.com.br\/#\/schema\/person\/11c82086fe8abc05a19147e964587285","name":"Reginaldo J\u00fanior","image":{"@type":"ImageObject","inLanguage":"pt-BR","@id":"https:\/\/portalmf.com.br\/#\/schema\/person\/image\/","url":"https:\/\/secure.gravatar.com\/avatar\/32a3c797cd0ac47cc53b8644c62776f9?s=96&d=mm&r=g","contentUrl":"https:\/\/secure.gravatar.com\/avatar\/32a3c797cd0ac47cc53b8644c62776f9?s=96&d=mm&r=g","caption":"Reginaldo J\u00fanior"},"description":"Jornalista e idealizador Portal MF","sameAs":["https:\/\/portalmf.com.br\/index.php\/author\/reginaldojr\/","reginaldojrfsa","reginaldojuniormf","https:\/\/x.com\/reginaldojrmf"],"url":"https:\/\/portalmf.com.br\/index.php\/author\/reginaldojr\/"}]}},"_links":{"self":[{"href":"https:\/\/portalmf.com.br\/index.php\/wp-json\/wp\/v2\/posts\/2531"}],"collection":[{"href":"https:\/\/portalmf.com.br\/index.php\/wp-json\/wp\/v2\/posts"}],"about":[{"href":"https:\/\/portalmf.com.br\/index.php\/wp-json\/wp\/v2\/types\/post"}],"author":[{"embeddable":true,"href":"https:\/\/portalmf.com.br\/index.php\/wp-json\/wp\/v2\/users\/2"}],"replies":[{"embeddable":true,"href":"https:\/\/portalmf.com.br\/index.php\/wp-json\/wp\/v2\/comments?post=2531"}],"version-history":[{"count":1,"href":"https:\/\/portalmf.com.br\/index.php\/wp-json\/wp\/v2\/posts\/2531\/revisions"}],"predecessor-version":[{"id":2533,"href":"https:\/\/portalmf.com.br\/index.php\/wp-json\/wp\/v2\/posts\/2531\/revisions\/2533"}],"wp:featuredmedia":[{"embeddable":true,"href":"https:\/\/portalmf.com.br\/index.php\/wp-json\/wp\/v2\/media\/2532"}],"wp:attachment":[{"href":"https:\/\/portalmf.com.br\/index.php\/wp-json\/wp\/v2\/media?parent=2531"}],"wp:term":[{"taxonomy":"category","embeddable":true,"href":"https:\/\/portalmf.com.br\/index.php\/wp-json\/wp\/v2\/categories?post=2531"},{"taxonomy":"post_tag","embeddable":true,"href":"https:\/\/portalmf.com.br\/index.php\/wp-json\/wp\/v2\/tags?post=2531"}],"curies":[{"name":"wp","href":"https:\/\/api.w.org\/{rel}","templated":true}]}}