{"id":2525,"date":"2022-08-02T08:59:00","date_gmt":"2022-08-02T11:59:00","guid":{"rendered":"http:\/\/portalmf.com.br\/?p=2525"},"modified":"2024-03-05T11:23:34","modified_gmt":"2024-03-05T14:23:34","slug":"candidatura-de-leo-prates-a-deputado-federal-e-homologada-em-convencao-do-pdt","status":"publish","type":"post","link":"https:\/\/portalmf.com.br\/index.php\/2022\/08\/02\/candidatura-de-leo-prates-a-deputado-federal-e-homologada-em-convencao-do-pdt\/","title":{"rendered":"Saiba identificar os sintomas da dengue"},"content":{"rendered":"\n<p>&#8220;Senti muita dor de cabe\u00e7a. Febre, 39\u00ba. Bastante fraqueza. Bastante dor na barriga. Diarreia. Dor nos ossos. Dor na perna. Dor em tudo&#8221;.&nbsp;Esses s\u00e3o alguns dos sintomas de&nbsp;dengue&nbsp;narrados pelo cabeleireiro Pedro Jaic\u00e9, morador da cidade do Guar\u00e1 I, no Distrito Federal.&nbsp;<\/p>\n\n\n\n<p>Pedro pegou a doen\u00e7a no come\u00e7o de fevereiro e teve de ficar alguns dias afastado do trabalho.<\/p>\n\n\n\n<p>&#8220;Eu acredito que a dengue eu peguei, porque tem um carro do lado da minha casa que foi encontrado foco do mosquito, quando os agentes vieram me fazer uma visita. Ou ent\u00e3o na academia. Depois do diagn\u00f3stico fui no posto e tomei soro. Voltei e fiquei em casa. E a\u00ed fui s\u00f3 me hidratando com soro caseiro, com \u00e1gua, com suco&#8221;.&nbsp;<\/p>\n\n\n\n<p>Entender esses sinais \u00e9 importante na busca do tratamento adequado.<\/p>\n\n\n\n<p>O infectologista Renato Kfouri, vice-presidente da Sociedade Brasileira de Imuniza\u00e7\u00f5es, explica que a&nbsp;dengue&nbsp;n\u00e3o tem os sintomas de doen\u00e7as respirat\u00f3rias, como a covid-19. &#8220;A dengue n\u00e3o tem tosse, n\u00e3o tem coriza, n\u00e3o tem secre\u00e7\u00e3o. Normalmente s\u00e3o doen\u00e7as que acometem o nosso organismo com febre, mal estar, dor de cabe\u00e7a. Cada ind\u00edviduo reage de um jeito. Tem gente que tem gripe com ou sem dor de cabe\u00e7a. Tem gente que tem dengue sem manchas na pele. Outro apresenta manchas na pele. Uns tem muita dor articular. Outros tem mais mal estar. A doen\u00e7a \u00e9 vari\u00e1vel de pessoa a pessoa&#8221;.&nbsp;<\/p>\n\n\n\n<p>A&nbsp;dengue&nbsp;\u00e9 uma doen\u00e7a din\u00e2mica e pode evoluir rapidamente para sua forma grave com ou sem sangramento.&nbsp;<\/p>\n\n\n\n<p>O paciente pode entrar na chamada fase cr\u00edtica ap\u00f3s tr\u00eas a sete dias do in\u00edcio dos sintomas.&nbsp;<\/p>\n\n\n\n<p>O infectologista Renato Kfouri alerta para esses sinais de alarme. &#8220;Dor abdominal, v\u00f4mitos, desmaios, tonturas, sangramentos s\u00e3o sinais de alarme que a dengue pode estar evoluindo da dengue cl\u00e1ssica para a uma dengue grave. Nesse caso requer sempre hospitaliza\u00e7\u00e3o. A dengue grave \u00e9 a que apresenta um desses sintomas n\u00e3o necessariamente hemorr\u00e1gica, n\u00e3o necessariamente com sangramento, precisa sempre ser hospitalizado para ter tratamento adequado&#8221;.&nbsp;<\/p>\n\n\n\n<p>Segundo o Minist\u00e9rio da Sa\u00fade, as 24 e 48 horas seguintes aos sinais de alarme s\u00e3o determinantes para evitar casos graves e at\u00e9 a morte.&nbsp;<\/p>\n\n\n\n<p>Gestantes, crian\u00e7as, idosos e pessoas com doen\u00e7as cr\u00f4nicas, como asma, diabetes e press\u00e3o alta s\u00e3o mais suscet\u00edveis a complica\u00e7\u00f5es.&nbsp;<\/p>\n\n\n\n<p>Em caso de&nbsp;dengue, a hidrata\u00e7\u00e3o \u00e9 fundamental.&nbsp;Para dor ou febre, dipirona ou paracetamol s\u00e3o os medicamentos indicados.&nbsp;<\/p>\n\n\n\n<p>J\u00e1 cortic\u00f3ides, aspirinas e antiinflamat\u00f3rios s\u00e3o contraindicados.\u00a0<\/p>\n\n\n\n<p>Com informa\u00e7\u00f5es da Agencia Brasil<\/p>\n","protected":false},"excerpt":{"rendered":"<p>&#8220;vamos lutar pela Bahia em Bras\u00edlia&#8221;<\/p>\n","protected":false},"author":2,"featured_media":24348,"comment_status":"open","ping_status":"open","sticky":false,"template":"","format":"standard","meta":{"_monsterinsights_skip_tracking":false,"_monsterinsights_sitenote_active":false,"_monsterinsights_sitenote_note":"","_monsterinsights_sitenote_category":0,"footnotes":""},"categories":[34],"tags":[],"yoast_head":"<!-- This site is optimized with the Yoast SEO plugin v22.9 - https:\/\/yoast.com\/wordpress\/plugins\/seo\/ -->\n<title>Saiba identificar os sintomas da dengue - Portal MF<\/title>\n<meta name=\"robots\" content=\"index, follow, max-snippet:-1, max-image-preview:large, max-video-preview:-1\" \/>\n<link rel=\"canonical\" href=\"https:\/\/portalmf.com.br\/index.php\/2022\/08\/02\/candidatura-de-leo-prates-a-deputado-federal-e-homologada-em-convencao-do-pdt\/\" \/>\n<meta property=\"og:locale\" content=\"pt_BR\" \/>\n<meta property=\"og:type\" content=\"article\" \/>\n<meta property=\"og:title\" content=\"Saiba identificar os sintomas da dengue - Portal MF\" \/>\n<meta property=\"og:description\" content=\"&quot;vamos lutar pela Bahia em Bras\u00edlia&quot;\" \/>\n<meta property=\"og:url\" content=\"https:\/\/portalmf.com.br\/index.php\/2022\/08\/02\/candidatura-de-leo-prates-a-deputado-federal-e-homologada-em-convencao-do-pdt\/\" \/>\n<meta property=\"og:site_name\" content=\"Portal MF\" \/>\n<meta property=\"article:author\" content=\"reginaldojrfsa\" \/>\n<meta property=\"article:published_time\" content=\"2022-08-02T11:59:00+00:00\" \/>\n<meta property=\"article:modified_time\" content=\"2024-03-05T14:23:34+00:00\" \/>\n<meta property=\"og:image\" content=\"https:\/\/portalmf.com.br\/wp-content\/uploads\/2022\/08\/mosquito-4998145.jpg\" \/>\n\t<meta property=\"og:image:width\" content=\"1170\" \/>\n\t<meta property=\"og:image:height\" content=\"700\" \/>\n\t<meta property=\"og:image:type\" content=\"image\/jpeg\" \/>\n<meta name=\"author\" content=\"Reginaldo J\u00fanior\" \/>\n<meta name=\"twitter:card\" content=\"summary_large_image\" \/>\n<meta name=\"twitter:creator\" content=\"@reginaldojrmf\" \/>\n<meta name=\"twitter:label1\" content=\"Escrito por\" \/>\n\t<meta name=\"twitter:data1\" content=\"Reginaldo J\u00fanior\" \/>\n\t<meta name=\"twitter:label2\" content=\"Est. tempo de leitura\" \/>\n\t<meta name=\"twitter:data2\" content=\"3 minutos\" \/>\n<script type=\"application\/ld+json\" class=\"yoast-schema-graph\">{\"@context\":\"https:\/\/schema.org\",\"@graph\":[{\"@type\":\"WebPage\",\"@id\":\"https:\/\/portalmf.com.br\/index.php\/2022\/08\/02\/candidatura-de-leo-prates-a-deputado-federal-e-homologada-em-convencao-do-pdt\/\",\"url\":\"https:\/\/portalmf.com.br\/index.php\/2022\/08\/02\/candidatura-de-leo-prates-a-deputado-federal-e-homologada-em-convencao-do-pdt\/\",\"name\":\"Saiba identificar os sintomas da dengue - Portal MF\",\"isPartOf\":{\"@id\":\"https:\/\/portalmf.com.br\/#website\"},\"primaryImageOfPage\":{\"@id\":\"https:\/\/portalmf.com.br\/index.php\/2022\/08\/02\/candidatura-de-leo-prates-a-deputado-federal-e-homologada-em-convencao-do-pdt\/#primaryimage\"},\"image\":{\"@id\":\"https:\/\/portalmf.com.br\/index.php\/2022\/08\/02\/candidatura-de-leo-prates-a-deputado-federal-e-homologada-em-convencao-do-pdt\/#primaryimage\"},\"thumbnailUrl\":\"https:\/\/portalmf.com.br\/wp-content\/uploads\/2022\/08\/mosquito-4998145.jpg\",\"datePublished\":\"2022-08-02T11:59:00+00:00\",\"dateModified\":\"2024-03-05T14:23:34+00:00\",\"author\":{\"@id\":\"https:\/\/portalmf.com.br\/#\/schema\/person\/11c82086fe8abc05a19147e964587285\"},\"breadcrumb\":{\"@id\":\"https:\/\/portalmf.com.br\/index.php\/2022\/08\/02\/candidatura-de-leo-prates-a-deputado-federal-e-homologada-em-convencao-do-pdt\/#breadcrumb\"},\"inLanguage\":\"pt-BR\",\"potentialAction\":[{\"@type\":\"ReadAction\",\"target\":[\"https:\/\/portalmf.com.br\/index.php\/2022\/08\/02\/candidatura-de-leo-prates-a-deputado-federal-e-homologada-em-convencao-do-pdt\/\"]}]},{\"@type\":\"ImageObject\",\"inLanguage\":\"pt-BR\",\"@id\":\"https:\/\/portalmf.com.br\/index.php\/2022\/08\/02\/candidatura-de-leo-prates-a-deputado-federal-e-homologada-em-convencao-do-pdt\/#primaryimage\",\"url\":\"https:\/\/portalmf.com.br\/wp-content\/uploads\/2022\/08\/mosquito-4998145.jpg\",\"contentUrl\":\"https:\/\/portalmf.com.br\/wp-content\/uploads\/2022\/08\/mosquito-4998145.jpg\",\"width\":1170,\"height\":700},{\"@type\":\"BreadcrumbList\",\"@id\":\"https:\/\/portalmf.com.br\/index.php\/2022\/08\/02\/candidatura-de-leo-prates-a-deputado-federal-e-homologada-em-convencao-do-pdt\/#breadcrumb\",\"itemListElement\":[{\"@type\":\"ListItem\",\"position\":1,\"name\":\"In\u00edcio\",\"item\":\"https:\/\/portalmf.com.br\/\"},{\"@type\":\"ListItem\",\"position\":2,\"name\":\"Saiba identificar os sintomas da dengue\"}]},{\"@type\":\"WebSite\",\"@id\":\"https:\/\/portalmf.com.br\/#website\",\"url\":\"https:\/\/portalmf.com.br\/\",\"name\":\"Portal MF\",\"description\":\"Voc\u00ea conectado com a informa\u00e7\u00e3o\",\"potentialAction\":[{\"@type\":\"SearchAction\",\"target\":{\"@type\":\"EntryPoint\",\"urlTemplate\":\"https:\/\/portalmf.com.br\/?s={search_term_string}\"},\"query-input\":\"required name=search_term_string\"}],\"inLanguage\":\"pt-BR\"},{\"@type\":\"Person\",\"@id\":\"https:\/\/portalmf.com.br\/#\/schema\/person\/11c82086fe8abc05a19147e964587285\",\"name\":\"Reginaldo J\u00fanior\",\"image\":{\"@type\":\"ImageObject\",\"inLanguage\":\"pt-BR\",\"@id\":\"https:\/\/portalmf.com.br\/#\/schema\/person\/image\/\",\"url\":\"https:\/\/secure.gravatar.com\/avatar\/32a3c797cd0ac47cc53b8644c62776f9?s=96&d=mm&r=g\",\"contentUrl\":\"https:\/\/secure.gravatar.com\/avatar\/32a3c797cd0ac47cc53b8644c62776f9?s=96&d=mm&r=g\",\"caption\":\"Reginaldo J\u00fanior\"},\"description\":\"Jornalista e idealizador Portal MF\",\"sameAs\":[\"https:\/\/portalmf.com.br\/index.php\/author\/reginaldojr\/\",\"reginaldojrfsa\",\"reginaldojuniormf\",\"https:\/\/x.com\/reginaldojrmf\"],\"url\":\"https:\/\/portalmf.com.br\/index.php\/author\/reginaldojr\/\"}]}<\/script>\n<!-- \/ Yoast SEO plugin. -->","yoast_head_json":{"title":"Saiba identificar os sintomas da dengue - Portal MF","robots":{"index":"index","follow":"follow","max-snippet":"max-snippet:-1","max-image-preview":"max-image-preview:large","max-video-preview":"max-video-preview:-1"},"canonical":"https:\/\/portalmf.com.br\/index.php\/2022\/08\/02\/candidatura-de-leo-prates-a-deputado-federal-e-homologada-em-convencao-do-pdt\/","og_locale":"pt_BR","og_type":"article","og_title":"Saiba identificar os sintomas da dengue - Portal MF","og_description":"\"vamos lutar pela Bahia em Bras\u00edlia\"","og_url":"https:\/\/portalmf.com.br\/index.php\/2022\/08\/02\/candidatura-de-leo-prates-a-deputado-federal-e-homologada-em-convencao-do-pdt\/","og_site_name":"Portal MF","article_author":"reginaldojrfsa","article_published_time":"2022-08-02T11:59:00+00:00","article_modified_time":"2024-03-05T14:23:34+00:00","og_image":[{"width":1170,"height":700,"url":"https:\/\/portalmf.com.br\/wp-content\/uploads\/2022\/08\/mosquito-4998145.jpg","type":"image\/jpeg"}],"author":"Reginaldo J\u00fanior","twitter_card":"summary_large_image","twitter_creator":"@reginaldojrmf","twitter_misc":{"Escrito por":"Reginaldo J\u00fanior","Est. tempo de leitura":"3 minutos"},"schema":{"@context":"https:\/\/schema.org","@graph":[{"@type":"WebPage","@id":"https:\/\/portalmf.com.br\/index.php\/2022\/08\/02\/candidatura-de-leo-prates-a-deputado-federal-e-homologada-em-convencao-do-pdt\/","url":"https:\/\/portalmf.com.br\/index.php\/2022\/08\/02\/candidatura-de-leo-prates-a-deputado-federal-e-homologada-em-convencao-do-pdt\/","name":"Saiba identificar os sintomas da dengue - Portal MF","isPartOf":{"@id":"https:\/\/portalmf.com.br\/#website"},"primaryImageOfPage":{"@id":"https:\/\/portalmf.com.br\/index.php\/2022\/08\/02\/candidatura-de-leo-prates-a-deputado-federal-e-homologada-em-convencao-do-pdt\/#primaryimage"},"image":{"@id":"https:\/\/portalmf.com.br\/index.php\/2022\/08\/02\/candidatura-de-leo-prates-a-deputado-federal-e-homologada-em-convencao-do-pdt\/#primaryimage"},"thumbnailUrl":"https:\/\/portalmf.com.br\/wp-content\/uploads\/2022\/08\/mosquito-4998145.jpg","datePublished":"2022-08-02T11:59:00+00:00","dateModified":"2024-03-05T14:23:34+00:00","author":{"@id":"https:\/\/portalmf.com.br\/#\/schema\/person\/11c82086fe8abc05a19147e964587285"},"breadcrumb":{"@id":"https:\/\/portalmf.com.br\/index.php\/2022\/08\/02\/candidatura-de-leo-prates-a-deputado-federal-e-homologada-em-convencao-do-pdt\/#breadcrumb"},"inLanguage":"pt-BR","potentialAction":[{"@type":"ReadAction","target":["https:\/\/portalmf.com.br\/index.php\/2022\/08\/02\/candidatura-de-leo-prates-a-deputado-federal-e-homologada-em-convencao-do-pdt\/"]}]},{"@type":"ImageObject","inLanguage":"pt-BR","@id":"https:\/\/portalmf.com.br\/index.php\/2022\/08\/02\/candidatura-de-leo-prates-a-deputado-federal-e-homologada-em-convencao-do-pdt\/#primaryimage","url":"https:\/\/portalmf.com.br\/wp-content\/uploads\/2022\/08\/mosquito-4998145.jpg","contentUrl":"https:\/\/portalmf.com.br\/wp-content\/uploads\/2022\/08\/mosquito-4998145.jpg","width":1170,"height":700},{"@type":"BreadcrumbList","@id":"https:\/\/portalmf.com.br\/index.php\/2022\/08\/02\/candidatura-de-leo-prates-a-deputado-federal-e-homologada-em-convencao-do-pdt\/#breadcrumb","itemListElement":[{"@type":"ListItem","position":1,"name":"In\u00edcio","item":"https:\/\/portalmf.com.br\/"},{"@type":"ListItem","position":2,"name":"Saiba identificar os sintomas da dengue"}]},{"@type":"WebSite","@id":"https:\/\/portalmf.com.br\/#website","url":"https:\/\/portalmf.com.br\/","name":"Portal MF","description":"Voc\u00ea conectado com a informa\u00e7\u00e3o","potentialAction":[{"@type":"SearchAction","target":{"@type":"EntryPoint","urlTemplate":"https:\/\/portalmf.com.br\/?s={search_term_string}"},"query-input":"required name=search_term_string"}],"inLanguage":"pt-BR"},{"@type":"Person","@id":"https:\/\/portalmf.com.br\/#\/schema\/person\/11c82086fe8abc05a19147e964587285","name":"Reginaldo J\u00fanior","image":{"@type":"ImageObject","inLanguage":"pt-BR","@id":"https:\/\/portalmf.com.br\/#\/schema\/person\/image\/","url":"https:\/\/secure.gravatar.com\/avatar\/32a3c797cd0ac47cc53b8644c62776f9?s=96&d=mm&r=g","contentUrl":"https:\/\/secure.gravatar.com\/avatar\/32a3c797cd0ac47cc53b8644c62776f9?s=96&d=mm&r=g","caption":"Reginaldo J\u00fanior"},"description":"Jornalista e idealizador Portal MF","sameAs":["https:\/\/portalmf.com.br\/index.php\/author\/reginaldojr\/","reginaldojrfsa","reginaldojuniormf","https:\/\/x.com\/reginaldojrmf"],"url":"https:\/\/portalmf.com.br\/index.php\/author\/reginaldojr\/"}]}},"_links":{"self":[{"href":"https:\/\/portalmf.com.br\/index.php\/wp-json\/wp\/v2\/posts\/2525"}],"collection":[{"href":"https:\/\/portalmf.com.br\/index.php\/wp-json\/wp\/v2\/posts"}],"about":[{"href":"https:\/\/portalmf.com.br\/index.php\/wp-json\/wp\/v2\/types\/post"}],"author":[{"embeddable":true,"href":"https:\/\/portalmf.com.br\/index.php\/wp-json\/wp\/v2\/users\/2"}],"replies":[{"embeddable":true,"href":"https:\/\/portalmf.com.br\/index.php\/wp-json\/wp\/v2\/comments?post=2525"}],"version-history":[{"count":4,"href":"https:\/\/portalmf.com.br\/index.php\/wp-json\/wp\/v2\/posts\/2525\/revisions"}],"predecessor-version":[{"id":24462,"href":"https:\/\/portalmf.com.br\/index.php\/wp-json\/wp\/v2\/posts\/2525\/revisions\/24462"}],"wp:featuredmedia":[{"embeddable":true,"href":"https:\/\/portalmf.com.br\/index.php\/wp-json\/wp\/v2\/media\/24348"}],"wp:attachment":[{"href":"https:\/\/portalmf.com.br\/index.php\/wp-json\/wp\/v2\/media?parent=2525"}],"wp:term":[{"taxonomy":"category","embeddable":true,"href":"https:\/\/portalmf.com.br\/index.php\/wp-json\/wp\/v2\/categories?post=2525"},{"taxonomy":"post_tag","embeddable":true,"href":"https:\/\/portalmf.com.br\/index.php\/wp-json\/wp\/v2\/tags?post=2525"}],"curies":[{"name":"wp","href":"https:\/\/api.w.org\/{rel}","templated":true}]}}