{"id":25241,"date":"2024-03-28T16:51:37","date_gmt":"2024-03-28T19:51:37","guid":{"rendered":"https:\/\/portalmf.com.br\/?p=25241"},"modified":"2024-03-28T16:53:12","modified_gmt":"2024-03-28T19:53:12","slug":"depois-de-lanca-pre-candidatura-josivaldo-santana-se-filia-ao-uniao-brasil","status":"publish","type":"post","link":"https:\/\/portalmf.com.br\/index.php\/2024\/03\/28\/depois-de-lanca-pre-candidatura-josivaldo-santana-se-filia-ao-uniao-brasil\/","title":{"rendered":"Depois de lan\u00e7a pr\u00e9-candidatura, Josivaldo Santana se filia ao Uni\u00e3o Brasil"},"content":{"rendered":"\n<p>Josivaldo Santana confirmou a sua filia\u00e7\u00e3o ao partido Uni\u00e3o Brasil. Ele j\u00e1 assinou a sua ficha de filia\u00e7\u00e3o e \u00e9 pr\u00e9-candidato a vereador na cidade de Feira de Santana. Pretende concorrer a uma vaga no Legislativo Feirense nas pr\u00f3ximas elei\u00e7\u00f5es de outubro de 2024. Josivaldo lan\u00e7ou a sua pr\u00e9-candidatura no \u00faltimo domingo (17). <\/p>\n\n\n\n<p><em>\u201cFoi um momento de muita emo\u00e7\u00e3o, alegria e gratid\u00e3o. Gratid\u00e3o pela presen\u00e7a e apoio do povo. Tive a honra de receber amigos, lideran\u00e7as e familiares, o que me deixou ainda mais feliz\u201d,<\/em> diz.<\/p>\n\n\n\n<figure class=\"wp-block-image size-full\"><img fetchpriority=\"high\" decoding=\"async\" width=\"800\" height=\"784\" src=\"https:\/\/portalmf.com.br\/wp-content\/uploads\/2024\/03\/Josivaldo-Santana-e-Jose-Ronaldo-1.jpg\" alt=\"\" class=\"wp-image-25244\" srcset=\"https:\/\/portalmf.com.br\/wp-content\/uploads\/2024\/03\/Josivaldo-Santana-e-Jose-Ronaldo-1.jpg 800w, https:\/\/portalmf.com.br\/wp-content\/uploads\/2024\/03\/Josivaldo-Santana-e-Jose-Ronaldo-1-300x294.jpg 300w, https:\/\/portalmf.com.br\/wp-content\/uploads\/2024\/03\/Josivaldo-Santana-e-Jose-Ronaldo-1-768x753.jpg 768w, https:\/\/portalmf.com.br\/wp-content\/uploads\/2024\/03\/Josivaldo-Santana-e-Jose-Ronaldo-1-696x682.jpg 696w\" sizes=\"(max-width: 800px) 100vw, 800px\" \/><\/figure>\n\n\n\n<p><a href=\"https:\/\/portalmf.com.br\/index.php\/2024\/03\/18\/com-presenca-de-liderancas-politicas-josivaldo-santana-lanca-pre-candidatura\/\">Participaram do lan\u00e7amento grandes nomes da pol\u00edtica feirense e da regi\u00e3o. Josivaldo \u00e9 uma jovem promessa da pol\u00edtica e escolheu o UB porque j\u00e1 tem um alinhamento pol\u00edtico e anos de conviv\u00eancia ao lado do ex-prefeito Jos\u00e9 Ronaldo de Carvalho<\/a>. Atua na quest\u00e3o social h\u00e1 muitos anos em diversas comunidades da cidade como a Queimadinha, Santo Antonio dos Prazeres, Alto do Papagaio, Parque Ip\u00ea, Caseb, entre outras. Josivaldo faz parte de um grupo de amigos que que se organizaram para juntos trabalhar para os mais necessitados. Ajuda n\u00e3o apenas as pessoas da sede do munic\u00edpio como tamb\u00e9m tem atua\u00e7\u00e3o na zona rural, em alguns distritos.<\/p>\n\n\n\n<figure class=\"wp-block-image size-full\"><img decoding=\"async\" width=\"800\" height=\"533\" src=\"https:\/\/portalmf.com.br\/wp-content\/uploads\/2024\/03\/Josivaldo-Santana-e-Jose-Ronaldo-2.jpg\" alt=\"\" class=\"wp-image-25246\" srcset=\"https:\/\/portalmf.com.br\/wp-content\/uploads\/2024\/03\/Josivaldo-Santana-e-Jose-Ronaldo-2.jpg 800w, https:\/\/portalmf.com.br\/wp-content\/uploads\/2024\/03\/Josivaldo-Santana-e-Jose-Ronaldo-2-300x200.jpg 300w, https:\/\/portalmf.com.br\/wp-content\/uploads\/2024\/03\/Josivaldo-Santana-e-Jose-Ronaldo-2-768x512.jpg 768w, https:\/\/portalmf.com.br\/wp-content\/uploads\/2024\/03\/Josivaldo-Santana-e-Jose-Ronaldo-2-696x464.jpg 696w\" sizes=\"(max-width: 800px) 100vw, 800px\" \/><\/figure>\n\n\n\n<p>O pr\u00e9-candidato \u00e9 natural da cidade de Queimadas, mas j\u00e1 vive em Feira de Santana a quase 20 anos. Conhece tamb\u00e9m a cidade em suas pequenas e grandes nuances e participa ativamente do cen\u00e1rio pol\u00edtico dela. <\/p>\n\n\n\n<p><em>\u201cReafirmo o meu compromisso de continuar contribuindo para o crescimento e desenvolvimento da nossa cidade e atender com mais zelo os mais necessitados da nossa aten\u00e7\u00e3o e cuidado. Vamos juntos por uma Feira de Santana melhor\u201d<\/em>, finaliza.<\/p>\n","protected":false},"excerpt":{"rendered":"<p>Josivaldo Santana confirmou a sua filia\u00e7\u00e3o ao partido Uni\u00e3o Brasil. Ele j\u00e1 assinou a sua ficha de filia\u00e7\u00e3o e \u00e9 pr\u00e9-candidato a vereador na cidade de Feira de Santana. Pretende concorrer a uma vaga no Legislativo Feirense nas pr\u00f3ximas elei\u00e7\u00f5es de outubro de 2024. Josivaldo lan\u00e7ou a sua pr\u00e9-candidatura no \u00faltimo domingo (17). \u201cFoi um [&hellip;]<\/p>\n","protected":false},"author":3,"featured_media":25243,"comment_status":"open","ping_status":"open","sticky":false,"template":"","format":"standard","meta":{"_monsterinsights_skip_tracking":false,"_monsterinsights_sitenote_active":false,"_monsterinsights_sitenote_note":"","_monsterinsights_sitenote_category":0,"footnotes":""},"categories":[301,34],"tags":[],"yoast_head":"<!-- This site is optimized with the Yoast SEO plugin v22.9 - https:\/\/yoast.com\/wordpress\/plugins\/seo\/ -->\n<title>Depois de lan\u00e7a pr\u00e9-candidatura, Josivaldo Santana se filia ao Uni\u00e3o Brasil - Portal MF<\/title>\n<meta name=\"robots\" content=\"index, follow, max-snippet:-1, max-image-preview:large, max-video-preview:-1\" \/>\n<link rel=\"canonical\" href=\"https:\/\/portalmf.com.br\/index.php\/2024\/03\/28\/depois-de-lanca-pre-candidatura-josivaldo-santana-se-filia-ao-uniao-brasil\/\" \/>\n<meta property=\"og:locale\" content=\"pt_BR\" \/>\n<meta property=\"og:type\" content=\"article\" \/>\n<meta property=\"og:title\" content=\"Depois de lan\u00e7a pr\u00e9-candidatura, Josivaldo Santana se filia ao Uni\u00e3o Brasil - Portal MF\" \/>\n<meta property=\"og:description\" content=\"Josivaldo Santana confirmou a sua filia\u00e7\u00e3o ao partido Uni\u00e3o Brasil. Ele j\u00e1 assinou a sua ficha de filia\u00e7\u00e3o e \u00e9 pr\u00e9-candidato a vereador na cidade de Feira de Santana. Pretende concorrer a uma vaga no Legislativo Feirense nas pr\u00f3ximas elei\u00e7\u00f5es de outubro de 2024. Josivaldo lan\u00e7ou a sua pr\u00e9-candidatura no \u00faltimo domingo (17). \u201cFoi um [&hellip;]\" \/>\n<meta property=\"og:url\" content=\"https:\/\/portalmf.com.br\/index.php\/2024\/03\/28\/depois-de-lanca-pre-candidatura-josivaldo-santana-se-filia-ao-uniao-brasil\/\" \/>\n<meta property=\"og:site_name\" content=\"Portal MF\" \/>\n<meta property=\"article:author\" content=\"https:\/\/www.facebook.com\/portalmfoficial\" \/>\n<meta property=\"article:published_time\" content=\"2024-03-28T19:51:37+00:00\" \/>\n<meta property=\"article:modified_time\" content=\"2024-03-28T19:53:12+00:00\" \/>\n<meta property=\"og:image\" content=\"https:\/\/portalmf.com.br\/wp-content\/uploads\/2024\/03\/Josivaldo-Santana-e-Jose-Ronaldo-3.jpg\" \/>\n\t<meta property=\"og:image:width\" content=\"800\" \/>\n\t<meta property=\"og:image:height\" content=\"533\" \/>\n\t<meta property=\"og:image:type\" content=\"image\/jpeg\" \/>\n<meta name=\"author\" content=\"Reda\u00e7\u00e3o Portal MF\" \/>\n<meta name=\"twitter:card\" content=\"summary_large_image\" \/>\n<meta name=\"twitter:creator\" content=\"@https:\/\/x.com\/portalmfoficial\" \/>\n<meta name=\"twitter:label1\" content=\"Escrito por\" \/>\n\t<meta name=\"twitter:data1\" content=\"Reda\u00e7\u00e3o Portal MF\" \/>\n\t<meta name=\"twitter:label2\" content=\"Est. tempo de leitura\" \/>\n\t<meta name=\"twitter:data2\" content=\"3 minutos\" \/>\n<script type=\"application\/ld+json\" class=\"yoast-schema-graph\">{\"@context\":\"https:\/\/schema.org\",\"@graph\":[{\"@type\":\"WebPage\",\"@id\":\"https:\/\/portalmf.com.br\/index.php\/2024\/03\/28\/depois-de-lanca-pre-candidatura-josivaldo-santana-se-filia-ao-uniao-brasil\/\",\"url\":\"https:\/\/portalmf.com.br\/index.php\/2024\/03\/28\/depois-de-lanca-pre-candidatura-josivaldo-santana-se-filia-ao-uniao-brasil\/\",\"name\":\"Depois de lan\u00e7a pr\u00e9-candidatura, Josivaldo Santana se filia ao Uni\u00e3o Brasil - Portal MF\",\"isPartOf\":{\"@id\":\"https:\/\/portalmf.com.br\/#website\"},\"primaryImageOfPage\":{\"@id\":\"https:\/\/portalmf.com.br\/index.php\/2024\/03\/28\/depois-de-lanca-pre-candidatura-josivaldo-santana-se-filia-ao-uniao-brasil\/#primaryimage\"},\"image\":{\"@id\":\"https:\/\/portalmf.com.br\/index.php\/2024\/03\/28\/depois-de-lanca-pre-candidatura-josivaldo-santana-se-filia-ao-uniao-brasil\/#primaryimage\"},\"thumbnailUrl\":\"https:\/\/portalmf.com.br\/wp-content\/uploads\/2024\/03\/Josivaldo-Santana-e-Jose-Ronaldo-3.jpg\",\"datePublished\":\"2024-03-28T19:51:37+00:00\",\"dateModified\":\"2024-03-28T19:53:12+00:00\",\"author\":{\"@id\":\"https:\/\/portalmf.com.br\/#\/schema\/person\/9ec101baf56233e53520c26de5d6f6f0\"},\"breadcrumb\":{\"@id\":\"https:\/\/portalmf.com.br\/index.php\/2024\/03\/28\/depois-de-lanca-pre-candidatura-josivaldo-santana-se-filia-ao-uniao-brasil\/#breadcrumb\"},\"inLanguage\":\"pt-BR\",\"potentialAction\":[{\"@type\":\"ReadAction\",\"target\":[\"https:\/\/portalmf.com.br\/index.php\/2024\/03\/28\/depois-de-lanca-pre-candidatura-josivaldo-santana-se-filia-ao-uniao-brasil\/\"]}]},{\"@type\":\"ImageObject\",\"inLanguage\":\"pt-BR\",\"@id\":\"https:\/\/portalmf.com.br\/index.php\/2024\/03\/28\/depois-de-lanca-pre-candidatura-josivaldo-santana-se-filia-ao-uniao-brasil\/#primaryimage\",\"url\":\"https:\/\/portalmf.com.br\/wp-content\/uploads\/2024\/03\/Josivaldo-Santana-e-Jose-Ronaldo-3.jpg\",\"contentUrl\":\"https:\/\/portalmf.com.br\/wp-content\/uploads\/2024\/03\/Josivaldo-Santana-e-Jose-Ronaldo-3.jpg\",\"width\":800,\"height\":533},{\"@type\":\"BreadcrumbList\",\"@id\":\"https:\/\/portalmf.com.br\/index.php\/2024\/03\/28\/depois-de-lanca-pre-candidatura-josivaldo-santana-se-filia-ao-uniao-brasil\/#breadcrumb\",\"itemListElement\":[{\"@type\":\"ListItem\",\"position\":1,\"name\":\"In\u00edcio\",\"item\":\"https:\/\/portalmf.com.br\/\"},{\"@type\":\"ListItem\",\"position\":2,\"name\":\"Depois de lan\u00e7a pr\u00e9-candidatura, Josivaldo Santana se filia ao Uni\u00e3o Brasil\"}]},{\"@type\":\"WebSite\",\"@id\":\"https:\/\/portalmf.com.br\/#website\",\"url\":\"https:\/\/portalmf.com.br\/\",\"name\":\"Portal MF\",\"description\":\"Voc\u00ea conectado com a informa\u00e7\u00e3o\",\"potentialAction\":[{\"@type\":\"SearchAction\",\"target\":{\"@type\":\"EntryPoint\",\"urlTemplate\":\"https:\/\/portalmf.com.br\/?s={search_term_string}\"},\"query-input\":\"required name=search_term_string\"}],\"inLanguage\":\"pt-BR\"},{\"@type\":\"Person\",\"@id\":\"https:\/\/portalmf.com.br\/#\/schema\/person\/9ec101baf56233e53520c26de5d6f6f0\",\"name\":\"Reda\u00e7\u00e3o Portal MF\",\"image\":{\"@type\":\"ImageObject\",\"inLanguage\":\"pt-BR\",\"@id\":\"https:\/\/portalmf.com.br\/#\/schema\/person\/image\/\",\"url\":\"https:\/\/secure.gravatar.com\/avatar\/41b9aaeb2100835f7c64362330f74c7f?s=96&d=mm&r=g\",\"contentUrl\":\"https:\/\/secure.gravatar.com\/avatar\/41b9aaeb2100835f7c64362330f74c7f?s=96&d=mm&r=g\",\"caption\":\"Reda\u00e7\u00e3o Portal MF\"},\"description\":\"Sejam bem-vindos o portal de informa\u00e7\u00f5es de entretenimento de Feira de Santana, desde 2006 realiza coberturas dos principais eventos com entrevistas exclusivas com as principais personalidades mundiais. Fique conectado tamb\u00e9m nas redes sociais.\",\"sameAs\":[\"http:\/\/www.portalmf.com.br\/\",\"https:\/\/www.facebook.com\/portalmfoficial\",\"https:\/\/www.instagram.com\/portalmf\/\",\"https:\/\/x.com\/https:\/\/x.com\/portalmfoficial\",\"https:\/\/www.youtube.com\/@portalmfoficial\"],\"url\":\"https:\/\/portalmf.com.br\/index.php\/author\/junior\/\"}]}<\/script>\n<!-- \/ Yoast SEO plugin. -->","yoast_head_json":{"title":"Depois de lan\u00e7a pr\u00e9-candidatura, Josivaldo Santana se filia ao Uni\u00e3o Brasil - Portal MF","robots":{"index":"index","follow":"follow","max-snippet":"max-snippet:-1","max-image-preview":"max-image-preview:large","max-video-preview":"max-video-preview:-1"},"canonical":"https:\/\/portalmf.com.br\/index.php\/2024\/03\/28\/depois-de-lanca-pre-candidatura-josivaldo-santana-se-filia-ao-uniao-brasil\/","og_locale":"pt_BR","og_type":"article","og_title":"Depois de lan\u00e7a pr\u00e9-candidatura, Josivaldo Santana se filia ao Uni\u00e3o Brasil - Portal MF","og_description":"Josivaldo Santana confirmou a sua filia\u00e7\u00e3o ao partido Uni\u00e3o Brasil. Ele j\u00e1 assinou a sua ficha de filia\u00e7\u00e3o e \u00e9 pr\u00e9-candidato a vereador na cidade de Feira de Santana. Pretende concorrer a uma vaga no Legislativo Feirense nas pr\u00f3ximas elei\u00e7\u00f5es de outubro de 2024. Josivaldo lan\u00e7ou a sua pr\u00e9-candidatura no \u00faltimo domingo (17). \u201cFoi um [&hellip;]","og_url":"https:\/\/portalmf.com.br\/index.php\/2024\/03\/28\/depois-de-lanca-pre-candidatura-josivaldo-santana-se-filia-ao-uniao-brasil\/","og_site_name":"Portal MF","article_author":"https:\/\/www.facebook.com\/portalmfoficial","article_published_time":"2024-03-28T19:51:37+00:00","article_modified_time":"2024-03-28T19:53:12+00:00","og_image":[{"width":800,"height":533,"url":"https:\/\/portalmf.com.br\/wp-content\/uploads\/2024\/03\/Josivaldo-Santana-e-Jose-Ronaldo-3.jpg","type":"image\/jpeg"}],"author":"Reda\u00e7\u00e3o Portal MF","twitter_card":"summary_large_image","twitter_creator":"@https:\/\/x.com\/portalmfoficial","twitter_misc":{"Escrito por":"Reda\u00e7\u00e3o Portal MF","Est. tempo de leitura":"3 minutos"},"schema":{"@context":"https:\/\/schema.org","@graph":[{"@type":"WebPage","@id":"https:\/\/portalmf.com.br\/index.php\/2024\/03\/28\/depois-de-lanca-pre-candidatura-josivaldo-santana-se-filia-ao-uniao-brasil\/","url":"https:\/\/portalmf.com.br\/index.php\/2024\/03\/28\/depois-de-lanca-pre-candidatura-josivaldo-santana-se-filia-ao-uniao-brasil\/","name":"Depois de lan\u00e7a pr\u00e9-candidatura, Josivaldo Santana se filia ao Uni\u00e3o Brasil - Portal MF","isPartOf":{"@id":"https:\/\/portalmf.com.br\/#website"},"primaryImageOfPage":{"@id":"https:\/\/portalmf.com.br\/index.php\/2024\/03\/28\/depois-de-lanca-pre-candidatura-josivaldo-santana-se-filia-ao-uniao-brasil\/#primaryimage"},"image":{"@id":"https:\/\/portalmf.com.br\/index.php\/2024\/03\/28\/depois-de-lanca-pre-candidatura-josivaldo-santana-se-filia-ao-uniao-brasil\/#primaryimage"},"thumbnailUrl":"https:\/\/portalmf.com.br\/wp-content\/uploads\/2024\/03\/Josivaldo-Santana-e-Jose-Ronaldo-3.jpg","datePublished":"2024-03-28T19:51:37+00:00","dateModified":"2024-03-28T19:53:12+00:00","author":{"@id":"https:\/\/portalmf.com.br\/#\/schema\/person\/9ec101baf56233e53520c26de5d6f6f0"},"breadcrumb":{"@id":"https:\/\/portalmf.com.br\/index.php\/2024\/03\/28\/depois-de-lanca-pre-candidatura-josivaldo-santana-se-filia-ao-uniao-brasil\/#breadcrumb"},"inLanguage":"pt-BR","potentialAction":[{"@type":"ReadAction","target":["https:\/\/portalmf.com.br\/index.php\/2024\/03\/28\/depois-de-lanca-pre-candidatura-josivaldo-santana-se-filia-ao-uniao-brasil\/"]}]},{"@type":"ImageObject","inLanguage":"pt-BR","@id":"https:\/\/portalmf.com.br\/index.php\/2024\/03\/28\/depois-de-lanca-pre-candidatura-josivaldo-santana-se-filia-ao-uniao-brasil\/#primaryimage","url":"https:\/\/portalmf.com.br\/wp-content\/uploads\/2024\/03\/Josivaldo-Santana-e-Jose-Ronaldo-3.jpg","contentUrl":"https:\/\/portalmf.com.br\/wp-content\/uploads\/2024\/03\/Josivaldo-Santana-e-Jose-Ronaldo-3.jpg","width":800,"height":533},{"@type":"BreadcrumbList","@id":"https:\/\/portalmf.com.br\/index.php\/2024\/03\/28\/depois-de-lanca-pre-candidatura-josivaldo-santana-se-filia-ao-uniao-brasil\/#breadcrumb","itemListElement":[{"@type":"ListItem","position":1,"name":"In\u00edcio","item":"https:\/\/portalmf.com.br\/"},{"@type":"ListItem","position":2,"name":"Depois de lan\u00e7a pr\u00e9-candidatura, Josivaldo Santana se filia ao Uni\u00e3o Brasil"}]},{"@type":"WebSite","@id":"https:\/\/portalmf.com.br\/#website","url":"https:\/\/portalmf.com.br\/","name":"Portal MF","description":"Voc\u00ea conectado com a informa\u00e7\u00e3o","potentialAction":[{"@type":"SearchAction","target":{"@type":"EntryPoint","urlTemplate":"https:\/\/portalmf.com.br\/?s={search_term_string}"},"query-input":"required name=search_term_string"}],"inLanguage":"pt-BR"},{"@type":"Person","@id":"https:\/\/portalmf.com.br\/#\/schema\/person\/9ec101baf56233e53520c26de5d6f6f0","name":"Reda\u00e7\u00e3o Portal MF","image":{"@type":"ImageObject","inLanguage":"pt-BR","@id":"https:\/\/portalmf.com.br\/#\/schema\/person\/image\/","url":"https:\/\/secure.gravatar.com\/avatar\/41b9aaeb2100835f7c64362330f74c7f?s=96&d=mm&r=g","contentUrl":"https:\/\/secure.gravatar.com\/avatar\/41b9aaeb2100835f7c64362330f74c7f?s=96&d=mm&r=g","caption":"Reda\u00e7\u00e3o Portal MF"},"description":"Sejam bem-vindos o portal de informa\u00e7\u00f5es de entretenimento de Feira de Santana, desde 2006 realiza coberturas dos principais eventos com entrevistas exclusivas com as principais personalidades mundiais. Fique conectado tamb\u00e9m nas redes sociais.","sameAs":["http:\/\/www.portalmf.com.br\/","https:\/\/www.facebook.com\/portalmfoficial","https:\/\/www.instagram.com\/portalmf\/","https:\/\/x.com\/https:\/\/x.com\/portalmfoficial","https:\/\/www.youtube.com\/@portalmfoficial"],"url":"https:\/\/portalmf.com.br\/index.php\/author\/junior\/"}]}},"_links":{"self":[{"href":"https:\/\/portalmf.com.br\/index.php\/wp-json\/wp\/v2\/posts\/25241"}],"collection":[{"href":"https:\/\/portalmf.com.br\/index.php\/wp-json\/wp\/v2\/posts"}],"about":[{"href":"https:\/\/portalmf.com.br\/index.php\/wp-json\/wp\/v2\/types\/post"}],"author":[{"embeddable":true,"href":"https:\/\/portalmf.com.br\/index.php\/wp-json\/wp\/v2\/users\/3"}],"replies":[{"embeddable":true,"href":"https:\/\/portalmf.com.br\/index.php\/wp-json\/wp\/v2\/comments?post=25241"}],"version-history":[{"count":2,"href":"https:\/\/portalmf.com.br\/index.php\/wp-json\/wp\/v2\/posts\/25241\/revisions"}],"predecessor-version":[{"id":25247,"href":"https:\/\/portalmf.com.br\/index.php\/wp-json\/wp\/v2\/posts\/25241\/revisions\/25247"}],"wp:featuredmedia":[{"embeddable":true,"href":"https:\/\/portalmf.com.br\/index.php\/wp-json\/wp\/v2\/media\/25243"}],"wp:attachment":[{"href":"https:\/\/portalmf.com.br\/index.php\/wp-json\/wp\/v2\/media?parent=25241"}],"wp:term":[{"taxonomy":"category","embeddable":true,"href":"https:\/\/portalmf.com.br\/index.php\/wp-json\/wp\/v2\/categories?post=25241"},{"taxonomy":"post_tag","embeddable":true,"href":"https:\/\/portalmf.com.br\/index.php\/wp-json\/wp\/v2\/tags?post=25241"}],"curies":[{"name":"wp","href":"https:\/\/api.w.org\/{rel}","templated":true}]}}