{"id":2522,"date":"2022-08-02T08:54:00","date_gmt":"2022-08-02T11:54:00","guid":{"rendered":"http:\/\/portalmf.com.br\/?p=2522"},"modified":"2022-08-03T11:58:13","modified_gmt":"2022-08-03T14:58:13","slug":"com-candidatura-oficializada-pela-convencao-do-pt-ze-neto-vai-para-a-reeleicao-como-deputado-federal","status":"publish","type":"post","link":"https:\/\/portalmf.com.br\/index.php\/2022\/08\/02\/com-candidatura-oficializada-pela-convencao-do-pt-ze-neto-vai-para-a-reeleicao-como-deputado-federal\/","title":{"rendered":"Com candidatura oficializada pela Conven\u00e7\u00e3o do PT, Z\u00e9 Neto vai para a reelei\u00e7\u00e3o como Deputado Federal"},"content":{"rendered":"\n<p>O Partido dos Trabalhadores (PT) oficializou nesse s\u00e1bado (30) a candidatura de Z\u00e9 Neto, ent\u00e3o deputado federal, \u00e0 reelei\u00e7\u00e3o, se destacando nesse per\u00edodo exercendo a fun\u00e7\u00e3o de vice-l\u00edder do PT por tr\u00eas anos na C\u00e2mara dos Deputados, tendo participado de diversas comiss\u00f5es, e fazendo importantes interlocu\u00e7\u00f5es e lutas tanto com trabalhadores da \u00e1rea da sa\u00fade defendendo agentes comunit\u00e1rios, enfermagem, como tamb\u00e9m os trabalhadores dos Correios, transportes alternativos, trabalhadores aut\u00f4nomos, informais, despachantes, auto-escolas, propagandistas, e diversos outros segmentos e categorias. <\/p>\n\n\n\n<p>Al\u00e9m disso, o deputado Z\u00e9 Neto se destacou sendo coordenador de bancada na Comiss\u00e3o de Desenvolvimento Econ\u00f4mico, em defesa de di\u00e1logos com diversos setores dentre eles a cadeia do frango, do leite, da carne, do atacado, varejo, sendo nos \u00faltimos tr\u00eas anos vice-presidente da Frente Parlamentar de Com\u00e9rcio, Ind\u00fastria e Servi\u00e7o, presidindo o setor de pequena e micro empresa.<\/p>\n\n\n\n<p><em>\u201cUma elei\u00e7\u00e3o decisiva, talvez a mais importante do pa\u00eds, e que n\u00e3o se trata apenas de uma elei\u00e7\u00e3o de partidos, mas de divisor de \u00e1guas entre um Brasil que busca sua soberania, e um que atrela sua economia e seu desenvolvimento \u00e0 interesses internacionais especulativos, especialmente no que diz respeito a essa disputa do legislativo que \u00e9 um poder que vem atropelando a sua compet\u00eancia e deixando de cumprir o conjunto da necessidade do Brasil e as reais car\u00eancias do povo brasileiro. Portanto essa \u00e9 uma elei\u00e7\u00e3o onde h\u00e1 uma import\u00e2ncia grande na disputa para presid\u00eancia da rep\u00fablica diante da grande necessidade para que o mesmo possa governar com uma base s\u00f3lida no Congresso para que o Brasil retome suas pol\u00edticas p\u00fablicas e o desenvolvimento social, econ\u00f4mico e tecnol\u00f3gico, especialmente cuidando de quem mais precisa\u201d<\/em>, afirmou o deputado.<\/p>\n\n\n\n<p>O evento contou com a participa\u00e7\u00e3o virtual do ex-presidente Lula que em v\u00eddeo, reafirmou que o seu candidato na Bahia ao governo, \u00e9 Jer\u00f4nimo Rodrigues e Otto para a vaga no Senado, os quais pertencem \u00e0 mesma chapa onde Z\u00e9 Neto concorre \u00e0 reelei\u00e7\u00e3o na federa\u00e7\u00e3o que re\u00fane os partidos PT, PCdoB e PV.<\/p>\n","protected":false},"excerpt":{"rendered":"<p>O Partido dos Trabalhadores (PT) oficializou nesse s\u00e1bado (30) a candidatura de Z\u00e9 Neto, ent\u00e3o deputado federal, \u00e0 reelei\u00e7\u00e3o, se destacando nesse per\u00edodo exercendo a fun\u00e7\u00e3o de vice-l\u00edder do PT por tr\u00eas anos na C\u00e2mara dos Deputados, tendo participado de diversas comiss\u00f5es, e fazendo importantes interlocu\u00e7\u00f5es e lutas tanto com trabalhadores da \u00e1rea da sa\u00fade [&hellip;]<\/p>\n","protected":false},"author":2,"featured_media":2523,"comment_status":"open","ping_status":"open","sticky":false,"template":"","format":"standard","meta":{"_monsterinsights_skip_tracking":false,"_monsterinsights_sitenote_active":false,"_monsterinsights_sitenote_note":"","_monsterinsights_sitenote_category":0,"footnotes":""},"categories":[34],"tags":[],"yoast_head":"<!-- This site is optimized with the Yoast SEO plugin v22.9 - https:\/\/yoast.com\/wordpress\/plugins\/seo\/ -->\n<title>Com candidatura oficializada pela Conven\u00e7\u00e3o do PT, Z\u00e9 Neto vai para a reelei\u00e7\u00e3o como Deputado Federal - Portal MF<\/title>\n<meta name=\"robots\" content=\"index, follow, max-snippet:-1, max-image-preview:large, max-video-preview:-1\" \/>\n<link rel=\"canonical\" href=\"https:\/\/portalmf.com.br\/index.php\/2022\/08\/02\/com-candidatura-oficializada-pela-convencao-do-pt-ze-neto-vai-para-a-reeleicao-como-deputado-federal\/\" \/>\n<meta property=\"og:locale\" content=\"pt_BR\" \/>\n<meta property=\"og:type\" content=\"article\" \/>\n<meta property=\"og:title\" content=\"Com candidatura oficializada pela Conven\u00e7\u00e3o do PT, Z\u00e9 Neto vai para a reelei\u00e7\u00e3o como Deputado Federal - Portal MF\" \/>\n<meta property=\"og:description\" content=\"O Partido dos Trabalhadores (PT) oficializou nesse s\u00e1bado (30) a candidatura de Z\u00e9 Neto, ent\u00e3o deputado federal, \u00e0 reelei\u00e7\u00e3o, se destacando nesse per\u00edodo exercendo a fun\u00e7\u00e3o de vice-l\u00edder do PT por tr\u00eas anos na C\u00e2mara dos Deputados, tendo participado de diversas comiss\u00f5es, e fazendo importantes interlocu\u00e7\u00f5es e lutas tanto com trabalhadores da \u00e1rea da sa\u00fade [&hellip;]\" \/>\n<meta property=\"og:url\" content=\"https:\/\/portalmf.com.br\/index.php\/2022\/08\/02\/com-candidatura-oficializada-pela-convencao-do-pt-ze-neto-vai-para-a-reeleicao-como-deputado-federal\/\" \/>\n<meta property=\"og:site_name\" content=\"Portal MF\" \/>\n<meta property=\"article:author\" content=\"reginaldojrfsa\" \/>\n<meta property=\"article:published_time\" content=\"2022-08-02T11:54:00+00:00\" \/>\n<meta property=\"article:modified_time\" content=\"2022-08-03T14:58:13+00:00\" \/>\n<meta property=\"og:image\" content=\"https:\/\/portalmf.com.br\/wp-content\/uploads\/2022\/08\/WhatsApp-Image-2022-08-01-at-17.53.37.jpeg\" \/>\n\t<meta property=\"og:image:width\" content=\"1024\" \/>\n\t<meta property=\"og:image:height\" content=\"856\" \/>\n\t<meta property=\"og:image:type\" content=\"image\/jpeg\" \/>\n<meta name=\"author\" content=\"Reginaldo J\u00fanior\" \/>\n<meta name=\"twitter:card\" content=\"summary_large_image\" \/>\n<meta name=\"twitter:creator\" content=\"@reginaldojrmf\" \/>\n<meta name=\"twitter:label1\" content=\"Escrito por\" \/>\n\t<meta name=\"twitter:data1\" content=\"Reginaldo J\u00fanior\" \/>\n\t<meta name=\"twitter:label2\" content=\"Est. tempo de leitura\" \/>\n\t<meta name=\"twitter:data2\" content=\"2 minutos\" \/>\n<script type=\"application\/ld+json\" class=\"yoast-schema-graph\">{\"@context\":\"https:\/\/schema.org\",\"@graph\":[{\"@type\":\"WebPage\",\"@id\":\"https:\/\/portalmf.com.br\/index.php\/2022\/08\/02\/com-candidatura-oficializada-pela-convencao-do-pt-ze-neto-vai-para-a-reeleicao-como-deputado-federal\/\",\"url\":\"https:\/\/portalmf.com.br\/index.php\/2022\/08\/02\/com-candidatura-oficializada-pela-convencao-do-pt-ze-neto-vai-para-a-reeleicao-como-deputado-federal\/\",\"name\":\"Com candidatura oficializada pela Conven\u00e7\u00e3o do PT, Z\u00e9 Neto vai para a reelei\u00e7\u00e3o como Deputado Federal - Portal MF\",\"isPartOf\":{\"@id\":\"https:\/\/portalmf.com.br\/#website\"},\"primaryImageOfPage\":{\"@id\":\"https:\/\/portalmf.com.br\/index.php\/2022\/08\/02\/com-candidatura-oficializada-pela-convencao-do-pt-ze-neto-vai-para-a-reeleicao-como-deputado-federal\/#primaryimage\"},\"image\":{\"@id\":\"https:\/\/portalmf.com.br\/index.php\/2022\/08\/02\/com-candidatura-oficializada-pela-convencao-do-pt-ze-neto-vai-para-a-reeleicao-como-deputado-federal\/#primaryimage\"},\"thumbnailUrl\":\"https:\/\/portalmf.com.br\/wp-content\/uploads\/2022\/08\/WhatsApp-Image-2022-08-01-at-17.53.37.jpeg\",\"datePublished\":\"2022-08-02T11:54:00+00:00\",\"dateModified\":\"2022-08-03T14:58:13+00:00\",\"author\":{\"@id\":\"https:\/\/portalmf.com.br\/#\/schema\/person\/11c82086fe8abc05a19147e964587285\"},\"breadcrumb\":{\"@id\":\"https:\/\/portalmf.com.br\/index.php\/2022\/08\/02\/com-candidatura-oficializada-pela-convencao-do-pt-ze-neto-vai-para-a-reeleicao-como-deputado-federal\/#breadcrumb\"},\"inLanguage\":\"pt-BR\",\"potentialAction\":[{\"@type\":\"ReadAction\",\"target\":[\"https:\/\/portalmf.com.br\/index.php\/2022\/08\/02\/com-candidatura-oficializada-pela-convencao-do-pt-ze-neto-vai-para-a-reeleicao-como-deputado-federal\/\"]}]},{\"@type\":\"ImageObject\",\"inLanguage\":\"pt-BR\",\"@id\":\"https:\/\/portalmf.com.br\/index.php\/2022\/08\/02\/com-candidatura-oficializada-pela-convencao-do-pt-ze-neto-vai-para-a-reeleicao-como-deputado-federal\/#primaryimage\",\"url\":\"https:\/\/portalmf.com.br\/wp-content\/uploads\/2022\/08\/WhatsApp-Image-2022-08-01-at-17.53.37.jpeg\",\"contentUrl\":\"https:\/\/portalmf.com.br\/wp-content\/uploads\/2022\/08\/WhatsApp-Image-2022-08-01-at-17.53.37.jpeg\",\"width\":1024,\"height\":856},{\"@type\":\"BreadcrumbList\",\"@id\":\"https:\/\/portalmf.com.br\/index.php\/2022\/08\/02\/com-candidatura-oficializada-pela-convencao-do-pt-ze-neto-vai-para-a-reeleicao-como-deputado-federal\/#breadcrumb\",\"itemListElement\":[{\"@type\":\"ListItem\",\"position\":1,\"name\":\"In\u00edcio\",\"item\":\"https:\/\/portalmf.com.br\/\"},{\"@type\":\"ListItem\",\"position\":2,\"name\":\"Com candidatura oficializada pela Conven\u00e7\u00e3o do PT, Z\u00e9 Neto vai para a reelei\u00e7\u00e3o como Deputado Federal\"}]},{\"@type\":\"WebSite\",\"@id\":\"https:\/\/portalmf.com.br\/#website\",\"url\":\"https:\/\/portalmf.com.br\/\",\"name\":\"Portal MF\",\"description\":\"Voc\u00ea conectado com a informa\u00e7\u00e3o\",\"potentialAction\":[{\"@type\":\"SearchAction\",\"target\":{\"@type\":\"EntryPoint\",\"urlTemplate\":\"https:\/\/portalmf.com.br\/?s={search_term_string}\"},\"query-input\":\"required name=search_term_string\"}],\"inLanguage\":\"pt-BR\"},{\"@type\":\"Person\",\"@id\":\"https:\/\/portalmf.com.br\/#\/schema\/person\/11c82086fe8abc05a19147e964587285\",\"name\":\"Reginaldo J\u00fanior\",\"image\":{\"@type\":\"ImageObject\",\"inLanguage\":\"pt-BR\",\"@id\":\"https:\/\/portalmf.com.br\/#\/schema\/person\/image\/\",\"url\":\"https:\/\/secure.gravatar.com\/avatar\/32a3c797cd0ac47cc53b8644c62776f9?s=96&d=mm&r=g\",\"contentUrl\":\"https:\/\/secure.gravatar.com\/avatar\/32a3c797cd0ac47cc53b8644c62776f9?s=96&d=mm&r=g\",\"caption\":\"Reginaldo J\u00fanior\"},\"description\":\"Jornalista e idealizador Portal MF\",\"sameAs\":[\"https:\/\/portalmf.com.br\/index.php\/author\/reginaldojr\/\",\"reginaldojrfsa\",\"reginaldojuniormf\",\"https:\/\/x.com\/reginaldojrmf\"],\"url\":\"https:\/\/portalmf.com.br\/index.php\/author\/reginaldojr\/\"}]}<\/script>\n<!-- \/ Yoast SEO plugin. -->","yoast_head_json":{"title":"Com candidatura oficializada pela Conven\u00e7\u00e3o do PT, Z\u00e9 Neto vai para a reelei\u00e7\u00e3o como Deputado Federal - Portal MF","robots":{"index":"index","follow":"follow","max-snippet":"max-snippet:-1","max-image-preview":"max-image-preview:large","max-video-preview":"max-video-preview:-1"},"canonical":"https:\/\/portalmf.com.br\/index.php\/2022\/08\/02\/com-candidatura-oficializada-pela-convencao-do-pt-ze-neto-vai-para-a-reeleicao-como-deputado-federal\/","og_locale":"pt_BR","og_type":"article","og_title":"Com candidatura oficializada pela Conven\u00e7\u00e3o do PT, Z\u00e9 Neto vai para a reelei\u00e7\u00e3o como Deputado Federal - Portal MF","og_description":"O Partido dos Trabalhadores (PT) oficializou nesse s\u00e1bado (30) a candidatura de Z\u00e9 Neto, ent\u00e3o deputado federal, \u00e0 reelei\u00e7\u00e3o, se destacando nesse per\u00edodo exercendo a fun\u00e7\u00e3o de vice-l\u00edder do PT por tr\u00eas anos na C\u00e2mara dos Deputados, tendo participado de diversas comiss\u00f5es, e fazendo importantes interlocu\u00e7\u00f5es e lutas tanto com trabalhadores da \u00e1rea da sa\u00fade [&hellip;]","og_url":"https:\/\/portalmf.com.br\/index.php\/2022\/08\/02\/com-candidatura-oficializada-pela-convencao-do-pt-ze-neto-vai-para-a-reeleicao-como-deputado-federal\/","og_site_name":"Portal MF","article_author":"reginaldojrfsa","article_published_time":"2022-08-02T11:54:00+00:00","article_modified_time":"2022-08-03T14:58:13+00:00","og_image":[{"width":1024,"height":856,"url":"https:\/\/portalmf.com.br\/wp-content\/uploads\/2022\/08\/WhatsApp-Image-2022-08-01-at-17.53.37.jpeg","type":"image\/jpeg"}],"author":"Reginaldo J\u00fanior","twitter_card":"summary_large_image","twitter_creator":"@reginaldojrmf","twitter_misc":{"Escrito por":"Reginaldo J\u00fanior","Est. tempo de leitura":"2 minutos"},"schema":{"@context":"https:\/\/schema.org","@graph":[{"@type":"WebPage","@id":"https:\/\/portalmf.com.br\/index.php\/2022\/08\/02\/com-candidatura-oficializada-pela-convencao-do-pt-ze-neto-vai-para-a-reeleicao-como-deputado-federal\/","url":"https:\/\/portalmf.com.br\/index.php\/2022\/08\/02\/com-candidatura-oficializada-pela-convencao-do-pt-ze-neto-vai-para-a-reeleicao-como-deputado-federal\/","name":"Com candidatura oficializada pela Conven\u00e7\u00e3o do PT, Z\u00e9 Neto vai para a reelei\u00e7\u00e3o como Deputado Federal - Portal MF","isPartOf":{"@id":"https:\/\/portalmf.com.br\/#website"},"primaryImageOfPage":{"@id":"https:\/\/portalmf.com.br\/index.php\/2022\/08\/02\/com-candidatura-oficializada-pela-convencao-do-pt-ze-neto-vai-para-a-reeleicao-como-deputado-federal\/#primaryimage"},"image":{"@id":"https:\/\/portalmf.com.br\/index.php\/2022\/08\/02\/com-candidatura-oficializada-pela-convencao-do-pt-ze-neto-vai-para-a-reeleicao-como-deputado-federal\/#primaryimage"},"thumbnailUrl":"https:\/\/portalmf.com.br\/wp-content\/uploads\/2022\/08\/WhatsApp-Image-2022-08-01-at-17.53.37.jpeg","datePublished":"2022-08-02T11:54:00+00:00","dateModified":"2022-08-03T14:58:13+00:00","author":{"@id":"https:\/\/portalmf.com.br\/#\/schema\/person\/11c82086fe8abc05a19147e964587285"},"breadcrumb":{"@id":"https:\/\/portalmf.com.br\/index.php\/2022\/08\/02\/com-candidatura-oficializada-pela-convencao-do-pt-ze-neto-vai-para-a-reeleicao-como-deputado-federal\/#breadcrumb"},"inLanguage":"pt-BR","potentialAction":[{"@type":"ReadAction","target":["https:\/\/portalmf.com.br\/index.php\/2022\/08\/02\/com-candidatura-oficializada-pela-convencao-do-pt-ze-neto-vai-para-a-reeleicao-como-deputado-federal\/"]}]},{"@type":"ImageObject","inLanguage":"pt-BR","@id":"https:\/\/portalmf.com.br\/index.php\/2022\/08\/02\/com-candidatura-oficializada-pela-convencao-do-pt-ze-neto-vai-para-a-reeleicao-como-deputado-federal\/#primaryimage","url":"https:\/\/portalmf.com.br\/wp-content\/uploads\/2022\/08\/WhatsApp-Image-2022-08-01-at-17.53.37.jpeg","contentUrl":"https:\/\/portalmf.com.br\/wp-content\/uploads\/2022\/08\/WhatsApp-Image-2022-08-01-at-17.53.37.jpeg","width":1024,"height":856},{"@type":"BreadcrumbList","@id":"https:\/\/portalmf.com.br\/index.php\/2022\/08\/02\/com-candidatura-oficializada-pela-convencao-do-pt-ze-neto-vai-para-a-reeleicao-como-deputado-federal\/#breadcrumb","itemListElement":[{"@type":"ListItem","position":1,"name":"In\u00edcio","item":"https:\/\/portalmf.com.br\/"},{"@type":"ListItem","position":2,"name":"Com candidatura oficializada pela Conven\u00e7\u00e3o do PT, Z\u00e9 Neto vai para a reelei\u00e7\u00e3o como Deputado Federal"}]},{"@type":"WebSite","@id":"https:\/\/portalmf.com.br\/#website","url":"https:\/\/portalmf.com.br\/","name":"Portal MF","description":"Voc\u00ea conectado com a informa\u00e7\u00e3o","potentialAction":[{"@type":"SearchAction","target":{"@type":"EntryPoint","urlTemplate":"https:\/\/portalmf.com.br\/?s={search_term_string}"},"query-input":"required name=search_term_string"}],"inLanguage":"pt-BR"},{"@type":"Person","@id":"https:\/\/portalmf.com.br\/#\/schema\/person\/11c82086fe8abc05a19147e964587285","name":"Reginaldo J\u00fanior","image":{"@type":"ImageObject","inLanguage":"pt-BR","@id":"https:\/\/portalmf.com.br\/#\/schema\/person\/image\/","url":"https:\/\/secure.gravatar.com\/avatar\/32a3c797cd0ac47cc53b8644c62776f9?s=96&d=mm&r=g","contentUrl":"https:\/\/secure.gravatar.com\/avatar\/32a3c797cd0ac47cc53b8644c62776f9?s=96&d=mm&r=g","caption":"Reginaldo J\u00fanior"},"description":"Jornalista e idealizador Portal MF","sameAs":["https:\/\/portalmf.com.br\/index.php\/author\/reginaldojr\/","reginaldojrfsa","reginaldojuniormf","https:\/\/x.com\/reginaldojrmf"],"url":"https:\/\/portalmf.com.br\/index.php\/author\/reginaldojr\/"}]}},"_links":{"self":[{"href":"https:\/\/portalmf.com.br\/index.php\/wp-json\/wp\/v2\/posts\/2522"}],"collection":[{"href":"https:\/\/portalmf.com.br\/index.php\/wp-json\/wp\/v2\/posts"}],"about":[{"href":"https:\/\/portalmf.com.br\/index.php\/wp-json\/wp\/v2\/types\/post"}],"author":[{"embeddable":true,"href":"https:\/\/portalmf.com.br\/index.php\/wp-json\/wp\/v2\/users\/2"}],"replies":[{"embeddable":true,"href":"https:\/\/portalmf.com.br\/index.php\/wp-json\/wp\/v2\/comments?post=2522"}],"version-history":[{"count":1,"href":"https:\/\/portalmf.com.br\/index.php\/wp-json\/wp\/v2\/posts\/2522\/revisions"}],"predecessor-version":[{"id":2524,"href":"https:\/\/portalmf.com.br\/index.php\/wp-json\/wp\/v2\/posts\/2522\/revisions\/2524"}],"wp:featuredmedia":[{"embeddable":true,"href":"https:\/\/portalmf.com.br\/index.php\/wp-json\/wp\/v2\/media\/2523"}],"wp:attachment":[{"href":"https:\/\/portalmf.com.br\/index.php\/wp-json\/wp\/v2\/media?parent=2522"}],"wp:term":[{"taxonomy":"category","embeddable":true,"href":"https:\/\/portalmf.com.br\/index.php\/wp-json\/wp\/v2\/categories?post=2522"},{"taxonomy":"post_tag","embeddable":true,"href":"https:\/\/portalmf.com.br\/index.php\/wp-json\/wp\/v2\/tags?post=2522"}],"curies":[{"name":"wp","href":"https:\/\/api.w.org\/{rel}","templated":true}]}}