{"id":2519,"date":"2022-08-02T08:50:00","date_gmt":"2022-08-02T11:50:00","guid":{"rendered":"http:\/\/portalmf.com.br\/?p=2519"},"modified":"2022-08-03T12:02:16","modified_gmt":"2022-08-03T15:02:16","slug":"podemos-confirma-candidatura-de-deputado-federal-do-pastor-josue-brandao","status":"publish","type":"post","link":"https:\/\/portalmf.com.br\/index.php\/2022\/08\/02\/podemos-confirma-candidatura-de-deputado-federal-do-pastor-josue-brandao\/","title":{"rendered":"Podemos confirma candidatura de deputado federal do pastor Josu\u00e9 Brand\u00e3o"},"content":{"rendered":"\n<p>O pastor Josu\u00e9 Brand\u00e3o teve o nome confirmado para deputado federal, nesta manh\u00e3, durante conven\u00e7\u00e3o estadual do partido Podemos.<\/p>\n\n\n\n<p>Josu\u00e9 Brand\u00e3o participou da conven\u00e7\u00e3o do partido acompanhado de familiares assessores e pastores.<\/p>\n\n\n\n<p>Durante sua fala, pastor Josu\u00e9 Brand\u00e3o falou da import\u00e2ncia do partido nos cen\u00e1rios nacional e estadual e refor\u00e7ou sua defesa nos interesses de Feira de Santana.<\/p>\n\n\n\n<p>Al\u00e9m dos representantes do Podemos, a conven\u00e7\u00e3o do partido tamb\u00e9m contou com as presen\u00e7as de v\u00e1rias lideran\u00e7as pol\u00edticas e do prefeito de Salvador, Bruno Reis.<\/p>\n\n\n\n<p><strong>MISS\u00c3O<\/strong><\/p>\n\n\n\n<p><em>&#8220;Eu venho de Feira de Santana, minha cidade, minha base. Como todas as cidades m\u00e9dias e grandes de nosso pa\u00eds, Feira est\u00e1 sendo violentadas por conta do descuido e, muitas vezes, descaso no que se refere a sa\u00fade, educa\u00e7\u00e3o, seguran\u00e7a p\u00fablica, cuidado e prote\u00e7\u00e3o \u00e0s crian\u00e7as, idosos e mulheres&#8221;<\/em>, criticou.<\/p>\n\n\n\n<p>O pastor Josu\u00e9 Brand\u00e3o tamb\u00e9m revelou acreditar na renova\u00e7\u00e3o pol\u00edtica na Bahia, a partir de um novo projeto com a uni\u00e3o de todos.<\/p>\n\n\n\n<p><em>&#8220;N\u00e3o \u00e9 poss\u00edvel, obviamente, solucionar as quest\u00f5es vitais do Brasil com palavras m\u00e1gicas ou com candidaturas fant\u00e1sticas. N\u00f3s precisamos \u00e9 somar for\u00e7as. Cada candidato ou candidata, vencendo ou n\u00e3o as elei\u00e7\u00f5es, faz parte de um projeto de estrutura\u00e7\u00e3o, melhoria e renova\u00e7\u00e3o do nosso estado e nosso pa\u00eds&#8221;<\/em>, destacou.<\/p>\n\n\n\n<p>Ele tamb\u00e9m acrescentou que encerra essa disputa como uma miss\u00e3o. &#8220;Quando me dispus a compor com o Podemos essa miss\u00e3o de renova\u00e7\u00e3o pol\u00edtica de nosso estado e na\u00e7\u00e3o, fiz com a consci\u00eancia de que uma andorinha sozinha n\u00e3o faz ver\u00e3o. Mas s\u00f3 ser\u00e1 poss\u00edvel se entendermos que, definitivamente, juntos podemos mudar os rumos da Bahia&#8221;, disse.<\/p>\n","protected":false},"excerpt":{"rendered":"<p>O pastor Josu\u00e9 Brand\u00e3o teve o nome confirmado para deputado federal, nesta manh\u00e3, durante conven\u00e7\u00e3o estadual do partido Podemos. Josu\u00e9 Brand\u00e3o participou da conven\u00e7\u00e3o do partido acompanhado de familiares assessores e pastores. Durante sua fala, pastor Josu\u00e9 Brand\u00e3o falou da import\u00e2ncia do partido nos cen\u00e1rios nacional e estadual e refor\u00e7ou sua defesa nos interesses de [&hellip;]<\/p>\n","protected":false},"author":2,"featured_media":2521,"comment_status":"open","ping_status":"open","sticky":false,"template":"","format":"standard","meta":{"_monsterinsights_skip_tracking":false,"_monsterinsights_sitenote_active":false,"_monsterinsights_sitenote_note":"","_monsterinsights_sitenote_category":0,"footnotes":""},"categories":[34],"tags":[],"yoast_head":"<!-- This site is optimized with the Yoast SEO plugin v22.9 - https:\/\/yoast.com\/wordpress\/plugins\/seo\/ -->\n<title>Podemos confirma candidatura de deputado federal do pastor Josu\u00e9 Brand\u00e3o - Portal MF<\/title>\n<meta name=\"robots\" content=\"index, follow, max-snippet:-1, max-image-preview:large, max-video-preview:-1\" \/>\n<link rel=\"canonical\" href=\"https:\/\/portalmf.com.br\/index.php\/2022\/08\/02\/podemos-confirma-candidatura-de-deputado-federal-do-pastor-josue-brandao\/\" \/>\n<meta property=\"og:locale\" content=\"pt_BR\" \/>\n<meta property=\"og:type\" content=\"article\" \/>\n<meta property=\"og:title\" content=\"Podemos confirma candidatura de deputado federal do pastor Josu\u00e9 Brand\u00e3o - Portal MF\" \/>\n<meta property=\"og:description\" content=\"O pastor Josu\u00e9 Brand\u00e3o teve o nome confirmado para deputado federal, nesta manh\u00e3, durante conven\u00e7\u00e3o estadual do partido Podemos. Josu\u00e9 Brand\u00e3o participou da conven\u00e7\u00e3o do partido acompanhado de familiares assessores e pastores. Durante sua fala, pastor Josu\u00e9 Brand\u00e3o falou da import\u00e2ncia do partido nos cen\u00e1rios nacional e estadual e refor\u00e7ou sua defesa nos interesses de [&hellip;]\" \/>\n<meta property=\"og:url\" content=\"https:\/\/portalmf.com.br\/index.php\/2022\/08\/02\/podemos-confirma-candidatura-de-deputado-federal-do-pastor-josue-brandao\/\" \/>\n<meta property=\"og:site_name\" content=\"Portal MF\" \/>\n<meta property=\"article:author\" content=\"reginaldojrfsa\" \/>\n<meta property=\"article:published_time\" content=\"2022-08-02T11:50:00+00:00\" \/>\n<meta property=\"article:modified_time\" content=\"2022-08-03T15:02:16+00:00\" \/>\n<meta property=\"og:image\" content=\"https:\/\/portalmf.com.br\/wp-content\/uploads\/2022\/08\/WhatsApp-Image-2022-08-02-at-18.29.37.jpeg\" \/>\n\t<meta property=\"og:image:width\" content=\"1280\" \/>\n\t<meta property=\"og:image:height\" content=\"853\" \/>\n\t<meta property=\"og:image:type\" content=\"image\/jpeg\" \/>\n<meta name=\"author\" content=\"Reginaldo J\u00fanior\" \/>\n<meta name=\"twitter:card\" content=\"summary_large_image\" \/>\n<meta name=\"twitter:creator\" content=\"@reginaldojrmf\" \/>\n<meta name=\"twitter:label1\" content=\"Escrito por\" \/>\n\t<meta name=\"twitter:data1\" content=\"Reginaldo J\u00fanior\" \/>\n\t<meta name=\"twitter:label2\" content=\"Est. tempo de leitura\" \/>\n\t<meta name=\"twitter:data2\" content=\"2 minutos\" \/>\n<script type=\"application\/ld+json\" class=\"yoast-schema-graph\">{\"@context\":\"https:\/\/schema.org\",\"@graph\":[{\"@type\":\"WebPage\",\"@id\":\"https:\/\/portalmf.com.br\/index.php\/2022\/08\/02\/podemos-confirma-candidatura-de-deputado-federal-do-pastor-josue-brandao\/\",\"url\":\"https:\/\/portalmf.com.br\/index.php\/2022\/08\/02\/podemos-confirma-candidatura-de-deputado-federal-do-pastor-josue-brandao\/\",\"name\":\"Podemos confirma candidatura de deputado federal do pastor Josu\u00e9 Brand\u00e3o - Portal MF\",\"isPartOf\":{\"@id\":\"https:\/\/portalmf.com.br\/#website\"},\"primaryImageOfPage\":{\"@id\":\"https:\/\/portalmf.com.br\/index.php\/2022\/08\/02\/podemos-confirma-candidatura-de-deputado-federal-do-pastor-josue-brandao\/#primaryimage\"},\"image\":{\"@id\":\"https:\/\/portalmf.com.br\/index.php\/2022\/08\/02\/podemos-confirma-candidatura-de-deputado-federal-do-pastor-josue-brandao\/#primaryimage\"},\"thumbnailUrl\":\"https:\/\/portalmf.com.br\/wp-content\/uploads\/2022\/08\/WhatsApp-Image-2022-08-02-at-18.29.37.jpeg\",\"datePublished\":\"2022-08-02T11:50:00+00:00\",\"dateModified\":\"2022-08-03T15:02:16+00:00\",\"author\":{\"@id\":\"https:\/\/portalmf.com.br\/#\/schema\/person\/11c82086fe8abc05a19147e964587285\"},\"breadcrumb\":{\"@id\":\"https:\/\/portalmf.com.br\/index.php\/2022\/08\/02\/podemos-confirma-candidatura-de-deputado-federal-do-pastor-josue-brandao\/#breadcrumb\"},\"inLanguage\":\"pt-BR\",\"potentialAction\":[{\"@type\":\"ReadAction\",\"target\":[\"https:\/\/portalmf.com.br\/index.php\/2022\/08\/02\/podemos-confirma-candidatura-de-deputado-federal-do-pastor-josue-brandao\/\"]}]},{\"@type\":\"ImageObject\",\"inLanguage\":\"pt-BR\",\"@id\":\"https:\/\/portalmf.com.br\/index.php\/2022\/08\/02\/podemos-confirma-candidatura-de-deputado-federal-do-pastor-josue-brandao\/#primaryimage\",\"url\":\"https:\/\/portalmf.com.br\/wp-content\/uploads\/2022\/08\/WhatsApp-Image-2022-08-02-at-18.29.37.jpeg\",\"contentUrl\":\"https:\/\/portalmf.com.br\/wp-content\/uploads\/2022\/08\/WhatsApp-Image-2022-08-02-at-18.29.37.jpeg\",\"width\":1280,\"height\":853},{\"@type\":\"BreadcrumbList\",\"@id\":\"https:\/\/portalmf.com.br\/index.php\/2022\/08\/02\/podemos-confirma-candidatura-de-deputado-federal-do-pastor-josue-brandao\/#breadcrumb\",\"itemListElement\":[{\"@type\":\"ListItem\",\"position\":1,\"name\":\"In\u00edcio\",\"item\":\"https:\/\/portalmf.com.br\/\"},{\"@type\":\"ListItem\",\"position\":2,\"name\":\"Podemos confirma candidatura de deputado federal do pastor Josu\u00e9 Brand\u00e3o\"}]},{\"@type\":\"WebSite\",\"@id\":\"https:\/\/portalmf.com.br\/#website\",\"url\":\"https:\/\/portalmf.com.br\/\",\"name\":\"Portal MF\",\"description\":\"Voc\u00ea conectado com a informa\u00e7\u00e3o\",\"potentialAction\":[{\"@type\":\"SearchAction\",\"target\":{\"@type\":\"EntryPoint\",\"urlTemplate\":\"https:\/\/portalmf.com.br\/?s={search_term_string}\"},\"query-input\":\"required name=search_term_string\"}],\"inLanguage\":\"pt-BR\"},{\"@type\":\"Person\",\"@id\":\"https:\/\/portalmf.com.br\/#\/schema\/person\/11c82086fe8abc05a19147e964587285\",\"name\":\"Reginaldo J\u00fanior\",\"image\":{\"@type\":\"ImageObject\",\"inLanguage\":\"pt-BR\",\"@id\":\"https:\/\/portalmf.com.br\/#\/schema\/person\/image\/\",\"url\":\"https:\/\/secure.gravatar.com\/avatar\/32a3c797cd0ac47cc53b8644c62776f9?s=96&d=mm&r=g\",\"contentUrl\":\"https:\/\/secure.gravatar.com\/avatar\/32a3c797cd0ac47cc53b8644c62776f9?s=96&d=mm&r=g\",\"caption\":\"Reginaldo J\u00fanior\"},\"description\":\"Jornalista e idealizador Portal MF\",\"sameAs\":[\"https:\/\/portalmf.com.br\/index.php\/author\/reginaldojr\/\",\"reginaldojrfsa\",\"reginaldojuniormf\",\"https:\/\/x.com\/reginaldojrmf\"],\"url\":\"https:\/\/portalmf.com.br\/index.php\/author\/reginaldojr\/\"}]}<\/script>\n<!-- \/ Yoast SEO plugin. -->","yoast_head_json":{"title":"Podemos confirma candidatura de deputado federal do pastor Josu\u00e9 Brand\u00e3o - Portal MF","robots":{"index":"index","follow":"follow","max-snippet":"max-snippet:-1","max-image-preview":"max-image-preview:large","max-video-preview":"max-video-preview:-1"},"canonical":"https:\/\/portalmf.com.br\/index.php\/2022\/08\/02\/podemos-confirma-candidatura-de-deputado-federal-do-pastor-josue-brandao\/","og_locale":"pt_BR","og_type":"article","og_title":"Podemos confirma candidatura de deputado federal do pastor Josu\u00e9 Brand\u00e3o - Portal MF","og_description":"O pastor Josu\u00e9 Brand\u00e3o teve o nome confirmado para deputado federal, nesta manh\u00e3, durante conven\u00e7\u00e3o estadual do partido Podemos. Josu\u00e9 Brand\u00e3o participou da conven\u00e7\u00e3o do partido acompanhado de familiares assessores e pastores. Durante sua fala, pastor Josu\u00e9 Brand\u00e3o falou da import\u00e2ncia do partido nos cen\u00e1rios nacional e estadual e refor\u00e7ou sua defesa nos interesses de [&hellip;]","og_url":"https:\/\/portalmf.com.br\/index.php\/2022\/08\/02\/podemos-confirma-candidatura-de-deputado-federal-do-pastor-josue-brandao\/","og_site_name":"Portal MF","article_author":"reginaldojrfsa","article_published_time":"2022-08-02T11:50:00+00:00","article_modified_time":"2022-08-03T15:02:16+00:00","og_image":[{"width":1280,"height":853,"url":"https:\/\/portalmf.com.br\/wp-content\/uploads\/2022\/08\/WhatsApp-Image-2022-08-02-at-18.29.37.jpeg","type":"image\/jpeg"}],"author":"Reginaldo J\u00fanior","twitter_card":"summary_large_image","twitter_creator":"@reginaldojrmf","twitter_misc":{"Escrito por":"Reginaldo J\u00fanior","Est. tempo de leitura":"2 minutos"},"schema":{"@context":"https:\/\/schema.org","@graph":[{"@type":"WebPage","@id":"https:\/\/portalmf.com.br\/index.php\/2022\/08\/02\/podemos-confirma-candidatura-de-deputado-federal-do-pastor-josue-brandao\/","url":"https:\/\/portalmf.com.br\/index.php\/2022\/08\/02\/podemos-confirma-candidatura-de-deputado-federal-do-pastor-josue-brandao\/","name":"Podemos confirma candidatura de deputado federal do pastor Josu\u00e9 Brand\u00e3o - Portal MF","isPartOf":{"@id":"https:\/\/portalmf.com.br\/#website"},"primaryImageOfPage":{"@id":"https:\/\/portalmf.com.br\/index.php\/2022\/08\/02\/podemos-confirma-candidatura-de-deputado-federal-do-pastor-josue-brandao\/#primaryimage"},"image":{"@id":"https:\/\/portalmf.com.br\/index.php\/2022\/08\/02\/podemos-confirma-candidatura-de-deputado-federal-do-pastor-josue-brandao\/#primaryimage"},"thumbnailUrl":"https:\/\/portalmf.com.br\/wp-content\/uploads\/2022\/08\/WhatsApp-Image-2022-08-02-at-18.29.37.jpeg","datePublished":"2022-08-02T11:50:00+00:00","dateModified":"2022-08-03T15:02:16+00:00","author":{"@id":"https:\/\/portalmf.com.br\/#\/schema\/person\/11c82086fe8abc05a19147e964587285"},"breadcrumb":{"@id":"https:\/\/portalmf.com.br\/index.php\/2022\/08\/02\/podemos-confirma-candidatura-de-deputado-federal-do-pastor-josue-brandao\/#breadcrumb"},"inLanguage":"pt-BR","potentialAction":[{"@type":"ReadAction","target":["https:\/\/portalmf.com.br\/index.php\/2022\/08\/02\/podemos-confirma-candidatura-de-deputado-federal-do-pastor-josue-brandao\/"]}]},{"@type":"ImageObject","inLanguage":"pt-BR","@id":"https:\/\/portalmf.com.br\/index.php\/2022\/08\/02\/podemos-confirma-candidatura-de-deputado-federal-do-pastor-josue-brandao\/#primaryimage","url":"https:\/\/portalmf.com.br\/wp-content\/uploads\/2022\/08\/WhatsApp-Image-2022-08-02-at-18.29.37.jpeg","contentUrl":"https:\/\/portalmf.com.br\/wp-content\/uploads\/2022\/08\/WhatsApp-Image-2022-08-02-at-18.29.37.jpeg","width":1280,"height":853},{"@type":"BreadcrumbList","@id":"https:\/\/portalmf.com.br\/index.php\/2022\/08\/02\/podemos-confirma-candidatura-de-deputado-federal-do-pastor-josue-brandao\/#breadcrumb","itemListElement":[{"@type":"ListItem","position":1,"name":"In\u00edcio","item":"https:\/\/portalmf.com.br\/"},{"@type":"ListItem","position":2,"name":"Podemos confirma candidatura de deputado federal do pastor Josu\u00e9 Brand\u00e3o"}]},{"@type":"WebSite","@id":"https:\/\/portalmf.com.br\/#website","url":"https:\/\/portalmf.com.br\/","name":"Portal MF","description":"Voc\u00ea conectado com a informa\u00e7\u00e3o","potentialAction":[{"@type":"SearchAction","target":{"@type":"EntryPoint","urlTemplate":"https:\/\/portalmf.com.br\/?s={search_term_string}"},"query-input":"required name=search_term_string"}],"inLanguage":"pt-BR"},{"@type":"Person","@id":"https:\/\/portalmf.com.br\/#\/schema\/person\/11c82086fe8abc05a19147e964587285","name":"Reginaldo J\u00fanior","image":{"@type":"ImageObject","inLanguage":"pt-BR","@id":"https:\/\/portalmf.com.br\/#\/schema\/person\/image\/","url":"https:\/\/secure.gravatar.com\/avatar\/32a3c797cd0ac47cc53b8644c62776f9?s=96&d=mm&r=g","contentUrl":"https:\/\/secure.gravatar.com\/avatar\/32a3c797cd0ac47cc53b8644c62776f9?s=96&d=mm&r=g","caption":"Reginaldo J\u00fanior"},"description":"Jornalista e idealizador Portal MF","sameAs":["https:\/\/portalmf.com.br\/index.php\/author\/reginaldojr\/","reginaldojrfsa","reginaldojuniormf","https:\/\/x.com\/reginaldojrmf"],"url":"https:\/\/portalmf.com.br\/index.php\/author\/reginaldojr\/"}]}},"_links":{"self":[{"href":"https:\/\/portalmf.com.br\/index.php\/wp-json\/wp\/v2\/posts\/2519"}],"collection":[{"href":"https:\/\/portalmf.com.br\/index.php\/wp-json\/wp\/v2\/posts"}],"about":[{"href":"https:\/\/portalmf.com.br\/index.php\/wp-json\/wp\/v2\/types\/post"}],"author":[{"embeddable":true,"href":"https:\/\/portalmf.com.br\/index.php\/wp-json\/wp\/v2\/users\/2"}],"replies":[{"embeddable":true,"href":"https:\/\/portalmf.com.br\/index.php\/wp-json\/wp\/v2\/comments?post=2519"}],"version-history":[{"count":1,"href":"https:\/\/portalmf.com.br\/index.php\/wp-json\/wp\/v2\/posts\/2519\/revisions"}],"predecessor-version":[{"id":2520,"href":"https:\/\/portalmf.com.br\/index.php\/wp-json\/wp\/v2\/posts\/2519\/revisions\/2520"}],"wp:featuredmedia":[{"embeddable":true,"href":"https:\/\/portalmf.com.br\/index.php\/wp-json\/wp\/v2\/media\/2521"}],"wp:attachment":[{"href":"https:\/\/portalmf.com.br\/index.php\/wp-json\/wp\/v2\/media?parent=2519"}],"wp:term":[{"taxonomy":"category","embeddable":true,"href":"https:\/\/portalmf.com.br\/index.php\/wp-json\/wp\/v2\/categories?post=2519"},{"taxonomy":"post_tag","embeddable":true,"href":"https:\/\/portalmf.com.br\/index.php\/wp-json\/wp\/v2\/tags?post=2519"}],"curies":[{"name":"wp","href":"https:\/\/api.w.org\/{rel}","templated":true}]}}