{"id":25064,"date":"2024-03-20T15:54:47","date_gmt":"2024-03-20T18:54:47","guid":{"rendered":"https:\/\/portalmf.com.br\/?p=25064"},"modified":"2024-03-22T16:55:30","modified_gmt":"2024-03-22T19:55:30","slug":"instituto-traz-professores-brasileiros-de-harvard-e-profissionais-renomados-do-mundo-para-cursos-de-estetica-e-saude","status":"publish","type":"post","link":"https:\/\/portalmf.com.br\/index.php\/2024\/03\/20\/instituto-traz-professores-brasileiros-de-harvard-e-profissionais-renomados-do-mundo-para-cursos-de-estetica-e-saude\/","title":{"rendered":"Instituto traz professores brasileiros de Harvard e profissionais renomados do mundo para cursos de est\u00e9tica e sa\u00fade"},"content":{"rendered":"\n<p>Chega a capital baiana com mais de dez profissionais renomados internacionalmente nos \u00e2mbitos de est\u00e9tica, sa\u00fade e bem-estar, que ministram cursos profissionalizantes e atendimentos no Instituto Viva Space (@institutovivaspace). Com uma nova proposta, a Viva Space promove treinamentos para profissionais das \u00e1reas, al\u00e9m de estabelecer networking com a rede de especialistas.<\/p>\n\n\n\n<p>Dentre os profissionais confirmados, destacam-se figuras como a Dra. Nayara Motta, professora em Havard e especialista em Rinomodela\u00e7\u00e3o; Dra. Sandra Fontes Mestre em Medicina Est\u00e9tica e Fisioterapeuta Dermatofuncional; e Jorge Felipe Melo, Coordenador de Curso e Farmac\u00eautico Esteta; entre outros.<\/p>\n\n\n\n<p><em>\u201cNo mesmo espa\u00e7o, os profissionais baianos ter\u00e3o oportunidade de aprender e ensinar. Visamos fortalecer a comunidade local nesses nichos, ofertando conhecimento de alto n\u00edvel, com tend\u00eancias que ainda n\u00e3o chegaram at\u00e9 o nosso estado\u201d, <\/em>explica a Dra. Diandra Torres, s\u00f3cia-fundadora do Viva, e Especialista em Dermatologia e Est\u00e9tica.<\/p>\n\n\n\n<p>Diandra explica que a iniciativa surgiu ao observar o mercado da est\u00e9tica no Brasil, que est\u00e1 em crescente, por\u00e9m n\u00e3o inclui tantas trocas entre os peritos. A \u00e1rea obteve um crescimento not\u00e1vel de 567% nos \u00faltimos cinco anos, expandindo de 72 mil para mais de 480 mil profissionais atuantes. Salvador \u00e9 um dos destaques no ranking, j\u00e1 que se tornou a 13\u00aa capital brasileira com o melhor \u00edndice de desenvolvimento sustent\u00e1vel, com destaque para sa\u00fade e bem-estar, de acordo com o relat\u00f3rio Programa Cidades Sustent\u00e1veis.<\/p>\n\n\n\n<p><em>\u201cA capital est\u00e1 demandando isso. Teremos diversos projetos internos para os crescimentos profissionais de todos. A nossa estrutura inovadora de 180m\u00b2 conta com todos os equipamentos mais modernos para cada aula ou sess\u00e3o\u201d,<\/em> conclui Dra. Diandra.<\/p>\n\n\n\n<p>No instituto, ocorrer\u00e3o tamb\u00e9m aulas de Mariana Biscaia, Fisioterapeuta Dermatofuncional, Mestre e Doutora; Jo\u00e3o Lenon, Farmac\u00eautico especialista em Soroterapia; Jessica Raposa, Farmac\u00eautica Especialista em Est\u00e9tica Avan\u00e7ada; e Lis Loyse, Terapeuta Capilar.<\/p>\n\n\n\n<p>O corpo docente do local tamb\u00e9m inclui Leomaria Rios, Biomedica Esteta, e o Dr. Alexandre Rocha, M\u00e9dico Endocrinologista e Nutr\u00f3logo, al\u00e9m de nomes que ser\u00e3o revelados ap\u00f3s a inaugura\u00e7\u00e3o do espa\u00e7o.<\/p>\n\n\n\n<p>Quem deseja garantir as vagas nos cursos, pode entrar em contato atrav\u00e9s do Instagram @institutovivaspace.<\/p>\n","protected":false},"excerpt":{"rendered":"<p>Chega a capital baiana com mais de dez profissionais renomados internacionalmente nos \u00e2mbitos de est\u00e9tica, sa\u00fade e bem-estar, que ministram cursos profissionalizantes e atendimentos no Instituto Viva Space (@institutovivaspace). Com uma nova proposta, a Viva Space promove treinamentos para profissionais das \u00e1reas, al\u00e9m de estabelecer networking com a rede de especialistas. Dentre os profissionais confirmados, [&hellip;]<\/p>\n","protected":false},"author":3,"featured_media":25065,"comment_status":"open","ping_status":"open","sticky":false,"template":"","format":"standard","meta":{"_monsterinsights_skip_tracking":false,"_monsterinsights_sitenote_active":false,"_monsterinsights_sitenote_note":"","_monsterinsights_sitenote_category":0,"footnotes":""},"categories":[344],"tags":[],"yoast_head":"<!-- This site is optimized with the Yoast SEO plugin v22.9 - https:\/\/yoast.com\/wordpress\/plugins\/seo\/ -->\n<title>Instituto traz professores brasileiros de Harvard e profissionais renomados do mundo para cursos de est\u00e9tica e sa\u00fade - Portal MF<\/title>\n<meta name=\"robots\" content=\"index, follow, max-snippet:-1, max-image-preview:large, max-video-preview:-1\" \/>\n<link rel=\"canonical\" href=\"https:\/\/portalmf.com.br\/index.php\/2024\/03\/20\/instituto-traz-professores-brasileiros-de-harvard-e-profissionais-renomados-do-mundo-para-cursos-de-estetica-e-saude\/\" \/>\n<meta property=\"og:locale\" content=\"pt_BR\" \/>\n<meta property=\"og:type\" content=\"article\" \/>\n<meta property=\"og:title\" content=\"Instituto traz professores brasileiros de Harvard e profissionais renomados do mundo para cursos de est\u00e9tica e sa\u00fade - Portal MF\" \/>\n<meta property=\"og:description\" content=\"Chega a capital baiana com mais de dez profissionais renomados internacionalmente nos \u00e2mbitos de est\u00e9tica, sa\u00fade e bem-estar, que ministram cursos profissionalizantes e atendimentos no Instituto Viva Space (@institutovivaspace). Com uma nova proposta, a Viva Space promove treinamentos para profissionais das \u00e1reas, al\u00e9m de estabelecer networking com a rede de especialistas. Dentre os profissionais confirmados, [&hellip;]\" \/>\n<meta property=\"og:url\" content=\"https:\/\/portalmf.com.br\/index.php\/2024\/03\/20\/instituto-traz-professores-brasileiros-de-harvard-e-profissionais-renomados-do-mundo-para-cursos-de-estetica-e-saude\/\" \/>\n<meta property=\"og:site_name\" content=\"Portal MF\" \/>\n<meta property=\"article:author\" content=\"https:\/\/www.facebook.com\/portalmfoficial\" \/>\n<meta property=\"article:published_time\" content=\"2024-03-20T18:54:47+00:00\" \/>\n<meta property=\"article:modified_time\" content=\"2024-03-22T19:55:30+00:00\" \/>\n<meta property=\"og:image\" content=\"https:\/\/portalmf.com.br\/wp-content\/uploads\/2024\/03\/estetica-e-saude-papel-dos-medicos.jpeg\" \/>\n\t<meta property=\"og:image:width\" content=\"800\" \/>\n\t<meta property=\"og:image:height\" content=\"522\" \/>\n\t<meta property=\"og:image:type\" content=\"image\/jpeg\" \/>\n<meta name=\"author\" content=\"Reda\u00e7\u00e3o Portal MF\" \/>\n<meta name=\"twitter:card\" content=\"summary_large_image\" \/>\n<meta name=\"twitter:creator\" content=\"@https:\/\/x.com\/portalmfoficial\" \/>\n<meta name=\"twitter:label1\" content=\"Escrito por\" \/>\n\t<meta name=\"twitter:data1\" content=\"Reda\u00e7\u00e3o Portal MF\" \/>\n\t<meta name=\"twitter:label2\" content=\"Est. tempo de leitura\" \/>\n\t<meta name=\"twitter:data2\" content=\"3 minutos\" \/>\n<script type=\"application\/ld+json\" class=\"yoast-schema-graph\">{\"@context\":\"https:\/\/schema.org\",\"@graph\":[{\"@type\":\"WebPage\",\"@id\":\"https:\/\/portalmf.com.br\/index.php\/2024\/03\/20\/instituto-traz-professores-brasileiros-de-harvard-e-profissionais-renomados-do-mundo-para-cursos-de-estetica-e-saude\/\",\"url\":\"https:\/\/portalmf.com.br\/index.php\/2024\/03\/20\/instituto-traz-professores-brasileiros-de-harvard-e-profissionais-renomados-do-mundo-para-cursos-de-estetica-e-saude\/\",\"name\":\"Instituto traz professores brasileiros de Harvard e profissionais renomados do mundo para cursos de est\u00e9tica e sa\u00fade - Portal MF\",\"isPartOf\":{\"@id\":\"https:\/\/portalmf.com.br\/#website\"},\"primaryImageOfPage\":{\"@id\":\"https:\/\/portalmf.com.br\/index.php\/2024\/03\/20\/instituto-traz-professores-brasileiros-de-harvard-e-profissionais-renomados-do-mundo-para-cursos-de-estetica-e-saude\/#primaryimage\"},\"image\":{\"@id\":\"https:\/\/portalmf.com.br\/index.php\/2024\/03\/20\/instituto-traz-professores-brasileiros-de-harvard-e-profissionais-renomados-do-mundo-para-cursos-de-estetica-e-saude\/#primaryimage\"},\"thumbnailUrl\":\"https:\/\/portalmf.com.br\/wp-content\/uploads\/2024\/03\/estetica-e-saude-papel-dos-medicos.jpeg\",\"datePublished\":\"2024-03-20T18:54:47+00:00\",\"dateModified\":\"2024-03-22T19:55:30+00:00\",\"author\":{\"@id\":\"https:\/\/portalmf.com.br\/#\/schema\/person\/9ec101baf56233e53520c26de5d6f6f0\"},\"breadcrumb\":{\"@id\":\"https:\/\/portalmf.com.br\/index.php\/2024\/03\/20\/instituto-traz-professores-brasileiros-de-harvard-e-profissionais-renomados-do-mundo-para-cursos-de-estetica-e-saude\/#breadcrumb\"},\"inLanguage\":\"pt-BR\",\"potentialAction\":[{\"@type\":\"ReadAction\",\"target\":[\"https:\/\/portalmf.com.br\/index.php\/2024\/03\/20\/instituto-traz-professores-brasileiros-de-harvard-e-profissionais-renomados-do-mundo-para-cursos-de-estetica-e-saude\/\"]}]},{\"@type\":\"ImageObject\",\"inLanguage\":\"pt-BR\",\"@id\":\"https:\/\/portalmf.com.br\/index.php\/2024\/03\/20\/instituto-traz-professores-brasileiros-de-harvard-e-profissionais-renomados-do-mundo-para-cursos-de-estetica-e-saude\/#primaryimage\",\"url\":\"https:\/\/portalmf.com.br\/wp-content\/uploads\/2024\/03\/estetica-e-saude-papel-dos-medicos.jpeg\",\"contentUrl\":\"https:\/\/portalmf.com.br\/wp-content\/uploads\/2024\/03\/estetica-e-saude-papel-dos-medicos.jpeg\",\"width\":800,\"height\":522},{\"@type\":\"BreadcrumbList\",\"@id\":\"https:\/\/portalmf.com.br\/index.php\/2024\/03\/20\/instituto-traz-professores-brasileiros-de-harvard-e-profissionais-renomados-do-mundo-para-cursos-de-estetica-e-saude\/#breadcrumb\",\"itemListElement\":[{\"@type\":\"ListItem\",\"position\":1,\"name\":\"In\u00edcio\",\"item\":\"https:\/\/portalmf.com.br\/\"},{\"@type\":\"ListItem\",\"position\":2,\"name\":\"Instituto traz professores brasileiros de Harvard e profissionais renomados do mundo para cursos de est\u00e9tica e sa\u00fade\"}]},{\"@type\":\"WebSite\",\"@id\":\"https:\/\/portalmf.com.br\/#website\",\"url\":\"https:\/\/portalmf.com.br\/\",\"name\":\"Portal MF\",\"description\":\"Voc\u00ea conectado com a informa\u00e7\u00e3o\",\"potentialAction\":[{\"@type\":\"SearchAction\",\"target\":{\"@type\":\"EntryPoint\",\"urlTemplate\":\"https:\/\/portalmf.com.br\/?s={search_term_string}\"},\"query-input\":\"required name=search_term_string\"}],\"inLanguage\":\"pt-BR\"},{\"@type\":\"Person\",\"@id\":\"https:\/\/portalmf.com.br\/#\/schema\/person\/9ec101baf56233e53520c26de5d6f6f0\",\"name\":\"Reda\u00e7\u00e3o Portal MF\",\"image\":{\"@type\":\"ImageObject\",\"inLanguage\":\"pt-BR\",\"@id\":\"https:\/\/portalmf.com.br\/#\/schema\/person\/image\/\",\"url\":\"https:\/\/secure.gravatar.com\/avatar\/41b9aaeb2100835f7c64362330f74c7f?s=96&d=mm&r=g\",\"contentUrl\":\"https:\/\/secure.gravatar.com\/avatar\/41b9aaeb2100835f7c64362330f74c7f?s=96&d=mm&r=g\",\"caption\":\"Reda\u00e7\u00e3o Portal MF\"},\"description\":\"Sejam bem-vindos o portal de informa\u00e7\u00f5es de entretenimento de Feira de Santana, desde 2006 realiza coberturas dos principais eventos com entrevistas exclusivas com as principais personalidades mundiais. Fique conectado tamb\u00e9m nas redes sociais.\",\"sameAs\":[\"http:\/\/www.portalmf.com.br\/\",\"https:\/\/www.facebook.com\/portalmfoficial\",\"https:\/\/www.instagram.com\/portalmf\/\",\"https:\/\/x.com\/https:\/\/x.com\/portalmfoficial\",\"https:\/\/www.youtube.com\/@portalmfoficial\"],\"url\":\"https:\/\/portalmf.com.br\/index.php\/author\/junior\/\"}]}<\/script>\n<!-- \/ Yoast SEO plugin. -->","yoast_head_json":{"title":"Instituto traz professores brasileiros de Harvard e profissionais renomados do mundo para cursos de est\u00e9tica e sa\u00fade - Portal MF","robots":{"index":"index","follow":"follow","max-snippet":"max-snippet:-1","max-image-preview":"max-image-preview:large","max-video-preview":"max-video-preview:-1"},"canonical":"https:\/\/portalmf.com.br\/index.php\/2024\/03\/20\/instituto-traz-professores-brasileiros-de-harvard-e-profissionais-renomados-do-mundo-para-cursos-de-estetica-e-saude\/","og_locale":"pt_BR","og_type":"article","og_title":"Instituto traz professores brasileiros de Harvard e profissionais renomados do mundo para cursos de est\u00e9tica e sa\u00fade - Portal MF","og_description":"Chega a capital baiana com mais de dez profissionais renomados internacionalmente nos \u00e2mbitos de est\u00e9tica, sa\u00fade e bem-estar, que ministram cursos profissionalizantes e atendimentos no Instituto Viva Space (@institutovivaspace). Com uma nova proposta, a Viva Space promove treinamentos para profissionais das \u00e1reas, al\u00e9m de estabelecer networking com a rede de especialistas. Dentre os profissionais confirmados, [&hellip;]","og_url":"https:\/\/portalmf.com.br\/index.php\/2024\/03\/20\/instituto-traz-professores-brasileiros-de-harvard-e-profissionais-renomados-do-mundo-para-cursos-de-estetica-e-saude\/","og_site_name":"Portal MF","article_author":"https:\/\/www.facebook.com\/portalmfoficial","article_published_time":"2024-03-20T18:54:47+00:00","article_modified_time":"2024-03-22T19:55:30+00:00","og_image":[{"width":800,"height":522,"url":"https:\/\/portalmf.com.br\/wp-content\/uploads\/2024\/03\/estetica-e-saude-papel-dos-medicos.jpeg","type":"image\/jpeg"}],"author":"Reda\u00e7\u00e3o Portal MF","twitter_card":"summary_large_image","twitter_creator":"@https:\/\/x.com\/portalmfoficial","twitter_misc":{"Escrito por":"Reda\u00e7\u00e3o Portal MF","Est. tempo de leitura":"3 minutos"},"schema":{"@context":"https:\/\/schema.org","@graph":[{"@type":"WebPage","@id":"https:\/\/portalmf.com.br\/index.php\/2024\/03\/20\/instituto-traz-professores-brasileiros-de-harvard-e-profissionais-renomados-do-mundo-para-cursos-de-estetica-e-saude\/","url":"https:\/\/portalmf.com.br\/index.php\/2024\/03\/20\/instituto-traz-professores-brasileiros-de-harvard-e-profissionais-renomados-do-mundo-para-cursos-de-estetica-e-saude\/","name":"Instituto traz professores brasileiros de Harvard e profissionais renomados do mundo para cursos de est\u00e9tica e sa\u00fade - Portal MF","isPartOf":{"@id":"https:\/\/portalmf.com.br\/#website"},"primaryImageOfPage":{"@id":"https:\/\/portalmf.com.br\/index.php\/2024\/03\/20\/instituto-traz-professores-brasileiros-de-harvard-e-profissionais-renomados-do-mundo-para-cursos-de-estetica-e-saude\/#primaryimage"},"image":{"@id":"https:\/\/portalmf.com.br\/index.php\/2024\/03\/20\/instituto-traz-professores-brasileiros-de-harvard-e-profissionais-renomados-do-mundo-para-cursos-de-estetica-e-saude\/#primaryimage"},"thumbnailUrl":"https:\/\/portalmf.com.br\/wp-content\/uploads\/2024\/03\/estetica-e-saude-papel-dos-medicos.jpeg","datePublished":"2024-03-20T18:54:47+00:00","dateModified":"2024-03-22T19:55:30+00:00","author":{"@id":"https:\/\/portalmf.com.br\/#\/schema\/person\/9ec101baf56233e53520c26de5d6f6f0"},"breadcrumb":{"@id":"https:\/\/portalmf.com.br\/index.php\/2024\/03\/20\/instituto-traz-professores-brasileiros-de-harvard-e-profissionais-renomados-do-mundo-para-cursos-de-estetica-e-saude\/#breadcrumb"},"inLanguage":"pt-BR","potentialAction":[{"@type":"ReadAction","target":["https:\/\/portalmf.com.br\/index.php\/2024\/03\/20\/instituto-traz-professores-brasileiros-de-harvard-e-profissionais-renomados-do-mundo-para-cursos-de-estetica-e-saude\/"]}]},{"@type":"ImageObject","inLanguage":"pt-BR","@id":"https:\/\/portalmf.com.br\/index.php\/2024\/03\/20\/instituto-traz-professores-brasileiros-de-harvard-e-profissionais-renomados-do-mundo-para-cursos-de-estetica-e-saude\/#primaryimage","url":"https:\/\/portalmf.com.br\/wp-content\/uploads\/2024\/03\/estetica-e-saude-papel-dos-medicos.jpeg","contentUrl":"https:\/\/portalmf.com.br\/wp-content\/uploads\/2024\/03\/estetica-e-saude-papel-dos-medicos.jpeg","width":800,"height":522},{"@type":"BreadcrumbList","@id":"https:\/\/portalmf.com.br\/index.php\/2024\/03\/20\/instituto-traz-professores-brasileiros-de-harvard-e-profissionais-renomados-do-mundo-para-cursos-de-estetica-e-saude\/#breadcrumb","itemListElement":[{"@type":"ListItem","position":1,"name":"In\u00edcio","item":"https:\/\/portalmf.com.br\/"},{"@type":"ListItem","position":2,"name":"Instituto traz professores brasileiros de Harvard e profissionais renomados do mundo para cursos de est\u00e9tica e sa\u00fade"}]},{"@type":"WebSite","@id":"https:\/\/portalmf.com.br\/#website","url":"https:\/\/portalmf.com.br\/","name":"Portal MF","description":"Voc\u00ea conectado com a informa\u00e7\u00e3o","potentialAction":[{"@type":"SearchAction","target":{"@type":"EntryPoint","urlTemplate":"https:\/\/portalmf.com.br\/?s={search_term_string}"},"query-input":"required name=search_term_string"}],"inLanguage":"pt-BR"},{"@type":"Person","@id":"https:\/\/portalmf.com.br\/#\/schema\/person\/9ec101baf56233e53520c26de5d6f6f0","name":"Reda\u00e7\u00e3o Portal MF","image":{"@type":"ImageObject","inLanguage":"pt-BR","@id":"https:\/\/portalmf.com.br\/#\/schema\/person\/image\/","url":"https:\/\/secure.gravatar.com\/avatar\/41b9aaeb2100835f7c64362330f74c7f?s=96&d=mm&r=g","contentUrl":"https:\/\/secure.gravatar.com\/avatar\/41b9aaeb2100835f7c64362330f74c7f?s=96&d=mm&r=g","caption":"Reda\u00e7\u00e3o Portal MF"},"description":"Sejam bem-vindos o portal de informa\u00e7\u00f5es de entretenimento de Feira de Santana, desde 2006 realiza coberturas dos principais eventos com entrevistas exclusivas com as principais personalidades mundiais. Fique conectado tamb\u00e9m nas redes sociais.","sameAs":["http:\/\/www.portalmf.com.br\/","https:\/\/www.facebook.com\/portalmfoficial","https:\/\/www.instagram.com\/portalmf\/","https:\/\/x.com\/https:\/\/x.com\/portalmfoficial","https:\/\/www.youtube.com\/@portalmfoficial"],"url":"https:\/\/portalmf.com.br\/index.php\/author\/junior\/"}]}},"_links":{"self":[{"href":"https:\/\/portalmf.com.br\/index.php\/wp-json\/wp\/v2\/posts\/25064"}],"collection":[{"href":"https:\/\/portalmf.com.br\/index.php\/wp-json\/wp\/v2\/posts"}],"about":[{"href":"https:\/\/portalmf.com.br\/index.php\/wp-json\/wp\/v2\/types\/post"}],"author":[{"embeddable":true,"href":"https:\/\/portalmf.com.br\/index.php\/wp-json\/wp\/v2\/users\/3"}],"replies":[{"embeddable":true,"href":"https:\/\/portalmf.com.br\/index.php\/wp-json\/wp\/v2\/comments?post=25064"}],"version-history":[{"count":1,"href":"https:\/\/portalmf.com.br\/index.php\/wp-json\/wp\/v2\/posts\/25064\/revisions"}],"predecessor-version":[{"id":25066,"href":"https:\/\/portalmf.com.br\/index.php\/wp-json\/wp\/v2\/posts\/25064\/revisions\/25066"}],"wp:featuredmedia":[{"embeddable":true,"href":"https:\/\/portalmf.com.br\/index.php\/wp-json\/wp\/v2\/media\/25065"}],"wp:attachment":[{"href":"https:\/\/portalmf.com.br\/index.php\/wp-json\/wp\/v2\/media?parent=25064"}],"wp:term":[{"taxonomy":"category","embeddable":true,"href":"https:\/\/portalmf.com.br\/index.php\/wp-json\/wp\/v2\/categories?post=25064"},{"taxonomy":"post_tag","embeddable":true,"href":"https:\/\/portalmf.com.br\/index.php\/wp-json\/wp\/v2\/tags?post=25064"}],"curies":[{"name":"wp","href":"https:\/\/api.w.org\/{rel}","templated":true}]}}