{"id":24983,"date":"2024-03-19T07:27:00","date_gmt":"2024-03-19T10:27:00","guid":{"rendered":"https:\/\/portalmf.com.br\/?p=24983"},"modified":"2024-03-19T17:29:42","modified_gmt":"2024-03-19T20:29:42","slug":"estancia-fernandez-inaugura-loja-conceito-em-feira-de-santana","status":"publish","type":"post","link":"https:\/\/portalmf.com.br\/index.php\/2024\/03\/19\/estancia-fernandez-inaugura-loja-conceito-em-feira-de-santana\/","title":{"rendered":"Est\u00e2ncia Fernandez inaugura Loja Conceito em Feira de Santana"},"content":{"rendered":"\n<p>A Est\u00e2ncia Fernandez, empreendimento que traz um conceito in\u00e9dito na Bahia, mesclando a vida no campo com o conforto e requinte de um condom\u00ednio que conta com todos os mais modernos equipamentos de lazer, est\u00e1 em fase de pr\u00e9-lan\u00e7amento. O empreendimento fica estrategicamente localizado, em S\u00e3o Gon\u00e7alo dos Campos, pr\u00f3ximo tanto a Salvador, quanto a Feira de Santana e j\u00e1 est\u00e1 em fase de obras.<\/p>\n\n\n\n<p>Para fortalecer ainda mais sua comunica\u00e7\u00e3o, a Est\u00e2ncia Fernandez acaba de inaugurar uma Loja Conceito, que funciona como um ponto avan\u00e7ado com maquetes e todo o detalhamento do empreendimento.<\/p>\n\n\n\n<p>A loja est\u00e1 localizada no Edif\u00edcio Charmant, um dos mais sofisticados de Feira de Santana, situado no bairro S\u00e3o Jo\u00e3o e conhecido por ser o novo referencial em neg\u00f3cios e eleg\u00e2ncia na cidade.<\/p>\n\n\n\n<p>A Est\u00e2ncia Fernandez conta com \u00e1rea total de 870 mil metros, lazer completo e o melhor, a jun\u00e7\u00e3o de vida no campo, com modernidade e sustentabilidade.<\/p>\n\n\n\n<p><em>\u201c\u00c9 um projeto que vai contribuir para o desenvolvimento de S\u00e3o Gon\u00e7alo sem abrir m\u00e3o da conserva\u00e7\u00e3o, do verde e da natureza\u201d,<\/em> explica Fl\u00e1vio Fernandez, idealizador do projeto, que leva assinatura do arquiteto Ant\u00f4nio Caramelo.<\/p>\n","protected":false},"excerpt":{"rendered":"<p>A Est\u00e2ncia Fernandez, empreendimento que traz um conceito in\u00e9dito na Bahia, mesclando a vida no campo com o conforto e requinte de um condom\u00ednio que conta com todos os mais modernos equipamentos de lazer, est\u00e1 em fase de pr\u00e9-lan\u00e7amento. O empreendimento fica estrategicamente localizado, em S\u00e3o Gon\u00e7alo dos Campos, pr\u00f3ximo tanto a Salvador, quanto a [&hellip;]<\/p>\n","protected":false},"author":3,"featured_media":24984,"comment_status":"open","ping_status":"open","sticky":false,"template":"","format":"standard","meta":{"_monsterinsights_skip_tracking":false,"_monsterinsights_sitenote_active":false,"_monsterinsights_sitenote_note":"","_monsterinsights_sitenote_category":0,"footnotes":""},"categories":[344],"tags":[],"yoast_head":"<!-- This site is optimized with the Yoast SEO plugin v22.9 - https:\/\/yoast.com\/wordpress\/plugins\/seo\/ -->\n<title>Est\u00e2ncia Fernandez inaugura Loja Conceito em Feira de Santana - Portal MF<\/title>\n<meta name=\"robots\" content=\"index, follow, max-snippet:-1, max-image-preview:large, max-video-preview:-1\" \/>\n<link rel=\"canonical\" href=\"https:\/\/portalmf.com.br\/index.php\/2024\/03\/19\/estancia-fernandez-inaugura-loja-conceito-em-feira-de-santana\/\" \/>\n<meta property=\"og:locale\" content=\"pt_BR\" \/>\n<meta property=\"og:type\" content=\"article\" \/>\n<meta property=\"og:title\" content=\"Est\u00e2ncia Fernandez inaugura Loja Conceito em Feira de Santana - Portal MF\" \/>\n<meta property=\"og:description\" content=\"A Est\u00e2ncia Fernandez, empreendimento que traz um conceito in\u00e9dito na Bahia, mesclando a vida no campo com o conforto e requinte de um condom\u00ednio que conta com todos os mais modernos equipamentos de lazer, est\u00e1 em fase de pr\u00e9-lan\u00e7amento. O empreendimento fica estrategicamente localizado, em S\u00e3o Gon\u00e7alo dos Campos, pr\u00f3ximo tanto a Salvador, quanto a [&hellip;]\" \/>\n<meta property=\"og:url\" content=\"https:\/\/portalmf.com.br\/index.php\/2024\/03\/19\/estancia-fernandez-inaugura-loja-conceito-em-feira-de-santana\/\" \/>\n<meta property=\"og:site_name\" content=\"Portal MF\" \/>\n<meta property=\"article:author\" content=\"https:\/\/www.facebook.com\/portalmfoficial\" \/>\n<meta property=\"article:published_time\" content=\"2024-03-19T10:27:00+00:00\" \/>\n<meta property=\"article:modified_time\" content=\"2024-03-19T20:29:42+00:00\" \/>\n<meta property=\"og:image\" content=\"https:\/\/portalmf.com.br\/wp-content\/uploads\/2024\/03\/A-Estancia-Fernandez-inaugurou-sua-loja-conceito-em-Feira-de-Santana.jpg\" \/>\n\t<meta property=\"og:image:width\" content=\"600\" \/>\n\t<meta property=\"og:image:height\" content=\"400\" \/>\n\t<meta property=\"og:image:type\" content=\"image\/jpeg\" \/>\n<meta name=\"author\" content=\"Reda\u00e7\u00e3o Portal MF\" \/>\n<meta name=\"twitter:card\" content=\"summary_large_image\" \/>\n<meta name=\"twitter:creator\" content=\"@https:\/\/x.com\/portalmfoficial\" \/>\n<meta name=\"twitter:label1\" content=\"Escrito por\" \/>\n\t<meta name=\"twitter:data1\" content=\"Reda\u00e7\u00e3o Portal MF\" \/>\n\t<meta name=\"twitter:label2\" content=\"Est. tempo de leitura\" \/>\n\t<meta name=\"twitter:data2\" content=\"2 minutos\" \/>\n<script type=\"application\/ld+json\" class=\"yoast-schema-graph\">{\"@context\":\"https:\/\/schema.org\",\"@graph\":[{\"@type\":\"WebPage\",\"@id\":\"https:\/\/portalmf.com.br\/index.php\/2024\/03\/19\/estancia-fernandez-inaugura-loja-conceito-em-feira-de-santana\/\",\"url\":\"https:\/\/portalmf.com.br\/index.php\/2024\/03\/19\/estancia-fernandez-inaugura-loja-conceito-em-feira-de-santana\/\",\"name\":\"Est\u00e2ncia Fernandez inaugura Loja Conceito em Feira de Santana - Portal MF\",\"isPartOf\":{\"@id\":\"https:\/\/portalmf.com.br\/#website\"},\"primaryImageOfPage\":{\"@id\":\"https:\/\/portalmf.com.br\/index.php\/2024\/03\/19\/estancia-fernandez-inaugura-loja-conceito-em-feira-de-santana\/#primaryimage\"},\"image\":{\"@id\":\"https:\/\/portalmf.com.br\/index.php\/2024\/03\/19\/estancia-fernandez-inaugura-loja-conceito-em-feira-de-santana\/#primaryimage\"},\"thumbnailUrl\":\"https:\/\/portalmf.com.br\/wp-content\/uploads\/2024\/03\/A-Estancia-Fernandez-inaugurou-sua-loja-conceito-em-Feira-de-Santana.jpg\",\"datePublished\":\"2024-03-19T10:27:00+00:00\",\"dateModified\":\"2024-03-19T20:29:42+00:00\",\"author\":{\"@id\":\"https:\/\/portalmf.com.br\/#\/schema\/person\/9ec101baf56233e53520c26de5d6f6f0\"},\"breadcrumb\":{\"@id\":\"https:\/\/portalmf.com.br\/index.php\/2024\/03\/19\/estancia-fernandez-inaugura-loja-conceito-em-feira-de-santana\/#breadcrumb\"},\"inLanguage\":\"pt-BR\",\"potentialAction\":[{\"@type\":\"ReadAction\",\"target\":[\"https:\/\/portalmf.com.br\/index.php\/2024\/03\/19\/estancia-fernandez-inaugura-loja-conceito-em-feira-de-santana\/\"]}]},{\"@type\":\"ImageObject\",\"inLanguage\":\"pt-BR\",\"@id\":\"https:\/\/portalmf.com.br\/index.php\/2024\/03\/19\/estancia-fernandez-inaugura-loja-conceito-em-feira-de-santana\/#primaryimage\",\"url\":\"https:\/\/portalmf.com.br\/wp-content\/uploads\/2024\/03\/A-Estancia-Fernandez-inaugurou-sua-loja-conceito-em-Feira-de-Santana.jpg\",\"contentUrl\":\"https:\/\/portalmf.com.br\/wp-content\/uploads\/2024\/03\/A-Estancia-Fernandez-inaugurou-sua-loja-conceito-em-Feira-de-Santana.jpg\",\"width\":600,\"height\":400},{\"@type\":\"BreadcrumbList\",\"@id\":\"https:\/\/portalmf.com.br\/index.php\/2024\/03\/19\/estancia-fernandez-inaugura-loja-conceito-em-feira-de-santana\/#breadcrumb\",\"itemListElement\":[{\"@type\":\"ListItem\",\"position\":1,\"name\":\"In\u00edcio\",\"item\":\"https:\/\/portalmf.com.br\/\"},{\"@type\":\"ListItem\",\"position\":2,\"name\":\"Est\u00e2ncia Fernandez inaugura Loja Conceito em Feira de Santana\"}]},{\"@type\":\"WebSite\",\"@id\":\"https:\/\/portalmf.com.br\/#website\",\"url\":\"https:\/\/portalmf.com.br\/\",\"name\":\"Portal MF\",\"description\":\"Voc\u00ea conectado com a informa\u00e7\u00e3o\",\"potentialAction\":[{\"@type\":\"SearchAction\",\"target\":{\"@type\":\"EntryPoint\",\"urlTemplate\":\"https:\/\/portalmf.com.br\/?s={search_term_string}\"},\"query-input\":\"required name=search_term_string\"}],\"inLanguage\":\"pt-BR\"},{\"@type\":\"Person\",\"@id\":\"https:\/\/portalmf.com.br\/#\/schema\/person\/9ec101baf56233e53520c26de5d6f6f0\",\"name\":\"Reda\u00e7\u00e3o Portal MF\",\"image\":{\"@type\":\"ImageObject\",\"inLanguage\":\"pt-BR\",\"@id\":\"https:\/\/portalmf.com.br\/#\/schema\/person\/image\/\",\"url\":\"https:\/\/secure.gravatar.com\/avatar\/41b9aaeb2100835f7c64362330f74c7f?s=96&d=mm&r=g\",\"contentUrl\":\"https:\/\/secure.gravatar.com\/avatar\/41b9aaeb2100835f7c64362330f74c7f?s=96&d=mm&r=g\",\"caption\":\"Reda\u00e7\u00e3o Portal MF\"},\"description\":\"Sejam bem-vindos o portal de informa\u00e7\u00f5es de entretenimento de Feira de Santana, desde 2006 realiza coberturas dos principais eventos com entrevistas exclusivas com as principais personalidades mundiais. Fique conectado tamb\u00e9m nas redes sociais.\",\"sameAs\":[\"http:\/\/www.portalmf.com.br\/\",\"https:\/\/www.facebook.com\/portalmfoficial\",\"https:\/\/www.instagram.com\/portalmf\/\",\"https:\/\/x.com\/https:\/\/x.com\/portalmfoficial\",\"https:\/\/www.youtube.com\/@portalmfoficial\"],\"url\":\"https:\/\/portalmf.com.br\/index.php\/author\/junior\/\"}]}<\/script>\n<!-- \/ Yoast SEO plugin. -->","yoast_head_json":{"title":"Est\u00e2ncia Fernandez inaugura Loja Conceito em Feira de Santana - Portal MF","robots":{"index":"index","follow":"follow","max-snippet":"max-snippet:-1","max-image-preview":"max-image-preview:large","max-video-preview":"max-video-preview:-1"},"canonical":"https:\/\/portalmf.com.br\/index.php\/2024\/03\/19\/estancia-fernandez-inaugura-loja-conceito-em-feira-de-santana\/","og_locale":"pt_BR","og_type":"article","og_title":"Est\u00e2ncia Fernandez inaugura Loja Conceito em Feira de Santana - Portal MF","og_description":"A Est\u00e2ncia Fernandez, empreendimento que traz um conceito in\u00e9dito na Bahia, mesclando a vida no campo com o conforto e requinte de um condom\u00ednio que conta com todos os mais modernos equipamentos de lazer, est\u00e1 em fase de pr\u00e9-lan\u00e7amento. O empreendimento fica estrategicamente localizado, em S\u00e3o Gon\u00e7alo dos Campos, pr\u00f3ximo tanto a Salvador, quanto a [&hellip;]","og_url":"https:\/\/portalmf.com.br\/index.php\/2024\/03\/19\/estancia-fernandez-inaugura-loja-conceito-em-feira-de-santana\/","og_site_name":"Portal MF","article_author":"https:\/\/www.facebook.com\/portalmfoficial","article_published_time":"2024-03-19T10:27:00+00:00","article_modified_time":"2024-03-19T20:29:42+00:00","og_image":[{"width":600,"height":400,"url":"https:\/\/portalmf.com.br\/wp-content\/uploads\/2024\/03\/A-Estancia-Fernandez-inaugurou-sua-loja-conceito-em-Feira-de-Santana.jpg","type":"image\/jpeg"}],"author":"Reda\u00e7\u00e3o Portal MF","twitter_card":"summary_large_image","twitter_creator":"@https:\/\/x.com\/portalmfoficial","twitter_misc":{"Escrito por":"Reda\u00e7\u00e3o Portal MF","Est. tempo de leitura":"2 minutos"},"schema":{"@context":"https:\/\/schema.org","@graph":[{"@type":"WebPage","@id":"https:\/\/portalmf.com.br\/index.php\/2024\/03\/19\/estancia-fernandez-inaugura-loja-conceito-em-feira-de-santana\/","url":"https:\/\/portalmf.com.br\/index.php\/2024\/03\/19\/estancia-fernandez-inaugura-loja-conceito-em-feira-de-santana\/","name":"Est\u00e2ncia Fernandez inaugura Loja Conceito em Feira de Santana - Portal MF","isPartOf":{"@id":"https:\/\/portalmf.com.br\/#website"},"primaryImageOfPage":{"@id":"https:\/\/portalmf.com.br\/index.php\/2024\/03\/19\/estancia-fernandez-inaugura-loja-conceito-em-feira-de-santana\/#primaryimage"},"image":{"@id":"https:\/\/portalmf.com.br\/index.php\/2024\/03\/19\/estancia-fernandez-inaugura-loja-conceito-em-feira-de-santana\/#primaryimage"},"thumbnailUrl":"https:\/\/portalmf.com.br\/wp-content\/uploads\/2024\/03\/A-Estancia-Fernandez-inaugurou-sua-loja-conceito-em-Feira-de-Santana.jpg","datePublished":"2024-03-19T10:27:00+00:00","dateModified":"2024-03-19T20:29:42+00:00","author":{"@id":"https:\/\/portalmf.com.br\/#\/schema\/person\/9ec101baf56233e53520c26de5d6f6f0"},"breadcrumb":{"@id":"https:\/\/portalmf.com.br\/index.php\/2024\/03\/19\/estancia-fernandez-inaugura-loja-conceito-em-feira-de-santana\/#breadcrumb"},"inLanguage":"pt-BR","potentialAction":[{"@type":"ReadAction","target":["https:\/\/portalmf.com.br\/index.php\/2024\/03\/19\/estancia-fernandez-inaugura-loja-conceito-em-feira-de-santana\/"]}]},{"@type":"ImageObject","inLanguage":"pt-BR","@id":"https:\/\/portalmf.com.br\/index.php\/2024\/03\/19\/estancia-fernandez-inaugura-loja-conceito-em-feira-de-santana\/#primaryimage","url":"https:\/\/portalmf.com.br\/wp-content\/uploads\/2024\/03\/A-Estancia-Fernandez-inaugurou-sua-loja-conceito-em-Feira-de-Santana.jpg","contentUrl":"https:\/\/portalmf.com.br\/wp-content\/uploads\/2024\/03\/A-Estancia-Fernandez-inaugurou-sua-loja-conceito-em-Feira-de-Santana.jpg","width":600,"height":400},{"@type":"BreadcrumbList","@id":"https:\/\/portalmf.com.br\/index.php\/2024\/03\/19\/estancia-fernandez-inaugura-loja-conceito-em-feira-de-santana\/#breadcrumb","itemListElement":[{"@type":"ListItem","position":1,"name":"In\u00edcio","item":"https:\/\/portalmf.com.br\/"},{"@type":"ListItem","position":2,"name":"Est\u00e2ncia Fernandez inaugura Loja Conceito em Feira de Santana"}]},{"@type":"WebSite","@id":"https:\/\/portalmf.com.br\/#website","url":"https:\/\/portalmf.com.br\/","name":"Portal MF","description":"Voc\u00ea conectado com a informa\u00e7\u00e3o","potentialAction":[{"@type":"SearchAction","target":{"@type":"EntryPoint","urlTemplate":"https:\/\/portalmf.com.br\/?s={search_term_string}"},"query-input":"required name=search_term_string"}],"inLanguage":"pt-BR"},{"@type":"Person","@id":"https:\/\/portalmf.com.br\/#\/schema\/person\/9ec101baf56233e53520c26de5d6f6f0","name":"Reda\u00e7\u00e3o Portal MF","image":{"@type":"ImageObject","inLanguage":"pt-BR","@id":"https:\/\/portalmf.com.br\/#\/schema\/person\/image\/","url":"https:\/\/secure.gravatar.com\/avatar\/41b9aaeb2100835f7c64362330f74c7f?s=96&d=mm&r=g","contentUrl":"https:\/\/secure.gravatar.com\/avatar\/41b9aaeb2100835f7c64362330f74c7f?s=96&d=mm&r=g","caption":"Reda\u00e7\u00e3o Portal MF"},"description":"Sejam bem-vindos o portal de informa\u00e7\u00f5es de entretenimento de Feira de Santana, desde 2006 realiza coberturas dos principais eventos com entrevistas exclusivas com as principais personalidades mundiais. Fique conectado tamb\u00e9m nas redes sociais.","sameAs":["http:\/\/www.portalmf.com.br\/","https:\/\/www.facebook.com\/portalmfoficial","https:\/\/www.instagram.com\/portalmf\/","https:\/\/x.com\/https:\/\/x.com\/portalmfoficial","https:\/\/www.youtube.com\/@portalmfoficial"],"url":"https:\/\/portalmf.com.br\/index.php\/author\/junior\/"}]}},"_links":{"self":[{"href":"https:\/\/portalmf.com.br\/index.php\/wp-json\/wp\/v2\/posts\/24983"}],"collection":[{"href":"https:\/\/portalmf.com.br\/index.php\/wp-json\/wp\/v2\/posts"}],"about":[{"href":"https:\/\/portalmf.com.br\/index.php\/wp-json\/wp\/v2\/types\/post"}],"author":[{"embeddable":true,"href":"https:\/\/portalmf.com.br\/index.php\/wp-json\/wp\/v2\/users\/3"}],"replies":[{"embeddable":true,"href":"https:\/\/portalmf.com.br\/index.php\/wp-json\/wp\/v2\/comments?post=24983"}],"version-history":[{"count":1,"href":"https:\/\/portalmf.com.br\/index.php\/wp-json\/wp\/v2\/posts\/24983\/revisions"}],"predecessor-version":[{"id":24985,"href":"https:\/\/portalmf.com.br\/index.php\/wp-json\/wp\/v2\/posts\/24983\/revisions\/24985"}],"wp:featuredmedia":[{"embeddable":true,"href":"https:\/\/portalmf.com.br\/index.php\/wp-json\/wp\/v2\/media\/24984"}],"wp:attachment":[{"href":"https:\/\/portalmf.com.br\/index.php\/wp-json\/wp\/v2\/media?parent=24983"}],"wp:term":[{"taxonomy":"category","embeddable":true,"href":"https:\/\/portalmf.com.br\/index.php\/wp-json\/wp\/v2\/categories?post=24983"},{"taxonomy":"post_tag","embeddable":true,"href":"https:\/\/portalmf.com.br\/index.php\/wp-json\/wp\/v2\/tags?post=24983"}],"curies":[{"name":"wp","href":"https:\/\/api.w.org\/{rel}","templated":true}]}}