{"id":24932,"date":"2024-03-15T06:59:00","date_gmt":"2024-03-15T09:59:00","guid":{"rendered":"https:\/\/portalmf.com.br\/?p=24932"},"modified":"2024-03-18T15:00:52","modified_gmt":"2024-03-18T18:00:52","slug":"pepsico-instala-tecnologia-termossolar-na-fabrica-de-feira-de-santana-na-bahia","status":"publish","type":"post","link":"https:\/\/portalmf.com.br\/index.php\/2024\/03\/15\/pepsico-instala-tecnologia-termossolar-na-fabrica-de-feira-de-santana-na-bahia\/","title":{"rendered":"PepsiCo instala tecnologia Termossolar na f\u00e1brica de Feira de Santana, na Bahia"},"content":{"rendered":"\n<p>A f\u00e1brica da PepsiCo em Feira de Santana, na Bahia, iniciou neste m\u00eas de mar\u00e7o a opera\u00e7\u00e3o de sua usina termossolar. O empreendimento na planta fabril, onde s\u00e3o produzidos Toddynho, Toddynho Levinho (com 50% menos gorduras totais e 35% menos a\u00e7\u00facares<em>) e Toddy, faz parte da estrat\u00e9gia ESG da companhia, conhecida globalmente como PepsiCo Positive (pep+), uma transforma\u00e7\u00e3o de ponta a ponta do neg\u00f3cio com um olhar especial para as pessoas e o planeta. A iniciativa vai contribuir com as metas de redu\u00e7\u00e3o de emiss\u00f5es de gases de efeito estufa (GEEs) e atingimento de Net-zero at\u00e9 2040 e representa uma economia de mais de 230.000 m3 de g\u00e1s natural por ano. Com isso, a PepsiCo deixar\u00e1 de emitir 460 toneladas de CO2 por ano, equivalente ao plantio de cerca de 80 mil \u00e1rvores<\/em>*.<\/p>\n\n\n\n<p>A instala\u00e7\u00e3o foi feita em janeiro de 2023, com in\u00edcio da opera\u00e7\u00e3o em mar\u00e7o de 2024. A usina vai gerar cerca de 1.228.000 KWh\/ano, em m\u00e9dia, em uma \u00e1rea de 2000 mil m2 de placas sobre o telhado da f\u00e1brica.<\/p>\n\n\n\n<p>A PepsiCo tamb\u00e9m implementou paineis solares nos telhados de suas f\u00e1bricas de Sete Lagoas (MG), Sorocaba (SP) e Recife (PE) e mant\u00e9m, atualmente, uma das maiores frotas de ve\u00edculos el\u00e9tricos e a g\u00e1s do setor de alimentos e bebidas &#8211; com mais de 160 caminh\u00f5es.<\/p>\n\n\n\n<p>Em 2023, a empresa anunciou, ainda, a instala\u00e7\u00e3o de paineis solares org\u00e2nicos (OPVs) em 250 de seus caminh\u00f5es para recarga das baterias de acess\u00f3rios desses ve\u00edculos. Os paineis, instalados no teto do ba\u00fa do caminh\u00e3o, s\u00e3o fabricados com um filme pl\u00e1stico tecnol\u00f3gico que \u00e9 mais leve e mais eficiente do que os paineis solares tradicionais fabricados em sil\u00edcio.<\/p>\n\n\n\n<p>\u201cA energia t\u00e9rmica \u00e9 um importante avan\u00e7o para a ind\u00fastria na busca por matrizes energ\u00e9ticas limpas e pela redu\u00e7\u00e3o de emiss\u00f5es de GEEs. A energia termossolar \u00e9 livre de carbono e uma alternativa que tamb\u00e9m acaba sendo mais barata do que a gerada por combust\u00edveis l\u00edquidos\u201d, destacou Bruno Guerreiro, Gerente de Sustentabilidade na PepsiCo Brasil. Segundo o executivo, a solu\u00e7\u00e3o dever\u00e1 ser implantada em outras plantas da companhia no Brasil nos pr\u00f3ximos anos, com \u00e1reas ainda maiores de paineis solares.<\/p>\n\n\n\n<p>O fornecedor parceiro da PepsiCo para a implanta\u00e7\u00e3o das usinas termossolares da planta de Feira de Santana \u00e9 a TVP Solar, empresa su\u00ed\u00e7a especializada na tecnologia termossolar com solu\u00e7\u00f5es de \u00faltima gera\u00e7\u00e3o, com coletores solares t\u00e9rmicos de alto v\u00e1cuo e sem espelhos, baseados em uma tecnologia patenteada.<\/p>\n\n\n\n<p>G\u00e1s biometano<\/p>\n\n\n\n<p>Em fevereiro, a PepsiCo anunciou mais um passo em sua jornada pela implementa\u00e7\u00e3o de energia limpa: a substitui\u00e7\u00e3o de combust\u00edveis f\u00f3sseis por g\u00e1s biometano em suas f\u00e1bricas e frota pr\u00f3pria de caminh\u00f5es movidos a g\u00e1s. O projeto ser\u00e1 iniciado este m\u00eas na maior planta fabril da PepsiCo no Brasil, em Itu, interior de S\u00e3o Paulo, com previs\u00e3o de in\u00edcio da opera\u00e7\u00e3o em outubro.<\/p>\n\n\n\n<p>Com a iniciativa, a companhia planeja neutralizar suas emiss\u00f5es na fabrica\u00e7\u00e3o de snacks na localidade e contribuir para uma redu\u00e7\u00e3o de cerca de 44% no total de emiss\u00f5es de gases de efeito estufa (GEE) provenientes das f\u00e1bricas da PepsiCo em todo o Brasil at\u00e9 2025 (escopos 1 e 2, linha de base 2015). A expectativa da companhia \u00e9 levar o biometano para outras f\u00e1bricas do estado de S\u00e3o Paulo at\u00e9 o fim de 2025, al\u00e9m de mais quatro f\u00e1bricas de alimentos da PepsiCo no Brasil at\u00e9 2027.<\/p>\n\n\n\n<p>Na f\u00e1brica da PepsiCo em Itu, onde s\u00e3o produzidos snacks como Lay\u2019s, Cheetos e Doritos, ser\u00e1 instalada uma esta\u00e7\u00e3o de abastecimento de biometano capaz de atender at\u00e9 100% a demanda de g\u00e1s para cozimento, fritadeiras, fornos e caldeiras de \u00e1gua da f\u00e1brica, totalizando aproximadamente 15 mil m3 por dia. A esta\u00e7\u00e3o foi desenvolvida pela Ultragaz, tamb\u00e9m respons\u00e1vel pela log\u00edstica de abastecimento com biometano oriundo de aterros sanit\u00e1rios, como o de Caieiras (SP), um dos maiores do planeta.<\/p>\n\n\n\n<p>Para saber mais sobre a agenda da PepsiCo Positive, visite <a href=\"https:\/\/www.pepsico.com.br\/sustentabilidade\/pepsicopositive\">https:\/\/www.pepsico.com.br\/sustentabilidade\/pepsicopositive<\/a>.<\/p>\n","protected":false},"excerpt":{"rendered":"<p>A f\u00e1brica da PepsiCo em Feira de Santana, na Bahia, iniciou neste m\u00eas de mar\u00e7o a opera\u00e7\u00e3o de sua usina termossolar. O empreendimento na planta fabril, onde s\u00e3o produzidos Toddynho, Toddynho Levinho (com 50% menos gorduras totais e 35% menos a\u00e7\u00facares) e Toddy, faz parte da estrat\u00e9gia ESG da companhia, conhecida globalmente como PepsiCo Positive [&hellip;]<\/p>\n","protected":false},"author":3,"featured_media":24933,"comment_status":"open","ping_status":"open","sticky":false,"template":"","format":"standard","meta":{"_monsterinsights_skip_tracking":false,"_monsterinsights_sitenote_active":false,"_monsterinsights_sitenote_note":"","_monsterinsights_sitenote_category":0,"footnotes":""},"categories":[344],"tags":[],"yoast_head":"<!-- This site is optimized with the Yoast SEO plugin v22.9 - https:\/\/yoast.com\/wordpress\/plugins\/seo\/ -->\n<title>PepsiCo instala tecnologia Termossolar na f\u00e1brica de Feira de Santana, na Bahia - Portal MF<\/title>\n<meta name=\"robots\" content=\"index, follow, max-snippet:-1, max-image-preview:large, max-video-preview:-1\" \/>\n<link rel=\"canonical\" href=\"https:\/\/portalmf.com.br\/index.php\/2024\/03\/15\/pepsico-instala-tecnologia-termossolar-na-fabrica-de-feira-de-santana-na-bahia\/\" \/>\n<meta property=\"og:locale\" content=\"pt_BR\" \/>\n<meta property=\"og:type\" content=\"article\" \/>\n<meta property=\"og:title\" content=\"PepsiCo instala tecnologia Termossolar na f\u00e1brica de Feira de Santana, na Bahia - Portal MF\" \/>\n<meta property=\"og:description\" content=\"A f\u00e1brica da PepsiCo em Feira de Santana, na Bahia, iniciou neste m\u00eas de mar\u00e7o a opera\u00e7\u00e3o de sua usina termossolar. O empreendimento na planta fabril, onde s\u00e3o produzidos Toddynho, Toddynho Levinho (com 50% menos gorduras totais e 35% menos a\u00e7\u00facares) e Toddy, faz parte da estrat\u00e9gia ESG da companhia, conhecida globalmente como PepsiCo Positive [&hellip;]\" \/>\n<meta property=\"og:url\" content=\"https:\/\/portalmf.com.br\/index.php\/2024\/03\/15\/pepsico-instala-tecnologia-termossolar-na-fabrica-de-feira-de-santana-na-bahia\/\" \/>\n<meta property=\"og:site_name\" content=\"Portal MF\" \/>\n<meta property=\"article:author\" content=\"https:\/\/www.facebook.com\/portalmfoficial\" \/>\n<meta property=\"article:published_time\" content=\"2024-03-15T09:59:00+00:00\" \/>\n<meta property=\"article:modified_time\" content=\"2024-03-18T18:00:52+00:00\" \/>\n<meta property=\"og:image\" content=\"https:\/\/portalmf.com.br\/wp-content\/uploads\/2024\/03\/PepsiCo-instala-tecnologia-Termossolar-na-fabrica-de-Feira-de-Santana-na-Bahia.jpeg\" \/>\n\t<meta property=\"og:image:width\" content=\"600\" \/>\n\t<meta property=\"og:image:height\" content=\"338\" \/>\n\t<meta property=\"og:image:type\" content=\"image\/jpeg\" \/>\n<meta name=\"author\" content=\"Reda\u00e7\u00e3o Portal MF\" \/>\n<meta name=\"twitter:card\" content=\"summary_large_image\" \/>\n<meta name=\"twitter:creator\" content=\"@https:\/\/x.com\/portalmfoficial\" \/>\n<meta name=\"twitter:label1\" content=\"Escrito por\" \/>\n\t<meta name=\"twitter:data1\" content=\"Reda\u00e7\u00e3o Portal MF\" \/>\n\t<meta name=\"twitter:label2\" content=\"Est. tempo de leitura\" \/>\n\t<meta name=\"twitter:data2\" content=\"4 minutos\" \/>\n<script type=\"application\/ld+json\" class=\"yoast-schema-graph\">{\"@context\":\"https:\/\/schema.org\",\"@graph\":[{\"@type\":\"WebPage\",\"@id\":\"https:\/\/portalmf.com.br\/index.php\/2024\/03\/15\/pepsico-instala-tecnologia-termossolar-na-fabrica-de-feira-de-santana-na-bahia\/\",\"url\":\"https:\/\/portalmf.com.br\/index.php\/2024\/03\/15\/pepsico-instala-tecnologia-termossolar-na-fabrica-de-feira-de-santana-na-bahia\/\",\"name\":\"PepsiCo instala tecnologia Termossolar na f\u00e1brica de Feira de Santana, na Bahia - Portal MF\",\"isPartOf\":{\"@id\":\"https:\/\/portalmf.com.br\/#website\"},\"primaryImageOfPage\":{\"@id\":\"https:\/\/portalmf.com.br\/index.php\/2024\/03\/15\/pepsico-instala-tecnologia-termossolar-na-fabrica-de-feira-de-santana-na-bahia\/#primaryimage\"},\"image\":{\"@id\":\"https:\/\/portalmf.com.br\/index.php\/2024\/03\/15\/pepsico-instala-tecnologia-termossolar-na-fabrica-de-feira-de-santana-na-bahia\/#primaryimage\"},\"thumbnailUrl\":\"https:\/\/portalmf.com.br\/wp-content\/uploads\/2024\/03\/PepsiCo-instala-tecnologia-Termossolar-na-fabrica-de-Feira-de-Santana-na-Bahia.jpeg\",\"datePublished\":\"2024-03-15T09:59:00+00:00\",\"dateModified\":\"2024-03-18T18:00:52+00:00\",\"author\":{\"@id\":\"https:\/\/portalmf.com.br\/#\/schema\/person\/9ec101baf56233e53520c26de5d6f6f0\"},\"breadcrumb\":{\"@id\":\"https:\/\/portalmf.com.br\/index.php\/2024\/03\/15\/pepsico-instala-tecnologia-termossolar-na-fabrica-de-feira-de-santana-na-bahia\/#breadcrumb\"},\"inLanguage\":\"pt-BR\",\"potentialAction\":[{\"@type\":\"ReadAction\",\"target\":[\"https:\/\/portalmf.com.br\/index.php\/2024\/03\/15\/pepsico-instala-tecnologia-termossolar-na-fabrica-de-feira-de-santana-na-bahia\/\"]}]},{\"@type\":\"ImageObject\",\"inLanguage\":\"pt-BR\",\"@id\":\"https:\/\/portalmf.com.br\/index.php\/2024\/03\/15\/pepsico-instala-tecnologia-termossolar-na-fabrica-de-feira-de-santana-na-bahia\/#primaryimage\",\"url\":\"https:\/\/portalmf.com.br\/wp-content\/uploads\/2024\/03\/PepsiCo-instala-tecnologia-Termossolar-na-fabrica-de-Feira-de-Santana-na-Bahia.jpeg\",\"contentUrl\":\"https:\/\/portalmf.com.br\/wp-content\/uploads\/2024\/03\/PepsiCo-instala-tecnologia-Termossolar-na-fabrica-de-Feira-de-Santana-na-Bahia.jpeg\",\"width\":600,\"height\":338},{\"@type\":\"BreadcrumbList\",\"@id\":\"https:\/\/portalmf.com.br\/index.php\/2024\/03\/15\/pepsico-instala-tecnologia-termossolar-na-fabrica-de-feira-de-santana-na-bahia\/#breadcrumb\",\"itemListElement\":[{\"@type\":\"ListItem\",\"position\":1,\"name\":\"In\u00edcio\",\"item\":\"https:\/\/portalmf.com.br\/\"},{\"@type\":\"ListItem\",\"position\":2,\"name\":\"PepsiCo instala tecnologia Termossolar na f\u00e1brica de Feira de Santana, na Bahia\"}]},{\"@type\":\"WebSite\",\"@id\":\"https:\/\/portalmf.com.br\/#website\",\"url\":\"https:\/\/portalmf.com.br\/\",\"name\":\"Portal MF\",\"description\":\"Voc\u00ea conectado com a informa\u00e7\u00e3o\",\"potentialAction\":[{\"@type\":\"SearchAction\",\"target\":{\"@type\":\"EntryPoint\",\"urlTemplate\":\"https:\/\/portalmf.com.br\/?s={search_term_string}\"},\"query-input\":\"required name=search_term_string\"}],\"inLanguage\":\"pt-BR\"},{\"@type\":\"Person\",\"@id\":\"https:\/\/portalmf.com.br\/#\/schema\/person\/9ec101baf56233e53520c26de5d6f6f0\",\"name\":\"Reda\u00e7\u00e3o Portal MF\",\"image\":{\"@type\":\"ImageObject\",\"inLanguage\":\"pt-BR\",\"@id\":\"https:\/\/portalmf.com.br\/#\/schema\/person\/image\/\",\"url\":\"https:\/\/secure.gravatar.com\/avatar\/41b9aaeb2100835f7c64362330f74c7f?s=96&d=mm&r=g\",\"contentUrl\":\"https:\/\/secure.gravatar.com\/avatar\/41b9aaeb2100835f7c64362330f74c7f?s=96&d=mm&r=g\",\"caption\":\"Reda\u00e7\u00e3o Portal MF\"},\"description\":\"Sejam bem-vindos o portal de informa\u00e7\u00f5es de entretenimento de Feira de Santana, desde 2006 realiza coberturas dos principais eventos com entrevistas exclusivas com as principais personalidades mundiais. Fique conectado tamb\u00e9m nas redes sociais.\",\"sameAs\":[\"http:\/\/www.portalmf.com.br\/\",\"https:\/\/www.facebook.com\/portalmfoficial\",\"https:\/\/www.instagram.com\/portalmf\/\",\"https:\/\/x.com\/https:\/\/x.com\/portalmfoficial\",\"https:\/\/www.youtube.com\/@portalmfoficial\"],\"url\":\"https:\/\/portalmf.com.br\/index.php\/author\/junior\/\"}]}<\/script>\n<!-- \/ Yoast SEO plugin. -->","yoast_head_json":{"title":"PepsiCo instala tecnologia Termossolar na f\u00e1brica de Feira de Santana, na Bahia - Portal MF","robots":{"index":"index","follow":"follow","max-snippet":"max-snippet:-1","max-image-preview":"max-image-preview:large","max-video-preview":"max-video-preview:-1"},"canonical":"https:\/\/portalmf.com.br\/index.php\/2024\/03\/15\/pepsico-instala-tecnologia-termossolar-na-fabrica-de-feira-de-santana-na-bahia\/","og_locale":"pt_BR","og_type":"article","og_title":"PepsiCo instala tecnologia Termossolar na f\u00e1brica de Feira de Santana, na Bahia - Portal MF","og_description":"A f\u00e1brica da PepsiCo em Feira de Santana, na Bahia, iniciou neste m\u00eas de mar\u00e7o a opera\u00e7\u00e3o de sua usina termossolar. O empreendimento na planta fabril, onde s\u00e3o produzidos Toddynho, Toddynho Levinho (com 50% menos gorduras totais e 35% menos a\u00e7\u00facares) e Toddy, faz parte da estrat\u00e9gia ESG da companhia, conhecida globalmente como PepsiCo Positive [&hellip;]","og_url":"https:\/\/portalmf.com.br\/index.php\/2024\/03\/15\/pepsico-instala-tecnologia-termossolar-na-fabrica-de-feira-de-santana-na-bahia\/","og_site_name":"Portal MF","article_author":"https:\/\/www.facebook.com\/portalmfoficial","article_published_time":"2024-03-15T09:59:00+00:00","article_modified_time":"2024-03-18T18:00:52+00:00","og_image":[{"width":600,"height":338,"url":"https:\/\/portalmf.com.br\/wp-content\/uploads\/2024\/03\/PepsiCo-instala-tecnologia-Termossolar-na-fabrica-de-Feira-de-Santana-na-Bahia.jpeg","type":"image\/jpeg"}],"author":"Reda\u00e7\u00e3o Portal MF","twitter_card":"summary_large_image","twitter_creator":"@https:\/\/x.com\/portalmfoficial","twitter_misc":{"Escrito por":"Reda\u00e7\u00e3o Portal MF","Est. tempo de leitura":"4 minutos"},"schema":{"@context":"https:\/\/schema.org","@graph":[{"@type":"WebPage","@id":"https:\/\/portalmf.com.br\/index.php\/2024\/03\/15\/pepsico-instala-tecnologia-termossolar-na-fabrica-de-feira-de-santana-na-bahia\/","url":"https:\/\/portalmf.com.br\/index.php\/2024\/03\/15\/pepsico-instala-tecnologia-termossolar-na-fabrica-de-feira-de-santana-na-bahia\/","name":"PepsiCo instala tecnologia Termossolar na f\u00e1brica de Feira de Santana, na Bahia - Portal MF","isPartOf":{"@id":"https:\/\/portalmf.com.br\/#website"},"primaryImageOfPage":{"@id":"https:\/\/portalmf.com.br\/index.php\/2024\/03\/15\/pepsico-instala-tecnologia-termossolar-na-fabrica-de-feira-de-santana-na-bahia\/#primaryimage"},"image":{"@id":"https:\/\/portalmf.com.br\/index.php\/2024\/03\/15\/pepsico-instala-tecnologia-termossolar-na-fabrica-de-feira-de-santana-na-bahia\/#primaryimage"},"thumbnailUrl":"https:\/\/portalmf.com.br\/wp-content\/uploads\/2024\/03\/PepsiCo-instala-tecnologia-Termossolar-na-fabrica-de-Feira-de-Santana-na-Bahia.jpeg","datePublished":"2024-03-15T09:59:00+00:00","dateModified":"2024-03-18T18:00:52+00:00","author":{"@id":"https:\/\/portalmf.com.br\/#\/schema\/person\/9ec101baf56233e53520c26de5d6f6f0"},"breadcrumb":{"@id":"https:\/\/portalmf.com.br\/index.php\/2024\/03\/15\/pepsico-instala-tecnologia-termossolar-na-fabrica-de-feira-de-santana-na-bahia\/#breadcrumb"},"inLanguage":"pt-BR","potentialAction":[{"@type":"ReadAction","target":["https:\/\/portalmf.com.br\/index.php\/2024\/03\/15\/pepsico-instala-tecnologia-termossolar-na-fabrica-de-feira-de-santana-na-bahia\/"]}]},{"@type":"ImageObject","inLanguage":"pt-BR","@id":"https:\/\/portalmf.com.br\/index.php\/2024\/03\/15\/pepsico-instala-tecnologia-termossolar-na-fabrica-de-feira-de-santana-na-bahia\/#primaryimage","url":"https:\/\/portalmf.com.br\/wp-content\/uploads\/2024\/03\/PepsiCo-instala-tecnologia-Termossolar-na-fabrica-de-Feira-de-Santana-na-Bahia.jpeg","contentUrl":"https:\/\/portalmf.com.br\/wp-content\/uploads\/2024\/03\/PepsiCo-instala-tecnologia-Termossolar-na-fabrica-de-Feira-de-Santana-na-Bahia.jpeg","width":600,"height":338},{"@type":"BreadcrumbList","@id":"https:\/\/portalmf.com.br\/index.php\/2024\/03\/15\/pepsico-instala-tecnologia-termossolar-na-fabrica-de-feira-de-santana-na-bahia\/#breadcrumb","itemListElement":[{"@type":"ListItem","position":1,"name":"In\u00edcio","item":"https:\/\/portalmf.com.br\/"},{"@type":"ListItem","position":2,"name":"PepsiCo instala tecnologia Termossolar na f\u00e1brica de Feira de Santana, na Bahia"}]},{"@type":"WebSite","@id":"https:\/\/portalmf.com.br\/#website","url":"https:\/\/portalmf.com.br\/","name":"Portal MF","description":"Voc\u00ea conectado com a informa\u00e7\u00e3o","potentialAction":[{"@type":"SearchAction","target":{"@type":"EntryPoint","urlTemplate":"https:\/\/portalmf.com.br\/?s={search_term_string}"},"query-input":"required name=search_term_string"}],"inLanguage":"pt-BR"},{"@type":"Person","@id":"https:\/\/portalmf.com.br\/#\/schema\/person\/9ec101baf56233e53520c26de5d6f6f0","name":"Reda\u00e7\u00e3o Portal MF","image":{"@type":"ImageObject","inLanguage":"pt-BR","@id":"https:\/\/portalmf.com.br\/#\/schema\/person\/image\/","url":"https:\/\/secure.gravatar.com\/avatar\/41b9aaeb2100835f7c64362330f74c7f?s=96&d=mm&r=g","contentUrl":"https:\/\/secure.gravatar.com\/avatar\/41b9aaeb2100835f7c64362330f74c7f?s=96&d=mm&r=g","caption":"Reda\u00e7\u00e3o Portal MF"},"description":"Sejam bem-vindos o portal de informa\u00e7\u00f5es de entretenimento de Feira de Santana, desde 2006 realiza coberturas dos principais eventos com entrevistas exclusivas com as principais personalidades mundiais. Fique conectado tamb\u00e9m nas redes sociais.","sameAs":["http:\/\/www.portalmf.com.br\/","https:\/\/www.facebook.com\/portalmfoficial","https:\/\/www.instagram.com\/portalmf\/","https:\/\/x.com\/https:\/\/x.com\/portalmfoficial","https:\/\/www.youtube.com\/@portalmfoficial"],"url":"https:\/\/portalmf.com.br\/index.php\/author\/junior\/"}]}},"_links":{"self":[{"href":"https:\/\/portalmf.com.br\/index.php\/wp-json\/wp\/v2\/posts\/24932"}],"collection":[{"href":"https:\/\/portalmf.com.br\/index.php\/wp-json\/wp\/v2\/posts"}],"about":[{"href":"https:\/\/portalmf.com.br\/index.php\/wp-json\/wp\/v2\/types\/post"}],"author":[{"embeddable":true,"href":"https:\/\/portalmf.com.br\/index.php\/wp-json\/wp\/v2\/users\/3"}],"replies":[{"embeddable":true,"href":"https:\/\/portalmf.com.br\/index.php\/wp-json\/wp\/v2\/comments?post=24932"}],"version-history":[{"count":1,"href":"https:\/\/portalmf.com.br\/index.php\/wp-json\/wp\/v2\/posts\/24932\/revisions"}],"predecessor-version":[{"id":24934,"href":"https:\/\/portalmf.com.br\/index.php\/wp-json\/wp\/v2\/posts\/24932\/revisions\/24934"}],"wp:featuredmedia":[{"embeddable":true,"href":"https:\/\/portalmf.com.br\/index.php\/wp-json\/wp\/v2\/media\/24933"}],"wp:attachment":[{"href":"https:\/\/portalmf.com.br\/index.php\/wp-json\/wp\/v2\/media?parent=24932"}],"wp:term":[{"taxonomy":"category","embeddable":true,"href":"https:\/\/portalmf.com.br\/index.php\/wp-json\/wp\/v2\/categories?post=24932"},{"taxonomy":"post_tag","embeddable":true,"href":"https:\/\/portalmf.com.br\/index.php\/wp-json\/wp\/v2\/tags?post=24932"}],"curies":[{"name":"wp","href":"https:\/\/api.w.org\/{rel}","templated":true}]}}