{"id":24913,"date":"2024-03-18T14:28:20","date_gmt":"2024-03-18T17:28:20","guid":{"rendered":"https:\/\/portalmf.com.br\/?p=24913"},"modified":"2024-03-18T14:28:20","modified_gmt":"2024-03-18T17:28:20","slug":"ze-neto-comemora-resultado-do-primeiro-ouvindo-feira-deste-ano-no-campo-limpo","status":"publish","type":"post","link":"https:\/\/portalmf.com.br\/index.php\/2024\/03\/18\/ze-neto-comemora-resultado-do-primeiro-ouvindo-feira-deste-ano-no-campo-limpo\/","title":{"rendered":"Z\u00e9 Neto comemora resultado do primeiro Ouvindo Feira deste ano no Campo Limpo"},"content":{"rendered":"\n<p>O deputado federal Z\u00e9 Neto (PT) comemorou nesta segunda-feira (18), junto com o deputado estadual Robinson Almeida, os bons resultados da primeira edi\u00e7\u00e3o do Ouvindo Feira deste ano, no bairro Campo Limpo.<\/p>\n\n\n\n<p>O encontro, realizado na rua Gon\u00e7alves Dias, n\u00famero 1.138 (ao fundo do Comercial Gerdau), contou com as presen\u00e7as do secret\u00e1rio de Justi\u00e7a e Direitos Humanos da Bahia, Felipe Freitas; dos vereadores Luiz da Feira, Professor Ivamberg, Silvio Dias e Edmundo Pracista (Santo Est\u00eav\u00e3o); do presidente do PT de Feira, Gerinaldo Costa; de lideran\u00e7as, presidentes de associa\u00e7\u00f5es, comunidade local e adjac\u00eancias.<\/p>\n\n\n\n<p><em>\u201cOuvir a popula\u00e7\u00e3o \u00e9 tudo e voltamos com esse projeto criado em 2019 por mim, em parceria com Robinson Almeida e, \u00e0 \u00e9poca, o ex-vereador Alberto Nery, para ouvir, entender e fazer os devidos encaminhamentos das demandas apresentadas pela comunidade dos bairros e distritos de Feira, \u00e0 n\u00edvel municipal, estadual e federal junto aos parlamentares presentes no encontro. Muitas dessas, inclusive, j\u00e1 foram atendidas com a constru\u00e7\u00e3o de escolas, cursos profissionalizantes, cal\u00e7amento de ruas e constru\u00e7\u00e3o de estradas, a exemplo das de Bonfim de Feira, Tiquaru\u00e7u e Jaguara; al\u00e9m de liga\u00e7\u00f5es de \u00e1gua, melhorias na seguran\u00e7a p\u00fablica, entre outras interlocu\u00e7\u00f5es que visam melhorar a vida das pessoas. E o pontap\u00e9 inicial este ano foi no Campo Limpo, esse bairro que tenho um carinho especial e abrange em seu entorno diversas localidades importantes da nossa cidade, como o Sobradinho, Morada das \u00c1rvores, George Am\u00e9rico, Gabriela, Pampalona, S\u00edtio Novo, Asa Branca, Campo do Gado Novo e Bom Viver\u201d, <\/em>destacou Z\u00e9 Neto.<\/p>\n","protected":false},"excerpt":{"rendered":"<p>O deputado federal Z\u00e9 Neto (PT) comemorou nesta segunda-feira (18), junto com o deputado estadual Robinson Almeida, os bons resultados da primeira edi\u00e7\u00e3o do Ouvindo Feira deste ano, no bairro Campo Limpo. O encontro, realizado na rua Gon\u00e7alves Dias, n\u00famero 1.138 (ao fundo do Comercial Gerdau), contou com as presen\u00e7as do secret\u00e1rio de Justi\u00e7a e [&hellip;]<\/p>\n","protected":false},"author":3,"featured_media":24914,"comment_status":"open","ping_status":"open","sticky":false,"template":"","format":"standard","meta":{"_monsterinsights_skip_tracking":false,"_monsterinsights_sitenote_active":false,"_monsterinsights_sitenote_note":"","_monsterinsights_sitenote_category":0,"footnotes":""},"categories":[301,34],"tags":[],"yoast_head":"<!-- This site is optimized with the Yoast SEO plugin v22.9 - https:\/\/yoast.com\/wordpress\/plugins\/seo\/ -->\n<title>Z\u00e9 Neto comemora resultado do primeiro Ouvindo Feira deste ano no Campo Limpo - Portal MF<\/title>\n<meta name=\"robots\" content=\"index, follow, max-snippet:-1, max-image-preview:large, max-video-preview:-1\" \/>\n<link rel=\"canonical\" href=\"https:\/\/portalmf.com.br\/index.php\/2024\/03\/18\/ze-neto-comemora-resultado-do-primeiro-ouvindo-feira-deste-ano-no-campo-limpo\/\" \/>\n<meta property=\"og:locale\" content=\"pt_BR\" \/>\n<meta property=\"og:type\" content=\"article\" \/>\n<meta property=\"og:title\" content=\"Z\u00e9 Neto comemora resultado do primeiro Ouvindo Feira deste ano no Campo Limpo - Portal MF\" \/>\n<meta property=\"og:description\" content=\"O deputado federal Z\u00e9 Neto (PT) comemorou nesta segunda-feira (18), junto com o deputado estadual Robinson Almeida, os bons resultados da primeira edi\u00e7\u00e3o do Ouvindo Feira deste ano, no bairro Campo Limpo. O encontro, realizado na rua Gon\u00e7alves Dias, n\u00famero 1.138 (ao fundo do Comercial Gerdau), contou com as presen\u00e7as do secret\u00e1rio de Justi\u00e7a e [&hellip;]\" \/>\n<meta property=\"og:url\" content=\"https:\/\/portalmf.com.br\/index.php\/2024\/03\/18\/ze-neto-comemora-resultado-do-primeiro-ouvindo-feira-deste-ano-no-campo-limpo\/\" \/>\n<meta property=\"og:site_name\" content=\"Portal MF\" \/>\n<meta property=\"article:author\" content=\"https:\/\/www.facebook.com\/portalmfoficial\" \/>\n<meta property=\"article:published_time\" content=\"2024-03-18T17:28:20+00:00\" \/>\n<meta property=\"og:image\" content=\"https:\/\/portalmf.com.br\/wp-content\/uploads\/2024\/03\/Ze-Neto-comemora-resultado-do-primeiro-Ouvindo-Feira-deste-ano-no-Campo-Limpo.jpeg\" \/>\n\t<meta property=\"og:image:width\" content=\"800\" \/>\n\t<meta property=\"og:image:height\" content=\"528\" \/>\n\t<meta property=\"og:image:type\" content=\"image\/jpeg\" \/>\n<meta name=\"author\" content=\"Reda\u00e7\u00e3o Portal MF\" \/>\n<meta name=\"twitter:card\" content=\"summary_large_image\" \/>\n<meta name=\"twitter:creator\" content=\"@https:\/\/x.com\/portalmfoficial\" \/>\n<meta name=\"twitter:label1\" content=\"Escrito por\" \/>\n\t<meta name=\"twitter:data1\" content=\"Reda\u00e7\u00e3o Portal MF\" \/>\n\t<meta name=\"twitter:label2\" content=\"Est. tempo de leitura\" \/>\n\t<meta name=\"twitter:data2\" content=\"2 minutos\" \/>\n<script type=\"application\/ld+json\" class=\"yoast-schema-graph\">{\"@context\":\"https:\/\/schema.org\",\"@graph\":[{\"@type\":\"WebPage\",\"@id\":\"https:\/\/portalmf.com.br\/index.php\/2024\/03\/18\/ze-neto-comemora-resultado-do-primeiro-ouvindo-feira-deste-ano-no-campo-limpo\/\",\"url\":\"https:\/\/portalmf.com.br\/index.php\/2024\/03\/18\/ze-neto-comemora-resultado-do-primeiro-ouvindo-feira-deste-ano-no-campo-limpo\/\",\"name\":\"Z\u00e9 Neto comemora resultado do primeiro Ouvindo Feira deste ano no Campo Limpo - Portal MF\",\"isPartOf\":{\"@id\":\"https:\/\/portalmf.com.br\/#website\"},\"primaryImageOfPage\":{\"@id\":\"https:\/\/portalmf.com.br\/index.php\/2024\/03\/18\/ze-neto-comemora-resultado-do-primeiro-ouvindo-feira-deste-ano-no-campo-limpo\/#primaryimage\"},\"image\":{\"@id\":\"https:\/\/portalmf.com.br\/index.php\/2024\/03\/18\/ze-neto-comemora-resultado-do-primeiro-ouvindo-feira-deste-ano-no-campo-limpo\/#primaryimage\"},\"thumbnailUrl\":\"https:\/\/portalmf.com.br\/wp-content\/uploads\/2024\/03\/Ze-Neto-comemora-resultado-do-primeiro-Ouvindo-Feira-deste-ano-no-Campo-Limpo.jpeg\",\"datePublished\":\"2024-03-18T17:28:20+00:00\",\"dateModified\":\"2024-03-18T17:28:20+00:00\",\"author\":{\"@id\":\"https:\/\/portalmf.com.br\/#\/schema\/person\/9ec101baf56233e53520c26de5d6f6f0\"},\"breadcrumb\":{\"@id\":\"https:\/\/portalmf.com.br\/index.php\/2024\/03\/18\/ze-neto-comemora-resultado-do-primeiro-ouvindo-feira-deste-ano-no-campo-limpo\/#breadcrumb\"},\"inLanguage\":\"pt-BR\",\"potentialAction\":[{\"@type\":\"ReadAction\",\"target\":[\"https:\/\/portalmf.com.br\/index.php\/2024\/03\/18\/ze-neto-comemora-resultado-do-primeiro-ouvindo-feira-deste-ano-no-campo-limpo\/\"]}]},{\"@type\":\"ImageObject\",\"inLanguage\":\"pt-BR\",\"@id\":\"https:\/\/portalmf.com.br\/index.php\/2024\/03\/18\/ze-neto-comemora-resultado-do-primeiro-ouvindo-feira-deste-ano-no-campo-limpo\/#primaryimage\",\"url\":\"https:\/\/portalmf.com.br\/wp-content\/uploads\/2024\/03\/Ze-Neto-comemora-resultado-do-primeiro-Ouvindo-Feira-deste-ano-no-Campo-Limpo.jpeg\",\"contentUrl\":\"https:\/\/portalmf.com.br\/wp-content\/uploads\/2024\/03\/Ze-Neto-comemora-resultado-do-primeiro-Ouvindo-Feira-deste-ano-no-Campo-Limpo.jpeg\",\"width\":800,\"height\":528},{\"@type\":\"BreadcrumbList\",\"@id\":\"https:\/\/portalmf.com.br\/index.php\/2024\/03\/18\/ze-neto-comemora-resultado-do-primeiro-ouvindo-feira-deste-ano-no-campo-limpo\/#breadcrumb\",\"itemListElement\":[{\"@type\":\"ListItem\",\"position\":1,\"name\":\"In\u00edcio\",\"item\":\"https:\/\/portalmf.com.br\/\"},{\"@type\":\"ListItem\",\"position\":2,\"name\":\"Z\u00e9 Neto comemora resultado do primeiro Ouvindo Feira deste ano no Campo Limpo\"}]},{\"@type\":\"WebSite\",\"@id\":\"https:\/\/portalmf.com.br\/#website\",\"url\":\"https:\/\/portalmf.com.br\/\",\"name\":\"Portal MF\",\"description\":\"Voc\u00ea conectado com a informa\u00e7\u00e3o\",\"potentialAction\":[{\"@type\":\"SearchAction\",\"target\":{\"@type\":\"EntryPoint\",\"urlTemplate\":\"https:\/\/portalmf.com.br\/?s={search_term_string}\"},\"query-input\":\"required name=search_term_string\"}],\"inLanguage\":\"pt-BR\"},{\"@type\":\"Person\",\"@id\":\"https:\/\/portalmf.com.br\/#\/schema\/person\/9ec101baf56233e53520c26de5d6f6f0\",\"name\":\"Reda\u00e7\u00e3o Portal MF\",\"image\":{\"@type\":\"ImageObject\",\"inLanguage\":\"pt-BR\",\"@id\":\"https:\/\/portalmf.com.br\/#\/schema\/person\/image\/\",\"url\":\"https:\/\/secure.gravatar.com\/avatar\/41b9aaeb2100835f7c64362330f74c7f?s=96&d=mm&r=g\",\"contentUrl\":\"https:\/\/secure.gravatar.com\/avatar\/41b9aaeb2100835f7c64362330f74c7f?s=96&d=mm&r=g\",\"caption\":\"Reda\u00e7\u00e3o Portal MF\"},\"description\":\"Sejam bem-vindos o portal de informa\u00e7\u00f5es de entretenimento de Feira de Santana, desde 2006 realiza coberturas dos principais eventos com entrevistas exclusivas com as principais personalidades mundiais. Fique conectado tamb\u00e9m nas redes sociais.\",\"sameAs\":[\"http:\/\/www.portalmf.com.br\/\",\"https:\/\/www.facebook.com\/portalmfoficial\",\"https:\/\/www.instagram.com\/portalmf\/\",\"https:\/\/x.com\/https:\/\/x.com\/portalmfoficial\",\"https:\/\/www.youtube.com\/@portalmfoficial\"],\"url\":\"https:\/\/portalmf.com.br\/index.php\/author\/junior\/\"}]}<\/script>\n<!-- \/ Yoast SEO plugin. -->","yoast_head_json":{"title":"Z\u00e9 Neto comemora resultado do primeiro Ouvindo Feira deste ano no Campo Limpo - Portal MF","robots":{"index":"index","follow":"follow","max-snippet":"max-snippet:-1","max-image-preview":"max-image-preview:large","max-video-preview":"max-video-preview:-1"},"canonical":"https:\/\/portalmf.com.br\/index.php\/2024\/03\/18\/ze-neto-comemora-resultado-do-primeiro-ouvindo-feira-deste-ano-no-campo-limpo\/","og_locale":"pt_BR","og_type":"article","og_title":"Z\u00e9 Neto comemora resultado do primeiro Ouvindo Feira deste ano no Campo Limpo - Portal MF","og_description":"O deputado federal Z\u00e9 Neto (PT) comemorou nesta segunda-feira (18), junto com o deputado estadual Robinson Almeida, os bons resultados da primeira edi\u00e7\u00e3o do Ouvindo Feira deste ano, no bairro Campo Limpo. O encontro, realizado na rua Gon\u00e7alves Dias, n\u00famero 1.138 (ao fundo do Comercial Gerdau), contou com as presen\u00e7as do secret\u00e1rio de Justi\u00e7a e [&hellip;]","og_url":"https:\/\/portalmf.com.br\/index.php\/2024\/03\/18\/ze-neto-comemora-resultado-do-primeiro-ouvindo-feira-deste-ano-no-campo-limpo\/","og_site_name":"Portal MF","article_author":"https:\/\/www.facebook.com\/portalmfoficial","article_published_time":"2024-03-18T17:28:20+00:00","og_image":[{"width":800,"height":528,"url":"https:\/\/portalmf.com.br\/wp-content\/uploads\/2024\/03\/Ze-Neto-comemora-resultado-do-primeiro-Ouvindo-Feira-deste-ano-no-Campo-Limpo.jpeg","type":"image\/jpeg"}],"author":"Reda\u00e7\u00e3o Portal MF","twitter_card":"summary_large_image","twitter_creator":"@https:\/\/x.com\/portalmfoficial","twitter_misc":{"Escrito por":"Reda\u00e7\u00e3o Portal MF","Est. tempo de leitura":"2 minutos"},"schema":{"@context":"https:\/\/schema.org","@graph":[{"@type":"WebPage","@id":"https:\/\/portalmf.com.br\/index.php\/2024\/03\/18\/ze-neto-comemora-resultado-do-primeiro-ouvindo-feira-deste-ano-no-campo-limpo\/","url":"https:\/\/portalmf.com.br\/index.php\/2024\/03\/18\/ze-neto-comemora-resultado-do-primeiro-ouvindo-feira-deste-ano-no-campo-limpo\/","name":"Z\u00e9 Neto comemora resultado do primeiro Ouvindo Feira deste ano no Campo Limpo - Portal MF","isPartOf":{"@id":"https:\/\/portalmf.com.br\/#website"},"primaryImageOfPage":{"@id":"https:\/\/portalmf.com.br\/index.php\/2024\/03\/18\/ze-neto-comemora-resultado-do-primeiro-ouvindo-feira-deste-ano-no-campo-limpo\/#primaryimage"},"image":{"@id":"https:\/\/portalmf.com.br\/index.php\/2024\/03\/18\/ze-neto-comemora-resultado-do-primeiro-ouvindo-feira-deste-ano-no-campo-limpo\/#primaryimage"},"thumbnailUrl":"https:\/\/portalmf.com.br\/wp-content\/uploads\/2024\/03\/Ze-Neto-comemora-resultado-do-primeiro-Ouvindo-Feira-deste-ano-no-Campo-Limpo.jpeg","datePublished":"2024-03-18T17:28:20+00:00","dateModified":"2024-03-18T17:28:20+00:00","author":{"@id":"https:\/\/portalmf.com.br\/#\/schema\/person\/9ec101baf56233e53520c26de5d6f6f0"},"breadcrumb":{"@id":"https:\/\/portalmf.com.br\/index.php\/2024\/03\/18\/ze-neto-comemora-resultado-do-primeiro-ouvindo-feira-deste-ano-no-campo-limpo\/#breadcrumb"},"inLanguage":"pt-BR","potentialAction":[{"@type":"ReadAction","target":["https:\/\/portalmf.com.br\/index.php\/2024\/03\/18\/ze-neto-comemora-resultado-do-primeiro-ouvindo-feira-deste-ano-no-campo-limpo\/"]}]},{"@type":"ImageObject","inLanguage":"pt-BR","@id":"https:\/\/portalmf.com.br\/index.php\/2024\/03\/18\/ze-neto-comemora-resultado-do-primeiro-ouvindo-feira-deste-ano-no-campo-limpo\/#primaryimage","url":"https:\/\/portalmf.com.br\/wp-content\/uploads\/2024\/03\/Ze-Neto-comemora-resultado-do-primeiro-Ouvindo-Feira-deste-ano-no-Campo-Limpo.jpeg","contentUrl":"https:\/\/portalmf.com.br\/wp-content\/uploads\/2024\/03\/Ze-Neto-comemora-resultado-do-primeiro-Ouvindo-Feira-deste-ano-no-Campo-Limpo.jpeg","width":800,"height":528},{"@type":"BreadcrumbList","@id":"https:\/\/portalmf.com.br\/index.php\/2024\/03\/18\/ze-neto-comemora-resultado-do-primeiro-ouvindo-feira-deste-ano-no-campo-limpo\/#breadcrumb","itemListElement":[{"@type":"ListItem","position":1,"name":"In\u00edcio","item":"https:\/\/portalmf.com.br\/"},{"@type":"ListItem","position":2,"name":"Z\u00e9 Neto comemora resultado do primeiro Ouvindo Feira deste ano no Campo Limpo"}]},{"@type":"WebSite","@id":"https:\/\/portalmf.com.br\/#website","url":"https:\/\/portalmf.com.br\/","name":"Portal MF","description":"Voc\u00ea conectado com a informa\u00e7\u00e3o","potentialAction":[{"@type":"SearchAction","target":{"@type":"EntryPoint","urlTemplate":"https:\/\/portalmf.com.br\/?s={search_term_string}"},"query-input":"required name=search_term_string"}],"inLanguage":"pt-BR"},{"@type":"Person","@id":"https:\/\/portalmf.com.br\/#\/schema\/person\/9ec101baf56233e53520c26de5d6f6f0","name":"Reda\u00e7\u00e3o Portal MF","image":{"@type":"ImageObject","inLanguage":"pt-BR","@id":"https:\/\/portalmf.com.br\/#\/schema\/person\/image\/","url":"https:\/\/secure.gravatar.com\/avatar\/41b9aaeb2100835f7c64362330f74c7f?s=96&d=mm&r=g","contentUrl":"https:\/\/secure.gravatar.com\/avatar\/41b9aaeb2100835f7c64362330f74c7f?s=96&d=mm&r=g","caption":"Reda\u00e7\u00e3o Portal MF"},"description":"Sejam bem-vindos o portal de informa\u00e7\u00f5es de entretenimento de Feira de Santana, desde 2006 realiza coberturas dos principais eventos com entrevistas exclusivas com as principais personalidades mundiais. Fique conectado tamb\u00e9m nas redes sociais.","sameAs":["http:\/\/www.portalmf.com.br\/","https:\/\/www.facebook.com\/portalmfoficial","https:\/\/www.instagram.com\/portalmf\/","https:\/\/x.com\/https:\/\/x.com\/portalmfoficial","https:\/\/www.youtube.com\/@portalmfoficial"],"url":"https:\/\/portalmf.com.br\/index.php\/author\/junior\/"}]}},"_links":{"self":[{"href":"https:\/\/portalmf.com.br\/index.php\/wp-json\/wp\/v2\/posts\/24913"}],"collection":[{"href":"https:\/\/portalmf.com.br\/index.php\/wp-json\/wp\/v2\/posts"}],"about":[{"href":"https:\/\/portalmf.com.br\/index.php\/wp-json\/wp\/v2\/types\/post"}],"author":[{"embeddable":true,"href":"https:\/\/portalmf.com.br\/index.php\/wp-json\/wp\/v2\/users\/3"}],"replies":[{"embeddable":true,"href":"https:\/\/portalmf.com.br\/index.php\/wp-json\/wp\/v2\/comments?post=24913"}],"version-history":[{"count":1,"href":"https:\/\/portalmf.com.br\/index.php\/wp-json\/wp\/v2\/posts\/24913\/revisions"}],"predecessor-version":[{"id":24915,"href":"https:\/\/portalmf.com.br\/index.php\/wp-json\/wp\/v2\/posts\/24913\/revisions\/24915"}],"wp:featuredmedia":[{"embeddable":true,"href":"https:\/\/portalmf.com.br\/index.php\/wp-json\/wp\/v2\/media\/24914"}],"wp:attachment":[{"href":"https:\/\/portalmf.com.br\/index.php\/wp-json\/wp\/v2\/media?parent=24913"}],"wp:term":[{"taxonomy":"category","embeddable":true,"href":"https:\/\/portalmf.com.br\/index.php\/wp-json\/wp\/v2\/categories?post=24913"},{"taxonomy":"post_tag","embeddable":true,"href":"https:\/\/portalmf.com.br\/index.php\/wp-json\/wp\/v2\/tags?post=24913"}],"curies":[{"name":"wp","href":"https:\/\/api.w.org\/{rel}","templated":true}]}}