{"id":24657,"date":"2024-03-08T12:23:00","date_gmt":"2024-03-08T15:23:00","guid":{"rendered":"https:\/\/portalmf.com.br\/?p=24657"},"modified":"2024-03-08T17:25:24","modified_gmt":"2024-03-08T20:25:24","slug":"prefeito-assina-ordem-de-servico-para-construcao-do-ambulatorio-de-saude-da-mulher","status":"publish","type":"post","link":"https:\/\/portalmf.com.br\/index.php\/2024\/03\/08\/prefeito-assina-ordem-de-servico-para-construcao-do-ambulatorio-de-saude-da-mulher\/","title":{"rendered":"Prefeito assina ordem de servi\u00e7o para constru\u00e7\u00e3o do Ambulat\u00f3rio de Sa\u00fade da Mulher"},"content":{"rendered":"\n<p>Na manh\u00e3 desta sexta-feira (8), Dia Internacional da Mulher, o prefeito Colbert Martins Filho assinou a ordem de servi\u00e7o para a constru\u00e7\u00e3o do Ambulat\u00f3rio de Especialidades em Sa\u00fade da Mulher, localizado na Rua Caitit\u00e9, 550, no bairro Jardim Cruzeiro. A obra tem previs\u00e3o de entrega de at\u00e9 tr\u00eas meses e investimento de R$ 800 mil.<\/p>\n\n\n\n<p>O ambulat\u00f3rio, que prestar\u00e1 homenagem \u00e0 m\u00e9dica ginecologista Dra. T\u00e2nia Mota (in memoriam), representa um marco para o munic\u00edpio na amplia\u00e7\u00e3o da capacidade de atendimento \u00e0 sa\u00fade da mulher. Atualmente, os atendimentos s\u00e3o realizados no ambulat\u00f3rio de especialidades do Hospital In\u00e1cia Pinto dos Santos (Hospital da Mulher).<\/p>\n\n\n\n<p>Segundo o prefeito Colbert Filho, o novo ambulat\u00f3rio funcionar\u00e1 como uma extens\u00e3o do Hospital da Mulher, ampliando o n\u00famero de vagas, consult\u00f3rios m\u00e9dicos e servi\u00e7os.<em> &#8220;O ambulat\u00f3rio vai oferecer diagn\u00f3sticos, distribui\u00e7\u00e3o de medicamentos e outros servi\u00e7os j\u00e1 existentes no Hospital da Mulher, que, por sua vez, ser\u00e1 ampliado com novas enfermarias, exames e a\u00e7\u00f5es de interna\u00e7\u00e3o&#8221;, <\/em>explica o prefeito.<\/p>\n\n\n\n<p>Colbert Filho tamb\u00e9m destacou a import\u00e2ncia da data para a campanha &#8220;Mar\u00e7o Lil\u00e1s&#8221;, que visa \u00e0 preven\u00e7\u00e3o do c\u00e2ncer de colo do \u00fatero. &#8220;Em dois dias, o Centro Municipal de Preven\u00e7\u00e3o ao C\u00e2ncer (CMPC) j\u00e1 realizou 300 agendamentos de exames preventivos. Esperamos alcan\u00e7ar o maior n\u00famero poss\u00edvel de mulheres&#8221;, ressaltou.<\/p>\n\n\n\n<p>O evento contou com a presen\u00e7a de autoridades, servidores municipais, funcion\u00e1rios do Hospital da Mulher e do m\u00e9dico Lamartine Almeida Mota, ginecologista e obstetra, esposo da homenageada.<em> &#8220;Para minha fam\u00edlia, este \u00e9 um momento muito emocionante. Saber que T\u00e2nia se dedicou intensamente aos pacientes do Hospital da Mulher e que agora ser\u00e1 homenageada com seu nome neste servi\u00e7o de maior acessibilidade para as mulheres \u00e9 gratificante&#8221;,<\/em> disse Lamartine.<\/p>\n\n\n\n<p>Gilberte Lucas, diretora do Hospital da Mulher, salientou que o ambulat\u00f3rio do hospital j\u00e1 n\u00e3o comportava a demanda por servi\u00e7os especializados<em>. &#8220;Com o novo ambulat\u00f3rio, poderemos flexibilizar a assist\u00eancia \u00e0 sa\u00fade da mulher e ampliar o atendimento ambulatorial em pediatria&#8221;,<\/em> explicou.<\/p>\n\n\n\n<p>O deputado federal L\u00e9o Prates parabenizou o prefeito pelos investimentos na sa\u00fade da popula\u00e7\u00e3o feminina. &#8220;\u00c9 muito importante ampliar os servi\u00e7os de sa\u00fade para as mulheres. Como contribui\u00e7\u00e3o ao munic\u00edpio, me comprometo a destinar emendas para o custeio da sa\u00fade de Feira e implementar no Hospital da Mulher a cirurgia bari\u00e1trica dentro do programa nacional&#8221;, disse o deputado.<\/p>\n\n\n\n<p>Para a secret\u00e1ria de Sa\u00fade, Cristiane Campos, o Dia Internacional da Mulher n\u00e3o poderia ser melhor celebrado do que com a implementa\u00e7\u00e3o de a\u00e7\u00f5es que beneficiem a popula\u00e7\u00e3o feminina.<em> &#8220;As mulheres feirenses est\u00e3o de parab\u00e9ns por serem as maiores beneficiadas com essas a\u00e7\u00f5es de sa\u00fade. O novo ambulat\u00f3rio oferecer\u00e1 atendimentos especializados e contribuir\u00e1 para acabar com a fila de espera por consultas&#8221;,<\/em> concluiu a secret\u00e1ria.<\/p>\n\n\n\n<p>Com informa\u00e7\u00f5es da Secom<\/p>\n","protected":false},"excerpt":{"rendered":"<p>Na manh\u00e3 desta sexta-feira (8), Dia Internacional da Mulher, o prefeito Colbert Martins Filho assinou a ordem de servi\u00e7o para a constru\u00e7\u00e3o do Ambulat\u00f3rio de Especialidades em Sa\u00fade da Mulher, localizado na Rua Caitit\u00e9, 550, no bairro Jardim Cruzeiro. A obra tem previs\u00e3o de entrega de at\u00e9 tr\u00eas meses e investimento de R$ 800 mil. [&hellip;]<\/p>\n","protected":false},"author":3,"featured_media":24658,"comment_status":"open","ping_status":"open","sticky":false,"template":"","format":"standard","meta":{"_monsterinsights_skip_tracking":false,"_monsterinsights_sitenote_active":false,"_monsterinsights_sitenote_note":"","_monsterinsights_sitenote_category":0,"footnotes":""},"categories":[34],"tags":[],"yoast_head":"<!-- This site is optimized with the Yoast SEO plugin v22.9 - https:\/\/yoast.com\/wordpress\/plugins\/seo\/ -->\n<title>Prefeito assina ordem de servi\u00e7o para constru\u00e7\u00e3o do Ambulat\u00f3rio de Sa\u00fade da Mulher - Portal MF<\/title>\n<meta name=\"robots\" content=\"index, follow, max-snippet:-1, max-image-preview:large, max-video-preview:-1\" \/>\n<link rel=\"canonical\" href=\"https:\/\/portalmf.com.br\/index.php\/2024\/03\/08\/prefeito-assina-ordem-de-servico-para-construcao-do-ambulatorio-de-saude-da-mulher\/\" \/>\n<meta property=\"og:locale\" content=\"pt_BR\" \/>\n<meta property=\"og:type\" content=\"article\" \/>\n<meta property=\"og:title\" content=\"Prefeito assina ordem de servi\u00e7o para constru\u00e7\u00e3o do Ambulat\u00f3rio de Sa\u00fade da Mulher - Portal MF\" \/>\n<meta property=\"og:description\" content=\"Na manh\u00e3 desta sexta-feira (8), Dia Internacional da Mulher, o prefeito Colbert Martins Filho assinou a ordem de servi\u00e7o para a constru\u00e7\u00e3o do Ambulat\u00f3rio de Especialidades em Sa\u00fade da Mulher, localizado na Rua Caitit\u00e9, 550, no bairro Jardim Cruzeiro. A obra tem previs\u00e3o de entrega de at\u00e9 tr\u00eas meses e investimento de R$ 800 mil. [&hellip;]\" \/>\n<meta property=\"og:url\" content=\"https:\/\/portalmf.com.br\/index.php\/2024\/03\/08\/prefeito-assina-ordem-de-servico-para-construcao-do-ambulatorio-de-saude-da-mulher\/\" \/>\n<meta property=\"og:site_name\" content=\"Portal MF\" \/>\n<meta property=\"article:author\" content=\"https:\/\/www.facebook.com\/portalmfoficial\" \/>\n<meta property=\"article:published_time\" content=\"2024-03-08T15:23:00+00:00\" \/>\n<meta property=\"article:modified_time\" content=\"2024-03-08T20:25:24+00:00\" \/>\n<meta property=\"og:image\" content=\"https:\/\/portalmf.com.br\/wp-content\/uploads\/2024\/03\/Inicio-das-obras-do-Ambulatorio-de-Saude-da-Mulher-Foto-ACM-3.jpeg\" \/>\n\t<meta property=\"og:image:width\" content=\"700\" \/>\n\t<meta property=\"og:image:height\" content=\"467\" \/>\n\t<meta property=\"og:image:type\" content=\"image\/jpeg\" \/>\n<meta name=\"author\" content=\"Reda\u00e7\u00e3o Portal MF\" \/>\n<meta name=\"twitter:card\" content=\"summary_large_image\" \/>\n<meta name=\"twitter:creator\" content=\"@https:\/\/x.com\/portalmfoficial\" \/>\n<meta name=\"twitter:label1\" content=\"Escrito por\" \/>\n\t<meta name=\"twitter:data1\" content=\"Reda\u00e7\u00e3o Portal MF\" \/>\n\t<meta name=\"twitter:label2\" content=\"Est. tempo de leitura\" \/>\n\t<meta name=\"twitter:data2\" content=\"3 minutos\" \/>\n<script type=\"application\/ld+json\" class=\"yoast-schema-graph\">{\"@context\":\"https:\/\/schema.org\",\"@graph\":[{\"@type\":\"WebPage\",\"@id\":\"https:\/\/portalmf.com.br\/index.php\/2024\/03\/08\/prefeito-assina-ordem-de-servico-para-construcao-do-ambulatorio-de-saude-da-mulher\/\",\"url\":\"https:\/\/portalmf.com.br\/index.php\/2024\/03\/08\/prefeito-assina-ordem-de-servico-para-construcao-do-ambulatorio-de-saude-da-mulher\/\",\"name\":\"Prefeito assina ordem de servi\u00e7o para constru\u00e7\u00e3o do Ambulat\u00f3rio de Sa\u00fade da Mulher - Portal MF\",\"isPartOf\":{\"@id\":\"https:\/\/portalmf.com.br\/#website\"},\"primaryImageOfPage\":{\"@id\":\"https:\/\/portalmf.com.br\/index.php\/2024\/03\/08\/prefeito-assina-ordem-de-servico-para-construcao-do-ambulatorio-de-saude-da-mulher\/#primaryimage\"},\"image\":{\"@id\":\"https:\/\/portalmf.com.br\/index.php\/2024\/03\/08\/prefeito-assina-ordem-de-servico-para-construcao-do-ambulatorio-de-saude-da-mulher\/#primaryimage\"},\"thumbnailUrl\":\"https:\/\/portalmf.com.br\/wp-content\/uploads\/2024\/03\/Inicio-das-obras-do-Ambulatorio-de-Saude-da-Mulher-Foto-ACM-3.jpeg\",\"datePublished\":\"2024-03-08T15:23:00+00:00\",\"dateModified\":\"2024-03-08T20:25:24+00:00\",\"author\":{\"@id\":\"https:\/\/portalmf.com.br\/#\/schema\/person\/9ec101baf56233e53520c26de5d6f6f0\"},\"breadcrumb\":{\"@id\":\"https:\/\/portalmf.com.br\/index.php\/2024\/03\/08\/prefeito-assina-ordem-de-servico-para-construcao-do-ambulatorio-de-saude-da-mulher\/#breadcrumb\"},\"inLanguage\":\"pt-BR\",\"potentialAction\":[{\"@type\":\"ReadAction\",\"target\":[\"https:\/\/portalmf.com.br\/index.php\/2024\/03\/08\/prefeito-assina-ordem-de-servico-para-construcao-do-ambulatorio-de-saude-da-mulher\/\"]}]},{\"@type\":\"ImageObject\",\"inLanguage\":\"pt-BR\",\"@id\":\"https:\/\/portalmf.com.br\/index.php\/2024\/03\/08\/prefeito-assina-ordem-de-servico-para-construcao-do-ambulatorio-de-saude-da-mulher\/#primaryimage\",\"url\":\"https:\/\/portalmf.com.br\/wp-content\/uploads\/2024\/03\/Inicio-das-obras-do-Ambulatorio-de-Saude-da-Mulher-Foto-ACM-3.jpeg\",\"contentUrl\":\"https:\/\/portalmf.com.br\/wp-content\/uploads\/2024\/03\/Inicio-das-obras-do-Ambulatorio-de-Saude-da-Mulher-Foto-ACM-3.jpeg\",\"width\":700,\"height\":467},{\"@type\":\"BreadcrumbList\",\"@id\":\"https:\/\/portalmf.com.br\/index.php\/2024\/03\/08\/prefeito-assina-ordem-de-servico-para-construcao-do-ambulatorio-de-saude-da-mulher\/#breadcrumb\",\"itemListElement\":[{\"@type\":\"ListItem\",\"position\":1,\"name\":\"In\u00edcio\",\"item\":\"https:\/\/portalmf.com.br\/\"},{\"@type\":\"ListItem\",\"position\":2,\"name\":\"Prefeito assina ordem de servi\u00e7o para constru\u00e7\u00e3o do Ambulat\u00f3rio de Sa\u00fade da Mulher\"}]},{\"@type\":\"WebSite\",\"@id\":\"https:\/\/portalmf.com.br\/#website\",\"url\":\"https:\/\/portalmf.com.br\/\",\"name\":\"Portal MF\",\"description\":\"Voc\u00ea conectado com a informa\u00e7\u00e3o\",\"potentialAction\":[{\"@type\":\"SearchAction\",\"target\":{\"@type\":\"EntryPoint\",\"urlTemplate\":\"https:\/\/portalmf.com.br\/?s={search_term_string}\"},\"query-input\":\"required name=search_term_string\"}],\"inLanguage\":\"pt-BR\"},{\"@type\":\"Person\",\"@id\":\"https:\/\/portalmf.com.br\/#\/schema\/person\/9ec101baf56233e53520c26de5d6f6f0\",\"name\":\"Reda\u00e7\u00e3o Portal MF\",\"image\":{\"@type\":\"ImageObject\",\"inLanguage\":\"pt-BR\",\"@id\":\"https:\/\/portalmf.com.br\/#\/schema\/person\/image\/\",\"url\":\"https:\/\/secure.gravatar.com\/avatar\/41b9aaeb2100835f7c64362330f74c7f?s=96&d=mm&r=g\",\"contentUrl\":\"https:\/\/secure.gravatar.com\/avatar\/41b9aaeb2100835f7c64362330f74c7f?s=96&d=mm&r=g\",\"caption\":\"Reda\u00e7\u00e3o Portal MF\"},\"description\":\"Sejam bem-vindos o portal de informa\u00e7\u00f5es de entretenimento de Feira de Santana, desde 2006 realiza coberturas dos principais eventos com entrevistas exclusivas com as principais personalidades mundiais. Fique conectado tamb\u00e9m nas redes sociais.\",\"sameAs\":[\"http:\/\/www.portalmf.com.br\/\",\"https:\/\/www.facebook.com\/portalmfoficial\",\"https:\/\/www.instagram.com\/portalmf\/\",\"https:\/\/x.com\/https:\/\/x.com\/portalmfoficial\",\"https:\/\/www.youtube.com\/@portalmfoficial\"],\"url\":\"https:\/\/portalmf.com.br\/index.php\/author\/junior\/\"}]}<\/script>\n<!-- \/ Yoast SEO plugin. -->","yoast_head_json":{"title":"Prefeito assina ordem de servi\u00e7o para constru\u00e7\u00e3o do Ambulat\u00f3rio de Sa\u00fade da Mulher - Portal MF","robots":{"index":"index","follow":"follow","max-snippet":"max-snippet:-1","max-image-preview":"max-image-preview:large","max-video-preview":"max-video-preview:-1"},"canonical":"https:\/\/portalmf.com.br\/index.php\/2024\/03\/08\/prefeito-assina-ordem-de-servico-para-construcao-do-ambulatorio-de-saude-da-mulher\/","og_locale":"pt_BR","og_type":"article","og_title":"Prefeito assina ordem de servi\u00e7o para constru\u00e7\u00e3o do Ambulat\u00f3rio de Sa\u00fade da Mulher - Portal MF","og_description":"Na manh\u00e3 desta sexta-feira (8), Dia Internacional da Mulher, o prefeito Colbert Martins Filho assinou a ordem de servi\u00e7o para a constru\u00e7\u00e3o do Ambulat\u00f3rio de Especialidades em Sa\u00fade da Mulher, localizado na Rua Caitit\u00e9, 550, no bairro Jardim Cruzeiro. A obra tem previs\u00e3o de entrega de at\u00e9 tr\u00eas meses e investimento de R$ 800 mil. [&hellip;]","og_url":"https:\/\/portalmf.com.br\/index.php\/2024\/03\/08\/prefeito-assina-ordem-de-servico-para-construcao-do-ambulatorio-de-saude-da-mulher\/","og_site_name":"Portal MF","article_author":"https:\/\/www.facebook.com\/portalmfoficial","article_published_time":"2024-03-08T15:23:00+00:00","article_modified_time":"2024-03-08T20:25:24+00:00","og_image":[{"width":700,"height":467,"url":"https:\/\/portalmf.com.br\/wp-content\/uploads\/2024\/03\/Inicio-das-obras-do-Ambulatorio-de-Saude-da-Mulher-Foto-ACM-3.jpeg","type":"image\/jpeg"}],"author":"Reda\u00e7\u00e3o Portal MF","twitter_card":"summary_large_image","twitter_creator":"@https:\/\/x.com\/portalmfoficial","twitter_misc":{"Escrito por":"Reda\u00e7\u00e3o Portal MF","Est. tempo de leitura":"3 minutos"},"schema":{"@context":"https:\/\/schema.org","@graph":[{"@type":"WebPage","@id":"https:\/\/portalmf.com.br\/index.php\/2024\/03\/08\/prefeito-assina-ordem-de-servico-para-construcao-do-ambulatorio-de-saude-da-mulher\/","url":"https:\/\/portalmf.com.br\/index.php\/2024\/03\/08\/prefeito-assina-ordem-de-servico-para-construcao-do-ambulatorio-de-saude-da-mulher\/","name":"Prefeito assina ordem de servi\u00e7o para constru\u00e7\u00e3o do Ambulat\u00f3rio de Sa\u00fade da Mulher - Portal MF","isPartOf":{"@id":"https:\/\/portalmf.com.br\/#website"},"primaryImageOfPage":{"@id":"https:\/\/portalmf.com.br\/index.php\/2024\/03\/08\/prefeito-assina-ordem-de-servico-para-construcao-do-ambulatorio-de-saude-da-mulher\/#primaryimage"},"image":{"@id":"https:\/\/portalmf.com.br\/index.php\/2024\/03\/08\/prefeito-assina-ordem-de-servico-para-construcao-do-ambulatorio-de-saude-da-mulher\/#primaryimage"},"thumbnailUrl":"https:\/\/portalmf.com.br\/wp-content\/uploads\/2024\/03\/Inicio-das-obras-do-Ambulatorio-de-Saude-da-Mulher-Foto-ACM-3.jpeg","datePublished":"2024-03-08T15:23:00+00:00","dateModified":"2024-03-08T20:25:24+00:00","author":{"@id":"https:\/\/portalmf.com.br\/#\/schema\/person\/9ec101baf56233e53520c26de5d6f6f0"},"breadcrumb":{"@id":"https:\/\/portalmf.com.br\/index.php\/2024\/03\/08\/prefeito-assina-ordem-de-servico-para-construcao-do-ambulatorio-de-saude-da-mulher\/#breadcrumb"},"inLanguage":"pt-BR","potentialAction":[{"@type":"ReadAction","target":["https:\/\/portalmf.com.br\/index.php\/2024\/03\/08\/prefeito-assina-ordem-de-servico-para-construcao-do-ambulatorio-de-saude-da-mulher\/"]}]},{"@type":"ImageObject","inLanguage":"pt-BR","@id":"https:\/\/portalmf.com.br\/index.php\/2024\/03\/08\/prefeito-assina-ordem-de-servico-para-construcao-do-ambulatorio-de-saude-da-mulher\/#primaryimage","url":"https:\/\/portalmf.com.br\/wp-content\/uploads\/2024\/03\/Inicio-das-obras-do-Ambulatorio-de-Saude-da-Mulher-Foto-ACM-3.jpeg","contentUrl":"https:\/\/portalmf.com.br\/wp-content\/uploads\/2024\/03\/Inicio-das-obras-do-Ambulatorio-de-Saude-da-Mulher-Foto-ACM-3.jpeg","width":700,"height":467},{"@type":"BreadcrumbList","@id":"https:\/\/portalmf.com.br\/index.php\/2024\/03\/08\/prefeito-assina-ordem-de-servico-para-construcao-do-ambulatorio-de-saude-da-mulher\/#breadcrumb","itemListElement":[{"@type":"ListItem","position":1,"name":"In\u00edcio","item":"https:\/\/portalmf.com.br\/"},{"@type":"ListItem","position":2,"name":"Prefeito assina ordem de servi\u00e7o para constru\u00e7\u00e3o do Ambulat\u00f3rio de Sa\u00fade da Mulher"}]},{"@type":"WebSite","@id":"https:\/\/portalmf.com.br\/#website","url":"https:\/\/portalmf.com.br\/","name":"Portal MF","description":"Voc\u00ea conectado com a informa\u00e7\u00e3o","potentialAction":[{"@type":"SearchAction","target":{"@type":"EntryPoint","urlTemplate":"https:\/\/portalmf.com.br\/?s={search_term_string}"},"query-input":"required name=search_term_string"}],"inLanguage":"pt-BR"},{"@type":"Person","@id":"https:\/\/portalmf.com.br\/#\/schema\/person\/9ec101baf56233e53520c26de5d6f6f0","name":"Reda\u00e7\u00e3o Portal MF","image":{"@type":"ImageObject","inLanguage":"pt-BR","@id":"https:\/\/portalmf.com.br\/#\/schema\/person\/image\/","url":"https:\/\/secure.gravatar.com\/avatar\/41b9aaeb2100835f7c64362330f74c7f?s=96&d=mm&r=g","contentUrl":"https:\/\/secure.gravatar.com\/avatar\/41b9aaeb2100835f7c64362330f74c7f?s=96&d=mm&r=g","caption":"Reda\u00e7\u00e3o Portal MF"},"description":"Sejam bem-vindos o portal de informa\u00e7\u00f5es de entretenimento de Feira de Santana, desde 2006 realiza coberturas dos principais eventos com entrevistas exclusivas com as principais personalidades mundiais. Fique conectado tamb\u00e9m nas redes sociais.","sameAs":["http:\/\/www.portalmf.com.br\/","https:\/\/www.facebook.com\/portalmfoficial","https:\/\/www.instagram.com\/portalmf\/","https:\/\/x.com\/https:\/\/x.com\/portalmfoficial","https:\/\/www.youtube.com\/@portalmfoficial"],"url":"https:\/\/portalmf.com.br\/index.php\/author\/junior\/"}]}},"_links":{"self":[{"href":"https:\/\/portalmf.com.br\/index.php\/wp-json\/wp\/v2\/posts\/24657"}],"collection":[{"href":"https:\/\/portalmf.com.br\/index.php\/wp-json\/wp\/v2\/posts"}],"about":[{"href":"https:\/\/portalmf.com.br\/index.php\/wp-json\/wp\/v2\/types\/post"}],"author":[{"embeddable":true,"href":"https:\/\/portalmf.com.br\/index.php\/wp-json\/wp\/v2\/users\/3"}],"replies":[{"embeddable":true,"href":"https:\/\/portalmf.com.br\/index.php\/wp-json\/wp\/v2\/comments?post=24657"}],"version-history":[{"count":1,"href":"https:\/\/portalmf.com.br\/index.php\/wp-json\/wp\/v2\/posts\/24657\/revisions"}],"predecessor-version":[{"id":24659,"href":"https:\/\/portalmf.com.br\/index.php\/wp-json\/wp\/v2\/posts\/24657\/revisions\/24659"}],"wp:featuredmedia":[{"embeddable":true,"href":"https:\/\/portalmf.com.br\/index.php\/wp-json\/wp\/v2\/media\/24658"}],"wp:attachment":[{"href":"https:\/\/portalmf.com.br\/index.php\/wp-json\/wp\/v2\/media?parent=24657"}],"wp:term":[{"taxonomy":"category","embeddable":true,"href":"https:\/\/portalmf.com.br\/index.php\/wp-json\/wp\/v2\/categories?post=24657"},{"taxonomy":"post_tag","embeddable":true,"href":"https:\/\/portalmf.com.br\/index.php\/wp-json\/wp\/v2\/tags?post=24657"}],"curies":[{"name":"wp","href":"https:\/\/api.w.org\/{rel}","templated":true}]}}