{"id":24654,"date":"2024-03-08T08:19:00","date_gmt":"2024-03-08T11:19:00","guid":{"rendered":"https:\/\/portalmf.com.br\/?p=24654"},"modified":"2024-03-08T17:23:20","modified_gmt":"2024-03-08T20:23:20","slug":"quaresma-comeca-a-aquecer-as-vendas-no-centro-de-abastecimento","status":"publish","type":"post","link":"https:\/\/portalmf.com.br\/index.php\/2024\/03\/08\/quaresma-comeca-a-aquecer-as-vendas-no-centro-de-abastecimento\/","title":{"rendered":"Quaresma come\u00e7a a aquecer as vendas no Centro de Abastecimento"},"content":{"rendered":"\n<p>Uma rica variedade de pescados pode ser encontrada no Centro de Abastecimento, especialmente no per\u00edodo da Quaresma &#8211; que antecede a P\u00e1scoa &#8211; quando os cat\u00f3licos se abst\u00e9m da carne vermelha e aves, o que impulsiona as vendas e o consumo de peixes e frutos do mar.<\/p>\n\n\n\n<p>Nos preparativos para a Sexta-Feira da Paix\u00e3o, pr\u00f3ximo dia 29, os comerciantes aumentam o estoque para atender a demanda. Na Peixaria da Galega n\u00e3o \u00e9 diferente. A peixeira Manoela Santos conta que no m\u00eas de mar\u00e7o as vendas costumam triplicar por conta da Semana Santa.<\/p>\n\n\n\n<p>\u201cA gente passa praticamente o ano todo esperando essa \u00e9poca da Semana Santa porque aumenta bastante a procura. Se a gente vende em m\u00e9dia uma quantidade em mar\u00e7o duplica, triplica as vendas\u201d, relata.<\/p>\n\n\n\n<p>No estabelecimento, a corvina pode ser comprada a R$ 20 o quilo, a til\u00e1pia a R$ 18 o quilo, o peixe-vermelho a R$ 50 o quilo, o camar\u00e3o fresco a partir de R$ 30 o quilo, enquanto o bacalhau a partir de R$ 40 o quilo.<\/p>\n\n\n\n<p>O pescado mais procurado \u00e9 a corvina. Mas Manoela n\u00e3o deixa de atender a freguesia com outras op\u00e7\u00f5es tamb\u00e9m.<\/p>\n\n\n\n<p><em>&#8220;O peixe mais vendido \u00e9 a corvina. Depois dele a til\u00e1pia. Da\u00ed por diante a clientela vai procurando o peixe-vermelho, um badejo&#8230; a raia \u00e9 outra que vende bastante. Al\u00e9m dos peixes mais inferiores como a sardinha e a cavalinha tamb\u00e9m\u201d,<\/em> citou.<\/p>\n\n\n\n<p>Para quem vai preparar o tradicional caruru e vatap\u00e1, \u00e9 poss\u00edvel encontrar todos os ingredientes no Centro de Abastecimento. O quiabo \u00e9 o principal ingrediente do caruru e est\u00e1 saindo a partir de R$ 5 o quilo. J\u00e1 o azeite de dend\u00ea por R$ 12 o litro, enquanto o leite de coco, R$ 8.&nbsp;<\/p>\n\n\n\n<p>Quem prefere mais facilidade no preparo do vatap\u00e1 pode optar pela massa pronta&nbsp;que est\u00e1 por R$ 10 o quilo. Outros ingredientes como o gengibre tem varia\u00e7\u00e3o no pre\u00e7o, entre R$ 3 e 5 o quilo.<\/p>\n\n\n\n<p>Na barraca do Seu Nen\u00ea, o camar\u00e3o grande \u00e9 vendido a partir de R$ 50 o quilo, variando entre R$ 15 e 18 o litro. O camar\u00e3o m\u00e9dio sai por R$ 30 o quilo e R$ 10 o litro. J\u00e1 o pequeno a R$ 25 o quilo e o litro a R$ 5.<\/p>\n\n\n\n<p>Segundo o feirante, os pre\u00e7os podem sofrer varia\u00e7\u00e3o na Semana Santa e orienta os clientes a se anteciparem. A maioria deixa para comprar na \u00faltima hora, considera.<\/p>\n\n\n\n<p><em>\u201cO pessoal costuma deixar tudo pra \u00faltima hora. Vamos tentar manter o pre\u00e7o como est\u00e1, mas, inevitavelmente, alguns itens podem aumentar. O movimento vai esquentando conforme se aproxima a data comemorativa\u201d,<\/em> disse o feirante Valdemiro Santos, o &#8220;Seu Nen\u00ea&#8221;.<\/p>\n\n\n\n<p>Com informa\u00e7\u00f5es da Secom<\/p>\n","protected":false},"excerpt":{"rendered":"<p>Uma rica variedade de pescados pode ser encontrada no Centro de Abastecimento, especialmente no per\u00edodo da Quaresma &#8211; que antecede a P\u00e1scoa &#8211; quando os cat\u00f3licos se abst\u00e9m da carne vermelha e aves, o que impulsiona as vendas e o consumo de peixes e frutos do mar. Nos preparativos para a Sexta-Feira da Paix\u00e3o, pr\u00f3ximo [&hellip;]<\/p>\n","protected":false},"author":3,"featured_media":24655,"comment_status":"open","ping_status":"open","sticky":false,"template":"","format":"standard","meta":{"_monsterinsights_skip_tracking":false,"_monsterinsights_sitenote_active":false,"_monsterinsights_sitenote_note":"","_monsterinsights_sitenote_category":0,"footnotes":""},"categories":[34],"tags":[],"yoast_head":"<!-- This site is optimized with the Yoast SEO plugin v22.9 - https:\/\/yoast.com\/wordpress\/plugins\/seo\/ -->\n<title>Quaresma come\u00e7a a aquecer as vendas no Centro de Abastecimento - Portal MF<\/title>\n<meta name=\"robots\" content=\"index, follow, max-snippet:-1, max-image-preview:large, max-video-preview:-1\" \/>\n<link rel=\"canonical\" href=\"https:\/\/portalmf.com.br\/index.php\/2024\/03\/08\/quaresma-comeca-a-aquecer-as-vendas-no-centro-de-abastecimento\/\" \/>\n<meta property=\"og:locale\" content=\"pt_BR\" \/>\n<meta property=\"og:type\" content=\"article\" \/>\n<meta property=\"og:title\" content=\"Quaresma come\u00e7a a aquecer as vendas no Centro de Abastecimento - Portal MF\" \/>\n<meta property=\"og:description\" content=\"Uma rica variedade de pescados pode ser encontrada no Centro de Abastecimento, especialmente no per\u00edodo da Quaresma &#8211; que antecede a P\u00e1scoa &#8211; quando os cat\u00f3licos se abst\u00e9m da carne vermelha e aves, o que impulsiona as vendas e o consumo de peixes e frutos do mar. Nos preparativos para a Sexta-Feira da Paix\u00e3o, pr\u00f3ximo [&hellip;]\" \/>\n<meta property=\"og:url\" content=\"https:\/\/portalmf.com.br\/index.php\/2024\/03\/08\/quaresma-comeca-a-aquecer-as-vendas-no-centro-de-abastecimento\/\" \/>\n<meta property=\"og:site_name\" content=\"Portal MF\" \/>\n<meta property=\"article:author\" content=\"https:\/\/www.facebook.com\/portalmfoficial\" \/>\n<meta property=\"article:published_time\" content=\"2024-03-08T11:19:00+00:00\" \/>\n<meta property=\"article:modified_time\" content=\"2024-03-08T20:23:20+00:00\" \/>\n<meta property=\"og:image\" content=\"https:\/\/portalmf.com.br\/wp-content\/uploads\/2024\/03\/INGREDIENTES-PARA-ALMOCO-SEMANA-SANTA-FOTO-VALDENIR-LIMA-14.jpeg\" \/>\n\t<meta property=\"og:image:width\" content=\"800\" \/>\n\t<meta property=\"og:image:height\" content=\"533\" \/>\n\t<meta property=\"og:image:type\" content=\"image\/jpeg\" \/>\n<meta name=\"author\" content=\"Reda\u00e7\u00e3o Portal MF\" \/>\n<meta name=\"twitter:card\" content=\"summary_large_image\" \/>\n<meta name=\"twitter:creator\" content=\"@https:\/\/x.com\/portalmfoficial\" \/>\n<meta name=\"twitter:label1\" content=\"Escrito por\" \/>\n\t<meta name=\"twitter:data1\" content=\"Reda\u00e7\u00e3o Portal MF\" \/>\n\t<meta name=\"twitter:label2\" content=\"Est. tempo de leitura\" \/>\n\t<meta name=\"twitter:data2\" content=\"3 minutos\" \/>\n<script type=\"application\/ld+json\" class=\"yoast-schema-graph\">{\"@context\":\"https:\/\/schema.org\",\"@graph\":[{\"@type\":\"WebPage\",\"@id\":\"https:\/\/portalmf.com.br\/index.php\/2024\/03\/08\/quaresma-comeca-a-aquecer-as-vendas-no-centro-de-abastecimento\/\",\"url\":\"https:\/\/portalmf.com.br\/index.php\/2024\/03\/08\/quaresma-comeca-a-aquecer-as-vendas-no-centro-de-abastecimento\/\",\"name\":\"Quaresma come\u00e7a a aquecer as vendas no Centro de Abastecimento - Portal MF\",\"isPartOf\":{\"@id\":\"https:\/\/portalmf.com.br\/#website\"},\"primaryImageOfPage\":{\"@id\":\"https:\/\/portalmf.com.br\/index.php\/2024\/03\/08\/quaresma-comeca-a-aquecer-as-vendas-no-centro-de-abastecimento\/#primaryimage\"},\"image\":{\"@id\":\"https:\/\/portalmf.com.br\/index.php\/2024\/03\/08\/quaresma-comeca-a-aquecer-as-vendas-no-centro-de-abastecimento\/#primaryimage\"},\"thumbnailUrl\":\"https:\/\/portalmf.com.br\/wp-content\/uploads\/2024\/03\/INGREDIENTES-PARA-ALMOCO-SEMANA-SANTA-FOTO-VALDENIR-LIMA-14.jpeg\",\"datePublished\":\"2024-03-08T11:19:00+00:00\",\"dateModified\":\"2024-03-08T20:23:20+00:00\",\"author\":{\"@id\":\"https:\/\/portalmf.com.br\/#\/schema\/person\/9ec101baf56233e53520c26de5d6f6f0\"},\"breadcrumb\":{\"@id\":\"https:\/\/portalmf.com.br\/index.php\/2024\/03\/08\/quaresma-comeca-a-aquecer-as-vendas-no-centro-de-abastecimento\/#breadcrumb\"},\"inLanguage\":\"pt-BR\",\"potentialAction\":[{\"@type\":\"ReadAction\",\"target\":[\"https:\/\/portalmf.com.br\/index.php\/2024\/03\/08\/quaresma-comeca-a-aquecer-as-vendas-no-centro-de-abastecimento\/\"]}]},{\"@type\":\"ImageObject\",\"inLanguage\":\"pt-BR\",\"@id\":\"https:\/\/portalmf.com.br\/index.php\/2024\/03\/08\/quaresma-comeca-a-aquecer-as-vendas-no-centro-de-abastecimento\/#primaryimage\",\"url\":\"https:\/\/portalmf.com.br\/wp-content\/uploads\/2024\/03\/INGREDIENTES-PARA-ALMOCO-SEMANA-SANTA-FOTO-VALDENIR-LIMA-14.jpeg\",\"contentUrl\":\"https:\/\/portalmf.com.br\/wp-content\/uploads\/2024\/03\/INGREDIENTES-PARA-ALMOCO-SEMANA-SANTA-FOTO-VALDENIR-LIMA-14.jpeg\",\"width\":800,\"height\":533},{\"@type\":\"BreadcrumbList\",\"@id\":\"https:\/\/portalmf.com.br\/index.php\/2024\/03\/08\/quaresma-comeca-a-aquecer-as-vendas-no-centro-de-abastecimento\/#breadcrumb\",\"itemListElement\":[{\"@type\":\"ListItem\",\"position\":1,\"name\":\"In\u00edcio\",\"item\":\"https:\/\/portalmf.com.br\/\"},{\"@type\":\"ListItem\",\"position\":2,\"name\":\"Quaresma come\u00e7a a aquecer as vendas no Centro de Abastecimento\"}]},{\"@type\":\"WebSite\",\"@id\":\"https:\/\/portalmf.com.br\/#website\",\"url\":\"https:\/\/portalmf.com.br\/\",\"name\":\"Portal MF\",\"description\":\"Voc\u00ea conectado com a informa\u00e7\u00e3o\",\"potentialAction\":[{\"@type\":\"SearchAction\",\"target\":{\"@type\":\"EntryPoint\",\"urlTemplate\":\"https:\/\/portalmf.com.br\/?s={search_term_string}\"},\"query-input\":\"required name=search_term_string\"}],\"inLanguage\":\"pt-BR\"},{\"@type\":\"Person\",\"@id\":\"https:\/\/portalmf.com.br\/#\/schema\/person\/9ec101baf56233e53520c26de5d6f6f0\",\"name\":\"Reda\u00e7\u00e3o Portal MF\",\"image\":{\"@type\":\"ImageObject\",\"inLanguage\":\"pt-BR\",\"@id\":\"https:\/\/portalmf.com.br\/#\/schema\/person\/image\/\",\"url\":\"https:\/\/secure.gravatar.com\/avatar\/41b9aaeb2100835f7c64362330f74c7f?s=96&d=mm&r=g\",\"contentUrl\":\"https:\/\/secure.gravatar.com\/avatar\/41b9aaeb2100835f7c64362330f74c7f?s=96&d=mm&r=g\",\"caption\":\"Reda\u00e7\u00e3o Portal MF\"},\"description\":\"Sejam bem-vindos o portal de informa\u00e7\u00f5es de entretenimento de Feira de Santana, desde 2006 realiza coberturas dos principais eventos com entrevistas exclusivas com as principais personalidades mundiais. Fique conectado tamb\u00e9m nas redes sociais.\",\"sameAs\":[\"http:\/\/www.portalmf.com.br\/\",\"https:\/\/www.facebook.com\/portalmfoficial\",\"https:\/\/www.instagram.com\/portalmf\/\",\"https:\/\/x.com\/https:\/\/x.com\/portalmfoficial\",\"https:\/\/www.youtube.com\/@portalmfoficial\"],\"url\":\"https:\/\/portalmf.com.br\/index.php\/author\/junior\/\"}]}<\/script>\n<!-- \/ Yoast SEO plugin. -->","yoast_head_json":{"title":"Quaresma come\u00e7a a aquecer as vendas no Centro de Abastecimento - Portal MF","robots":{"index":"index","follow":"follow","max-snippet":"max-snippet:-1","max-image-preview":"max-image-preview:large","max-video-preview":"max-video-preview:-1"},"canonical":"https:\/\/portalmf.com.br\/index.php\/2024\/03\/08\/quaresma-comeca-a-aquecer-as-vendas-no-centro-de-abastecimento\/","og_locale":"pt_BR","og_type":"article","og_title":"Quaresma come\u00e7a a aquecer as vendas no Centro de Abastecimento - Portal MF","og_description":"Uma rica variedade de pescados pode ser encontrada no Centro de Abastecimento, especialmente no per\u00edodo da Quaresma &#8211; que antecede a P\u00e1scoa &#8211; quando os cat\u00f3licos se abst\u00e9m da carne vermelha e aves, o que impulsiona as vendas e o consumo de peixes e frutos do mar. Nos preparativos para a Sexta-Feira da Paix\u00e3o, pr\u00f3ximo [&hellip;]","og_url":"https:\/\/portalmf.com.br\/index.php\/2024\/03\/08\/quaresma-comeca-a-aquecer-as-vendas-no-centro-de-abastecimento\/","og_site_name":"Portal MF","article_author":"https:\/\/www.facebook.com\/portalmfoficial","article_published_time":"2024-03-08T11:19:00+00:00","article_modified_time":"2024-03-08T20:23:20+00:00","og_image":[{"width":800,"height":533,"url":"https:\/\/portalmf.com.br\/wp-content\/uploads\/2024\/03\/INGREDIENTES-PARA-ALMOCO-SEMANA-SANTA-FOTO-VALDENIR-LIMA-14.jpeg","type":"image\/jpeg"}],"author":"Reda\u00e7\u00e3o Portal MF","twitter_card":"summary_large_image","twitter_creator":"@https:\/\/x.com\/portalmfoficial","twitter_misc":{"Escrito por":"Reda\u00e7\u00e3o Portal MF","Est. tempo de leitura":"3 minutos"},"schema":{"@context":"https:\/\/schema.org","@graph":[{"@type":"WebPage","@id":"https:\/\/portalmf.com.br\/index.php\/2024\/03\/08\/quaresma-comeca-a-aquecer-as-vendas-no-centro-de-abastecimento\/","url":"https:\/\/portalmf.com.br\/index.php\/2024\/03\/08\/quaresma-comeca-a-aquecer-as-vendas-no-centro-de-abastecimento\/","name":"Quaresma come\u00e7a a aquecer as vendas no Centro de Abastecimento - Portal MF","isPartOf":{"@id":"https:\/\/portalmf.com.br\/#website"},"primaryImageOfPage":{"@id":"https:\/\/portalmf.com.br\/index.php\/2024\/03\/08\/quaresma-comeca-a-aquecer-as-vendas-no-centro-de-abastecimento\/#primaryimage"},"image":{"@id":"https:\/\/portalmf.com.br\/index.php\/2024\/03\/08\/quaresma-comeca-a-aquecer-as-vendas-no-centro-de-abastecimento\/#primaryimage"},"thumbnailUrl":"https:\/\/portalmf.com.br\/wp-content\/uploads\/2024\/03\/INGREDIENTES-PARA-ALMOCO-SEMANA-SANTA-FOTO-VALDENIR-LIMA-14.jpeg","datePublished":"2024-03-08T11:19:00+00:00","dateModified":"2024-03-08T20:23:20+00:00","author":{"@id":"https:\/\/portalmf.com.br\/#\/schema\/person\/9ec101baf56233e53520c26de5d6f6f0"},"breadcrumb":{"@id":"https:\/\/portalmf.com.br\/index.php\/2024\/03\/08\/quaresma-comeca-a-aquecer-as-vendas-no-centro-de-abastecimento\/#breadcrumb"},"inLanguage":"pt-BR","potentialAction":[{"@type":"ReadAction","target":["https:\/\/portalmf.com.br\/index.php\/2024\/03\/08\/quaresma-comeca-a-aquecer-as-vendas-no-centro-de-abastecimento\/"]}]},{"@type":"ImageObject","inLanguage":"pt-BR","@id":"https:\/\/portalmf.com.br\/index.php\/2024\/03\/08\/quaresma-comeca-a-aquecer-as-vendas-no-centro-de-abastecimento\/#primaryimage","url":"https:\/\/portalmf.com.br\/wp-content\/uploads\/2024\/03\/INGREDIENTES-PARA-ALMOCO-SEMANA-SANTA-FOTO-VALDENIR-LIMA-14.jpeg","contentUrl":"https:\/\/portalmf.com.br\/wp-content\/uploads\/2024\/03\/INGREDIENTES-PARA-ALMOCO-SEMANA-SANTA-FOTO-VALDENIR-LIMA-14.jpeg","width":800,"height":533},{"@type":"BreadcrumbList","@id":"https:\/\/portalmf.com.br\/index.php\/2024\/03\/08\/quaresma-comeca-a-aquecer-as-vendas-no-centro-de-abastecimento\/#breadcrumb","itemListElement":[{"@type":"ListItem","position":1,"name":"In\u00edcio","item":"https:\/\/portalmf.com.br\/"},{"@type":"ListItem","position":2,"name":"Quaresma come\u00e7a a aquecer as vendas no Centro de Abastecimento"}]},{"@type":"WebSite","@id":"https:\/\/portalmf.com.br\/#website","url":"https:\/\/portalmf.com.br\/","name":"Portal MF","description":"Voc\u00ea conectado com a informa\u00e7\u00e3o","potentialAction":[{"@type":"SearchAction","target":{"@type":"EntryPoint","urlTemplate":"https:\/\/portalmf.com.br\/?s={search_term_string}"},"query-input":"required name=search_term_string"}],"inLanguage":"pt-BR"},{"@type":"Person","@id":"https:\/\/portalmf.com.br\/#\/schema\/person\/9ec101baf56233e53520c26de5d6f6f0","name":"Reda\u00e7\u00e3o Portal MF","image":{"@type":"ImageObject","inLanguage":"pt-BR","@id":"https:\/\/portalmf.com.br\/#\/schema\/person\/image\/","url":"https:\/\/secure.gravatar.com\/avatar\/41b9aaeb2100835f7c64362330f74c7f?s=96&d=mm&r=g","contentUrl":"https:\/\/secure.gravatar.com\/avatar\/41b9aaeb2100835f7c64362330f74c7f?s=96&d=mm&r=g","caption":"Reda\u00e7\u00e3o Portal MF"},"description":"Sejam bem-vindos o portal de informa\u00e7\u00f5es de entretenimento de Feira de Santana, desde 2006 realiza coberturas dos principais eventos com entrevistas exclusivas com as principais personalidades mundiais. Fique conectado tamb\u00e9m nas redes sociais.","sameAs":["http:\/\/www.portalmf.com.br\/","https:\/\/www.facebook.com\/portalmfoficial","https:\/\/www.instagram.com\/portalmf\/","https:\/\/x.com\/https:\/\/x.com\/portalmfoficial","https:\/\/www.youtube.com\/@portalmfoficial"],"url":"https:\/\/portalmf.com.br\/index.php\/author\/junior\/"}]}},"_links":{"self":[{"href":"https:\/\/portalmf.com.br\/index.php\/wp-json\/wp\/v2\/posts\/24654"}],"collection":[{"href":"https:\/\/portalmf.com.br\/index.php\/wp-json\/wp\/v2\/posts"}],"about":[{"href":"https:\/\/portalmf.com.br\/index.php\/wp-json\/wp\/v2\/types\/post"}],"author":[{"embeddable":true,"href":"https:\/\/portalmf.com.br\/index.php\/wp-json\/wp\/v2\/users\/3"}],"replies":[{"embeddable":true,"href":"https:\/\/portalmf.com.br\/index.php\/wp-json\/wp\/v2\/comments?post=24654"}],"version-history":[{"count":1,"href":"https:\/\/portalmf.com.br\/index.php\/wp-json\/wp\/v2\/posts\/24654\/revisions"}],"predecessor-version":[{"id":24656,"href":"https:\/\/portalmf.com.br\/index.php\/wp-json\/wp\/v2\/posts\/24654\/revisions\/24656"}],"wp:featuredmedia":[{"embeddable":true,"href":"https:\/\/portalmf.com.br\/index.php\/wp-json\/wp\/v2\/media\/24655"}],"wp:attachment":[{"href":"https:\/\/portalmf.com.br\/index.php\/wp-json\/wp\/v2\/media?parent=24654"}],"wp:term":[{"taxonomy":"category","embeddable":true,"href":"https:\/\/portalmf.com.br\/index.php\/wp-json\/wp\/v2\/categories?post=24654"},{"taxonomy":"post_tag","embeddable":true,"href":"https:\/\/portalmf.com.br\/index.php\/wp-json\/wp\/v2\/tags?post=24654"}],"curies":[{"name":"wp","href":"https:\/\/api.w.org\/{rel}","templated":true}]}}