{"id":24639,"date":"2024-03-08T08:53:00","date_gmt":"2024-03-08T11:53:00","guid":{"rendered":"https:\/\/portalmf.com.br\/?p=24639"},"modified":"2024-03-08T16:54:19","modified_gmt":"2024-03-08T19:54:19","slug":"novo-pac-governo-da-bahia-sera-contemplado-com-novas-maternidades-e-policlinicas-regionais-de-saude","status":"publish","type":"post","link":"https:\/\/portalmf.com.br\/index.php\/2024\/03\/08\/novo-pac-governo-da-bahia-sera-contemplado-com-novas-maternidades-e-policlinicas-regionais-de-saude\/","title":{"rendered":"Novo PAC: Governo da Bahia ser\u00e1 contemplado com novas maternidades e Policl\u00ednicas Regionais de Sa\u00fade"},"content":{"rendered":"\n<p>Em breve, a Bahia passar\u00e1 a contar com mais tr\u00eas maternidades e outras tr\u00eas Policl\u00ednicas Regionais de Sa\u00fade. O an\u00fancio foi feito pelo presidente Luiz In\u00e1cio Lula da Silva, nesta quinta-feira (7), durante apresenta\u00e7\u00e3o dos resultados de 16 das 27 modalidades do Novo PAC Sele\u00e7\u00f5es, que compreendem os eixos Sa\u00fade, Educa\u00e7\u00e3o, Ci\u00eancia e Tecnologia e Infraestrutura Social e Inclusiva.<\/p>\n\n\n\n<p>Dentre 716 an\u00fancios feitos para a Bahia, 255 foram para a \u00e1rea da sa\u00fade e ser\u00e3o distribu\u00eddos para 197 munic\u00edpios do estado, contemplando Policl\u00ednicas Regionais de Sa\u00fade, Unidades B\u00e1sicas de Sa\u00fade (UBS), Centro de Aten\u00e7\u00e3o Psicossocial (Caps), Unidade Odontol\u00f3gica M\u00f3vel (UOM), maternidades, Centros de Parto Natural (CPN) e ambul\u00e2ncias do Servi\u00e7o de Atendimento M\u00f3vel de Urg\u00eancia (Samu).<\/p>\n\n\n\n<p>Dentre as propostas encaminhadas pela Secretaria da Sa\u00fade da Bahia (Sesab), foram aprovadas a constru\u00e7\u00e3o de maternidades com Centro de Parto Normal em Amargosa, Valen\u00e7a e Serrinha, al\u00e9m de Policl\u00ednicas Regionais de Sa\u00fade em Remanso, Itapetinga e Cama\u00e7ari. Os munic\u00edpios tamb\u00e9m tiveram propostas para a sa\u00fade contempladas. Ao todo, foram aprovadas a constru\u00e7\u00e3o de 165 UBS, sete Caps, quatro maternidades, quatro Centros de Parto, quatro policl\u00ednicas, um Centro Especializado de Reabilita\u00e7\u00e3o (CER), uma Oficina Ortop\u00e9dica e 54 unidades odontol\u00f3gicas. A previs\u00e3o \u00e9 que as obras e os empreendimentos do Novo PAC Sele\u00e7\u00f5es beneficiem uma popula\u00e7\u00e3o de 12,7 milh\u00f5es de baianos nas \u00e1reas de sa\u00fade, educa\u00e7\u00e3o, cultura e esporte.&nbsp;<\/p>\n\n\n\n<p>Para a secret\u00e1ria da Sa\u00fade do Estado, Roberta Santana, que acompanhou, juntamente com o governador Jer\u00f4nimo Rodrigues, os an\u00fancios em Bras\u00edlia, o investimento representar\u00e1 um refor\u00e7o importante para a assist\u00eancia nos 417 munic\u00edpios do estado.<\/p>\n\n\n\n<p><em>&#8220;\u00c9 com muito orgulho que acompanhamos, ao lado do presidente Lula e do ministro Rui Costa, o an\u00fancio dos investimentos do novo PAC para a sa\u00fade da Bahia. S\u00e3o obras que ajudar\u00e3o o Governo da Bahia a continuar qualificando a assist\u00eancia aos baianos e baianas. N\u00f3s tivemos a alegria de termos o segundo maior pacote de a\u00e7\u00f5es aprovados. Agora, temos muito trabalho daqui em diante e seguiremos levando sa\u00fade de qualidade para os quatro cantos da Bahia&#8221;,<\/em> comemorou a secret\u00e1ria.\u00a0<\/p>\n\n\n\n<p>Ministra da Sa\u00fade, N\u00edsia Trindade refor\u00e7ou a necessidade de um \u201cSUS fortalecido\u201d. Somente na \u00e1rea da sa\u00fade, o PAC prev\u00ea, em todo o pa\u00eds, a constru\u00e7\u00e3o de 30 novos CPNs, 150 Caps e 20 CERs, al\u00e9m da aquisi\u00e7\u00e3o de 400 novas UOMs e 14 centrais de regula\u00e7\u00e3o do Samu.<\/p>\n\n\n\n<p><em>\u201cNo caso do PAC Sa\u00fade, que \u00e9 uma grande conquista e um grande desafio tamb\u00e9m, n\u00f3s estaremos trabalhando com o fortalecimento do cuidado em rela\u00e7\u00e3o \u00e0 nossa popula\u00e7\u00e3o. Essa \u00e9 a orienta\u00e7\u00e3o principal. Governar \u00e9 cuidar. Precisamos de um Brasil bem cuidado e de um SUS fortalecido\u201d,<\/em> afirmou a ministra.<\/p>\n","protected":false},"excerpt":{"rendered":"<p>Em breve, a Bahia passar\u00e1 a contar com mais tr\u00eas maternidades e outras tr\u00eas Policl\u00ednicas Regionais de Sa\u00fade. O an\u00fancio foi feito pelo presidente Luiz In\u00e1cio Lula da Silva, nesta quinta-feira (7), durante apresenta\u00e7\u00e3o dos resultados de 16 das 27 modalidades do Novo PAC Sele\u00e7\u00f5es, que compreendem os eixos Sa\u00fade, Educa\u00e7\u00e3o, Ci\u00eancia e Tecnologia e [&hellip;]<\/p>\n","protected":false},"author":3,"featured_media":20835,"comment_status":"open","ping_status":"open","sticky":false,"template":"","format":"standard","meta":{"_monsterinsights_skip_tracking":false,"_monsterinsights_sitenote_active":false,"_monsterinsights_sitenote_note":"","_monsterinsights_sitenote_category":0,"footnotes":""},"categories":[34],"tags":[],"yoast_head":"<!-- This site is optimized with the Yoast SEO plugin v22.9 - https:\/\/yoast.com\/wordpress\/plugins\/seo\/ -->\n<title>Novo PAC: Governo da Bahia ser\u00e1 contemplado com novas maternidades e Policl\u00ednicas Regionais de Sa\u00fade - Portal MF<\/title>\n<meta name=\"robots\" content=\"index, follow, max-snippet:-1, max-image-preview:large, max-video-preview:-1\" \/>\n<link rel=\"canonical\" href=\"https:\/\/portalmf.com.br\/index.php\/2024\/03\/08\/novo-pac-governo-da-bahia-sera-contemplado-com-novas-maternidades-e-policlinicas-regionais-de-saude\/\" \/>\n<meta property=\"og:locale\" content=\"pt_BR\" \/>\n<meta property=\"og:type\" content=\"article\" \/>\n<meta property=\"og:title\" content=\"Novo PAC: Governo da Bahia ser\u00e1 contemplado com novas maternidades e Policl\u00ednicas Regionais de Sa\u00fade - Portal MF\" \/>\n<meta property=\"og:description\" content=\"Em breve, a Bahia passar\u00e1 a contar com mais tr\u00eas maternidades e outras tr\u00eas Policl\u00ednicas Regionais de Sa\u00fade. O an\u00fancio foi feito pelo presidente Luiz In\u00e1cio Lula da Silva, nesta quinta-feira (7), durante apresenta\u00e7\u00e3o dos resultados de 16 das 27 modalidades do Novo PAC Sele\u00e7\u00f5es, que compreendem os eixos Sa\u00fade, Educa\u00e7\u00e3o, Ci\u00eancia e Tecnologia e [&hellip;]\" \/>\n<meta property=\"og:url\" content=\"https:\/\/portalmf.com.br\/index.php\/2024\/03\/08\/novo-pac-governo-da-bahia-sera-contemplado-com-novas-maternidades-e-policlinicas-regionais-de-saude\/\" \/>\n<meta property=\"og:site_name\" content=\"Portal MF\" \/>\n<meta property=\"article:author\" content=\"https:\/\/www.facebook.com\/portalmfoficial\" \/>\n<meta property=\"article:published_time\" content=\"2024-03-08T11:53:00+00:00\" \/>\n<meta property=\"article:modified_time\" content=\"2024-03-08T19:54:19+00:00\" \/>\n<meta property=\"og:image\" content=\"https:\/\/portalmf.com.br\/wp-content\/uploads\/2023\/12\/Em-Ilheus-Estado-inaugura-26a-Policlinica-Regional-e-Unidade-Basica-de-Saude-3.jpeg\" \/>\n\t<meta property=\"og:image:width\" content=\"1600\" \/>\n\t<meta property=\"og:image:height\" content=\"1066\" \/>\n\t<meta property=\"og:image:type\" content=\"image\/jpeg\" \/>\n<meta name=\"author\" content=\"Reda\u00e7\u00e3o Portal MF\" \/>\n<meta name=\"twitter:card\" content=\"summary_large_image\" \/>\n<meta name=\"twitter:creator\" content=\"@https:\/\/x.com\/portalmfoficial\" \/>\n<meta name=\"twitter:label1\" content=\"Escrito por\" \/>\n\t<meta name=\"twitter:data1\" content=\"Reda\u00e7\u00e3o Portal MF\" \/>\n\t<meta name=\"twitter:label2\" content=\"Est. tempo de leitura\" \/>\n\t<meta name=\"twitter:data2\" content=\"3 minutos\" \/>\n<script type=\"application\/ld+json\" class=\"yoast-schema-graph\">{\"@context\":\"https:\/\/schema.org\",\"@graph\":[{\"@type\":\"WebPage\",\"@id\":\"https:\/\/portalmf.com.br\/index.php\/2024\/03\/08\/novo-pac-governo-da-bahia-sera-contemplado-com-novas-maternidades-e-policlinicas-regionais-de-saude\/\",\"url\":\"https:\/\/portalmf.com.br\/index.php\/2024\/03\/08\/novo-pac-governo-da-bahia-sera-contemplado-com-novas-maternidades-e-policlinicas-regionais-de-saude\/\",\"name\":\"Novo PAC: Governo da Bahia ser\u00e1 contemplado com novas maternidades e Policl\u00ednicas Regionais de Sa\u00fade - Portal MF\",\"isPartOf\":{\"@id\":\"https:\/\/portalmf.com.br\/#website\"},\"primaryImageOfPage\":{\"@id\":\"https:\/\/portalmf.com.br\/index.php\/2024\/03\/08\/novo-pac-governo-da-bahia-sera-contemplado-com-novas-maternidades-e-policlinicas-regionais-de-saude\/#primaryimage\"},\"image\":{\"@id\":\"https:\/\/portalmf.com.br\/index.php\/2024\/03\/08\/novo-pac-governo-da-bahia-sera-contemplado-com-novas-maternidades-e-policlinicas-regionais-de-saude\/#primaryimage\"},\"thumbnailUrl\":\"https:\/\/portalmf.com.br\/wp-content\/uploads\/2023\/12\/Em-Ilheus-Estado-inaugura-26a-Policlinica-Regional-e-Unidade-Basica-de-Saude-3.jpeg\",\"datePublished\":\"2024-03-08T11:53:00+00:00\",\"dateModified\":\"2024-03-08T19:54:19+00:00\",\"author\":{\"@id\":\"https:\/\/portalmf.com.br\/#\/schema\/person\/9ec101baf56233e53520c26de5d6f6f0\"},\"breadcrumb\":{\"@id\":\"https:\/\/portalmf.com.br\/index.php\/2024\/03\/08\/novo-pac-governo-da-bahia-sera-contemplado-com-novas-maternidades-e-policlinicas-regionais-de-saude\/#breadcrumb\"},\"inLanguage\":\"pt-BR\",\"potentialAction\":[{\"@type\":\"ReadAction\",\"target\":[\"https:\/\/portalmf.com.br\/index.php\/2024\/03\/08\/novo-pac-governo-da-bahia-sera-contemplado-com-novas-maternidades-e-policlinicas-regionais-de-saude\/\"]}]},{\"@type\":\"ImageObject\",\"inLanguage\":\"pt-BR\",\"@id\":\"https:\/\/portalmf.com.br\/index.php\/2024\/03\/08\/novo-pac-governo-da-bahia-sera-contemplado-com-novas-maternidades-e-policlinicas-regionais-de-saude\/#primaryimage\",\"url\":\"https:\/\/portalmf.com.br\/wp-content\/uploads\/2023\/12\/Em-Ilheus-Estado-inaugura-26a-Policlinica-Regional-e-Unidade-Basica-de-Saude-3.jpeg\",\"contentUrl\":\"https:\/\/portalmf.com.br\/wp-content\/uploads\/2023\/12\/Em-Ilheus-Estado-inaugura-26a-Policlinica-Regional-e-Unidade-Basica-de-Saude-3.jpeg\",\"width\":1600,\"height\":1066},{\"@type\":\"BreadcrumbList\",\"@id\":\"https:\/\/portalmf.com.br\/index.php\/2024\/03\/08\/novo-pac-governo-da-bahia-sera-contemplado-com-novas-maternidades-e-policlinicas-regionais-de-saude\/#breadcrumb\",\"itemListElement\":[{\"@type\":\"ListItem\",\"position\":1,\"name\":\"In\u00edcio\",\"item\":\"https:\/\/portalmf.com.br\/\"},{\"@type\":\"ListItem\",\"position\":2,\"name\":\"Novo PAC: Governo da Bahia ser\u00e1 contemplado com novas maternidades e Policl\u00ednicas Regionais de Sa\u00fade\"}]},{\"@type\":\"WebSite\",\"@id\":\"https:\/\/portalmf.com.br\/#website\",\"url\":\"https:\/\/portalmf.com.br\/\",\"name\":\"Portal MF\",\"description\":\"Voc\u00ea conectado com a informa\u00e7\u00e3o\",\"potentialAction\":[{\"@type\":\"SearchAction\",\"target\":{\"@type\":\"EntryPoint\",\"urlTemplate\":\"https:\/\/portalmf.com.br\/?s={search_term_string}\"},\"query-input\":\"required name=search_term_string\"}],\"inLanguage\":\"pt-BR\"},{\"@type\":\"Person\",\"@id\":\"https:\/\/portalmf.com.br\/#\/schema\/person\/9ec101baf56233e53520c26de5d6f6f0\",\"name\":\"Reda\u00e7\u00e3o Portal MF\",\"image\":{\"@type\":\"ImageObject\",\"inLanguage\":\"pt-BR\",\"@id\":\"https:\/\/portalmf.com.br\/#\/schema\/person\/image\/\",\"url\":\"https:\/\/secure.gravatar.com\/avatar\/41b9aaeb2100835f7c64362330f74c7f?s=96&d=mm&r=g\",\"contentUrl\":\"https:\/\/secure.gravatar.com\/avatar\/41b9aaeb2100835f7c64362330f74c7f?s=96&d=mm&r=g\",\"caption\":\"Reda\u00e7\u00e3o Portal MF\"},\"description\":\"Sejam bem-vindos o portal de informa\u00e7\u00f5es de entretenimento de Feira de Santana, desde 2006 realiza coberturas dos principais eventos com entrevistas exclusivas com as principais personalidades mundiais. Fique conectado tamb\u00e9m nas redes sociais.\",\"sameAs\":[\"http:\/\/www.portalmf.com.br\/\",\"https:\/\/www.facebook.com\/portalmfoficial\",\"https:\/\/www.instagram.com\/portalmf\/\",\"https:\/\/x.com\/https:\/\/x.com\/portalmfoficial\",\"https:\/\/www.youtube.com\/@portalmfoficial\"],\"url\":\"https:\/\/portalmf.com.br\/index.php\/author\/junior\/\"}]}<\/script>\n<!-- \/ Yoast SEO plugin. -->","yoast_head_json":{"title":"Novo PAC: Governo da Bahia ser\u00e1 contemplado com novas maternidades e Policl\u00ednicas Regionais de Sa\u00fade - Portal MF","robots":{"index":"index","follow":"follow","max-snippet":"max-snippet:-1","max-image-preview":"max-image-preview:large","max-video-preview":"max-video-preview:-1"},"canonical":"https:\/\/portalmf.com.br\/index.php\/2024\/03\/08\/novo-pac-governo-da-bahia-sera-contemplado-com-novas-maternidades-e-policlinicas-regionais-de-saude\/","og_locale":"pt_BR","og_type":"article","og_title":"Novo PAC: Governo da Bahia ser\u00e1 contemplado com novas maternidades e Policl\u00ednicas Regionais de Sa\u00fade - Portal MF","og_description":"Em breve, a Bahia passar\u00e1 a contar com mais tr\u00eas maternidades e outras tr\u00eas Policl\u00ednicas Regionais de Sa\u00fade. O an\u00fancio foi feito pelo presidente Luiz In\u00e1cio Lula da Silva, nesta quinta-feira (7), durante apresenta\u00e7\u00e3o dos resultados de 16 das 27 modalidades do Novo PAC Sele\u00e7\u00f5es, que compreendem os eixos Sa\u00fade, Educa\u00e7\u00e3o, Ci\u00eancia e Tecnologia e [&hellip;]","og_url":"https:\/\/portalmf.com.br\/index.php\/2024\/03\/08\/novo-pac-governo-da-bahia-sera-contemplado-com-novas-maternidades-e-policlinicas-regionais-de-saude\/","og_site_name":"Portal MF","article_author":"https:\/\/www.facebook.com\/portalmfoficial","article_published_time":"2024-03-08T11:53:00+00:00","article_modified_time":"2024-03-08T19:54:19+00:00","og_image":[{"width":1600,"height":1066,"url":"https:\/\/portalmf.com.br\/wp-content\/uploads\/2023\/12\/Em-Ilheus-Estado-inaugura-26a-Policlinica-Regional-e-Unidade-Basica-de-Saude-3.jpeg","type":"image\/jpeg"}],"author":"Reda\u00e7\u00e3o Portal MF","twitter_card":"summary_large_image","twitter_creator":"@https:\/\/x.com\/portalmfoficial","twitter_misc":{"Escrito por":"Reda\u00e7\u00e3o Portal MF","Est. tempo de leitura":"3 minutos"},"schema":{"@context":"https:\/\/schema.org","@graph":[{"@type":"WebPage","@id":"https:\/\/portalmf.com.br\/index.php\/2024\/03\/08\/novo-pac-governo-da-bahia-sera-contemplado-com-novas-maternidades-e-policlinicas-regionais-de-saude\/","url":"https:\/\/portalmf.com.br\/index.php\/2024\/03\/08\/novo-pac-governo-da-bahia-sera-contemplado-com-novas-maternidades-e-policlinicas-regionais-de-saude\/","name":"Novo PAC: Governo da Bahia ser\u00e1 contemplado com novas maternidades e Policl\u00ednicas Regionais de Sa\u00fade - Portal MF","isPartOf":{"@id":"https:\/\/portalmf.com.br\/#website"},"primaryImageOfPage":{"@id":"https:\/\/portalmf.com.br\/index.php\/2024\/03\/08\/novo-pac-governo-da-bahia-sera-contemplado-com-novas-maternidades-e-policlinicas-regionais-de-saude\/#primaryimage"},"image":{"@id":"https:\/\/portalmf.com.br\/index.php\/2024\/03\/08\/novo-pac-governo-da-bahia-sera-contemplado-com-novas-maternidades-e-policlinicas-regionais-de-saude\/#primaryimage"},"thumbnailUrl":"https:\/\/portalmf.com.br\/wp-content\/uploads\/2023\/12\/Em-Ilheus-Estado-inaugura-26a-Policlinica-Regional-e-Unidade-Basica-de-Saude-3.jpeg","datePublished":"2024-03-08T11:53:00+00:00","dateModified":"2024-03-08T19:54:19+00:00","author":{"@id":"https:\/\/portalmf.com.br\/#\/schema\/person\/9ec101baf56233e53520c26de5d6f6f0"},"breadcrumb":{"@id":"https:\/\/portalmf.com.br\/index.php\/2024\/03\/08\/novo-pac-governo-da-bahia-sera-contemplado-com-novas-maternidades-e-policlinicas-regionais-de-saude\/#breadcrumb"},"inLanguage":"pt-BR","potentialAction":[{"@type":"ReadAction","target":["https:\/\/portalmf.com.br\/index.php\/2024\/03\/08\/novo-pac-governo-da-bahia-sera-contemplado-com-novas-maternidades-e-policlinicas-regionais-de-saude\/"]}]},{"@type":"ImageObject","inLanguage":"pt-BR","@id":"https:\/\/portalmf.com.br\/index.php\/2024\/03\/08\/novo-pac-governo-da-bahia-sera-contemplado-com-novas-maternidades-e-policlinicas-regionais-de-saude\/#primaryimage","url":"https:\/\/portalmf.com.br\/wp-content\/uploads\/2023\/12\/Em-Ilheus-Estado-inaugura-26a-Policlinica-Regional-e-Unidade-Basica-de-Saude-3.jpeg","contentUrl":"https:\/\/portalmf.com.br\/wp-content\/uploads\/2023\/12\/Em-Ilheus-Estado-inaugura-26a-Policlinica-Regional-e-Unidade-Basica-de-Saude-3.jpeg","width":1600,"height":1066},{"@type":"BreadcrumbList","@id":"https:\/\/portalmf.com.br\/index.php\/2024\/03\/08\/novo-pac-governo-da-bahia-sera-contemplado-com-novas-maternidades-e-policlinicas-regionais-de-saude\/#breadcrumb","itemListElement":[{"@type":"ListItem","position":1,"name":"In\u00edcio","item":"https:\/\/portalmf.com.br\/"},{"@type":"ListItem","position":2,"name":"Novo PAC: Governo da Bahia ser\u00e1 contemplado com novas maternidades e Policl\u00ednicas Regionais de Sa\u00fade"}]},{"@type":"WebSite","@id":"https:\/\/portalmf.com.br\/#website","url":"https:\/\/portalmf.com.br\/","name":"Portal MF","description":"Voc\u00ea conectado com a informa\u00e7\u00e3o","potentialAction":[{"@type":"SearchAction","target":{"@type":"EntryPoint","urlTemplate":"https:\/\/portalmf.com.br\/?s={search_term_string}"},"query-input":"required name=search_term_string"}],"inLanguage":"pt-BR"},{"@type":"Person","@id":"https:\/\/portalmf.com.br\/#\/schema\/person\/9ec101baf56233e53520c26de5d6f6f0","name":"Reda\u00e7\u00e3o Portal MF","image":{"@type":"ImageObject","inLanguage":"pt-BR","@id":"https:\/\/portalmf.com.br\/#\/schema\/person\/image\/","url":"https:\/\/secure.gravatar.com\/avatar\/41b9aaeb2100835f7c64362330f74c7f?s=96&d=mm&r=g","contentUrl":"https:\/\/secure.gravatar.com\/avatar\/41b9aaeb2100835f7c64362330f74c7f?s=96&d=mm&r=g","caption":"Reda\u00e7\u00e3o Portal MF"},"description":"Sejam bem-vindos o portal de informa\u00e7\u00f5es de entretenimento de Feira de Santana, desde 2006 realiza coberturas dos principais eventos com entrevistas exclusivas com as principais personalidades mundiais. Fique conectado tamb\u00e9m nas redes sociais.","sameAs":["http:\/\/www.portalmf.com.br\/","https:\/\/www.facebook.com\/portalmfoficial","https:\/\/www.instagram.com\/portalmf\/","https:\/\/x.com\/https:\/\/x.com\/portalmfoficial","https:\/\/www.youtube.com\/@portalmfoficial"],"url":"https:\/\/portalmf.com.br\/index.php\/author\/junior\/"}]}},"_links":{"self":[{"href":"https:\/\/portalmf.com.br\/index.php\/wp-json\/wp\/v2\/posts\/24639"}],"collection":[{"href":"https:\/\/portalmf.com.br\/index.php\/wp-json\/wp\/v2\/posts"}],"about":[{"href":"https:\/\/portalmf.com.br\/index.php\/wp-json\/wp\/v2\/types\/post"}],"author":[{"embeddable":true,"href":"https:\/\/portalmf.com.br\/index.php\/wp-json\/wp\/v2\/users\/3"}],"replies":[{"embeddable":true,"href":"https:\/\/portalmf.com.br\/index.php\/wp-json\/wp\/v2\/comments?post=24639"}],"version-history":[{"count":1,"href":"https:\/\/portalmf.com.br\/index.php\/wp-json\/wp\/v2\/posts\/24639\/revisions"}],"predecessor-version":[{"id":24640,"href":"https:\/\/portalmf.com.br\/index.php\/wp-json\/wp\/v2\/posts\/24639\/revisions\/24640"}],"wp:featuredmedia":[{"embeddable":true,"href":"https:\/\/portalmf.com.br\/index.php\/wp-json\/wp\/v2\/media\/20835"}],"wp:attachment":[{"href":"https:\/\/portalmf.com.br\/index.php\/wp-json\/wp\/v2\/media?parent=24639"}],"wp:term":[{"taxonomy":"category","embeddable":true,"href":"https:\/\/portalmf.com.br\/index.php\/wp-json\/wp\/v2\/categories?post=24639"},{"taxonomy":"post_tag","embeddable":true,"href":"https:\/\/portalmf.com.br\/index.php\/wp-json\/wp\/v2\/tags?post=24639"}],"curies":[{"name":"wp","href":"https:\/\/api.w.org\/{rel}","templated":true}]}}