{"id":24632,"date":"2024-03-06T16:46:10","date_gmt":"2024-03-06T19:46:10","guid":{"rendered":"https:\/\/portalmf.com.br\/?p=24632"},"modified":"2024-03-08T16:47:11","modified_gmt":"2024-03-08T19:47:11","slug":"bahia-recebe-as-primeiras-doses-da-vacina-contra-influenza-saiba-quem-pode-ser-vacinado","status":"publish","type":"post","link":"https:\/\/portalmf.com.br\/index.php\/2024\/03\/06\/bahia-recebe-as-primeiras-doses-da-vacina-contra-influenza-saiba-quem-pode-ser-vacinado\/","title":{"rendered":"Bahia recebe as primeiras doses da vacina contra influenza; saiba quem pode ser vacinado"},"content":{"rendered":"\n<p>A Bahia recebeu, nesta quarta-feira (6), os primeiros lotes da vacina contra o v\u00edrus da Influenza. Neste primeiro momento, o Minist\u00e9rio da Sa\u00fade vai destinar cerca de 1,5 milh\u00e3o de doses que v\u00e3o contemplar os 417 munic\u00edpios baianos. As doses ser\u00e3o distribu\u00eddas de acordo com crit\u00e9rios populacionais, considerando os grupos a serem imunizados.<\/p>\n\n\n\n<p>Segundo defini\u00e7\u00e3o do Minist\u00e9rio da Sa\u00fade, o p\u00fablico-alvo \u00e9 formado por crian\u00e7as de 6 meses a menores de 6 anos (5 anos, 11 meses e 29 dias); trabalhadores da Sa\u00fade; gestantes; pu\u00e9rperas; professores do ensino b\u00e1sico e superior; povos ind\u00edgenas; idosos com 60 anos ou mais de idade; pessoas em situa\u00e7\u00e3o de rua; profissionais das For\u00e7as de Seguran\u00e7a e Salvamento; profissionais das For\u00e7as Armadas; pessoas com doen\u00e7as cr\u00f4nicas n\u00e3o transmiss\u00edveis e outras condi\u00e7\u00f5es cl\u00ednicas especiais independentemente da idade; pessoas com defici\u00eancia permanente; caminhoneiros; trabalhadores de transporte coletivo rodovi\u00e1rio para passageiros urbanos e de longo curso; trabalhadores portu\u00e1rios; popula\u00e7\u00e3o privada de liberdade e funcion\u00e1rios do sistema de priva\u00e7\u00e3o de liberdade, al\u00e9m de adolescentes e jovens de 12 a 21 anos sob medidas socioeducativas.<\/p>\n\n\n\n<p>Coordenadora de Imuniza\u00e7\u00e3o da Secretaria da Sa\u00fade da Bahia, V\u00e2nia Rebou\u00e7as, explica que o estado deve receber outras doses do imunizante em breve. \u201cTemos um p\u00fablico-alvo de mais de 5 milh\u00f5es de pessoas. Ao longo da campanha, devemos receber as pr\u00f3ximas remessas, mas ainda n\u00e3o temos um cronograma fechado\u201d, explica.<\/p>\n\n\n\n<p><strong>In\u00edcio da aplica\u00e7\u00e3o<\/strong><\/p>\n\n\n\n<p>A campanha nacional de vacina\u00e7\u00e3o contra a influenza, tradicionalmente realizada entre os meses de abril e maio, ter\u00e1 in\u00edcio no dia 25 de mar\u00e7o, em raz\u00e3o do aumento da circula\u00e7\u00e3o de v\u00edrus respirat\u00f3rios no pa\u00eds. Entretanto, segundo o Minist\u00e9rio da Sa\u00fade, uma vez recebendo as doses, os munic\u00edpios j\u00e1 podem iniciar, de forma antecipada, a estrat\u00e9gia de vacina\u00e7\u00e3o contra a doen\u00e7a.<\/p>\n\n\n\n<p>Na Bahia, as doses come\u00e7am a ser destinadas aos munic\u00edpios na quinta-feira (7). \u201cA log\u00edstica de distribui\u00e7\u00e3o para as regionais j\u00e1 est\u00e1 preparada e as vacinas devem come\u00e7ar a chegar aos munic\u00edpios ainda nesta quinta-feira. Cada secretaria municipal de sa\u00fade divulgar\u00e1 quando ser\u00e1 iniciada a aplica\u00e7\u00e3o das doses e os locais para vacina\u00e7\u00e3o, incluindo pontos fixos e postos volantes\u201d, completa a coordenadora.<\/p>\n","protected":false},"excerpt":{"rendered":"<p>A Bahia recebeu, nesta quarta-feira (6), os primeiros lotes da vacina contra o v\u00edrus da Influenza. Neste primeiro momento, o Minist\u00e9rio da Sa\u00fade vai destinar cerca de 1,5 milh\u00e3o de doses que v\u00e3o contemplar os 417 munic\u00edpios baianos. As doses ser\u00e3o distribu\u00eddas de acordo com crit\u00e9rios populacionais, considerando os grupos a serem imunizados. Segundo defini\u00e7\u00e3o [&hellip;]<\/p>\n","protected":false},"author":3,"featured_media":11524,"comment_status":"open","ping_status":"open","sticky":false,"template":"","format":"standard","meta":{"_monsterinsights_skip_tracking":false,"_monsterinsights_sitenote_active":false,"_monsterinsights_sitenote_note":"","_monsterinsights_sitenote_category":0,"footnotes":""},"categories":[34],"tags":[],"yoast_head":"<!-- This site is optimized with the Yoast SEO plugin v22.9 - https:\/\/yoast.com\/wordpress\/plugins\/seo\/ -->\n<title>Bahia recebe as primeiras doses da vacina contra influenza; saiba quem pode ser vacinado - Portal MF<\/title>\n<meta name=\"robots\" content=\"index, follow, max-snippet:-1, max-image-preview:large, max-video-preview:-1\" \/>\n<link rel=\"canonical\" href=\"https:\/\/portalmf.com.br\/index.php\/2024\/03\/06\/bahia-recebe-as-primeiras-doses-da-vacina-contra-influenza-saiba-quem-pode-ser-vacinado\/\" \/>\n<meta property=\"og:locale\" content=\"pt_BR\" \/>\n<meta property=\"og:type\" content=\"article\" \/>\n<meta property=\"og:title\" content=\"Bahia recebe as primeiras doses da vacina contra influenza; saiba quem pode ser vacinado - Portal MF\" \/>\n<meta property=\"og:description\" content=\"A Bahia recebeu, nesta quarta-feira (6), os primeiros lotes da vacina contra o v\u00edrus da Influenza. Neste primeiro momento, o Minist\u00e9rio da Sa\u00fade vai destinar cerca de 1,5 milh\u00e3o de doses que v\u00e3o contemplar os 417 munic\u00edpios baianos. As doses ser\u00e3o distribu\u00eddas de acordo com crit\u00e9rios populacionais, considerando os grupos a serem imunizados. Segundo defini\u00e7\u00e3o [&hellip;]\" \/>\n<meta property=\"og:url\" content=\"https:\/\/portalmf.com.br\/index.php\/2024\/03\/06\/bahia-recebe-as-primeiras-doses-da-vacina-contra-influenza-saiba-quem-pode-ser-vacinado\/\" \/>\n<meta property=\"og:site_name\" content=\"Portal MF\" \/>\n<meta property=\"article:author\" content=\"https:\/\/www.facebook.com\/portalmfoficial\" \/>\n<meta property=\"article:published_time\" content=\"2024-03-06T19:46:10+00:00\" \/>\n<meta property=\"article:modified_time\" content=\"2024-03-08T19:47:11+00:00\" \/>\n<meta property=\"og:image\" content=\"https:\/\/portalmf.com.br\/wp-content\/uploads\/2023\/05\/VACINA_DIVULGACAO.jpg\" \/>\n\t<meta property=\"og:image:width\" content=\"2560\" \/>\n\t<meta property=\"og:image:height\" content=\"1652\" \/>\n\t<meta property=\"og:image:type\" content=\"image\/jpeg\" \/>\n<meta name=\"author\" content=\"Reda\u00e7\u00e3o Portal MF\" \/>\n<meta name=\"twitter:card\" content=\"summary_large_image\" \/>\n<meta name=\"twitter:creator\" content=\"@https:\/\/x.com\/portalmfoficial\" \/>\n<meta name=\"twitter:label1\" content=\"Escrito por\" \/>\n\t<meta name=\"twitter:data1\" content=\"Reda\u00e7\u00e3o Portal MF\" \/>\n\t<meta name=\"twitter:label2\" content=\"Est. tempo de leitura\" \/>\n\t<meta name=\"twitter:data2\" content=\"3 minutos\" \/>\n<script type=\"application\/ld+json\" class=\"yoast-schema-graph\">{\"@context\":\"https:\/\/schema.org\",\"@graph\":[{\"@type\":\"WebPage\",\"@id\":\"https:\/\/portalmf.com.br\/index.php\/2024\/03\/06\/bahia-recebe-as-primeiras-doses-da-vacina-contra-influenza-saiba-quem-pode-ser-vacinado\/\",\"url\":\"https:\/\/portalmf.com.br\/index.php\/2024\/03\/06\/bahia-recebe-as-primeiras-doses-da-vacina-contra-influenza-saiba-quem-pode-ser-vacinado\/\",\"name\":\"Bahia recebe as primeiras doses da vacina contra influenza; saiba quem pode ser vacinado - Portal MF\",\"isPartOf\":{\"@id\":\"https:\/\/portalmf.com.br\/#website\"},\"primaryImageOfPage\":{\"@id\":\"https:\/\/portalmf.com.br\/index.php\/2024\/03\/06\/bahia-recebe-as-primeiras-doses-da-vacina-contra-influenza-saiba-quem-pode-ser-vacinado\/#primaryimage\"},\"image\":{\"@id\":\"https:\/\/portalmf.com.br\/index.php\/2024\/03\/06\/bahia-recebe-as-primeiras-doses-da-vacina-contra-influenza-saiba-quem-pode-ser-vacinado\/#primaryimage\"},\"thumbnailUrl\":\"https:\/\/portalmf.com.br\/wp-content\/uploads\/2023\/05\/VACINA_DIVULGACAO.jpg\",\"datePublished\":\"2024-03-06T19:46:10+00:00\",\"dateModified\":\"2024-03-08T19:47:11+00:00\",\"author\":{\"@id\":\"https:\/\/portalmf.com.br\/#\/schema\/person\/9ec101baf56233e53520c26de5d6f6f0\"},\"breadcrumb\":{\"@id\":\"https:\/\/portalmf.com.br\/index.php\/2024\/03\/06\/bahia-recebe-as-primeiras-doses-da-vacina-contra-influenza-saiba-quem-pode-ser-vacinado\/#breadcrumb\"},\"inLanguage\":\"pt-BR\",\"potentialAction\":[{\"@type\":\"ReadAction\",\"target\":[\"https:\/\/portalmf.com.br\/index.php\/2024\/03\/06\/bahia-recebe-as-primeiras-doses-da-vacina-contra-influenza-saiba-quem-pode-ser-vacinado\/\"]}]},{\"@type\":\"ImageObject\",\"inLanguage\":\"pt-BR\",\"@id\":\"https:\/\/portalmf.com.br\/index.php\/2024\/03\/06\/bahia-recebe-as-primeiras-doses-da-vacina-contra-influenza-saiba-quem-pode-ser-vacinado\/#primaryimage\",\"url\":\"https:\/\/portalmf.com.br\/wp-content\/uploads\/2023\/05\/VACINA_DIVULGACAO.jpg\",\"contentUrl\":\"https:\/\/portalmf.com.br\/wp-content\/uploads\/2023\/05\/VACINA_DIVULGACAO.jpg\",\"width\":2560,\"height\":1652},{\"@type\":\"BreadcrumbList\",\"@id\":\"https:\/\/portalmf.com.br\/index.php\/2024\/03\/06\/bahia-recebe-as-primeiras-doses-da-vacina-contra-influenza-saiba-quem-pode-ser-vacinado\/#breadcrumb\",\"itemListElement\":[{\"@type\":\"ListItem\",\"position\":1,\"name\":\"In\u00edcio\",\"item\":\"https:\/\/portalmf.com.br\/\"},{\"@type\":\"ListItem\",\"position\":2,\"name\":\"Bahia recebe as primeiras doses da vacina contra influenza; saiba quem pode ser vacinado\"}]},{\"@type\":\"WebSite\",\"@id\":\"https:\/\/portalmf.com.br\/#website\",\"url\":\"https:\/\/portalmf.com.br\/\",\"name\":\"Portal MF\",\"description\":\"Voc\u00ea conectado com a informa\u00e7\u00e3o\",\"potentialAction\":[{\"@type\":\"SearchAction\",\"target\":{\"@type\":\"EntryPoint\",\"urlTemplate\":\"https:\/\/portalmf.com.br\/?s={search_term_string}\"},\"query-input\":\"required name=search_term_string\"}],\"inLanguage\":\"pt-BR\"},{\"@type\":\"Person\",\"@id\":\"https:\/\/portalmf.com.br\/#\/schema\/person\/9ec101baf56233e53520c26de5d6f6f0\",\"name\":\"Reda\u00e7\u00e3o Portal MF\",\"image\":{\"@type\":\"ImageObject\",\"inLanguage\":\"pt-BR\",\"@id\":\"https:\/\/portalmf.com.br\/#\/schema\/person\/image\/\",\"url\":\"https:\/\/secure.gravatar.com\/avatar\/41b9aaeb2100835f7c64362330f74c7f?s=96&d=mm&r=g\",\"contentUrl\":\"https:\/\/secure.gravatar.com\/avatar\/41b9aaeb2100835f7c64362330f74c7f?s=96&d=mm&r=g\",\"caption\":\"Reda\u00e7\u00e3o Portal MF\"},\"description\":\"Sejam bem-vindos o portal de informa\u00e7\u00f5es de entretenimento de Feira de Santana, desde 2006 realiza coberturas dos principais eventos com entrevistas exclusivas com as principais personalidades mundiais. Fique conectado tamb\u00e9m nas redes sociais.\",\"sameAs\":[\"http:\/\/www.portalmf.com.br\/\",\"https:\/\/www.facebook.com\/portalmfoficial\",\"https:\/\/www.instagram.com\/portalmf\/\",\"https:\/\/x.com\/https:\/\/x.com\/portalmfoficial\",\"https:\/\/www.youtube.com\/@portalmfoficial\"],\"url\":\"https:\/\/portalmf.com.br\/index.php\/author\/junior\/\"}]}<\/script>\n<!-- \/ Yoast SEO plugin. -->","yoast_head_json":{"title":"Bahia recebe as primeiras doses da vacina contra influenza; saiba quem pode ser vacinado - Portal MF","robots":{"index":"index","follow":"follow","max-snippet":"max-snippet:-1","max-image-preview":"max-image-preview:large","max-video-preview":"max-video-preview:-1"},"canonical":"https:\/\/portalmf.com.br\/index.php\/2024\/03\/06\/bahia-recebe-as-primeiras-doses-da-vacina-contra-influenza-saiba-quem-pode-ser-vacinado\/","og_locale":"pt_BR","og_type":"article","og_title":"Bahia recebe as primeiras doses da vacina contra influenza; saiba quem pode ser vacinado - Portal MF","og_description":"A Bahia recebeu, nesta quarta-feira (6), os primeiros lotes da vacina contra o v\u00edrus da Influenza. Neste primeiro momento, o Minist\u00e9rio da Sa\u00fade vai destinar cerca de 1,5 milh\u00e3o de doses que v\u00e3o contemplar os 417 munic\u00edpios baianos. As doses ser\u00e3o distribu\u00eddas de acordo com crit\u00e9rios populacionais, considerando os grupos a serem imunizados. Segundo defini\u00e7\u00e3o [&hellip;]","og_url":"https:\/\/portalmf.com.br\/index.php\/2024\/03\/06\/bahia-recebe-as-primeiras-doses-da-vacina-contra-influenza-saiba-quem-pode-ser-vacinado\/","og_site_name":"Portal MF","article_author":"https:\/\/www.facebook.com\/portalmfoficial","article_published_time":"2024-03-06T19:46:10+00:00","article_modified_time":"2024-03-08T19:47:11+00:00","og_image":[{"width":2560,"height":1652,"url":"https:\/\/portalmf.com.br\/wp-content\/uploads\/2023\/05\/VACINA_DIVULGACAO.jpg","type":"image\/jpeg"}],"author":"Reda\u00e7\u00e3o Portal MF","twitter_card":"summary_large_image","twitter_creator":"@https:\/\/x.com\/portalmfoficial","twitter_misc":{"Escrito por":"Reda\u00e7\u00e3o Portal MF","Est. tempo de leitura":"3 minutos"},"schema":{"@context":"https:\/\/schema.org","@graph":[{"@type":"WebPage","@id":"https:\/\/portalmf.com.br\/index.php\/2024\/03\/06\/bahia-recebe-as-primeiras-doses-da-vacina-contra-influenza-saiba-quem-pode-ser-vacinado\/","url":"https:\/\/portalmf.com.br\/index.php\/2024\/03\/06\/bahia-recebe-as-primeiras-doses-da-vacina-contra-influenza-saiba-quem-pode-ser-vacinado\/","name":"Bahia recebe as primeiras doses da vacina contra influenza; saiba quem pode ser vacinado - Portal MF","isPartOf":{"@id":"https:\/\/portalmf.com.br\/#website"},"primaryImageOfPage":{"@id":"https:\/\/portalmf.com.br\/index.php\/2024\/03\/06\/bahia-recebe-as-primeiras-doses-da-vacina-contra-influenza-saiba-quem-pode-ser-vacinado\/#primaryimage"},"image":{"@id":"https:\/\/portalmf.com.br\/index.php\/2024\/03\/06\/bahia-recebe-as-primeiras-doses-da-vacina-contra-influenza-saiba-quem-pode-ser-vacinado\/#primaryimage"},"thumbnailUrl":"https:\/\/portalmf.com.br\/wp-content\/uploads\/2023\/05\/VACINA_DIVULGACAO.jpg","datePublished":"2024-03-06T19:46:10+00:00","dateModified":"2024-03-08T19:47:11+00:00","author":{"@id":"https:\/\/portalmf.com.br\/#\/schema\/person\/9ec101baf56233e53520c26de5d6f6f0"},"breadcrumb":{"@id":"https:\/\/portalmf.com.br\/index.php\/2024\/03\/06\/bahia-recebe-as-primeiras-doses-da-vacina-contra-influenza-saiba-quem-pode-ser-vacinado\/#breadcrumb"},"inLanguage":"pt-BR","potentialAction":[{"@type":"ReadAction","target":["https:\/\/portalmf.com.br\/index.php\/2024\/03\/06\/bahia-recebe-as-primeiras-doses-da-vacina-contra-influenza-saiba-quem-pode-ser-vacinado\/"]}]},{"@type":"ImageObject","inLanguage":"pt-BR","@id":"https:\/\/portalmf.com.br\/index.php\/2024\/03\/06\/bahia-recebe-as-primeiras-doses-da-vacina-contra-influenza-saiba-quem-pode-ser-vacinado\/#primaryimage","url":"https:\/\/portalmf.com.br\/wp-content\/uploads\/2023\/05\/VACINA_DIVULGACAO.jpg","contentUrl":"https:\/\/portalmf.com.br\/wp-content\/uploads\/2023\/05\/VACINA_DIVULGACAO.jpg","width":2560,"height":1652},{"@type":"BreadcrumbList","@id":"https:\/\/portalmf.com.br\/index.php\/2024\/03\/06\/bahia-recebe-as-primeiras-doses-da-vacina-contra-influenza-saiba-quem-pode-ser-vacinado\/#breadcrumb","itemListElement":[{"@type":"ListItem","position":1,"name":"In\u00edcio","item":"https:\/\/portalmf.com.br\/"},{"@type":"ListItem","position":2,"name":"Bahia recebe as primeiras doses da vacina contra influenza; saiba quem pode ser vacinado"}]},{"@type":"WebSite","@id":"https:\/\/portalmf.com.br\/#website","url":"https:\/\/portalmf.com.br\/","name":"Portal MF","description":"Voc\u00ea conectado com a informa\u00e7\u00e3o","potentialAction":[{"@type":"SearchAction","target":{"@type":"EntryPoint","urlTemplate":"https:\/\/portalmf.com.br\/?s={search_term_string}"},"query-input":"required name=search_term_string"}],"inLanguage":"pt-BR"},{"@type":"Person","@id":"https:\/\/portalmf.com.br\/#\/schema\/person\/9ec101baf56233e53520c26de5d6f6f0","name":"Reda\u00e7\u00e3o Portal MF","image":{"@type":"ImageObject","inLanguage":"pt-BR","@id":"https:\/\/portalmf.com.br\/#\/schema\/person\/image\/","url":"https:\/\/secure.gravatar.com\/avatar\/41b9aaeb2100835f7c64362330f74c7f?s=96&d=mm&r=g","contentUrl":"https:\/\/secure.gravatar.com\/avatar\/41b9aaeb2100835f7c64362330f74c7f?s=96&d=mm&r=g","caption":"Reda\u00e7\u00e3o Portal MF"},"description":"Sejam bem-vindos o portal de informa\u00e7\u00f5es de entretenimento de Feira de Santana, desde 2006 realiza coberturas dos principais eventos com entrevistas exclusivas com as principais personalidades mundiais. Fique conectado tamb\u00e9m nas redes sociais.","sameAs":["http:\/\/www.portalmf.com.br\/","https:\/\/www.facebook.com\/portalmfoficial","https:\/\/www.instagram.com\/portalmf\/","https:\/\/x.com\/https:\/\/x.com\/portalmfoficial","https:\/\/www.youtube.com\/@portalmfoficial"],"url":"https:\/\/portalmf.com.br\/index.php\/author\/junior\/"}]}},"_links":{"self":[{"href":"https:\/\/portalmf.com.br\/index.php\/wp-json\/wp\/v2\/posts\/24632"}],"collection":[{"href":"https:\/\/portalmf.com.br\/index.php\/wp-json\/wp\/v2\/posts"}],"about":[{"href":"https:\/\/portalmf.com.br\/index.php\/wp-json\/wp\/v2\/types\/post"}],"author":[{"embeddable":true,"href":"https:\/\/portalmf.com.br\/index.php\/wp-json\/wp\/v2\/users\/3"}],"replies":[{"embeddable":true,"href":"https:\/\/portalmf.com.br\/index.php\/wp-json\/wp\/v2\/comments?post=24632"}],"version-history":[{"count":1,"href":"https:\/\/portalmf.com.br\/index.php\/wp-json\/wp\/v2\/posts\/24632\/revisions"}],"predecessor-version":[{"id":24633,"href":"https:\/\/portalmf.com.br\/index.php\/wp-json\/wp\/v2\/posts\/24632\/revisions\/24633"}],"wp:featuredmedia":[{"embeddable":true,"href":"https:\/\/portalmf.com.br\/index.php\/wp-json\/wp\/v2\/media\/11524"}],"wp:attachment":[{"href":"https:\/\/portalmf.com.br\/index.php\/wp-json\/wp\/v2\/media?parent=24632"}],"wp:term":[{"taxonomy":"category","embeddable":true,"href":"https:\/\/portalmf.com.br\/index.php\/wp-json\/wp\/v2\/categories?post=24632"},{"taxonomy":"post_tag","embeddable":true,"href":"https:\/\/portalmf.com.br\/index.php\/wp-json\/wp\/v2\/tags?post=24632"}],"curies":[{"name":"wp","href":"https:\/\/api.w.org\/{rel}","templated":true}]}}