{"id":24630,"date":"2024-03-08T08:45:00","date_gmt":"2024-03-08T11:45:00","guid":{"rendered":"https:\/\/portalmf.com.br\/?p=24630"},"modified":"2024-03-08T16:45:43","modified_gmt":"2024-03-08T19:45:43","slug":"governo-baiano-promoveu-748-professores-de-universidades-estaduais-em-2023","status":"publish","type":"post","link":"https:\/\/portalmf.com.br\/index.php\/2024\/03\/08\/governo-baiano-promoveu-748-professores-de-universidades-estaduais-em-2023\/","title":{"rendered":"Governo baiano promoveu 748 professores de universidades estaduais em 2023"},"content":{"rendered":"\n<p>O Governo do Estado concedeu 748 promo\u00e7\u00f5es a professores das universidades estaduais (Uneb, Uesf, Uesb e Uesc), no ano de 2023. Os avan\u00e7os na carreira resultaram em ganhos m\u00e9dios variando entre R$ 7,83% e 9,69% para os docentes do magist\u00e9rio superior, dependendo do cargo. As medidas geraram um impacto econ\u00f4mico de R$ 10,4 milh\u00f5es para os cofres p\u00fablicos em 2023 e de R$ 17,1 milh\u00f5es em 2024.<\/p>\n\n\n\n<p>A pol\u00edtica de RH do Estado fica a cargo da Superintend\u00eancia de Recursos Humanos, subordinada \u00e0 Secretaria da Administra\u00e7\u00e3o do Estado (Saeb). \u201cA quantidade de promo\u00e7\u00f5es de docentes do magist\u00e9rio superior foi poss\u00edvel pela publica\u00e7\u00e3o da Lei 14.565, editada pelo Governador Jer\u00f4nimo Rodrigues, em maio de 2023, que remanejou o quadro de vagas e permitiu promover mais profissionais da educa\u00e7\u00e3o\u201d, explica Edelvino G\u00f3es, secret\u00e1rio da Administra\u00e7\u00e3o.<\/p>\n\n\n\n<p>No ano passado, as promo\u00e7\u00f5es contemplaram professores assistentes, adjuntos e titulares, integrantes das quatro universidades p\u00fablicas estaduais: Universidade do Estado da Bahia (Uneb); Universidade Estadual de Santa Cruz (Uesc); Universidade Estadual do Sudoeste da Bahia (Uesb); Universidade Estadual de Feira de Santana (Uefs).<\/p>\n\n\n\n<p>Apesar dos avan\u00e7os terem beneficiado todos os cargos do magist\u00e9rio superior, 90% das promo\u00e7\u00f5es foram concentradas nos cargos mais altos da carreira (professor adjunto, titular e pleno), que exigem maior n\u00edvel de gradua\u00e7\u00e3o (doutorado) e possuem maiores remunera\u00e7\u00f5es.<\/p>\n\n\n\n<p>Para se ter uma ideia do resultado das promo\u00e7\u00f5es nas carreiras, podemos comparar o cargo de professor assistente n\u00edvel B, com dedica\u00e7\u00e3o exclusiva \u00e0 Universidade, que com a promo\u00e7\u00e3o obteve 7,83% de ganho, passando para o cargo de professor adjunto A, tamb\u00e9m com dedica\u00e7\u00e3o exclusiva. No caso de professor adjunto B (dedica\u00e7\u00e3o exclusiva), que foi promovido para professor titular A (DE), o ganho foi de 9,69%.<\/p>\n\n\n\n<p>A Uneb teve um total de 381 professores promovidos, enquanto a Uesb contabilizou 163 promo\u00e7\u00f5es. Em seguida ficou a Uesc com 120 docentes promovidos e a Uefs com 84.&nbsp; A lei que remanejou as vagas nas universidades estaduais e permitiu um maior n\u00famero de promo\u00e7\u00f5es de professores foi publicada junto com um pacote de medidas, editadas em 2023, contendo uma s\u00e9rie de benef\u00edcios para o funcionalismo p\u00fablico estadual, em diversas \u00e1reas.<\/p>\n\n\n\n<p>De acordo com a secret\u00e1ria da Educa\u00e7\u00e3o do Estado, Ad\u00e9lia Pinheiro, o Governo do Estado tem feito um grande investimento para fortalecer as universidades e garantir que mais pessoas tenham acesso \u00e0 Educa\u00e7\u00e3o Superior na Bahia. \u201cUm exemplo disso \u00e9 a valoriza\u00e7\u00e3o do Magist\u00e9rio Superior, n\u00e3o s\u00f3 com a promo\u00e7\u00e3o dos docentes, mas com reajustes diferenciados para a categoria e a contrata\u00e7\u00e3o de novos profissionais, autorizada pelo governador em outubro do ano passado. Esse \u00e9 o resultado do trabalho de quem reconhece a import\u00e2ncia da universidade como elemento fundamental para o \u00eaxito do processo transformador que \u00e9 a Educa\u00e7\u00e3o\u201d, destaca.<\/p>\n\n\n\n<p>Outras medidas &#8211; O pacote de a\u00e7\u00f5es do Governo para os servidores p\u00fablicos estaduais, em maio de 2023, concedeu reajuste geral de 4% para todos os trabalhadores da administra\u00e7\u00e3o direta e indireta, al\u00e9m de mudan\u00e7as no regramento para contemplar diversas categorias com acr\u00e9scimos salariais. No caso dos professores universit\u00e1rios, al\u00e9m de reajuste linear de 4%, os docentes tamb\u00e9m foram contemplados com o reajuste complementar de 2,53% e com acr\u00e9scimos de 0,73% a 2,52%; estes \u00faltimos, como consequ\u00eancia da recomposi\u00e7\u00e3o dos interst\u00edcios (varia\u00e7\u00f5es percentuais) entre as classes da carreira do Magist\u00e9rio Superior.<\/p>\n\n\n\n<p>O pacote de a\u00e7\u00f5es para os servidores estaduais tamb\u00e9m contemplou iniciativas como a aplica\u00e7\u00e3o do Piso Nacional da Educa\u00e7\u00e3o \u2013 que resultou, juntamente com o reajuste linear, em um incremento de 14,82% para as carreiras do Magist\u00e9rio do Ensino M\u00e9dio e Fundamental, al\u00e9m de reestrutura\u00e7\u00f5es e promo\u00e7\u00f5es para profissionais do Magist\u00e9rio, Sa\u00fade e Seguran\u00e7a P\u00fablica.<\/p>\n\n\n\n<p>As medidas geraram um impacto econ\u00f4mico estimado em mais de R$ 1,3 bilh\u00e3o para os cofres p\u00fablicos em 2023, sendo que s\u00f3 o reajuste linear custou, no ano passado, cerca de R$ 773 milh\u00f5es. As mudan\u00e7as repercutiram no pagamento do funcionalismo do m\u00eas de maio de 2023, sendo que o reajuste linear foi efetuado com valores retroativos a fevereiro daquele ano, al\u00e9m da aplica\u00e7\u00e3o do piso da Educa\u00e7\u00e3o B\u00e1sica pago integralmente a partir de julho do ano.<\/p>\n","protected":false},"excerpt":{"rendered":"<p>O Governo do Estado concedeu 748 promo\u00e7\u00f5es a professores das universidades estaduais (Uneb, Uesf, Uesb e Uesc), no ano de 2023. Os avan\u00e7os na carreira resultaram em ganhos m\u00e9dios variando entre R$ 7,83% e 9,69% para os docentes do magist\u00e9rio superior, dependendo do cargo. As medidas geraram um impacto econ\u00f4mico de R$ 10,4 milh\u00f5es para [&hellip;]<\/p>\n","protected":false},"author":3,"featured_media":12689,"comment_status":"open","ping_status":"open","sticky":false,"template":"","format":"standard","meta":{"_monsterinsights_skip_tracking":false,"_monsterinsights_sitenote_active":false,"_monsterinsights_sitenote_note":"","_monsterinsights_sitenote_category":0,"footnotes":""},"categories":[34],"tags":[],"yoast_head":"<!-- This site is optimized with the Yoast SEO plugin v22.9 - https:\/\/yoast.com\/wordpress\/plugins\/seo\/ -->\n<title>Governo baiano promoveu 748 professores de universidades estaduais em 2023 - Portal MF<\/title>\n<meta name=\"robots\" content=\"index, follow, max-snippet:-1, max-image-preview:large, max-video-preview:-1\" \/>\n<link rel=\"canonical\" href=\"https:\/\/portalmf.com.br\/index.php\/2024\/03\/08\/governo-baiano-promoveu-748-professores-de-universidades-estaduais-em-2023\/\" \/>\n<meta property=\"og:locale\" content=\"pt_BR\" \/>\n<meta property=\"og:type\" content=\"article\" \/>\n<meta property=\"og:title\" content=\"Governo baiano promoveu 748 professores de universidades estaduais em 2023 - Portal MF\" \/>\n<meta property=\"og:description\" content=\"O Governo do Estado concedeu 748 promo\u00e7\u00f5es a professores das universidades estaduais (Uneb, Uesf, Uesb e Uesc), no ano de 2023. Os avan\u00e7os na carreira resultaram em ganhos m\u00e9dios variando entre R$ 7,83% e 9,69% para os docentes do magist\u00e9rio superior, dependendo do cargo. As medidas geraram um impacto econ\u00f4mico de R$ 10,4 milh\u00f5es para [&hellip;]\" \/>\n<meta property=\"og:url\" content=\"https:\/\/portalmf.com.br\/index.php\/2024\/03\/08\/governo-baiano-promoveu-748-professores-de-universidades-estaduais-em-2023\/\" \/>\n<meta property=\"og:site_name\" content=\"Portal MF\" \/>\n<meta property=\"article:author\" content=\"https:\/\/www.facebook.com\/portalmfoficial\" \/>\n<meta property=\"article:published_time\" content=\"2024-03-08T11:45:00+00:00\" \/>\n<meta property=\"article:modified_time\" content=\"2024-03-08T19:45:43+00:00\" \/>\n<meta property=\"og:image\" content=\"https:\/\/portalmf.com.br\/wp-content\/uploads\/2023\/06\/Estado-convoca-mais-118-professores-para-Educacao-Basica-Profissional-e-Indigena-Foto-Claudionor-Junior.jpg\" \/>\n\t<meta property=\"og:image:width\" content=\"1200\" \/>\n\t<meta property=\"og:image:height\" content=\"800\" \/>\n\t<meta property=\"og:image:type\" content=\"image\/jpeg\" \/>\n<meta name=\"author\" content=\"Reda\u00e7\u00e3o Portal MF\" \/>\n<meta name=\"twitter:card\" content=\"summary_large_image\" \/>\n<meta name=\"twitter:creator\" content=\"@https:\/\/x.com\/portalmfoficial\" \/>\n<meta name=\"twitter:label1\" content=\"Escrito por\" \/>\n\t<meta name=\"twitter:data1\" content=\"Reda\u00e7\u00e3o Portal MF\" \/>\n\t<meta name=\"twitter:label2\" content=\"Est. tempo de leitura\" \/>\n\t<meta name=\"twitter:data2\" content=\"4 minutos\" \/>\n<script type=\"application\/ld+json\" class=\"yoast-schema-graph\">{\"@context\":\"https:\/\/schema.org\",\"@graph\":[{\"@type\":\"WebPage\",\"@id\":\"https:\/\/portalmf.com.br\/index.php\/2024\/03\/08\/governo-baiano-promoveu-748-professores-de-universidades-estaduais-em-2023\/\",\"url\":\"https:\/\/portalmf.com.br\/index.php\/2024\/03\/08\/governo-baiano-promoveu-748-professores-de-universidades-estaduais-em-2023\/\",\"name\":\"Governo baiano promoveu 748 professores de universidades estaduais em 2023 - Portal MF\",\"isPartOf\":{\"@id\":\"https:\/\/portalmf.com.br\/#website\"},\"primaryImageOfPage\":{\"@id\":\"https:\/\/portalmf.com.br\/index.php\/2024\/03\/08\/governo-baiano-promoveu-748-professores-de-universidades-estaduais-em-2023\/#primaryimage\"},\"image\":{\"@id\":\"https:\/\/portalmf.com.br\/index.php\/2024\/03\/08\/governo-baiano-promoveu-748-professores-de-universidades-estaduais-em-2023\/#primaryimage\"},\"thumbnailUrl\":\"https:\/\/portalmf.com.br\/wp-content\/uploads\/2023\/06\/Estado-convoca-mais-118-professores-para-Educacao-Basica-Profissional-e-Indigena-Foto-Claudionor-Junior.jpg\",\"datePublished\":\"2024-03-08T11:45:00+00:00\",\"dateModified\":\"2024-03-08T19:45:43+00:00\",\"author\":{\"@id\":\"https:\/\/portalmf.com.br\/#\/schema\/person\/9ec101baf56233e53520c26de5d6f6f0\"},\"breadcrumb\":{\"@id\":\"https:\/\/portalmf.com.br\/index.php\/2024\/03\/08\/governo-baiano-promoveu-748-professores-de-universidades-estaduais-em-2023\/#breadcrumb\"},\"inLanguage\":\"pt-BR\",\"potentialAction\":[{\"@type\":\"ReadAction\",\"target\":[\"https:\/\/portalmf.com.br\/index.php\/2024\/03\/08\/governo-baiano-promoveu-748-professores-de-universidades-estaduais-em-2023\/\"]}]},{\"@type\":\"ImageObject\",\"inLanguage\":\"pt-BR\",\"@id\":\"https:\/\/portalmf.com.br\/index.php\/2024\/03\/08\/governo-baiano-promoveu-748-professores-de-universidades-estaduais-em-2023\/#primaryimage\",\"url\":\"https:\/\/portalmf.com.br\/wp-content\/uploads\/2023\/06\/Estado-convoca-mais-118-professores-para-Educacao-Basica-Profissional-e-Indigena-Foto-Claudionor-Junior.jpg\",\"contentUrl\":\"https:\/\/portalmf.com.br\/wp-content\/uploads\/2023\/06\/Estado-convoca-mais-118-professores-para-Educacao-Basica-Profissional-e-Indigena-Foto-Claudionor-Junior.jpg\",\"width\":1200,\"height\":800,\"caption\":\"Foto: Claudionor Junior\"},{\"@type\":\"BreadcrumbList\",\"@id\":\"https:\/\/portalmf.com.br\/index.php\/2024\/03\/08\/governo-baiano-promoveu-748-professores-de-universidades-estaduais-em-2023\/#breadcrumb\",\"itemListElement\":[{\"@type\":\"ListItem\",\"position\":1,\"name\":\"In\u00edcio\",\"item\":\"https:\/\/portalmf.com.br\/\"},{\"@type\":\"ListItem\",\"position\":2,\"name\":\"Governo baiano promoveu 748 professores de universidades estaduais em 2023\"}]},{\"@type\":\"WebSite\",\"@id\":\"https:\/\/portalmf.com.br\/#website\",\"url\":\"https:\/\/portalmf.com.br\/\",\"name\":\"Portal MF\",\"description\":\"Voc\u00ea conectado com a informa\u00e7\u00e3o\",\"potentialAction\":[{\"@type\":\"SearchAction\",\"target\":{\"@type\":\"EntryPoint\",\"urlTemplate\":\"https:\/\/portalmf.com.br\/?s={search_term_string}\"},\"query-input\":\"required name=search_term_string\"}],\"inLanguage\":\"pt-BR\"},{\"@type\":\"Person\",\"@id\":\"https:\/\/portalmf.com.br\/#\/schema\/person\/9ec101baf56233e53520c26de5d6f6f0\",\"name\":\"Reda\u00e7\u00e3o Portal MF\",\"image\":{\"@type\":\"ImageObject\",\"inLanguage\":\"pt-BR\",\"@id\":\"https:\/\/portalmf.com.br\/#\/schema\/person\/image\/\",\"url\":\"https:\/\/secure.gravatar.com\/avatar\/41b9aaeb2100835f7c64362330f74c7f?s=96&d=mm&r=g\",\"contentUrl\":\"https:\/\/secure.gravatar.com\/avatar\/41b9aaeb2100835f7c64362330f74c7f?s=96&d=mm&r=g\",\"caption\":\"Reda\u00e7\u00e3o Portal MF\"},\"description\":\"Sejam bem-vindos o portal de informa\u00e7\u00f5es de entretenimento de Feira de Santana, desde 2006 realiza coberturas dos principais eventos com entrevistas exclusivas com as principais personalidades mundiais. Fique conectado tamb\u00e9m nas redes sociais.\",\"sameAs\":[\"http:\/\/www.portalmf.com.br\/\",\"https:\/\/www.facebook.com\/portalmfoficial\",\"https:\/\/www.instagram.com\/portalmf\/\",\"https:\/\/x.com\/https:\/\/x.com\/portalmfoficial\",\"https:\/\/www.youtube.com\/@portalmfoficial\"],\"url\":\"https:\/\/portalmf.com.br\/index.php\/author\/junior\/\"}]}<\/script>\n<!-- \/ Yoast SEO plugin. -->","yoast_head_json":{"title":"Governo baiano promoveu 748 professores de universidades estaduais em 2023 - Portal MF","robots":{"index":"index","follow":"follow","max-snippet":"max-snippet:-1","max-image-preview":"max-image-preview:large","max-video-preview":"max-video-preview:-1"},"canonical":"https:\/\/portalmf.com.br\/index.php\/2024\/03\/08\/governo-baiano-promoveu-748-professores-de-universidades-estaduais-em-2023\/","og_locale":"pt_BR","og_type":"article","og_title":"Governo baiano promoveu 748 professores de universidades estaduais em 2023 - Portal MF","og_description":"O Governo do Estado concedeu 748 promo\u00e7\u00f5es a professores das universidades estaduais (Uneb, Uesf, Uesb e Uesc), no ano de 2023. Os avan\u00e7os na carreira resultaram em ganhos m\u00e9dios variando entre R$ 7,83% e 9,69% para os docentes do magist\u00e9rio superior, dependendo do cargo. As medidas geraram um impacto econ\u00f4mico de R$ 10,4 milh\u00f5es para [&hellip;]","og_url":"https:\/\/portalmf.com.br\/index.php\/2024\/03\/08\/governo-baiano-promoveu-748-professores-de-universidades-estaduais-em-2023\/","og_site_name":"Portal MF","article_author":"https:\/\/www.facebook.com\/portalmfoficial","article_published_time":"2024-03-08T11:45:00+00:00","article_modified_time":"2024-03-08T19:45:43+00:00","og_image":[{"width":1200,"height":800,"url":"https:\/\/portalmf.com.br\/wp-content\/uploads\/2023\/06\/Estado-convoca-mais-118-professores-para-Educacao-Basica-Profissional-e-Indigena-Foto-Claudionor-Junior.jpg","type":"image\/jpeg"}],"author":"Reda\u00e7\u00e3o Portal MF","twitter_card":"summary_large_image","twitter_creator":"@https:\/\/x.com\/portalmfoficial","twitter_misc":{"Escrito por":"Reda\u00e7\u00e3o Portal MF","Est. tempo de leitura":"4 minutos"},"schema":{"@context":"https:\/\/schema.org","@graph":[{"@type":"WebPage","@id":"https:\/\/portalmf.com.br\/index.php\/2024\/03\/08\/governo-baiano-promoveu-748-professores-de-universidades-estaduais-em-2023\/","url":"https:\/\/portalmf.com.br\/index.php\/2024\/03\/08\/governo-baiano-promoveu-748-professores-de-universidades-estaduais-em-2023\/","name":"Governo baiano promoveu 748 professores de universidades estaduais em 2023 - Portal MF","isPartOf":{"@id":"https:\/\/portalmf.com.br\/#website"},"primaryImageOfPage":{"@id":"https:\/\/portalmf.com.br\/index.php\/2024\/03\/08\/governo-baiano-promoveu-748-professores-de-universidades-estaduais-em-2023\/#primaryimage"},"image":{"@id":"https:\/\/portalmf.com.br\/index.php\/2024\/03\/08\/governo-baiano-promoveu-748-professores-de-universidades-estaduais-em-2023\/#primaryimage"},"thumbnailUrl":"https:\/\/portalmf.com.br\/wp-content\/uploads\/2023\/06\/Estado-convoca-mais-118-professores-para-Educacao-Basica-Profissional-e-Indigena-Foto-Claudionor-Junior.jpg","datePublished":"2024-03-08T11:45:00+00:00","dateModified":"2024-03-08T19:45:43+00:00","author":{"@id":"https:\/\/portalmf.com.br\/#\/schema\/person\/9ec101baf56233e53520c26de5d6f6f0"},"breadcrumb":{"@id":"https:\/\/portalmf.com.br\/index.php\/2024\/03\/08\/governo-baiano-promoveu-748-professores-de-universidades-estaduais-em-2023\/#breadcrumb"},"inLanguage":"pt-BR","potentialAction":[{"@type":"ReadAction","target":["https:\/\/portalmf.com.br\/index.php\/2024\/03\/08\/governo-baiano-promoveu-748-professores-de-universidades-estaduais-em-2023\/"]}]},{"@type":"ImageObject","inLanguage":"pt-BR","@id":"https:\/\/portalmf.com.br\/index.php\/2024\/03\/08\/governo-baiano-promoveu-748-professores-de-universidades-estaduais-em-2023\/#primaryimage","url":"https:\/\/portalmf.com.br\/wp-content\/uploads\/2023\/06\/Estado-convoca-mais-118-professores-para-Educacao-Basica-Profissional-e-Indigena-Foto-Claudionor-Junior.jpg","contentUrl":"https:\/\/portalmf.com.br\/wp-content\/uploads\/2023\/06\/Estado-convoca-mais-118-professores-para-Educacao-Basica-Profissional-e-Indigena-Foto-Claudionor-Junior.jpg","width":1200,"height":800,"caption":"Foto: Claudionor Junior"},{"@type":"BreadcrumbList","@id":"https:\/\/portalmf.com.br\/index.php\/2024\/03\/08\/governo-baiano-promoveu-748-professores-de-universidades-estaduais-em-2023\/#breadcrumb","itemListElement":[{"@type":"ListItem","position":1,"name":"In\u00edcio","item":"https:\/\/portalmf.com.br\/"},{"@type":"ListItem","position":2,"name":"Governo baiano promoveu 748 professores de universidades estaduais em 2023"}]},{"@type":"WebSite","@id":"https:\/\/portalmf.com.br\/#website","url":"https:\/\/portalmf.com.br\/","name":"Portal MF","description":"Voc\u00ea conectado com a informa\u00e7\u00e3o","potentialAction":[{"@type":"SearchAction","target":{"@type":"EntryPoint","urlTemplate":"https:\/\/portalmf.com.br\/?s={search_term_string}"},"query-input":"required name=search_term_string"}],"inLanguage":"pt-BR"},{"@type":"Person","@id":"https:\/\/portalmf.com.br\/#\/schema\/person\/9ec101baf56233e53520c26de5d6f6f0","name":"Reda\u00e7\u00e3o Portal MF","image":{"@type":"ImageObject","inLanguage":"pt-BR","@id":"https:\/\/portalmf.com.br\/#\/schema\/person\/image\/","url":"https:\/\/secure.gravatar.com\/avatar\/41b9aaeb2100835f7c64362330f74c7f?s=96&d=mm&r=g","contentUrl":"https:\/\/secure.gravatar.com\/avatar\/41b9aaeb2100835f7c64362330f74c7f?s=96&d=mm&r=g","caption":"Reda\u00e7\u00e3o Portal MF"},"description":"Sejam bem-vindos o portal de informa\u00e7\u00f5es de entretenimento de Feira de Santana, desde 2006 realiza coberturas dos principais eventos com entrevistas exclusivas com as principais personalidades mundiais. Fique conectado tamb\u00e9m nas redes sociais.","sameAs":["http:\/\/www.portalmf.com.br\/","https:\/\/www.facebook.com\/portalmfoficial","https:\/\/www.instagram.com\/portalmf\/","https:\/\/x.com\/https:\/\/x.com\/portalmfoficial","https:\/\/www.youtube.com\/@portalmfoficial"],"url":"https:\/\/portalmf.com.br\/index.php\/author\/junior\/"}]}},"_links":{"self":[{"href":"https:\/\/portalmf.com.br\/index.php\/wp-json\/wp\/v2\/posts\/24630"}],"collection":[{"href":"https:\/\/portalmf.com.br\/index.php\/wp-json\/wp\/v2\/posts"}],"about":[{"href":"https:\/\/portalmf.com.br\/index.php\/wp-json\/wp\/v2\/types\/post"}],"author":[{"embeddable":true,"href":"https:\/\/portalmf.com.br\/index.php\/wp-json\/wp\/v2\/users\/3"}],"replies":[{"embeddable":true,"href":"https:\/\/portalmf.com.br\/index.php\/wp-json\/wp\/v2\/comments?post=24630"}],"version-history":[{"count":1,"href":"https:\/\/portalmf.com.br\/index.php\/wp-json\/wp\/v2\/posts\/24630\/revisions"}],"predecessor-version":[{"id":24631,"href":"https:\/\/portalmf.com.br\/index.php\/wp-json\/wp\/v2\/posts\/24630\/revisions\/24631"}],"wp:featuredmedia":[{"embeddable":true,"href":"https:\/\/portalmf.com.br\/index.php\/wp-json\/wp\/v2\/media\/12689"}],"wp:attachment":[{"href":"https:\/\/portalmf.com.br\/index.php\/wp-json\/wp\/v2\/media?parent=24630"}],"wp:term":[{"taxonomy":"category","embeddable":true,"href":"https:\/\/portalmf.com.br\/index.php\/wp-json\/wp\/v2\/categories?post=24630"},{"taxonomy":"post_tag","embeddable":true,"href":"https:\/\/portalmf.com.br\/index.php\/wp-json\/wp\/v2\/tags?post=24630"}],"curies":[{"name":"wp","href":"https:\/\/api.w.org\/{rel}","templated":true}]}}