{"id":24607,"date":"2024-03-08T15:11:38","date_gmt":"2024-03-08T18:11:38","guid":{"rendered":"https:\/\/portalmf.com.br\/?p=24607"},"modified":"2024-03-08T15:11:38","modified_gmt":"2024-03-08T18:11:38","slug":"ze-neto-destina-r-2-milhoes-em-emenda-para-fortalecer-atendimento-no-cleriston-andrade","status":"publish","type":"post","link":"https:\/\/portalmf.com.br\/index.php\/2024\/03\/08\/ze-neto-destina-r-2-milhoes-em-emenda-para-fortalecer-atendimento-no-cleriston-andrade\/","title":{"rendered":"Z\u00e9 Neto destina R$ 2 milh\u00f5es em emenda para fortalecer atendimento no Cl\u00e9riston Andrade"},"content":{"rendered":"\n<p>Em visita ao Hospital Geral Cl\u00e9riston Andrade (HGCA) nesta semana, o deputado federal Z\u00e9 Neto (PT) oficializou a destina\u00e7\u00e3o de R$ 2 milh\u00f5es em emenda parlamentar para a unidade de sa\u00fade, que \u00e9 a maior do interior da Bahia e refer\u00eancia de m\u00e9dia e alta complexidade na regi\u00e3o.<\/p>\n\n\n\n<p>O an\u00fancio do repasse, que contou com a presen\u00e7a da diretora geral do Cl\u00e9riston, Cristiana Fran\u00e7a, foi compartilhado em v\u00eddeo pelo parlamentar nas suas redes sociais.<\/p>\n\n\n\n<p><em>\u201cA emenda do nosso Mandato chega \u00e0 unidade, em parceria com a Secretaria de Sa\u00fade do Estado (Sesab), para suprir necessidades do hospital e colaborar no aprimoramento do atendimento para a popula\u00e7\u00e3o\u201d,<\/em> justificou.<\/p>\n\n\n\n<p>Z\u00e9 Neto destacou que<em> \u201cn\u00e3o tem faltado esfor\u00e7o do governador Jer\u00f4nimo Rodrigues e da secret\u00e1ria Roberta Santana para melhorar o atendimento da sa\u00fade na Bahia\u201d. <\/em><\/p>\n\n\n\n<p>Acrescentou ainda que <em>\u201cseu Mandato segue reafirmando esse compromisso junto \u00e0 popula\u00e7\u00e3o feirense e baiana, especialmente do Cl\u00e9riston Andrade, atrav\u00e9s da competente equipe liderada por Dra. Cristiana, a diretora m\u00e9dica H\u00e9lvia Fagundes e o diretor administrativo Caio Ferreira, essa unidade t\u00e3o importante para Feira e todo interior do estado\u201d<\/em>.<\/p>\n","protected":false},"excerpt":{"rendered":"<p>Em visita ao Hospital Geral Cl\u00e9riston Andrade (HGCA) nesta semana, o deputado federal Z\u00e9 Neto (PT) oficializou a destina\u00e7\u00e3o de R$ 2 milh\u00f5es em emenda parlamentar para a unidade de sa\u00fade, que \u00e9 a maior do interior da Bahia e refer\u00eancia de m\u00e9dia e alta complexidade na regi\u00e3o. O an\u00fancio do repasse, que contou com [&hellip;]<\/p>\n","protected":false},"author":3,"featured_media":24608,"comment_status":"open","ping_status":"open","sticky":false,"template":"","format":"standard","meta":{"_monsterinsights_skip_tracking":false,"_monsterinsights_sitenote_active":false,"_monsterinsights_sitenote_note":"","_monsterinsights_sitenote_category":0,"footnotes":""},"categories":[34],"tags":[],"yoast_head":"<!-- This site is optimized with the Yoast SEO plugin v22.9 - https:\/\/yoast.com\/wordpress\/plugins\/seo\/ -->\n<title>Z\u00e9 Neto destina R$ 2 milh\u00f5es em emenda para fortalecer atendimento no Cl\u00e9riston Andrade - Portal MF<\/title>\n<meta name=\"robots\" content=\"index, follow, max-snippet:-1, max-image-preview:large, max-video-preview:-1\" \/>\n<link rel=\"canonical\" href=\"https:\/\/portalmf.com.br\/index.php\/2024\/03\/08\/ze-neto-destina-r-2-milhoes-em-emenda-para-fortalecer-atendimento-no-cleriston-andrade\/\" \/>\n<meta property=\"og:locale\" content=\"pt_BR\" \/>\n<meta property=\"og:type\" content=\"article\" \/>\n<meta property=\"og:title\" content=\"Z\u00e9 Neto destina R$ 2 milh\u00f5es em emenda para fortalecer atendimento no Cl\u00e9riston Andrade - Portal MF\" \/>\n<meta property=\"og:description\" content=\"Em visita ao Hospital Geral Cl\u00e9riston Andrade (HGCA) nesta semana, o deputado federal Z\u00e9 Neto (PT) oficializou a destina\u00e7\u00e3o de R$ 2 milh\u00f5es em emenda parlamentar para a unidade de sa\u00fade, que \u00e9 a maior do interior da Bahia e refer\u00eancia de m\u00e9dia e alta complexidade na regi\u00e3o. O an\u00fancio do repasse, que contou com [&hellip;]\" \/>\n<meta property=\"og:url\" content=\"https:\/\/portalmf.com.br\/index.php\/2024\/03\/08\/ze-neto-destina-r-2-milhoes-em-emenda-para-fortalecer-atendimento-no-cleriston-andrade\/\" \/>\n<meta property=\"og:site_name\" content=\"Portal MF\" \/>\n<meta property=\"article:author\" content=\"https:\/\/www.facebook.com\/portalmfoficial\" \/>\n<meta property=\"article:published_time\" content=\"2024-03-08T18:11:38+00:00\" \/>\n<meta property=\"og:image\" content=\"https:\/\/portalmf.com.br\/wp-content\/uploads\/2024\/03\/Ze-Neto-destina-R-2-milhoes-em-emenda-para-fortalecer-atendimento-no-Cleriston-Andrade.jpeg\" \/>\n\t<meta property=\"og:image:width\" content=\"500\" \/>\n\t<meta property=\"og:image:height\" content=\"446\" \/>\n\t<meta property=\"og:image:type\" content=\"image\/jpeg\" \/>\n<meta name=\"author\" content=\"Reda\u00e7\u00e3o Portal MF\" \/>\n<meta name=\"twitter:card\" content=\"summary_large_image\" \/>\n<meta name=\"twitter:creator\" content=\"@https:\/\/x.com\/portalmfoficial\" \/>\n<meta name=\"twitter:label1\" content=\"Escrito por\" \/>\n\t<meta name=\"twitter:data1\" content=\"Reda\u00e7\u00e3o Portal MF\" \/>\n\t<meta name=\"twitter:label2\" content=\"Est. tempo de leitura\" \/>\n\t<meta name=\"twitter:data2\" content=\"2 minutos\" \/>\n<script type=\"application\/ld+json\" class=\"yoast-schema-graph\">{\"@context\":\"https:\/\/schema.org\",\"@graph\":[{\"@type\":\"WebPage\",\"@id\":\"https:\/\/portalmf.com.br\/index.php\/2024\/03\/08\/ze-neto-destina-r-2-milhoes-em-emenda-para-fortalecer-atendimento-no-cleriston-andrade\/\",\"url\":\"https:\/\/portalmf.com.br\/index.php\/2024\/03\/08\/ze-neto-destina-r-2-milhoes-em-emenda-para-fortalecer-atendimento-no-cleriston-andrade\/\",\"name\":\"Z\u00e9 Neto destina R$ 2 milh\u00f5es em emenda para fortalecer atendimento no Cl\u00e9riston Andrade - Portal MF\",\"isPartOf\":{\"@id\":\"https:\/\/portalmf.com.br\/#website\"},\"primaryImageOfPage\":{\"@id\":\"https:\/\/portalmf.com.br\/index.php\/2024\/03\/08\/ze-neto-destina-r-2-milhoes-em-emenda-para-fortalecer-atendimento-no-cleriston-andrade\/#primaryimage\"},\"image\":{\"@id\":\"https:\/\/portalmf.com.br\/index.php\/2024\/03\/08\/ze-neto-destina-r-2-milhoes-em-emenda-para-fortalecer-atendimento-no-cleriston-andrade\/#primaryimage\"},\"thumbnailUrl\":\"https:\/\/portalmf.com.br\/wp-content\/uploads\/2024\/03\/Ze-Neto-destina-R-2-milhoes-em-emenda-para-fortalecer-atendimento-no-Cleriston-Andrade.jpeg\",\"datePublished\":\"2024-03-08T18:11:38+00:00\",\"dateModified\":\"2024-03-08T18:11:38+00:00\",\"author\":{\"@id\":\"https:\/\/portalmf.com.br\/#\/schema\/person\/9ec101baf56233e53520c26de5d6f6f0\"},\"breadcrumb\":{\"@id\":\"https:\/\/portalmf.com.br\/index.php\/2024\/03\/08\/ze-neto-destina-r-2-milhoes-em-emenda-para-fortalecer-atendimento-no-cleriston-andrade\/#breadcrumb\"},\"inLanguage\":\"pt-BR\",\"potentialAction\":[{\"@type\":\"ReadAction\",\"target\":[\"https:\/\/portalmf.com.br\/index.php\/2024\/03\/08\/ze-neto-destina-r-2-milhoes-em-emenda-para-fortalecer-atendimento-no-cleriston-andrade\/\"]}]},{\"@type\":\"ImageObject\",\"inLanguage\":\"pt-BR\",\"@id\":\"https:\/\/portalmf.com.br\/index.php\/2024\/03\/08\/ze-neto-destina-r-2-milhoes-em-emenda-para-fortalecer-atendimento-no-cleriston-andrade\/#primaryimage\",\"url\":\"https:\/\/portalmf.com.br\/wp-content\/uploads\/2024\/03\/Ze-Neto-destina-R-2-milhoes-em-emenda-para-fortalecer-atendimento-no-Cleriston-Andrade.jpeg\",\"contentUrl\":\"https:\/\/portalmf.com.br\/wp-content\/uploads\/2024\/03\/Ze-Neto-destina-R-2-milhoes-em-emenda-para-fortalecer-atendimento-no-Cleriston-Andrade.jpeg\",\"width\":500,\"height\":446},{\"@type\":\"BreadcrumbList\",\"@id\":\"https:\/\/portalmf.com.br\/index.php\/2024\/03\/08\/ze-neto-destina-r-2-milhoes-em-emenda-para-fortalecer-atendimento-no-cleriston-andrade\/#breadcrumb\",\"itemListElement\":[{\"@type\":\"ListItem\",\"position\":1,\"name\":\"In\u00edcio\",\"item\":\"https:\/\/portalmf.com.br\/\"},{\"@type\":\"ListItem\",\"position\":2,\"name\":\"Z\u00e9 Neto destina R$ 2 milh\u00f5es em emenda para fortalecer atendimento no Cl\u00e9riston Andrade\"}]},{\"@type\":\"WebSite\",\"@id\":\"https:\/\/portalmf.com.br\/#website\",\"url\":\"https:\/\/portalmf.com.br\/\",\"name\":\"Portal MF\",\"description\":\"Voc\u00ea conectado com a informa\u00e7\u00e3o\",\"potentialAction\":[{\"@type\":\"SearchAction\",\"target\":{\"@type\":\"EntryPoint\",\"urlTemplate\":\"https:\/\/portalmf.com.br\/?s={search_term_string}\"},\"query-input\":\"required name=search_term_string\"}],\"inLanguage\":\"pt-BR\"},{\"@type\":\"Person\",\"@id\":\"https:\/\/portalmf.com.br\/#\/schema\/person\/9ec101baf56233e53520c26de5d6f6f0\",\"name\":\"Reda\u00e7\u00e3o Portal MF\",\"image\":{\"@type\":\"ImageObject\",\"inLanguage\":\"pt-BR\",\"@id\":\"https:\/\/portalmf.com.br\/#\/schema\/person\/image\/\",\"url\":\"https:\/\/secure.gravatar.com\/avatar\/41b9aaeb2100835f7c64362330f74c7f?s=96&d=mm&r=g\",\"contentUrl\":\"https:\/\/secure.gravatar.com\/avatar\/41b9aaeb2100835f7c64362330f74c7f?s=96&d=mm&r=g\",\"caption\":\"Reda\u00e7\u00e3o Portal MF\"},\"description\":\"Sejam bem-vindos o portal de informa\u00e7\u00f5es de entretenimento de Feira de Santana, desde 2006 realiza coberturas dos principais eventos com entrevistas exclusivas com as principais personalidades mundiais. Fique conectado tamb\u00e9m nas redes sociais.\",\"sameAs\":[\"http:\/\/www.portalmf.com.br\/\",\"https:\/\/www.facebook.com\/portalmfoficial\",\"https:\/\/www.instagram.com\/portalmf\/\",\"https:\/\/x.com\/https:\/\/x.com\/portalmfoficial\",\"https:\/\/www.youtube.com\/@portalmfoficial\"],\"url\":\"https:\/\/portalmf.com.br\/index.php\/author\/junior\/\"}]}<\/script>\n<!-- \/ Yoast SEO plugin. -->","yoast_head_json":{"title":"Z\u00e9 Neto destina R$ 2 milh\u00f5es em emenda para fortalecer atendimento no Cl\u00e9riston Andrade - Portal MF","robots":{"index":"index","follow":"follow","max-snippet":"max-snippet:-1","max-image-preview":"max-image-preview:large","max-video-preview":"max-video-preview:-1"},"canonical":"https:\/\/portalmf.com.br\/index.php\/2024\/03\/08\/ze-neto-destina-r-2-milhoes-em-emenda-para-fortalecer-atendimento-no-cleriston-andrade\/","og_locale":"pt_BR","og_type":"article","og_title":"Z\u00e9 Neto destina R$ 2 milh\u00f5es em emenda para fortalecer atendimento no Cl\u00e9riston Andrade - Portal MF","og_description":"Em visita ao Hospital Geral Cl\u00e9riston Andrade (HGCA) nesta semana, o deputado federal Z\u00e9 Neto (PT) oficializou a destina\u00e7\u00e3o de R$ 2 milh\u00f5es em emenda parlamentar para a unidade de sa\u00fade, que \u00e9 a maior do interior da Bahia e refer\u00eancia de m\u00e9dia e alta complexidade na regi\u00e3o. O an\u00fancio do repasse, que contou com [&hellip;]","og_url":"https:\/\/portalmf.com.br\/index.php\/2024\/03\/08\/ze-neto-destina-r-2-milhoes-em-emenda-para-fortalecer-atendimento-no-cleriston-andrade\/","og_site_name":"Portal MF","article_author":"https:\/\/www.facebook.com\/portalmfoficial","article_published_time":"2024-03-08T18:11:38+00:00","og_image":[{"width":500,"height":446,"url":"https:\/\/portalmf.com.br\/wp-content\/uploads\/2024\/03\/Ze-Neto-destina-R-2-milhoes-em-emenda-para-fortalecer-atendimento-no-Cleriston-Andrade.jpeg","type":"image\/jpeg"}],"author":"Reda\u00e7\u00e3o Portal MF","twitter_card":"summary_large_image","twitter_creator":"@https:\/\/x.com\/portalmfoficial","twitter_misc":{"Escrito por":"Reda\u00e7\u00e3o Portal MF","Est. tempo de leitura":"2 minutos"},"schema":{"@context":"https:\/\/schema.org","@graph":[{"@type":"WebPage","@id":"https:\/\/portalmf.com.br\/index.php\/2024\/03\/08\/ze-neto-destina-r-2-milhoes-em-emenda-para-fortalecer-atendimento-no-cleriston-andrade\/","url":"https:\/\/portalmf.com.br\/index.php\/2024\/03\/08\/ze-neto-destina-r-2-milhoes-em-emenda-para-fortalecer-atendimento-no-cleriston-andrade\/","name":"Z\u00e9 Neto destina R$ 2 milh\u00f5es em emenda para fortalecer atendimento no Cl\u00e9riston Andrade - Portal MF","isPartOf":{"@id":"https:\/\/portalmf.com.br\/#website"},"primaryImageOfPage":{"@id":"https:\/\/portalmf.com.br\/index.php\/2024\/03\/08\/ze-neto-destina-r-2-milhoes-em-emenda-para-fortalecer-atendimento-no-cleriston-andrade\/#primaryimage"},"image":{"@id":"https:\/\/portalmf.com.br\/index.php\/2024\/03\/08\/ze-neto-destina-r-2-milhoes-em-emenda-para-fortalecer-atendimento-no-cleriston-andrade\/#primaryimage"},"thumbnailUrl":"https:\/\/portalmf.com.br\/wp-content\/uploads\/2024\/03\/Ze-Neto-destina-R-2-milhoes-em-emenda-para-fortalecer-atendimento-no-Cleriston-Andrade.jpeg","datePublished":"2024-03-08T18:11:38+00:00","dateModified":"2024-03-08T18:11:38+00:00","author":{"@id":"https:\/\/portalmf.com.br\/#\/schema\/person\/9ec101baf56233e53520c26de5d6f6f0"},"breadcrumb":{"@id":"https:\/\/portalmf.com.br\/index.php\/2024\/03\/08\/ze-neto-destina-r-2-milhoes-em-emenda-para-fortalecer-atendimento-no-cleriston-andrade\/#breadcrumb"},"inLanguage":"pt-BR","potentialAction":[{"@type":"ReadAction","target":["https:\/\/portalmf.com.br\/index.php\/2024\/03\/08\/ze-neto-destina-r-2-milhoes-em-emenda-para-fortalecer-atendimento-no-cleriston-andrade\/"]}]},{"@type":"ImageObject","inLanguage":"pt-BR","@id":"https:\/\/portalmf.com.br\/index.php\/2024\/03\/08\/ze-neto-destina-r-2-milhoes-em-emenda-para-fortalecer-atendimento-no-cleriston-andrade\/#primaryimage","url":"https:\/\/portalmf.com.br\/wp-content\/uploads\/2024\/03\/Ze-Neto-destina-R-2-milhoes-em-emenda-para-fortalecer-atendimento-no-Cleriston-Andrade.jpeg","contentUrl":"https:\/\/portalmf.com.br\/wp-content\/uploads\/2024\/03\/Ze-Neto-destina-R-2-milhoes-em-emenda-para-fortalecer-atendimento-no-Cleriston-Andrade.jpeg","width":500,"height":446},{"@type":"BreadcrumbList","@id":"https:\/\/portalmf.com.br\/index.php\/2024\/03\/08\/ze-neto-destina-r-2-milhoes-em-emenda-para-fortalecer-atendimento-no-cleriston-andrade\/#breadcrumb","itemListElement":[{"@type":"ListItem","position":1,"name":"In\u00edcio","item":"https:\/\/portalmf.com.br\/"},{"@type":"ListItem","position":2,"name":"Z\u00e9 Neto destina R$ 2 milh\u00f5es em emenda para fortalecer atendimento no Cl\u00e9riston Andrade"}]},{"@type":"WebSite","@id":"https:\/\/portalmf.com.br\/#website","url":"https:\/\/portalmf.com.br\/","name":"Portal MF","description":"Voc\u00ea conectado com a informa\u00e7\u00e3o","potentialAction":[{"@type":"SearchAction","target":{"@type":"EntryPoint","urlTemplate":"https:\/\/portalmf.com.br\/?s={search_term_string}"},"query-input":"required name=search_term_string"}],"inLanguage":"pt-BR"},{"@type":"Person","@id":"https:\/\/portalmf.com.br\/#\/schema\/person\/9ec101baf56233e53520c26de5d6f6f0","name":"Reda\u00e7\u00e3o Portal MF","image":{"@type":"ImageObject","inLanguage":"pt-BR","@id":"https:\/\/portalmf.com.br\/#\/schema\/person\/image\/","url":"https:\/\/secure.gravatar.com\/avatar\/41b9aaeb2100835f7c64362330f74c7f?s=96&d=mm&r=g","contentUrl":"https:\/\/secure.gravatar.com\/avatar\/41b9aaeb2100835f7c64362330f74c7f?s=96&d=mm&r=g","caption":"Reda\u00e7\u00e3o Portal MF"},"description":"Sejam bem-vindos o portal de informa\u00e7\u00f5es de entretenimento de Feira de Santana, desde 2006 realiza coberturas dos principais eventos com entrevistas exclusivas com as principais personalidades mundiais. Fique conectado tamb\u00e9m nas redes sociais.","sameAs":["http:\/\/www.portalmf.com.br\/","https:\/\/www.facebook.com\/portalmfoficial","https:\/\/www.instagram.com\/portalmf\/","https:\/\/x.com\/https:\/\/x.com\/portalmfoficial","https:\/\/www.youtube.com\/@portalmfoficial"],"url":"https:\/\/portalmf.com.br\/index.php\/author\/junior\/"}]}},"_links":{"self":[{"href":"https:\/\/portalmf.com.br\/index.php\/wp-json\/wp\/v2\/posts\/24607"}],"collection":[{"href":"https:\/\/portalmf.com.br\/index.php\/wp-json\/wp\/v2\/posts"}],"about":[{"href":"https:\/\/portalmf.com.br\/index.php\/wp-json\/wp\/v2\/types\/post"}],"author":[{"embeddable":true,"href":"https:\/\/portalmf.com.br\/index.php\/wp-json\/wp\/v2\/users\/3"}],"replies":[{"embeddable":true,"href":"https:\/\/portalmf.com.br\/index.php\/wp-json\/wp\/v2\/comments?post=24607"}],"version-history":[{"count":1,"href":"https:\/\/portalmf.com.br\/index.php\/wp-json\/wp\/v2\/posts\/24607\/revisions"}],"predecessor-version":[{"id":24609,"href":"https:\/\/portalmf.com.br\/index.php\/wp-json\/wp\/v2\/posts\/24607\/revisions\/24609"}],"wp:featuredmedia":[{"embeddable":true,"href":"https:\/\/portalmf.com.br\/index.php\/wp-json\/wp\/v2\/media\/24608"}],"wp:attachment":[{"href":"https:\/\/portalmf.com.br\/index.php\/wp-json\/wp\/v2\/media?parent=24607"}],"wp:term":[{"taxonomy":"category","embeddable":true,"href":"https:\/\/portalmf.com.br\/index.php\/wp-json\/wp\/v2\/categories?post=24607"},{"taxonomy":"post_tag","embeddable":true,"href":"https:\/\/portalmf.com.br\/index.php\/wp-json\/wp\/v2\/tags?post=24607"}],"curies":[{"name":"wp","href":"https:\/\/api.w.org\/{rel}","templated":true}]}}