{"id":2460,"date":"2022-08-02T08:31:00","date_gmt":"2022-08-02T11:31:00","guid":{"rendered":"http:\/\/portalmf.com.br\/?p=2460"},"modified":"2022-08-02T17:34:32","modified_gmt":"2022-08-02T20:34:32","slug":"asas-livres-passa-a-ser-gerido-por-novo-escritorio-artistico-em-feira-de-santana","status":"publish","type":"post","link":"https:\/\/portalmf.com.br\/index.php\/2022\/08\/02\/asas-livres-passa-a-ser-gerido-por-novo-escritorio-artistico-em-feira-de-santana\/","title":{"rendered":"Asas Livres passa a ser gerido por novo escrit\u00f3rio art\u00edstico em Feira de Santana"},"content":{"rendered":"\n<p>A primeira banda de arrocha do Brasil, o grupo Asas Livres, \u00e9 o mais recente produto da RP Entretenimento &#8211; escrit\u00f3rio art\u00edstico gerenciado pelo empres\u00e1rio Rick Pimenta, com sede em Feira de Santana\/Ba.<\/p>\n\n\n\n<p>Com o lan\u00e7amento de um novo DVD (ao vivo no Maranh\u00e3o) programado para este m\u00eas de agosto, o tecladista e fundador da banda, Jailton Barbosa, deu detalhes da novidade. &#8220;Assinamos com a RP, e agora ela ficar\u00e1 respons\u00e1vel pelo nosso projeto sob gest\u00e3o art\u00edstica e de agenda. \u00c9 mais um passo na estrada do Asas.&#8221;<\/p>\n\n\n\n<p>De acordo com ele, a expectativa \u00e9 que o grupo possa circular nos principais eventos em shows pelo pa\u00eds. Atualmente, al\u00e9m de Jailton, a linha de frente da banda \u00e9 formada pelos vocalistas Cleyton Lima e Dan Matos.<\/p>\n\n\n\n<p>Asas Livres &#8211; Considerada a 1\u00aa banda de arrocha do Brasil, sob lideran\u00e7a de Jailton Barbosa, o grupo completa, em 2022, 22 anos de estrada colecionando sucessos como, &#8216;CDs &amp; Livros&#8217;, &#8216;Tudo Azul&#8217;, &#8216;Cristina&#8217;, &#8216;Perdoa&#8217;, &#8216;Alian\u00e7as&#8217;, entre outros hits.<\/p>\n","protected":false},"excerpt":{"rendered":"<p>A primeira banda de arrocha do Brasil, o grupo Asas Livres, \u00e9 o mais recente produto da RP Entretenimento &#8211; escrit\u00f3rio art\u00edstico gerenciado pelo empres\u00e1rio Rick Pimenta, com sede em Feira de Santana\/Ba. Com o lan\u00e7amento de um novo DVD (ao vivo no Maranh\u00e3o) programado para este m\u00eas de agosto, o tecladista e fundador da [&hellip;]<\/p>\n","protected":false},"author":2,"featured_media":2464,"comment_status":"open","ping_status":"open","sticky":false,"template":"","format":"standard","meta":{"_monsterinsights_skip_tracking":false,"_monsterinsights_sitenote_active":false,"_monsterinsights_sitenote_note":"","_monsterinsights_sitenote_category":0,"footnotes":""},"categories":[36],"tags":[],"yoast_head":"<!-- This site is optimized with the Yoast SEO plugin v22.9 - https:\/\/yoast.com\/wordpress\/plugins\/seo\/ -->\n<title>Asas Livres passa a ser gerido por novo escrit\u00f3rio art\u00edstico em Feira de Santana - Portal MF<\/title>\n<meta name=\"robots\" content=\"index, follow, max-snippet:-1, max-image-preview:large, max-video-preview:-1\" \/>\n<link rel=\"canonical\" href=\"https:\/\/portalmf.com.br\/index.php\/2022\/08\/02\/asas-livres-passa-a-ser-gerido-por-novo-escritorio-artistico-em-feira-de-santana\/\" \/>\n<meta property=\"og:locale\" content=\"pt_BR\" \/>\n<meta property=\"og:type\" content=\"article\" \/>\n<meta property=\"og:title\" content=\"Asas Livres passa a ser gerido por novo escrit\u00f3rio art\u00edstico em Feira de Santana - Portal MF\" \/>\n<meta property=\"og:description\" content=\"A primeira banda de arrocha do Brasil, o grupo Asas Livres, \u00e9 o mais recente produto da RP Entretenimento &#8211; escrit\u00f3rio art\u00edstico gerenciado pelo empres\u00e1rio Rick Pimenta, com sede em Feira de Santana\/Ba. Com o lan\u00e7amento de um novo DVD (ao vivo no Maranh\u00e3o) programado para este m\u00eas de agosto, o tecladista e fundador da [&hellip;]\" \/>\n<meta property=\"og:url\" content=\"https:\/\/portalmf.com.br\/index.php\/2022\/08\/02\/asas-livres-passa-a-ser-gerido-por-novo-escritorio-artistico-em-feira-de-santana\/\" \/>\n<meta property=\"og:site_name\" content=\"Portal MF\" \/>\n<meta property=\"article:author\" content=\"reginaldojrfsa\" \/>\n<meta property=\"article:published_time\" content=\"2022-08-02T11:31:00+00:00\" \/>\n<meta property=\"article:modified_time\" content=\"2022-08-02T20:34:32+00:00\" \/>\n<meta property=\"og:image\" content=\"https:\/\/portalmf.com.br\/wp-content\/uploads\/2022\/08\/ASAS-LIVRES.jpeg\" \/>\n\t<meta property=\"og:image:width\" content=\"903\" \/>\n\t<meta property=\"og:image:height\" content=\"621\" \/>\n\t<meta property=\"og:image:type\" content=\"image\/jpeg\" \/>\n<meta name=\"author\" content=\"Reginaldo J\u00fanior\" \/>\n<meta name=\"twitter:card\" content=\"summary_large_image\" \/>\n<meta name=\"twitter:creator\" content=\"@reginaldojrmf\" \/>\n<meta name=\"twitter:label1\" content=\"Escrito por\" \/>\n\t<meta name=\"twitter:data1\" content=\"Reginaldo J\u00fanior\" \/>\n\t<meta name=\"twitter:label2\" content=\"Est. tempo de leitura\" \/>\n\t<meta name=\"twitter:data2\" content=\"1 minuto\" \/>\n<script type=\"application\/ld+json\" class=\"yoast-schema-graph\">{\"@context\":\"https:\/\/schema.org\",\"@graph\":[{\"@type\":\"WebPage\",\"@id\":\"https:\/\/portalmf.com.br\/index.php\/2022\/08\/02\/asas-livres-passa-a-ser-gerido-por-novo-escritorio-artistico-em-feira-de-santana\/\",\"url\":\"https:\/\/portalmf.com.br\/index.php\/2022\/08\/02\/asas-livres-passa-a-ser-gerido-por-novo-escritorio-artistico-em-feira-de-santana\/\",\"name\":\"Asas Livres passa a ser gerido por novo escrit\u00f3rio art\u00edstico em Feira de Santana - Portal MF\",\"isPartOf\":{\"@id\":\"https:\/\/portalmf.com.br\/#website\"},\"primaryImageOfPage\":{\"@id\":\"https:\/\/portalmf.com.br\/index.php\/2022\/08\/02\/asas-livres-passa-a-ser-gerido-por-novo-escritorio-artistico-em-feira-de-santana\/#primaryimage\"},\"image\":{\"@id\":\"https:\/\/portalmf.com.br\/index.php\/2022\/08\/02\/asas-livres-passa-a-ser-gerido-por-novo-escritorio-artistico-em-feira-de-santana\/#primaryimage\"},\"thumbnailUrl\":\"https:\/\/portalmf.com.br\/wp-content\/uploads\/2022\/08\/ASAS-LIVRES.jpeg\",\"datePublished\":\"2022-08-02T11:31:00+00:00\",\"dateModified\":\"2022-08-02T20:34:32+00:00\",\"author\":{\"@id\":\"https:\/\/portalmf.com.br\/#\/schema\/person\/11c82086fe8abc05a19147e964587285\"},\"breadcrumb\":{\"@id\":\"https:\/\/portalmf.com.br\/index.php\/2022\/08\/02\/asas-livres-passa-a-ser-gerido-por-novo-escritorio-artistico-em-feira-de-santana\/#breadcrumb\"},\"inLanguage\":\"pt-BR\",\"potentialAction\":[{\"@type\":\"ReadAction\",\"target\":[\"https:\/\/portalmf.com.br\/index.php\/2022\/08\/02\/asas-livres-passa-a-ser-gerido-por-novo-escritorio-artistico-em-feira-de-santana\/\"]}]},{\"@type\":\"ImageObject\",\"inLanguage\":\"pt-BR\",\"@id\":\"https:\/\/portalmf.com.br\/index.php\/2022\/08\/02\/asas-livres-passa-a-ser-gerido-por-novo-escritorio-artistico-em-feira-de-santana\/#primaryimage\",\"url\":\"https:\/\/portalmf.com.br\/wp-content\/uploads\/2022\/08\/ASAS-LIVRES.jpeg\",\"contentUrl\":\"https:\/\/portalmf.com.br\/wp-content\/uploads\/2022\/08\/ASAS-LIVRES.jpeg\",\"width\":903,\"height\":621},{\"@type\":\"BreadcrumbList\",\"@id\":\"https:\/\/portalmf.com.br\/index.php\/2022\/08\/02\/asas-livres-passa-a-ser-gerido-por-novo-escritorio-artistico-em-feira-de-santana\/#breadcrumb\",\"itemListElement\":[{\"@type\":\"ListItem\",\"position\":1,\"name\":\"In\u00edcio\",\"item\":\"https:\/\/portalmf.com.br\/\"},{\"@type\":\"ListItem\",\"position\":2,\"name\":\"Asas Livres passa a ser gerido por novo escrit\u00f3rio art\u00edstico em Feira de Santana\"}]},{\"@type\":\"WebSite\",\"@id\":\"https:\/\/portalmf.com.br\/#website\",\"url\":\"https:\/\/portalmf.com.br\/\",\"name\":\"Portal MF\",\"description\":\"Voc\u00ea conectado com a informa\u00e7\u00e3o\",\"potentialAction\":[{\"@type\":\"SearchAction\",\"target\":{\"@type\":\"EntryPoint\",\"urlTemplate\":\"https:\/\/portalmf.com.br\/?s={search_term_string}\"},\"query-input\":\"required name=search_term_string\"}],\"inLanguage\":\"pt-BR\"},{\"@type\":\"Person\",\"@id\":\"https:\/\/portalmf.com.br\/#\/schema\/person\/11c82086fe8abc05a19147e964587285\",\"name\":\"Reginaldo J\u00fanior\",\"image\":{\"@type\":\"ImageObject\",\"inLanguage\":\"pt-BR\",\"@id\":\"https:\/\/portalmf.com.br\/#\/schema\/person\/image\/\",\"url\":\"https:\/\/secure.gravatar.com\/avatar\/32a3c797cd0ac47cc53b8644c62776f9?s=96&d=mm&r=g\",\"contentUrl\":\"https:\/\/secure.gravatar.com\/avatar\/32a3c797cd0ac47cc53b8644c62776f9?s=96&d=mm&r=g\",\"caption\":\"Reginaldo J\u00fanior\"},\"description\":\"Jornalista e idealizador Portal MF\",\"sameAs\":[\"https:\/\/portalmf.com.br\/index.php\/author\/reginaldojr\/\",\"reginaldojrfsa\",\"reginaldojuniormf\",\"https:\/\/x.com\/reginaldojrmf\"],\"url\":\"https:\/\/portalmf.com.br\/index.php\/author\/reginaldojr\/\"}]}<\/script>\n<!-- \/ Yoast SEO plugin. -->","yoast_head_json":{"title":"Asas Livres passa a ser gerido por novo escrit\u00f3rio art\u00edstico em Feira de Santana - Portal MF","robots":{"index":"index","follow":"follow","max-snippet":"max-snippet:-1","max-image-preview":"max-image-preview:large","max-video-preview":"max-video-preview:-1"},"canonical":"https:\/\/portalmf.com.br\/index.php\/2022\/08\/02\/asas-livres-passa-a-ser-gerido-por-novo-escritorio-artistico-em-feira-de-santana\/","og_locale":"pt_BR","og_type":"article","og_title":"Asas Livres passa a ser gerido por novo escrit\u00f3rio art\u00edstico em Feira de Santana - Portal MF","og_description":"A primeira banda de arrocha do Brasil, o grupo Asas Livres, \u00e9 o mais recente produto da RP Entretenimento &#8211; escrit\u00f3rio art\u00edstico gerenciado pelo empres\u00e1rio Rick Pimenta, com sede em Feira de Santana\/Ba. Com o lan\u00e7amento de um novo DVD (ao vivo no Maranh\u00e3o) programado para este m\u00eas de agosto, o tecladista e fundador da [&hellip;]","og_url":"https:\/\/portalmf.com.br\/index.php\/2022\/08\/02\/asas-livres-passa-a-ser-gerido-por-novo-escritorio-artistico-em-feira-de-santana\/","og_site_name":"Portal MF","article_author":"reginaldojrfsa","article_published_time":"2022-08-02T11:31:00+00:00","article_modified_time":"2022-08-02T20:34:32+00:00","og_image":[{"width":903,"height":621,"url":"https:\/\/portalmf.com.br\/wp-content\/uploads\/2022\/08\/ASAS-LIVRES.jpeg","type":"image\/jpeg"}],"author":"Reginaldo J\u00fanior","twitter_card":"summary_large_image","twitter_creator":"@reginaldojrmf","twitter_misc":{"Escrito por":"Reginaldo J\u00fanior","Est. tempo de leitura":"1 minuto"},"schema":{"@context":"https:\/\/schema.org","@graph":[{"@type":"WebPage","@id":"https:\/\/portalmf.com.br\/index.php\/2022\/08\/02\/asas-livres-passa-a-ser-gerido-por-novo-escritorio-artistico-em-feira-de-santana\/","url":"https:\/\/portalmf.com.br\/index.php\/2022\/08\/02\/asas-livres-passa-a-ser-gerido-por-novo-escritorio-artistico-em-feira-de-santana\/","name":"Asas Livres passa a ser gerido por novo escrit\u00f3rio art\u00edstico em Feira de Santana - Portal MF","isPartOf":{"@id":"https:\/\/portalmf.com.br\/#website"},"primaryImageOfPage":{"@id":"https:\/\/portalmf.com.br\/index.php\/2022\/08\/02\/asas-livres-passa-a-ser-gerido-por-novo-escritorio-artistico-em-feira-de-santana\/#primaryimage"},"image":{"@id":"https:\/\/portalmf.com.br\/index.php\/2022\/08\/02\/asas-livres-passa-a-ser-gerido-por-novo-escritorio-artistico-em-feira-de-santana\/#primaryimage"},"thumbnailUrl":"https:\/\/portalmf.com.br\/wp-content\/uploads\/2022\/08\/ASAS-LIVRES.jpeg","datePublished":"2022-08-02T11:31:00+00:00","dateModified":"2022-08-02T20:34:32+00:00","author":{"@id":"https:\/\/portalmf.com.br\/#\/schema\/person\/11c82086fe8abc05a19147e964587285"},"breadcrumb":{"@id":"https:\/\/portalmf.com.br\/index.php\/2022\/08\/02\/asas-livres-passa-a-ser-gerido-por-novo-escritorio-artistico-em-feira-de-santana\/#breadcrumb"},"inLanguage":"pt-BR","potentialAction":[{"@type":"ReadAction","target":["https:\/\/portalmf.com.br\/index.php\/2022\/08\/02\/asas-livres-passa-a-ser-gerido-por-novo-escritorio-artistico-em-feira-de-santana\/"]}]},{"@type":"ImageObject","inLanguage":"pt-BR","@id":"https:\/\/portalmf.com.br\/index.php\/2022\/08\/02\/asas-livres-passa-a-ser-gerido-por-novo-escritorio-artistico-em-feira-de-santana\/#primaryimage","url":"https:\/\/portalmf.com.br\/wp-content\/uploads\/2022\/08\/ASAS-LIVRES.jpeg","contentUrl":"https:\/\/portalmf.com.br\/wp-content\/uploads\/2022\/08\/ASAS-LIVRES.jpeg","width":903,"height":621},{"@type":"BreadcrumbList","@id":"https:\/\/portalmf.com.br\/index.php\/2022\/08\/02\/asas-livres-passa-a-ser-gerido-por-novo-escritorio-artistico-em-feira-de-santana\/#breadcrumb","itemListElement":[{"@type":"ListItem","position":1,"name":"In\u00edcio","item":"https:\/\/portalmf.com.br\/"},{"@type":"ListItem","position":2,"name":"Asas Livres passa a ser gerido por novo escrit\u00f3rio art\u00edstico em Feira de Santana"}]},{"@type":"WebSite","@id":"https:\/\/portalmf.com.br\/#website","url":"https:\/\/portalmf.com.br\/","name":"Portal MF","description":"Voc\u00ea conectado com a informa\u00e7\u00e3o","potentialAction":[{"@type":"SearchAction","target":{"@type":"EntryPoint","urlTemplate":"https:\/\/portalmf.com.br\/?s={search_term_string}"},"query-input":"required name=search_term_string"}],"inLanguage":"pt-BR"},{"@type":"Person","@id":"https:\/\/portalmf.com.br\/#\/schema\/person\/11c82086fe8abc05a19147e964587285","name":"Reginaldo J\u00fanior","image":{"@type":"ImageObject","inLanguage":"pt-BR","@id":"https:\/\/portalmf.com.br\/#\/schema\/person\/image\/","url":"https:\/\/secure.gravatar.com\/avatar\/32a3c797cd0ac47cc53b8644c62776f9?s=96&d=mm&r=g","contentUrl":"https:\/\/secure.gravatar.com\/avatar\/32a3c797cd0ac47cc53b8644c62776f9?s=96&d=mm&r=g","caption":"Reginaldo J\u00fanior"},"description":"Jornalista e idealizador Portal MF","sameAs":["https:\/\/portalmf.com.br\/index.php\/author\/reginaldojr\/","reginaldojrfsa","reginaldojuniormf","https:\/\/x.com\/reginaldojrmf"],"url":"https:\/\/portalmf.com.br\/index.php\/author\/reginaldojr\/"}]}},"_links":{"self":[{"href":"https:\/\/portalmf.com.br\/index.php\/wp-json\/wp\/v2\/posts\/2460"}],"collection":[{"href":"https:\/\/portalmf.com.br\/index.php\/wp-json\/wp\/v2\/posts"}],"about":[{"href":"https:\/\/portalmf.com.br\/index.php\/wp-json\/wp\/v2\/types\/post"}],"author":[{"embeddable":true,"href":"https:\/\/portalmf.com.br\/index.php\/wp-json\/wp\/v2\/users\/2"}],"replies":[{"embeddable":true,"href":"https:\/\/portalmf.com.br\/index.php\/wp-json\/wp\/v2\/comments?post=2460"}],"version-history":[{"count":1,"href":"https:\/\/portalmf.com.br\/index.php\/wp-json\/wp\/v2\/posts\/2460\/revisions"}],"predecessor-version":[{"id":2462,"href":"https:\/\/portalmf.com.br\/index.php\/wp-json\/wp\/v2\/posts\/2460\/revisions\/2462"}],"wp:featuredmedia":[{"embeddable":true,"href":"https:\/\/portalmf.com.br\/index.php\/wp-json\/wp\/v2\/media\/2464"}],"wp:attachment":[{"href":"https:\/\/portalmf.com.br\/index.php\/wp-json\/wp\/v2\/media?parent=2460"}],"wp:term":[{"taxonomy":"category","embeddable":true,"href":"https:\/\/portalmf.com.br\/index.php\/wp-json\/wp\/v2\/categories?post=2460"},{"taxonomy":"post_tag","embeddable":true,"href":"https:\/\/portalmf.com.br\/index.php\/wp-json\/wp\/v2\/tags?post=2460"}],"curies":[{"name":"wp","href":"https:\/\/api.w.org\/{rel}","templated":true}]}}