{"id":2456,"date":"2022-08-02T11:00:00","date_gmt":"2022-08-02T14:00:00","guid":{"rendered":"http:\/\/portalmf.com.br\/?p=2456"},"modified":"2022-08-02T17:26:27","modified_gmt":"2022-08-02T20:26:27","slug":"simone-mendes-preocupa-fas-ao-falar-sobre-retorno-da-dupla-com-simaria-ainda-nao-sei","status":"publish","type":"post","link":"https:\/\/portalmf.com.br\/index.php\/2022\/08\/02\/simone-mendes-preocupa-fas-ao-falar-sobre-retorno-da-dupla-com-simaria-ainda-nao-sei\/","title":{"rendered":"Simone Mendes preocupa f\u00e3s ao falar sobre retorno da dupla com Simaria: \u2018Ainda n\u00e3o sei\u2019"},"content":{"rendered":"\n<p>A cantora Simone Mendes deu um verdadeiro banho de \u00e1gua fria nos f\u00e3s que esperavam por um retorno r\u00e1pido da dupla com Simaria aos palcos.<\/p>\n\n\n\n<p>Em um bate-papo com os seguidores no Instagram, a baiana mandou a real para os admiradores e revelou n\u00e3o saber quando ir\u00e1 retornar aos palcos como uma dupla com a irm\u00e3.<\/p>\n\n\n\n<p>Na ocasi\u00e3o, um f\u00e3 perguntou \u201cquando a Simaria vai voltar a cantar com voc\u00ea?\u201d, e sem rodeios, a artista respondeu: \u201cAinda n\u00e3o sei\u201d.<\/p>\n\n\n\n<p>Simone tamb\u00e9m foi questionada sobre sua pausa na agenda. Um seguidor da artista teria entendido que as duas estariam fora dos palcos por um tempo e a artista explicou: \u201cEu cumpri toda a agenda de junho e julho, e peguei uma folga para descansar o ju\u00edzo e aproveitar as f\u00e9rias do meu filho\u201d.<\/p>\n\n\n\n<figure class=\"wp-block-image size-full\"><img fetchpriority=\"high\" decoding=\"async\" width=\"1024\" height=\"614\" src=\"http:\/\/portalmf.com.br\/wp-content\/uploads\/2022\/08\/simone-e-simaria1-1024x614-1.jpg\" alt=\"\" class=\"wp-image-2458\" srcset=\"https:\/\/portalmf.com.br\/wp-content\/uploads\/2022\/08\/simone-e-simaria1-1024x614-1.jpg 1024w, https:\/\/portalmf.com.br\/wp-content\/uploads\/2022\/08\/simone-e-simaria1-1024x614-1-300x180.jpg 300w, https:\/\/portalmf.com.br\/wp-content\/uploads\/2022\/08\/simone-e-simaria1-1024x614-1-768x461.jpg 768w, https:\/\/portalmf.com.br\/wp-content\/uploads\/2022\/08\/simone-e-simaria1-1024x614-1-585x351.jpg 585w\" sizes=\"(max-width: 1024px) 100vw, 1024px\" \/><\/figure>\n\n\n\n<p>No final de semana,&nbsp;a substitui\u00e7\u00e3o de um show da dupla por uma apresenta\u00e7\u00e3o do cantor Leonardo&nbsp;deixou os apaixonados por Simone e Simaria apreensivos com um poss\u00edvel fim da dupla.<\/p>\n\n\n\n<p>Segundo o colunista Leo Dias, do site Metr\u00f3poles, o organizador do evento afirmou que optou pela substitui\u00e7\u00e3o j\u00e1 que as artistas teriam dado uma pausa dos shows.<\/p>\n\n\n\n<p>A equipe de Simone e Simaria, no entanto, negou que a dupla estivesse em hiato. Segundo a assessoria, a agenda de shows das artistas continuava aberta.<\/p>\n\n\n\n<p>Toda confus\u00e3o teve in\u00edcio dias antes do per\u00edodo junino, quando Simaria anunciou uma pausa dos palcos para cuidar da sa\u00fade. Na \u00e9poca, a artista deu uma entrevista para o jornalista Leo Dias e abriu o jogo sobre sua rela\u00e7\u00e3o com Simone, que n\u00e3o estava em bons len\u00e7\u00f3is.<\/p>\n\n\n\n<p>Desde ent\u00e3o, Simone vem se apresentando sozinha, cumprindo toda agenda de compromissos firmada para a dupla. A cantora chegou a se apresentar em diversas cidades da Bahia e teve o p\u00fablico como segunda voz.<\/p>\n\n\n\n<p>Com informa\u00e7\u00f5es do Ibahia<\/p>\n","protected":false},"excerpt":{"rendered":"<p>A cantora Simone Mendes deu um verdadeiro banho de \u00e1gua fria nos f\u00e3s que esperavam por um retorno r\u00e1pido da dupla com Simaria aos palcos. Em um bate-papo com os seguidores no Instagram, a baiana mandou a real para os admiradores e revelou n\u00e3o saber quando ir\u00e1 retornar aos palcos como uma dupla com a [&hellip;]<\/p>\n","protected":false},"author":2,"featured_media":2457,"comment_status":"open","ping_status":"open","sticky":false,"template":"","format":"standard","meta":{"_monsterinsights_skip_tracking":false,"_monsterinsights_sitenote_active":false,"_monsterinsights_sitenote_note":"","_monsterinsights_sitenote_category":0,"footnotes":""},"categories":[36],"tags":[],"yoast_head":"<!-- This site is optimized with the Yoast SEO plugin v22.9 - https:\/\/yoast.com\/wordpress\/plugins\/seo\/ -->\n<title>Simone Mendes preocupa f\u00e3s ao falar sobre retorno da dupla com Simaria: \u2018Ainda n\u00e3o sei\u2019 - Portal MF<\/title>\n<meta name=\"robots\" content=\"index, follow, max-snippet:-1, max-image-preview:large, max-video-preview:-1\" \/>\n<link rel=\"canonical\" href=\"https:\/\/portalmf.com.br\/index.php\/2022\/08\/02\/simone-mendes-preocupa-fas-ao-falar-sobre-retorno-da-dupla-com-simaria-ainda-nao-sei\/\" \/>\n<meta property=\"og:locale\" content=\"pt_BR\" \/>\n<meta property=\"og:type\" content=\"article\" \/>\n<meta property=\"og:title\" content=\"Simone Mendes preocupa f\u00e3s ao falar sobre retorno da dupla com Simaria: \u2018Ainda n\u00e3o sei\u2019 - Portal MF\" \/>\n<meta property=\"og:description\" content=\"A cantora Simone Mendes deu um verdadeiro banho de \u00e1gua fria nos f\u00e3s que esperavam por um retorno r\u00e1pido da dupla com Simaria aos palcos. Em um bate-papo com os seguidores no Instagram, a baiana mandou a real para os admiradores e revelou n\u00e3o saber quando ir\u00e1 retornar aos palcos como uma dupla com a [&hellip;]\" \/>\n<meta property=\"og:url\" content=\"https:\/\/portalmf.com.br\/index.php\/2022\/08\/02\/simone-mendes-preocupa-fas-ao-falar-sobre-retorno-da-dupla-com-simaria-ainda-nao-sei\/\" \/>\n<meta property=\"og:site_name\" content=\"Portal MF\" \/>\n<meta property=\"article:author\" content=\"reginaldojrfsa\" \/>\n<meta property=\"article:published_time\" content=\"2022-08-02T14:00:00+00:00\" \/>\n<meta property=\"article:modified_time\" content=\"2022-08-02T20:26:27+00:00\" \/>\n<meta property=\"og:image\" content=\"https:\/\/portalmf.com.br\/wp-content\/uploads\/2022\/08\/simone-e-simaria-1-1200x675-1.png\" \/>\n\t<meta property=\"og:image:width\" content=\"1200\" \/>\n\t<meta property=\"og:image:height\" content=\"675\" \/>\n\t<meta property=\"og:image:type\" content=\"image\/png\" \/>\n<meta name=\"author\" content=\"Reginaldo J\u00fanior\" \/>\n<meta name=\"twitter:card\" content=\"summary_large_image\" \/>\n<meta name=\"twitter:creator\" content=\"@reginaldojrmf\" \/>\n<meta name=\"twitter:label1\" content=\"Escrito por\" \/>\n\t<meta name=\"twitter:data1\" content=\"Reginaldo J\u00fanior\" \/>\n\t<meta name=\"twitter:label2\" content=\"Est. tempo de leitura\" \/>\n\t<meta name=\"twitter:data2\" content=\"2 minutos\" \/>\n<script type=\"application\/ld+json\" class=\"yoast-schema-graph\">{\"@context\":\"https:\/\/schema.org\",\"@graph\":[{\"@type\":\"WebPage\",\"@id\":\"https:\/\/portalmf.com.br\/index.php\/2022\/08\/02\/simone-mendes-preocupa-fas-ao-falar-sobre-retorno-da-dupla-com-simaria-ainda-nao-sei\/\",\"url\":\"https:\/\/portalmf.com.br\/index.php\/2022\/08\/02\/simone-mendes-preocupa-fas-ao-falar-sobre-retorno-da-dupla-com-simaria-ainda-nao-sei\/\",\"name\":\"Simone Mendes preocupa f\u00e3s ao falar sobre retorno da dupla com Simaria: \u2018Ainda n\u00e3o sei\u2019 - Portal MF\",\"isPartOf\":{\"@id\":\"https:\/\/portalmf.com.br\/#website\"},\"primaryImageOfPage\":{\"@id\":\"https:\/\/portalmf.com.br\/index.php\/2022\/08\/02\/simone-mendes-preocupa-fas-ao-falar-sobre-retorno-da-dupla-com-simaria-ainda-nao-sei\/#primaryimage\"},\"image\":{\"@id\":\"https:\/\/portalmf.com.br\/index.php\/2022\/08\/02\/simone-mendes-preocupa-fas-ao-falar-sobre-retorno-da-dupla-com-simaria-ainda-nao-sei\/#primaryimage\"},\"thumbnailUrl\":\"https:\/\/portalmf.com.br\/wp-content\/uploads\/2022\/08\/simone-e-simaria-1-1200x675-1.png\",\"datePublished\":\"2022-08-02T14:00:00+00:00\",\"dateModified\":\"2022-08-02T20:26:27+00:00\",\"author\":{\"@id\":\"https:\/\/portalmf.com.br\/#\/schema\/person\/11c82086fe8abc05a19147e964587285\"},\"breadcrumb\":{\"@id\":\"https:\/\/portalmf.com.br\/index.php\/2022\/08\/02\/simone-mendes-preocupa-fas-ao-falar-sobre-retorno-da-dupla-com-simaria-ainda-nao-sei\/#breadcrumb\"},\"inLanguage\":\"pt-BR\",\"potentialAction\":[{\"@type\":\"ReadAction\",\"target\":[\"https:\/\/portalmf.com.br\/index.php\/2022\/08\/02\/simone-mendes-preocupa-fas-ao-falar-sobre-retorno-da-dupla-com-simaria-ainda-nao-sei\/\"]}]},{\"@type\":\"ImageObject\",\"inLanguage\":\"pt-BR\",\"@id\":\"https:\/\/portalmf.com.br\/index.php\/2022\/08\/02\/simone-mendes-preocupa-fas-ao-falar-sobre-retorno-da-dupla-com-simaria-ainda-nao-sei\/#primaryimage\",\"url\":\"https:\/\/portalmf.com.br\/wp-content\/uploads\/2022\/08\/simone-e-simaria-1-1200x675-1.png\",\"contentUrl\":\"https:\/\/portalmf.com.br\/wp-content\/uploads\/2022\/08\/simone-e-simaria-1-1200x675-1.png\",\"width\":1200,\"height\":675},{\"@type\":\"BreadcrumbList\",\"@id\":\"https:\/\/portalmf.com.br\/index.php\/2022\/08\/02\/simone-mendes-preocupa-fas-ao-falar-sobre-retorno-da-dupla-com-simaria-ainda-nao-sei\/#breadcrumb\",\"itemListElement\":[{\"@type\":\"ListItem\",\"position\":1,\"name\":\"In\u00edcio\",\"item\":\"https:\/\/portalmf.com.br\/\"},{\"@type\":\"ListItem\",\"position\":2,\"name\":\"Simone Mendes preocupa f\u00e3s ao falar sobre retorno da dupla com Simaria: \u2018Ainda n\u00e3o sei\u2019\"}]},{\"@type\":\"WebSite\",\"@id\":\"https:\/\/portalmf.com.br\/#website\",\"url\":\"https:\/\/portalmf.com.br\/\",\"name\":\"Portal MF\",\"description\":\"Voc\u00ea conectado com a informa\u00e7\u00e3o\",\"potentialAction\":[{\"@type\":\"SearchAction\",\"target\":{\"@type\":\"EntryPoint\",\"urlTemplate\":\"https:\/\/portalmf.com.br\/?s={search_term_string}\"},\"query-input\":\"required name=search_term_string\"}],\"inLanguage\":\"pt-BR\"},{\"@type\":\"Person\",\"@id\":\"https:\/\/portalmf.com.br\/#\/schema\/person\/11c82086fe8abc05a19147e964587285\",\"name\":\"Reginaldo J\u00fanior\",\"image\":{\"@type\":\"ImageObject\",\"inLanguage\":\"pt-BR\",\"@id\":\"https:\/\/portalmf.com.br\/#\/schema\/person\/image\/\",\"url\":\"https:\/\/secure.gravatar.com\/avatar\/32a3c797cd0ac47cc53b8644c62776f9?s=96&d=mm&r=g\",\"contentUrl\":\"https:\/\/secure.gravatar.com\/avatar\/32a3c797cd0ac47cc53b8644c62776f9?s=96&d=mm&r=g\",\"caption\":\"Reginaldo J\u00fanior\"},\"description\":\"Jornalista e idealizador Portal MF\",\"sameAs\":[\"https:\/\/portalmf.com.br\/index.php\/author\/reginaldojr\/\",\"reginaldojrfsa\",\"reginaldojuniormf\",\"https:\/\/x.com\/reginaldojrmf\"],\"url\":\"https:\/\/portalmf.com.br\/index.php\/author\/reginaldojr\/\"}]}<\/script>\n<!-- \/ Yoast SEO plugin. -->","yoast_head_json":{"title":"Simone Mendes preocupa f\u00e3s ao falar sobre retorno da dupla com Simaria: \u2018Ainda n\u00e3o sei\u2019 - Portal MF","robots":{"index":"index","follow":"follow","max-snippet":"max-snippet:-1","max-image-preview":"max-image-preview:large","max-video-preview":"max-video-preview:-1"},"canonical":"https:\/\/portalmf.com.br\/index.php\/2022\/08\/02\/simone-mendes-preocupa-fas-ao-falar-sobre-retorno-da-dupla-com-simaria-ainda-nao-sei\/","og_locale":"pt_BR","og_type":"article","og_title":"Simone Mendes preocupa f\u00e3s ao falar sobre retorno da dupla com Simaria: \u2018Ainda n\u00e3o sei\u2019 - Portal MF","og_description":"A cantora Simone Mendes deu um verdadeiro banho de \u00e1gua fria nos f\u00e3s que esperavam por um retorno r\u00e1pido da dupla com Simaria aos palcos. Em um bate-papo com os seguidores no Instagram, a baiana mandou a real para os admiradores e revelou n\u00e3o saber quando ir\u00e1 retornar aos palcos como uma dupla com a [&hellip;]","og_url":"https:\/\/portalmf.com.br\/index.php\/2022\/08\/02\/simone-mendes-preocupa-fas-ao-falar-sobre-retorno-da-dupla-com-simaria-ainda-nao-sei\/","og_site_name":"Portal MF","article_author":"reginaldojrfsa","article_published_time":"2022-08-02T14:00:00+00:00","article_modified_time":"2022-08-02T20:26:27+00:00","og_image":[{"width":1200,"height":675,"url":"https:\/\/portalmf.com.br\/wp-content\/uploads\/2022\/08\/simone-e-simaria-1-1200x675-1.png","type":"image\/png"}],"author":"Reginaldo J\u00fanior","twitter_card":"summary_large_image","twitter_creator":"@reginaldojrmf","twitter_misc":{"Escrito por":"Reginaldo J\u00fanior","Est. tempo de leitura":"2 minutos"},"schema":{"@context":"https:\/\/schema.org","@graph":[{"@type":"WebPage","@id":"https:\/\/portalmf.com.br\/index.php\/2022\/08\/02\/simone-mendes-preocupa-fas-ao-falar-sobre-retorno-da-dupla-com-simaria-ainda-nao-sei\/","url":"https:\/\/portalmf.com.br\/index.php\/2022\/08\/02\/simone-mendes-preocupa-fas-ao-falar-sobre-retorno-da-dupla-com-simaria-ainda-nao-sei\/","name":"Simone Mendes preocupa f\u00e3s ao falar sobre retorno da dupla com Simaria: \u2018Ainda n\u00e3o sei\u2019 - Portal MF","isPartOf":{"@id":"https:\/\/portalmf.com.br\/#website"},"primaryImageOfPage":{"@id":"https:\/\/portalmf.com.br\/index.php\/2022\/08\/02\/simone-mendes-preocupa-fas-ao-falar-sobre-retorno-da-dupla-com-simaria-ainda-nao-sei\/#primaryimage"},"image":{"@id":"https:\/\/portalmf.com.br\/index.php\/2022\/08\/02\/simone-mendes-preocupa-fas-ao-falar-sobre-retorno-da-dupla-com-simaria-ainda-nao-sei\/#primaryimage"},"thumbnailUrl":"https:\/\/portalmf.com.br\/wp-content\/uploads\/2022\/08\/simone-e-simaria-1-1200x675-1.png","datePublished":"2022-08-02T14:00:00+00:00","dateModified":"2022-08-02T20:26:27+00:00","author":{"@id":"https:\/\/portalmf.com.br\/#\/schema\/person\/11c82086fe8abc05a19147e964587285"},"breadcrumb":{"@id":"https:\/\/portalmf.com.br\/index.php\/2022\/08\/02\/simone-mendes-preocupa-fas-ao-falar-sobre-retorno-da-dupla-com-simaria-ainda-nao-sei\/#breadcrumb"},"inLanguage":"pt-BR","potentialAction":[{"@type":"ReadAction","target":["https:\/\/portalmf.com.br\/index.php\/2022\/08\/02\/simone-mendes-preocupa-fas-ao-falar-sobre-retorno-da-dupla-com-simaria-ainda-nao-sei\/"]}]},{"@type":"ImageObject","inLanguage":"pt-BR","@id":"https:\/\/portalmf.com.br\/index.php\/2022\/08\/02\/simone-mendes-preocupa-fas-ao-falar-sobre-retorno-da-dupla-com-simaria-ainda-nao-sei\/#primaryimage","url":"https:\/\/portalmf.com.br\/wp-content\/uploads\/2022\/08\/simone-e-simaria-1-1200x675-1.png","contentUrl":"https:\/\/portalmf.com.br\/wp-content\/uploads\/2022\/08\/simone-e-simaria-1-1200x675-1.png","width":1200,"height":675},{"@type":"BreadcrumbList","@id":"https:\/\/portalmf.com.br\/index.php\/2022\/08\/02\/simone-mendes-preocupa-fas-ao-falar-sobre-retorno-da-dupla-com-simaria-ainda-nao-sei\/#breadcrumb","itemListElement":[{"@type":"ListItem","position":1,"name":"In\u00edcio","item":"https:\/\/portalmf.com.br\/"},{"@type":"ListItem","position":2,"name":"Simone Mendes preocupa f\u00e3s ao falar sobre retorno da dupla com Simaria: \u2018Ainda n\u00e3o sei\u2019"}]},{"@type":"WebSite","@id":"https:\/\/portalmf.com.br\/#website","url":"https:\/\/portalmf.com.br\/","name":"Portal MF","description":"Voc\u00ea conectado com a informa\u00e7\u00e3o","potentialAction":[{"@type":"SearchAction","target":{"@type":"EntryPoint","urlTemplate":"https:\/\/portalmf.com.br\/?s={search_term_string}"},"query-input":"required name=search_term_string"}],"inLanguage":"pt-BR"},{"@type":"Person","@id":"https:\/\/portalmf.com.br\/#\/schema\/person\/11c82086fe8abc05a19147e964587285","name":"Reginaldo J\u00fanior","image":{"@type":"ImageObject","inLanguage":"pt-BR","@id":"https:\/\/portalmf.com.br\/#\/schema\/person\/image\/","url":"https:\/\/secure.gravatar.com\/avatar\/32a3c797cd0ac47cc53b8644c62776f9?s=96&d=mm&r=g","contentUrl":"https:\/\/secure.gravatar.com\/avatar\/32a3c797cd0ac47cc53b8644c62776f9?s=96&d=mm&r=g","caption":"Reginaldo J\u00fanior"},"description":"Jornalista e idealizador Portal MF","sameAs":["https:\/\/portalmf.com.br\/index.php\/author\/reginaldojr\/","reginaldojrfsa","reginaldojuniormf","https:\/\/x.com\/reginaldojrmf"],"url":"https:\/\/portalmf.com.br\/index.php\/author\/reginaldojr\/"}]}},"_links":{"self":[{"href":"https:\/\/portalmf.com.br\/index.php\/wp-json\/wp\/v2\/posts\/2456"}],"collection":[{"href":"https:\/\/portalmf.com.br\/index.php\/wp-json\/wp\/v2\/posts"}],"about":[{"href":"https:\/\/portalmf.com.br\/index.php\/wp-json\/wp\/v2\/types\/post"}],"author":[{"embeddable":true,"href":"https:\/\/portalmf.com.br\/index.php\/wp-json\/wp\/v2\/users\/2"}],"replies":[{"embeddable":true,"href":"https:\/\/portalmf.com.br\/index.php\/wp-json\/wp\/v2\/comments?post=2456"}],"version-history":[{"count":1,"href":"https:\/\/portalmf.com.br\/index.php\/wp-json\/wp\/v2\/posts\/2456\/revisions"}],"predecessor-version":[{"id":2459,"href":"https:\/\/portalmf.com.br\/index.php\/wp-json\/wp\/v2\/posts\/2456\/revisions\/2459"}],"wp:featuredmedia":[{"embeddable":true,"href":"https:\/\/portalmf.com.br\/index.php\/wp-json\/wp\/v2\/media\/2457"}],"wp:attachment":[{"href":"https:\/\/portalmf.com.br\/index.php\/wp-json\/wp\/v2\/media?parent=2456"}],"wp:term":[{"taxonomy":"category","embeddable":true,"href":"https:\/\/portalmf.com.br\/index.php\/wp-json\/wp\/v2\/categories?post=2456"},{"taxonomy":"post_tag","embeddable":true,"href":"https:\/\/portalmf.com.br\/index.php\/wp-json\/wp\/v2\/tags?post=2456"}],"curies":[{"name":"wp","href":"https:\/\/api.w.org\/{rel}","templated":true}]}}