{"id":24554,"date":"2024-03-07T12:25:29","date_gmt":"2024-03-07T15:25:29","guid":{"rendered":"https:\/\/portalmf.com.br\/?p=24554"},"modified":"2024-03-07T12:25:30","modified_gmt":"2024-03-07T15:25:30","slug":"binho-galinha-afirma-que-bruno-borges-e-ex-assessor-de-seu-gabinete-na-alba","status":"publish","type":"post","link":"https:\/\/portalmf.com.br\/index.php\/2024\/03\/07\/binho-galinha-afirma-que-bruno-borges-e-ex-assessor-de-seu-gabinete-na-alba\/","title":{"rendered":"Binho Galinha afirma que Bruno Borges \u00e9 ex-assessor de seu gabinete na ALBA"},"content":{"rendered":"\n<p>Em raz\u00e3o da divulga\u00e7\u00e3o na imprensa de que o senhor Bruno Borges Fran\u00e7a, que \u00e9 investigado na Opera\u00e7\u00e3o da Pol\u00edcia Federal (PF), em Feira de Santana, e que foi preso na tarde desta quarta-feira (06), j\u00e1 que havia uma preventiva em aberto, informamos desde o final de dezembro e in\u00edcio de janeiro que n\u00e3o faz mais parte do gabinete do deputado estadual Binho Galinha. <\/p>\n\n\n\n<p>Logo que foi deflagrada a opera\u00e7\u00e3o, o mesmo foi desligado da Assembleia Legislativa da Bahia (ALBA).<\/p>\n\n\n\n<p> O deputado estadual Binho Galinha informa ainda que nunca deixou de ir ao seu local de trabalho, o Poder Legislativo da Bahia, tendo cumprido com suas obriga\u00e7\u00f5es dentro e fora da Casa. <\/p>\n\n\n\n<p>E mais:<em> \u201cSempre estive \u00e0 disposi\u00e7\u00e3o da Justi\u00e7a, na qual eu confio, e tenho certeza de que tudo ser\u00e1 esclarecido.\u201d<\/em><\/p>\n","protected":false},"excerpt":{"rendered":"<p>Em raz\u00e3o da divulga\u00e7\u00e3o na imprensa de que o senhor Bruno Borges Fran\u00e7a, que \u00e9 investigado na Opera\u00e7\u00e3o da Pol\u00edcia Federal (PF), em Feira de Santana, e que foi preso na tarde desta quarta-feira (06), j\u00e1 que havia uma preventiva em aberto, informamos desde o final de dezembro e in\u00edcio de janeiro que n\u00e3o faz [&hellip;]<\/p>\n","protected":false},"author":3,"featured_media":20446,"comment_status":"open","ping_status":"open","sticky":false,"template":"","format":"standard","meta":{"_monsterinsights_skip_tracking":false,"_monsterinsights_sitenote_active":false,"_monsterinsights_sitenote_note":"","_monsterinsights_sitenote_category":0,"footnotes":""},"categories":[34],"tags":[],"yoast_head":"<!-- This site is optimized with the Yoast SEO plugin v22.9 - https:\/\/yoast.com\/wordpress\/plugins\/seo\/ -->\n<title>Binho Galinha afirma que Bruno Borges \u00e9 ex-assessor de seu gabinete na ALBA - Portal MF<\/title>\n<meta name=\"robots\" content=\"index, follow, max-snippet:-1, max-image-preview:large, max-video-preview:-1\" \/>\n<link rel=\"canonical\" href=\"https:\/\/portalmf.com.br\/index.php\/2024\/03\/07\/binho-galinha-afirma-que-bruno-borges-e-ex-assessor-de-seu-gabinete-na-alba\/\" \/>\n<meta property=\"og:locale\" content=\"pt_BR\" \/>\n<meta property=\"og:type\" content=\"article\" \/>\n<meta property=\"og:title\" content=\"Binho Galinha afirma que Bruno Borges \u00e9 ex-assessor de seu gabinete na ALBA - Portal MF\" \/>\n<meta property=\"og:description\" content=\"Em raz\u00e3o da divulga\u00e7\u00e3o na imprensa de que o senhor Bruno Borges Fran\u00e7a, que \u00e9 investigado na Opera\u00e7\u00e3o da Pol\u00edcia Federal (PF), em Feira de Santana, e que foi preso na tarde desta quarta-feira (06), j\u00e1 que havia uma preventiva em aberto, informamos desde o final de dezembro e in\u00edcio de janeiro que n\u00e3o faz [&hellip;]\" \/>\n<meta property=\"og:url\" content=\"https:\/\/portalmf.com.br\/index.php\/2024\/03\/07\/binho-galinha-afirma-que-bruno-borges-e-ex-assessor-de-seu-gabinete-na-alba\/\" \/>\n<meta property=\"og:site_name\" content=\"Portal MF\" \/>\n<meta property=\"article:author\" content=\"https:\/\/www.facebook.com\/portalmfoficial\" \/>\n<meta property=\"article:published_time\" content=\"2024-03-07T15:25:29+00:00\" \/>\n<meta property=\"article:modified_time\" content=\"2024-03-07T15:25:30+00:00\" \/>\n<meta property=\"og:image\" content=\"https:\/\/portalmf.com.br\/wp-content\/uploads\/2023\/12\/Binho-Galinha-quer-Centro-Administrativo-em-Feira-de-Santana.jpeg\" \/>\n\t<meta property=\"og:image:width\" content=\"1080\" \/>\n\t<meta property=\"og:image:height\" content=\"608\" \/>\n\t<meta property=\"og:image:type\" content=\"image\/jpeg\" \/>\n<meta name=\"author\" content=\"Reda\u00e7\u00e3o Portal MF\" \/>\n<meta name=\"twitter:card\" content=\"summary_large_image\" \/>\n<meta name=\"twitter:creator\" content=\"@https:\/\/x.com\/portalmfoficial\" \/>\n<meta name=\"twitter:label1\" content=\"Escrito por\" \/>\n\t<meta name=\"twitter:data1\" content=\"Reda\u00e7\u00e3o Portal MF\" \/>\n\t<meta name=\"twitter:label2\" content=\"Est. tempo de leitura\" \/>\n\t<meta name=\"twitter:data2\" content=\"1 minuto\" \/>\n<script type=\"application\/ld+json\" class=\"yoast-schema-graph\">{\"@context\":\"https:\/\/schema.org\",\"@graph\":[{\"@type\":\"WebPage\",\"@id\":\"https:\/\/portalmf.com.br\/index.php\/2024\/03\/07\/binho-galinha-afirma-que-bruno-borges-e-ex-assessor-de-seu-gabinete-na-alba\/\",\"url\":\"https:\/\/portalmf.com.br\/index.php\/2024\/03\/07\/binho-galinha-afirma-que-bruno-borges-e-ex-assessor-de-seu-gabinete-na-alba\/\",\"name\":\"Binho Galinha afirma que Bruno Borges \u00e9 ex-assessor de seu gabinete na ALBA - Portal MF\",\"isPartOf\":{\"@id\":\"https:\/\/portalmf.com.br\/#website\"},\"primaryImageOfPage\":{\"@id\":\"https:\/\/portalmf.com.br\/index.php\/2024\/03\/07\/binho-galinha-afirma-que-bruno-borges-e-ex-assessor-de-seu-gabinete-na-alba\/#primaryimage\"},\"image\":{\"@id\":\"https:\/\/portalmf.com.br\/index.php\/2024\/03\/07\/binho-galinha-afirma-que-bruno-borges-e-ex-assessor-de-seu-gabinete-na-alba\/#primaryimage\"},\"thumbnailUrl\":\"https:\/\/portalmf.com.br\/wp-content\/uploads\/2023\/12\/Binho-Galinha-quer-Centro-Administrativo-em-Feira-de-Santana.jpeg\",\"datePublished\":\"2024-03-07T15:25:29+00:00\",\"dateModified\":\"2024-03-07T15:25:30+00:00\",\"author\":{\"@id\":\"https:\/\/portalmf.com.br\/#\/schema\/person\/9ec101baf56233e53520c26de5d6f6f0\"},\"breadcrumb\":{\"@id\":\"https:\/\/portalmf.com.br\/index.php\/2024\/03\/07\/binho-galinha-afirma-que-bruno-borges-e-ex-assessor-de-seu-gabinete-na-alba\/#breadcrumb\"},\"inLanguage\":\"pt-BR\",\"potentialAction\":[{\"@type\":\"ReadAction\",\"target\":[\"https:\/\/portalmf.com.br\/index.php\/2024\/03\/07\/binho-galinha-afirma-que-bruno-borges-e-ex-assessor-de-seu-gabinete-na-alba\/\"]}]},{\"@type\":\"ImageObject\",\"inLanguage\":\"pt-BR\",\"@id\":\"https:\/\/portalmf.com.br\/index.php\/2024\/03\/07\/binho-galinha-afirma-que-bruno-borges-e-ex-assessor-de-seu-gabinete-na-alba\/#primaryimage\",\"url\":\"https:\/\/portalmf.com.br\/wp-content\/uploads\/2023\/12\/Binho-Galinha-quer-Centro-Administrativo-em-Feira-de-Santana.jpeg\",\"contentUrl\":\"https:\/\/portalmf.com.br\/wp-content\/uploads\/2023\/12\/Binho-Galinha-quer-Centro-Administrativo-em-Feira-de-Santana.jpeg\",\"width\":1080,\"height\":608},{\"@type\":\"BreadcrumbList\",\"@id\":\"https:\/\/portalmf.com.br\/index.php\/2024\/03\/07\/binho-galinha-afirma-que-bruno-borges-e-ex-assessor-de-seu-gabinete-na-alba\/#breadcrumb\",\"itemListElement\":[{\"@type\":\"ListItem\",\"position\":1,\"name\":\"In\u00edcio\",\"item\":\"https:\/\/portalmf.com.br\/\"},{\"@type\":\"ListItem\",\"position\":2,\"name\":\"Binho Galinha afirma que Bruno Borges \u00e9 ex-assessor de seu gabinete na ALBA\"}]},{\"@type\":\"WebSite\",\"@id\":\"https:\/\/portalmf.com.br\/#website\",\"url\":\"https:\/\/portalmf.com.br\/\",\"name\":\"Portal MF\",\"description\":\"Voc\u00ea conectado com a informa\u00e7\u00e3o\",\"potentialAction\":[{\"@type\":\"SearchAction\",\"target\":{\"@type\":\"EntryPoint\",\"urlTemplate\":\"https:\/\/portalmf.com.br\/?s={search_term_string}\"},\"query-input\":\"required name=search_term_string\"}],\"inLanguage\":\"pt-BR\"},{\"@type\":\"Person\",\"@id\":\"https:\/\/portalmf.com.br\/#\/schema\/person\/9ec101baf56233e53520c26de5d6f6f0\",\"name\":\"Reda\u00e7\u00e3o Portal MF\",\"image\":{\"@type\":\"ImageObject\",\"inLanguage\":\"pt-BR\",\"@id\":\"https:\/\/portalmf.com.br\/#\/schema\/person\/image\/\",\"url\":\"https:\/\/secure.gravatar.com\/avatar\/41b9aaeb2100835f7c64362330f74c7f?s=96&d=mm&r=g\",\"contentUrl\":\"https:\/\/secure.gravatar.com\/avatar\/41b9aaeb2100835f7c64362330f74c7f?s=96&d=mm&r=g\",\"caption\":\"Reda\u00e7\u00e3o Portal MF\"},\"description\":\"Sejam bem-vindos o portal de informa\u00e7\u00f5es de entretenimento de Feira de Santana, desde 2006 realiza coberturas dos principais eventos com entrevistas exclusivas com as principais personalidades mundiais. Fique conectado tamb\u00e9m nas redes sociais.\",\"sameAs\":[\"http:\/\/www.portalmf.com.br\/\",\"https:\/\/www.facebook.com\/portalmfoficial\",\"https:\/\/www.instagram.com\/portalmf\/\",\"https:\/\/x.com\/https:\/\/x.com\/portalmfoficial\",\"https:\/\/www.youtube.com\/@portalmfoficial\"],\"url\":\"https:\/\/portalmf.com.br\/index.php\/author\/junior\/\"}]}<\/script>\n<!-- \/ Yoast SEO plugin. -->","yoast_head_json":{"title":"Binho Galinha afirma que Bruno Borges \u00e9 ex-assessor de seu gabinete na ALBA - Portal MF","robots":{"index":"index","follow":"follow","max-snippet":"max-snippet:-1","max-image-preview":"max-image-preview:large","max-video-preview":"max-video-preview:-1"},"canonical":"https:\/\/portalmf.com.br\/index.php\/2024\/03\/07\/binho-galinha-afirma-que-bruno-borges-e-ex-assessor-de-seu-gabinete-na-alba\/","og_locale":"pt_BR","og_type":"article","og_title":"Binho Galinha afirma que Bruno Borges \u00e9 ex-assessor de seu gabinete na ALBA - Portal MF","og_description":"Em raz\u00e3o da divulga\u00e7\u00e3o na imprensa de que o senhor Bruno Borges Fran\u00e7a, que \u00e9 investigado na Opera\u00e7\u00e3o da Pol\u00edcia Federal (PF), em Feira de Santana, e que foi preso na tarde desta quarta-feira (06), j\u00e1 que havia uma preventiva em aberto, informamos desde o final de dezembro e in\u00edcio de janeiro que n\u00e3o faz [&hellip;]","og_url":"https:\/\/portalmf.com.br\/index.php\/2024\/03\/07\/binho-galinha-afirma-que-bruno-borges-e-ex-assessor-de-seu-gabinete-na-alba\/","og_site_name":"Portal MF","article_author":"https:\/\/www.facebook.com\/portalmfoficial","article_published_time":"2024-03-07T15:25:29+00:00","article_modified_time":"2024-03-07T15:25:30+00:00","og_image":[{"width":1080,"height":608,"url":"https:\/\/portalmf.com.br\/wp-content\/uploads\/2023\/12\/Binho-Galinha-quer-Centro-Administrativo-em-Feira-de-Santana.jpeg","type":"image\/jpeg"}],"author":"Reda\u00e7\u00e3o Portal MF","twitter_card":"summary_large_image","twitter_creator":"@https:\/\/x.com\/portalmfoficial","twitter_misc":{"Escrito por":"Reda\u00e7\u00e3o Portal MF","Est. tempo de leitura":"1 minuto"},"schema":{"@context":"https:\/\/schema.org","@graph":[{"@type":"WebPage","@id":"https:\/\/portalmf.com.br\/index.php\/2024\/03\/07\/binho-galinha-afirma-que-bruno-borges-e-ex-assessor-de-seu-gabinete-na-alba\/","url":"https:\/\/portalmf.com.br\/index.php\/2024\/03\/07\/binho-galinha-afirma-que-bruno-borges-e-ex-assessor-de-seu-gabinete-na-alba\/","name":"Binho Galinha afirma que Bruno Borges \u00e9 ex-assessor de seu gabinete na ALBA - Portal MF","isPartOf":{"@id":"https:\/\/portalmf.com.br\/#website"},"primaryImageOfPage":{"@id":"https:\/\/portalmf.com.br\/index.php\/2024\/03\/07\/binho-galinha-afirma-que-bruno-borges-e-ex-assessor-de-seu-gabinete-na-alba\/#primaryimage"},"image":{"@id":"https:\/\/portalmf.com.br\/index.php\/2024\/03\/07\/binho-galinha-afirma-que-bruno-borges-e-ex-assessor-de-seu-gabinete-na-alba\/#primaryimage"},"thumbnailUrl":"https:\/\/portalmf.com.br\/wp-content\/uploads\/2023\/12\/Binho-Galinha-quer-Centro-Administrativo-em-Feira-de-Santana.jpeg","datePublished":"2024-03-07T15:25:29+00:00","dateModified":"2024-03-07T15:25:30+00:00","author":{"@id":"https:\/\/portalmf.com.br\/#\/schema\/person\/9ec101baf56233e53520c26de5d6f6f0"},"breadcrumb":{"@id":"https:\/\/portalmf.com.br\/index.php\/2024\/03\/07\/binho-galinha-afirma-que-bruno-borges-e-ex-assessor-de-seu-gabinete-na-alba\/#breadcrumb"},"inLanguage":"pt-BR","potentialAction":[{"@type":"ReadAction","target":["https:\/\/portalmf.com.br\/index.php\/2024\/03\/07\/binho-galinha-afirma-que-bruno-borges-e-ex-assessor-de-seu-gabinete-na-alba\/"]}]},{"@type":"ImageObject","inLanguage":"pt-BR","@id":"https:\/\/portalmf.com.br\/index.php\/2024\/03\/07\/binho-galinha-afirma-que-bruno-borges-e-ex-assessor-de-seu-gabinete-na-alba\/#primaryimage","url":"https:\/\/portalmf.com.br\/wp-content\/uploads\/2023\/12\/Binho-Galinha-quer-Centro-Administrativo-em-Feira-de-Santana.jpeg","contentUrl":"https:\/\/portalmf.com.br\/wp-content\/uploads\/2023\/12\/Binho-Galinha-quer-Centro-Administrativo-em-Feira-de-Santana.jpeg","width":1080,"height":608},{"@type":"BreadcrumbList","@id":"https:\/\/portalmf.com.br\/index.php\/2024\/03\/07\/binho-galinha-afirma-que-bruno-borges-e-ex-assessor-de-seu-gabinete-na-alba\/#breadcrumb","itemListElement":[{"@type":"ListItem","position":1,"name":"In\u00edcio","item":"https:\/\/portalmf.com.br\/"},{"@type":"ListItem","position":2,"name":"Binho Galinha afirma que Bruno Borges \u00e9 ex-assessor de seu gabinete na ALBA"}]},{"@type":"WebSite","@id":"https:\/\/portalmf.com.br\/#website","url":"https:\/\/portalmf.com.br\/","name":"Portal MF","description":"Voc\u00ea conectado com a informa\u00e7\u00e3o","potentialAction":[{"@type":"SearchAction","target":{"@type":"EntryPoint","urlTemplate":"https:\/\/portalmf.com.br\/?s={search_term_string}"},"query-input":"required name=search_term_string"}],"inLanguage":"pt-BR"},{"@type":"Person","@id":"https:\/\/portalmf.com.br\/#\/schema\/person\/9ec101baf56233e53520c26de5d6f6f0","name":"Reda\u00e7\u00e3o Portal MF","image":{"@type":"ImageObject","inLanguage":"pt-BR","@id":"https:\/\/portalmf.com.br\/#\/schema\/person\/image\/","url":"https:\/\/secure.gravatar.com\/avatar\/41b9aaeb2100835f7c64362330f74c7f?s=96&d=mm&r=g","contentUrl":"https:\/\/secure.gravatar.com\/avatar\/41b9aaeb2100835f7c64362330f74c7f?s=96&d=mm&r=g","caption":"Reda\u00e7\u00e3o Portal MF"},"description":"Sejam bem-vindos o portal de informa\u00e7\u00f5es de entretenimento de Feira de Santana, desde 2006 realiza coberturas dos principais eventos com entrevistas exclusivas com as principais personalidades mundiais. Fique conectado tamb\u00e9m nas redes sociais.","sameAs":["http:\/\/www.portalmf.com.br\/","https:\/\/www.facebook.com\/portalmfoficial","https:\/\/www.instagram.com\/portalmf\/","https:\/\/x.com\/https:\/\/x.com\/portalmfoficial","https:\/\/www.youtube.com\/@portalmfoficial"],"url":"https:\/\/portalmf.com.br\/index.php\/author\/junior\/"}]}},"_links":{"self":[{"href":"https:\/\/portalmf.com.br\/index.php\/wp-json\/wp\/v2\/posts\/24554"}],"collection":[{"href":"https:\/\/portalmf.com.br\/index.php\/wp-json\/wp\/v2\/posts"}],"about":[{"href":"https:\/\/portalmf.com.br\/index.php\/wp-json\/wp\/v2\/types\/post"}],"author":[{"embeddable":true,"href":"https:\/\/portalmf.com.br\/index.php\/wp-json\/wp\/v2\/users\/3"}],"replies":[{"embeddable":true,"href":"https:\/\/portalmf.com.br\/index.php\/wp-json\/wp\/v2\/comments?post=24554"}],"version-history":[{"count":1,"href":"https:\/\/portalmf.com.br\/index.php\/wp-json\/wp\/v2\/posts\/24554\/revisions"}],"predecessor-version":[{"id":24556,"href":"https:\/\/portalmf.com.br\/index.php\/wp-json\/wp\/v2\/posts\/24554\/revisions\/24556"}],"wp:featuredmedia":[{"embeddable":true,"href":"https:\/\/portalmf.com.br\/index.php\/wp-json\/wp\/v2\/media\/20446"}],"wp:attachment":[{"href":"https:\/\/portalmf.com.br\/index.php\/wp-json\/wp\/v2\/media?parent=24554"}],"wp:term":[{"taxonomy":"category","embeddable":true,"href":"https:\/\/portalmf.com.br\/index.php\/wp-json\/wp\/v2\/categories?post=24554"},{"taxonomy":"post_tag","embeddable":true,"href":"https:\/\/portalmf.com.br\/index.php\/wp-json\/wp\/v2\/tags?post=24554"}],"curies":[{"name":"wp","href":"https:\/\/api.w.org\/{rel}","templated":true}]}}