{"id":24525,"date":"2024-03-06T17:07:37","date_gmt":"2024-03-06T20:07:37","guid":{"rendered":"https:\/\/portalmf.com.br\/?p=24525"},"modified":"2024-03-06T17:07:37","modified_gmt":"2024-03-06T20:07:37","slug":"programa-bahia-pela-paz-e-apresentado-a-deputados-e-deputadas-na-alba","status":"publish","type":"post","link":"https:\/\/portalmf.com.br\/index.php\/2024\/03\/06\/programa-bahia-pela-paz-e-apresentado-a-deputados-e-deputadas-na-alba\/","title":{"rendered":"Programa Bahia Pela Paz \u00e9 apresentado a deputados e deputadas na Alba"},"content":{"rendered":"\n<p>Ap\u00f3s apresentar o Programa Bahia Pela Paz ao Comit\u00ea de Governan\u00e7a, colegiado composto pelo governador Jer\u00f4nimo Rodrigues, representantes dos tr\u00eas poderes e de institui\u00e7\u00f5es baianas, foi a vez dos deputados e deputadas da Assembleia Legislativa da Bahia (Alba) conhecerem as propostas do Governo do Estado, para desenvolver uma nova perspectiva de promo\u00e7\u00e3o da cultura de paz, associada \u00e0 pol\u00edtica de seguran\u00e7a p\u00fablica do Estado. &nbsp;O Projeto de Lei ser\u00e1 entregue na Alba, na pr\u00f3xima ter\u00e7a-feira (12), pelo governador.<\/p>\n\n\n\n<p>\u201cA Assembleia Legislativa \u00e9 fundamental nesse processo de discuss\u00e3o, n\u00e3o s\u00f3 pelas boas ideias que, seguramente, os deputados e deputadas aportar\u00e3o ao projeto, mas tamb\u00e9m pela legitimidade social que o parlamento traz para o programa, no di\u00e1logo com os diferentes grupos que est\u00e3o aqui representados\u201d, agradeceu o secret\u00e1rio de Justi\u00e7a e Direitos Humanos (SJDH), Felipe Freitas.<\/p>\n\n\n\n<p>O chefe da SJDH fez uma apresenta\u00e7\u00e3o das propostas desenvolvidas por diversos \u00f3rg\u00e3os do poder p\u00fablico estadual e da sociedade civil, direcionadas para o desenvolvimento social e humano das faixas populacionais em situa\u00e7\u00e3o de vulnerabilidade, promovendo tamb\u00e9m a redu\u00e7\u00e3o da criminalidade e da viol\u00eancia no estado.<\/p>\n\n\n\n<figure class=\"wp-block-image\"><a href=\"https:\/\/www.comunicacao.ba.gov.br\/wp-content\/uploads\/2024\/03\/Fotos-Feijao-AlmeidaGOVBA-12.jpg\"><img decoding=\"async\" src=\"https:\/\/www.comunicacao.ba.gov.br\/wp-content\/uploads\/2024\/03\/Fotos-Feijao-AlmeidaGOVBA-12-900x612.jpg\" alt=\"\" class=\"wp-image-323608\"\/><\/a><figcaption class=\"wp-element-caption\">Foto: Feij\u00e3o Almeida\/GOVBA<\/figcaption><\/figure>\n\n\n\n<p>\u201cSimplificamos a estrutura de governan\u00e7a do programa para fazer com que ele seja mais efetivo e fortalecemos as estruturas de participa\u00e7\u00e3o e controle social. A iniciativa passa a contar com uma estrutura de acompanhamento da sociedade civil, atrav\u00e9s dos representantes dos Conselhos de Direito e uma C\u00e2mara de Especialistas, formada a partir do Observat\u00f3rio Bahia Pela Paz, um espa\u00e7o de agrega\u00e7\u00e3o das pesquisas desenvolvidas pela sociedade civil, pelas universidades, no aprimoramento das pol\u00edticas de seguran\u00e7a p\u00fablica e de preven\u00e7\u00e3o \u00e0 viol\u00eancia\u201d, explicou o secret\u00e1rio.<\/p>\n\n\n\n<p>Para o l\u00edder do Goveno na Alba, deputado Rosemberg Pinto (PT), o programa cumprir\u00e1 um papel importante para juventude em situa\u00e7\u00e3o de vulnerabilidade social, construindo uma nova concep\u00e7\u00e3o de seguran\u00e7a publica no estado.<\/p>\n\n\n\n<p>\u201cA participa\u00e7\u00e3o da Assembleia Legislativa \u00e9 sugerir, a partir do Projeto de Lei, e se for necess\u00e1rio, realizar algumas altera\u00e7\u00f5es. O governador vai vir pessoalmente entregar \u00e0 Assembleia Legislativa, na pr\u00f3xima ter\u00e7a-feira (12) e, num prazo de 30 dias, realizaremos debates, depois o secret\u00e1rio [Felipe] retorna para receber essas demandas e construir o projeto definitivo, que esperamos ser aprovado por unanimidade pelos deputados e deputadas da Casa Legislativa\u201d, explicou o representante do governo do Estado no parlamento baiano.<\/p>\n\n\n\n<p>A iniciativa envolve mais de 12 secretarias do Estado e todas as \u00e1reas tem\u00e1ticas.\u00a0 O objetivo, em seu primeiro ano de funcionamento, \u00e9 atender as comunidades que mais necessitam de alternativas e possibilidades de fortalecimento e de estrutura\u00e7\u00e3o de pol\u00edticas p\u00fablicas, para o enfrentamento de problemas sociais como a viol\u00eancia.<\/p>\n","protected":false},"excerpt":{"rendered":"<p>Ap\u00f3s apresentar o Programa Bahia Pela Paz ao Comit\u00ea de Governan\u00e7a, colegiado composto pelo governador Jer\u00f4nimo Rodrigues, representantes dos tr\u00eas poderes e de institui\u00e7\u00f5es baianas, foi a vez dos deputados e deputadas da Assembleia Legislativa da Bahia (Alba) conhecerem as propostas do Governo do Estado, para desenvolver uma nova perspectiva de promo\u00e7\u00e3o da cultura de [&hellip;]<\/p>\n","protected":false},"author":3,"featured_media":24526,"comment_status":"open","ping_status":"open","sticky":false,"template":"","format":"standard","meta":{"_monsterinsights_skip_tracking":false,"_monsterinsights_sitenote_active":false,"_monsterinsights_sitenote_note":"","_monsterinsights_sitenote_category":0,"footnotes":""},"categories":[34],"tags":[],"yoast_head":"<!-- This site is optimized with the Yoast SEO plugin v22.9 - https:\/\/yoast.com\/wordpress\/plugins\/seo\/ -->\n<title>Programa Bahia Pela Paz \u00e9 apresentado a deputados e deputadas na Alba - Portal MF<\/title>\n<meta name=\"robots\" content=\"index, follow, max-snippet:-1, max-image-preview:large, max-video-preview:-1\" \/>\n<link rel=\"canonical\" href=\"https:\/\/portalmf.com.br\/index.php\/2024\/03\/06\/programa-bahia-pela-paz-e-apresentado-a-deputados-e-deputadas-na-alba\/\" \/>\n<meta property=\"og:locale\" content=\"pt_BR\" \/>\n<meta property=\"og:type\" content=\"article\" \/>\n<meta property=\"og:title\" content=\"Programa Bahia Pela Paz \u00e9 apresentado a deputados e deputadas na Alba - Portal MF\" \/>\n<meta property=\"og:description\" content=\"Ap\u00f3s apresentar o Programa Bahia Pela Paz ao Comit\u00ea de Governan\u00e7a, colegiado composto pelo governador Jer\u00f4nimo Rodrigues, representantes dos tr\u00eas poderes e de institui\u00e7\u00f5es baianas, foi a vez dos deputados e deputadas da Assembleia Legislativa da Bahia (Alba) conhecerem as propostas do Governo do Estado, para desenvolver uma nova perspectiva de promo\u00e7\u00e3o da cultura de [&hellip;]\" \/>\n<meta property=\"og:url\" content=\"https:\/\/portalmf.com.br\/index.php\/2024\/03\/06\/programa-bahia-pela-paz-e-apresentado-a-deputados-e-deputadas-na-alba\/\" \/>\n<meta property=\"og:site_name\" content=\"Portal MF\" \/>\n<meta property=\"article:author\" content=\"https:\/\/www.facebook.com\/portalmfoficial\" \/>\n<meta property=\"article:published_time\" content=\"2024-03-06T20:07:37+00:00\" \/>\n<meta property=\"og:image\" content=\"https:\/\/portalmf.com.br\/wp-content\/uploads\/2024\/03\/Fotos-Feijao-AlmeidaGOVBA-11-696x464-1.jpg\" \/>\n\t<meta property=\"og:image:width\" content=\"696\" \/>\n\t<meta property=\"og:image:height\" content=\"464\" \/>\n\t<meta property=\"og:image:type\" content=\"image\/jpeg\" \/>\n<meta name=\"author\" content=\"Reda\u00e7\u00e3o Portal MF\" \/>\n<meta name=\"twitter:card\" content=\"summary_large_image\" \/>\n<meta name=\"twitter:creator\" content=\"@https:\/\/x.com\/portalmfoficial\" \/>\n<meta name=\"twitter:label1\" content=\"Escrito por\" \/>\n\t<meta name=\"twitter:data1\" content=\"Reda\u00e7\u00e3o Portal MF\" \/>\n\t<meta name=\"twitter:label2\" content=\"Est. tempo de leitura\" \/>\n\t<meta name=\"twitter:data2\" content=\"3 minutos\" \/>\n<script type=\"application\/ld+json\" class=\"yoast-schema-graph\">{\"@context\":\"https:\/\/schema.org\",\"@graph\":[{\"@type\":\"WebPage\",\"@id\":\"https:\/\/portalmf.com.br\/index.php\/2024\/03\/06\/programa-bahia-pela-paz-e-apresentado-a-deputados-e-deputadas-na-alba\/\",\"url\":\"https:\/\/portalmf.com.br\/index.php\/2024\/03\/06\/programa-bahia-pela-paz-e-apresentado-a-deputados-e-deputadas-na-alba\/\",\"name\":\"Programa Bahia Pela Paz \u00e9 apresentado a deputados e deputadas na Alba - Portal MF\",\"isPartOf\":{\"@id\":\"https:\/\/portalmf.com.br\/#website\"},\"primaryImageOfPage\":{\"@id\":\"https:\/\/portalmf.com.br\/index.php\/2024\/03\/06\/programa-bahia-pela-paz-e-apresentado-a-deputados-e-deputadas-na-alba\/#primaryimage\"},\"image\":{\"@id\":\"https:\/\/portalmf.com.br\/index.php\/2024\/03\/06\/programa-bahia-pela-paz-e-apresentado-a-deputados-e-deputadas-na-alba\/#primaryimage\"},\"thumbnailUrl\":\"https:\/\/portalmf.com.br\/wp-content\/uploads\/2024\/03\/Fotos-Feijao-AlmeidaGOVBA-11-696x464-1.jpg\",\"datePublished\":\"2024-03-06T20:07:37+00:00\",\"dateModified\":\"2024-03-06T20:07:37+00:00\",\"author\":{\"@id\":\"https:\/\/portalmf.com.br\/#\/schema\/person\/9ec101baf56233e53520c26de5d6f6f0\"},\"breadcrumb\":{\"@id\":\"https:\/\/portalmf.com.br\/index.php\/2024\/03\/06\/programa-bahia-pela-paz-e-apresentado-a-deputados-e-deputadas-na-alba\/#breadcrumb\"},\"inLanguage\":\"pt-BR\",\"potentialAction\":[{\"@type\":\"ReadAction\",\"target\":[\"https:\/\/portalmf.com.br\/index.php\/2024\/03\/06\/programa-bahia-pela-paz-e-apresentado-a-deputados-e-deputadas-na-alba\/\"]}]},{\"@type\":\"ImageObject\",\"inLanguage\":\"pt-BR\",\"@id\":\"https:\/\/portalmf.com.br\/index.php\/2024\/03\/06\/programa-bahia-pela-paz-e-apresentado-a-deputados-e-deputadas-na-alba\/#primaryimage\",\"url\":\"https:\/\/portalmf.com.br\/wp-content\/uploads\/2024\/03\/Fotos-Feijao-AlmeidaGOVBA-11-696x464-1.jpg\",\"contentUrl\":\"https:\/\/portalmf.com.br\/wp-content\/uploads\/2024\/03\/Fotos-Feijao-AlmeidaGOVBA-11-696x464-1.jpg\",\"width\":696,\"height\":464},{\"@type\":\"BreadcrumbList\",\"@id\":\"https:\/\/portalmf.com.br\/index.php\/2024\/03\/06\/programa-bahia-pela-paz-e-apresentado-a-deputados-e-deputadas-na-alba\/#breadcrumb\",\"itemListElement\":[{\"@type\":\"ListItem\",\"position\":1,\"name\":\"In\u00edcio\",\"item\":\"https:\/\/portalmf.com.br\/\"},{\"@type\":\"ListItem\",\"position\":2,\"name\":\"Programa Bahia Pela Paz \u00e9 apresentado a deputados e deputadas na Alba\"}]},{\"@type\":\"WebSite\",\"@id\":\"https:\/\/portalmf.com.br\/#website\",\"url\":\"https:\/\/portalmf.com.br\/\",\"name\":\"Portal MF\",\"description\":\"Voc\u00ea conectado com a informa\u00e7\u00e3o\",\"potentialAction\":[{\"@type\":\"SearchAction\",\"target\":{\"@type\":\"EntryPoint\",\"urlTemplate\":\"https:\/\/portalmf.com.br\/?s={search_term_string}\"},\"query-input\":\"required name=search_term_string\"}],\"inLanguage\":\"pt-BR\"},{\"@type\":\"Person\",\"@id\":\"https:\/\/portalmf.com.br\/#\/schema\/person\/9ec101baf56233e53520c26de5d6f6f0\",\"name\":\"Reda\u00e7\u00e3o Portal MF\",\"image\":{\"@type\":\"ImageObject\",\"inLanguage\":\"pt-BR\",\"@id\":\"https:\/\/portalmf.com.br\/#\/schema\/person\/image\/\",\"url\":\"https:\/\/secure.gravatar.com\/avatar\/41b9aaeb2100835f7c64362330f74c7f?s=96&d=mm&r=g\",\"contentUrl\":\"https:\/\/secure.gravatar.com\/avatar\/41b9aaeb2100835f7c64362330f74c7f?s=96&d=mm&r=g\",\"caption\":\"Reda\u00e7\u00e3o Portal MF\"},\"description\":\"Sejam bem-vindos o portal de informa\u00e7\u00f5es de entretenimento de Feira de Santana, desde 2006 realiza coberturas dos principais eventos com entrevistas exclusivas com as principais personalidades mundiais. Fique conectado tamb\u00e9m nas redes sociais.\",\"sameAs\":[\"http:\/\/www.portalmf.com.br\/\",\"https:\/\/www.facebook.com\/portalmfoficial\",\"https:\/\/www.instagram.com\/portalmf\/\",\"https:\/\/x.com\/https:\/\/x.com\/portalmfoficial\",\"https:\/\/www.youtube.com\/@portalmfoficial\"],\"url\":\"https:\/\/portalmf.com.br\/index.php\/author\/junior\/\"}]}<\/script>\n<!-- \/ Yoast SEO plugin. -->","yoast_head_json":{"title":"Programa Bahia Pela Paz \u00e9 apresentado a deputados e deputadas na Alba - Portal MF","robots":{"index":"index","follow":"follow","max-snippet":"max-snippet:-1","max-image-preview":"max-image-preview:large","max-video-preview":"max-video-preview:-1"},"canonical":"https:\/\/portalmf.com.br\/index.php\/2024\/03\/06\/programa-bahia-pela-paz-e-apresentado-a-deputados-e-deputadas-na-alba\/","og_locale":"pt_BR","og_type":"article","og_title":"Programa Bahia Pela Paz \u00e9 apresentado a deputados e deputadas na Alba - Portal MF","og_description":"Ap\u00f3s apresentar o Programa Bahia Pela Paz ao Comit\u00ea de Governan\u00e7a, colegiado composto pelo governador Jer\u00f4nimo Rodrigues, representantes dos tr\u00eas poderes e de institui\u00e7\u00f5es baianas, foi a vez dos deputados e deputadas da Assembleia Legislativa da Bahia (Alba) conhecerem as propostas do Governo do Estado, para desenvolver uma nova perspectiva de promo\u00e7\u00e3o da cultura de [&hellip;]","og_url":"https:\/\/portalmf.com.br\/index.php\/2024\/03\/06\/programa-bahia-pela-paz-e-apresentado-a-deputados-e-deputadas-na-alba\/","og_site_name":"Portal MF","article_author":"https:\/\/www.facebook.com\/portalmfoficial","article_published_time":"2024-03-06T20:07:37+00:00","og_image":[{"width":696,"height":464,"url":"https:\/\/portalmf.com.br\/wp-content\/uploads\/2024\/03\/Fotos-Feijao-AlmeidaGOVBA-11-696x464-1.jpg","type":"image\/jpeg"}],"author":"Reda\u00e7\u00e3o Portal MF","twitter_card":"summary_large_image","twitter_creator":"@https:\/\/x.com\/portalmfoficial","twitter_misc":{"Escrito por":"Reda\u00e7\u00e3o Portal MF","Est. tempo de leitura":"3 minutos"},"schema":{"@context":"https:\/\/schema.org","@graph":[{"@type":"WebPage","@id":"https:\/\/portalmf.com.br\/index.php\/2024\/03\/06\/programa-bahia-pela-paz-e-apresentado-a-deputados-e-deputadas-na-alba\/","url":"https:\/\/portalmf.com.br\/index.php\/2024\/03\/06\/programa-bahia-pela-paz-e-apresentado-a-deputados-e-deputadas-na-alba\/","name":"Programa Bahia Pela Paz \u00e9 apresentado a deputados e deputadas na Alba - Portal MF","isPartOf":{"@id":"https:\/\/portalmf.com.br\/#website"},"primaryImageOfPage":{"@id":"https:\/\/portalmf.com.br\/index.php\/2024\/03\/06\/programa-bahia-pela-paz-e-apresentado-a-deputados-e-deputadas-na-alba\/#primaryimage"},"image":{"@id":"https:\/\/portalmf.com.br\/index.php\/2024\/03\/06\/programa-bahia-pela-paz-e-apresentado-a-deputados-e-deputadas-na-alba\/#primaryimage"},"thumbnailUrl":"https:\/\/portalmf.com.br\/wp-content\/uploads\/2024\/03\/Fotos-Feijao-AlmeidaGOVBA-11-696x464-1.jpg","datePublished":"2024-03-06T20:07:37+00:00","dateModified":"2024-03-06T20:07:37+00:00","author":{"@id":"https:\/\/portalmf.com.br\/#\/schema\/person\/9ec101baf56233e53520c26de5d6f6f0"},"breadcrumb":{"@id":"https:\/\/portalmf.com.br\/index.php\/2024\/03\/06\/programa-bahia-pela-paz-e-apresentado-a-deputados-e-deputadas-na-alba\/#breadcrumb"},"inLanguage":"pt-BR","potentialAction":[{"@type":"ReadAction","target":["https:\/\/portalmf.com.br\/index.php\/2024\/03\/06\/programa-bahia-pela-paz-e-apresentado-a-deputados-e-deputadas-na-alba\/"]}]},{"@type":"ImageObject","inLanguage":"pt-BR","@id":"https:\/\/portalmf.com.br\/index.php\/2024\/03\/06\/programa-bahia-pela-paz-e-apresentado-a-deputados-e-deputadas-na-alba\/#primaryimage","url":"https:\/\/portalmf.com.br\/wp-content\/uploads\/2024\/03\/Fotos-Feijao-AlmeidaGOVBA-11-696x464-1.jpg","contentUrl":"https:\/\/portalmf.com.br\/wp-content\/uploads\/2024\/03\/Fotos-Feijao-AlmeidaGOVBA-11-696x464-1.jpg","width":696,"height":464},{"@type":"BreadcrumbList","@id":"https:\/\/portalmf.com.br\/index.php\/2024\/03\/06\/programa-bahia-pela-paz-e-apresentado-a-deputados-e-deputadas-na-alba\/#breadcrumb","itemListElement":[{"@type":"ListItem","position":1,"name":"In\u00edcio","item":"https:\/\/portalmf.com.br\/"},{"@type":"ListItem","position":2,"name":"Programa Bahia Pela Paz \u00e9 apresentado a deputados e deputadas na Alba"}]},{"@type":"WebSite","@id":"https:\/\/portalmf.com.br\/#website","url":"https:\/\/portalmf.com.br\/","name":"Portal MF","description":"Voc\u00ea conectado com a informa\u00e7\u00e3o","potentialAction":[{"@type":"SearchAction","target":{"@type":"EntryPoint","urlTemplate":"https:\/\/portalmf.com.br\/?s={search_term_string}"},"query-input":"required name=search_term_string"}],"inLanguage":"pt-BR"},{"@type":"Person","@id":"https:\/\/portalmf.com.br\/#\/schema\/person\/9ec101baf56233e53520c26de5d6f6f0","name":"Reda\u00e7\u00e3o Portal MF","image":{"@type":"ImageObject","inLanguage":"pt-BR","@id":"https:\/\/portalmf.com.br\/#\/schema\/person\/image\/","url":"https:\/\/secure.gravatar.com\/avatar\/41b9aaeb2100835f7c64362330f74c7f?s=96&d=mm&r=g","contentUrl":"https:\/\/secure.gravatar.com\/avatar\/41b9aaeb2100835f7c64362330f74c7f?s=96&d=mm&r=g","caption":"Reda\u00e7\u00e3o Portal MF"},"description":"Sejam bem-vindos o portal de informa\u00e7\u00f5es de entretenimento de Feira de Santana, desde 2006 realiza coberturas dos principais eventos com entrevistas exclusivas com as principais personalidades mundiais. Fique conectado tamb\u00e9m nas redes sociais.","sameAs":["http:\/\/www.portalmf.com.br\/","https:\/\/www.facebook.com\/portalmfoficial","https:\/\/www.instagram.com\/portalmf\/","https:\/\/x.com\/https:\/\/x.com\/portalmfoficial","https:\/\/www.youtube.com\/@portalmfoficial"],"url":"https:\/\/portalmf.com.br\/index.php\/author\/junior\/"}]}},"_links":{"self":[{"href":"https:\/\/portalmf.com.br\/index.php\/wp-json\/wp\/v2\/posts\/24525"}],"collection":[{"href":"https:\/\/portalmf.com.br\/index.php\/wp-json\/wp\/v2\/posts"}],"about":[{"href":"https:\/\/portalmf.com.br\/index.php\/wp-json\/wp\/v2\/types\/post"}],"author":[{"embeddable":true,"href":"https:\/\/portalmf.com.br\/index.php\/wp-json\/wp\/v2\/users\/3"}],"replies":[{"embeddable":true,"href":"https:\/\/portalmf.com.br\/index.php\/wp-json\/wp\/v2\/comments?post=24525"}],"version-history":[{"count":1,"href":"https:\/\/portalmf.com.br\/index.php\/wp-json\/wp\/v2\/posts\/24525\/revisions"}],"predecessor-version":[{"id":24527,"href":"https:\/\/portalmf.com.br\/index.php\/wp-json\/wp\/v2\/posts\/24525\/revisions\/24527"}],"wp:featuredmedia":[{"embeddable":true,"href":"https:\/\/portalmf.com.br\/index.php\/wp-json\/wp\/v2\/media\/24526"}],"wp:attachment":[{"href":"https:\/\/portalmf.com.br\/index.php\/wp-json\/wp\/v2\/media?parent=24525"}],"wp:term":[{"taxonomy":"category","embeddable":true,"href":"https:\/\/portalmf.com.br\/index.php\/wp-json\/wp\/v2\/categories?post=24525"},{"taxonomy":"post_tag","embeddable":true,"href":"https:\/\/portalmf.com.br\/index.php\/wp-json\/wp\/v2\/tags?post=24525"}],"curies":[{"name":"wp","href":"https:\/\/api.w.org\/{rel}","templated":true}]}}