{"id":24520,"date":"2024-03-06T17:06:09","date_gmt":"2024-03-06T20:06:09","guid":{"rendered":"https:\/\/portalmf.com.br\/?p=24520"},"modified":"2024-03-06T17:06:10","modified_gmt":"2024-03-06T20:06:10","slug":"prefeitura-inicia-recapeamento-asfaltico-na-avenida-noide-cerqueira","status":"publish","type":"post","link":"https:\/\/portalmf.com.br\/index.php\/2024\/03\/06\/prefeitura-inicia-recapeamento-asfaltico-na-avenida-noide-cerqueira\/","title":{"rendered":"Prefeitura inicia recapeamento asf\u00e1ltico na avenida Noide Cerqueira"},"content":{"rendered":"\n<p>A avenida Noide Cerqueira est\u00e1 ganhando um asfalto novinho. A Prefeitura de Feira de Santana iniciou o processo na \u00faltima segunda-feira (4) com a remo\u00e7\u00e3o cuidadosa do antigo pavimento atrav\u00e9s da fresagem &#8211; assegurando uma base limpa e adequada para a implementa\u00e7\u00e3o do novo asfalto.\u00a0Ser\u00e3o contemplados inicialmente 8 mil metros quadrados da via.<\/p>\n\n\n\n<figure class=\"wp-block-image size-large\"><img fetchpriority=\"high\" decoding=\"async\" width=\"1024\" height=\"683\" src=\"https:\/\/portalmf.com.br\/wp-content\/uploads\/2024\/03\/image-14-1024x683.png\" alt=\"\" class=\"wp-image-24521\" srcset=\"https:\/\/portalmf.com.br\/wp-content\/uploads\/2024\/03\/image-14-1024x683.png 1024w, https:\/\/portalmf.com.br\/wp-content\/uploads\/2024\/03\/image-14-300x200.png 300w, https:\/\/portalmf.com.br\/wp-content\/uploads\/2024\/03\/image-14-768x512.png 768w, https:\/\/portalmf.com.br\/wp-content\/uploads\/2024\/03\/image-14-696x464.png 696w, https:\/\/portalmf.com.br\/wp-content\/uploads\/2024\/03\/image-14-1068x712.png 1068w, https:\/\/portalmf.com.br\/wp-content\/uploads\/2024\/03\/image-14.png 1299w\" sizes=\"(max-width: 1024px) 100vw, 1024px\" \/><figcaption class=\"wp-element-caption\"><strong>Foto: Valdenir Lima<\/strong><\/figcaption><\/figure>\n\n\n\n<p>Antes de preencher a superf\u00edcie com a nova camada, a equipe est\u00e1 dedicando esfor\u00e7os para nivelar o terreno de forma precisa. Essa etapa \u00e9 crucial para garantir uma travessia suave e segura para os condutores, otimizando a durabilidade e efici\u00eancia do novo revestimento.<\/p>\n\n\n\n<p>Essa abordagem visa n\u00e3o apenas a est\u00e9tica, mas tamb\u00e9m a funcionalidade e a seguran\u00e7a, contribuindo para uma melhor trafegabilidade\u00a0e conforto dos condutores e transeuntes da avenida Noide Cerqueira.<\/p>\n\n\n\n<figure class=\"wp-block-image size-large\"><img decoding=\"async\" width=\"1024\" height=\"683\" src=\"https:\/\/portalmf.com.br\/wp-content\/uploads\/2024\/03\/image-15-1024x683.png\" alt=\"\" class=\"wp-image-24522\" srcset=\"https:\/\/portalmf.com.br\/wp-content\/uploads\/2024\/03\/image-15-1024x683.png 1024w, https:\/\/portalmf.com.br\/wp-content\/uploads\/2024\/03\/image-15-300x200.png 300w, https:\/\/portalmf.com.br\/wp-content\/uploads\/2024\/03\/image-15-768x512.png 768w, https:\/\/portalmf.com.br\/wp-content\/uploads\/2024\/03\/image-15-696x464.png 696w, https:\/\/portalmf.com.br\/wp-content\/uploads\/2024\/03\/image-15-1068x712.png 1068w, https:\/\/portalmf.com.br\/wp-content\/uploads\/2024\/03\/image-15.png 1299w\" sizes=\"(max-width: 1024px) 100vw, 1024px\" \/><figcaption class=\"wp-element-caption\"><strong><strong>Foto: Valdenir Lima<\/strong><\/strong><\/figcaption><\/figure>\n\n\n\n<p>A obra \u00e9 realizada pela Superintend\u00eancia de Opera\u00e7\u00f5es e Manuten\u00e7\u00e3o (SOMA). \u201c<em>O primeiro asfalto, obra do Governo do Estado, tinha algumas falhas como o ac\u00famulo de \u00e1gua decorrentes do desn\u00edvel que foi evidenciado com as chuvas recentes na cidade<\/em>\u201d, explicou Ianco Pinho, diretor de Execu\u00e7\u00e3o de Obras da SOMA.<\/p>\n\n\n\n<p>Ianco considera que com essas melhorias, a rua n\u00e3o apenas ganhar\u00e1 uma nova apar\u00eancia, mas tamb\u00e9m promover\u00e1 uma infraestrutura vi\u00e1ria mais moderna e eficiente &#8220;<em>atendendo \u00e0s necessidades da comunidade local e proporcionando uma experi\u00eancia de tr\u00e2nsito mais suave e segura<\/em>&#8220;, pontuou.<\/p>\n\n\n\n<p>Com informa\u00e7\u00f5es da Secom<\/p>\n","protected":false},"excerpt":{"rendered":"<p>A avenida Noide Cerqueira est\u00e1 ganhando um asfalto novinho. A Prefeitura de Feira de Santana iniciou o processo na \u00faltima segunda-feira (4) com a remo\u00e7\u00e3o cuidadosa do antigo pavimento atrav\u00e9s da fresagem &#8211; assegurando uma base limpa e adequada para a implementa\u00e7\u00e3o do novo asfalto.\u00a0Ser\u00e3o contemplados inicialmente 8 mil metros quadrados da via. Antes de [&hellip;]<\/p>\n","protected":false},"author":3,"featured_media":24523,"comment_status":"open","ping_status":"open","sticky":false,"template":"","format":"standard","meta":{"_monsterinsights_skip_tracking":false,"_monsterinsights_sitenote_active":false,"_monsterinsights_sitenote_note":"","_monsterinsights_sitenote_category":0,"footnotes":""},"categories":[34],"tags":[],"yoast_head":"<!-- This site is optimized with the Yoast SEO plugin v22.9 - https:\/\/yoast.com\/wordpress\/plugins\/seo\/ -->\n<title>Prefeitura inicia recapeamento asf\u00e1ltico na avenida Noide Cerqueira - Portal MF<\/title>\n<meta name=\"robots\" content=\"index, follow, max-snippet:-1, max-image-preview:large, max-video-preview:-1\" \/>\n<link rel=\"canonical\" href=\"https:\/\/portalmf.com.br\/index.php\/2024\/03\/06\/prefeitura-inicia-recapeamento-asfaltico-na-avenida-noide-cerqueira\/\" \/>\n<meta property=\"og:locale\" content=\"pt_BR\" \/>\n<meta property=\"og:type\" content=\"article\" \/>\n<meta property=\"og:title\" content=\"Prefeitura inicia recapeamento asf\u00e1ltico na avenida Noide Cerqueira - Portal MF\" \/>\n<meta property=\"og:description\" content=\"A avenida Noide Cerqueira est\u00e1 ganhando um asfalto novinho. A Prefeitura de Feira de Santana iniciou o processo na \u00faltima segunda-feira (4) com a remo\u00e7\u00e3o cuidadosa do antigo pavimento atrav\u00e9s da fresagem &#8211; assegurando uma base limpa e adequada para a implementa\u00e7\u00e3o do novo asfalto.\u00a0Ser\u00e3o contemplados inicialmente 8 mil metros quadrados da via. Antes de [&hellip;]\" \/>\n<meta property=\"og:url\" content=\"https:\/\/portalmf.com.br\/index.php\/2024\/03\/06\/prefeitura-inicia-recapeamento-asfaltico-na-avenida-noide-cerqueira\/\" \/>\n<meta property=\"og:site_name\" content=\"Portal MF\" \/>\n<meta property=\"article:author\" content=\"https:\/\/www.facebook.com\/portalmfoficial\" \/>\n<meta property=\"article:published_time\" content=\"2024-03-06T20:06:09+00:00\" \/>\n<meta property=\"article:modified_time\" content=\"2024-03-06T20:06:10+00:00\" \/>\n<meta property=\"og:image\" content=\"https:\/\/portalmf.com.br\/wp-content\/uploads\/2024\/03\/RECAPEAMENTO-NA-NOIDE-CERQUEIRA-FOTO-VALDENIR-LIMA-10.jpeg\" \/>\n\t<meta property=\"og:image:width\" content=\"1713\" \/>\n\t<meta property=\"og:image:height\" content=\"866\" \/>\n\t<meta property=\"og:image:type\" content=\"image\/jpeg\" \/>\n<meta name=\"author\" content=\"Reda\u00e7\u00e3o Portal MF\" \/>\n<meta name=\"twitter:card\" content=\"summary_large_image\" \/>\n<meta name=\"twitter:creator\" content=\"@https:\/\/x.com\/portalmfoficial\" \/>\n<meta name=\"twitter:label1\" content=\"Escrito por\" \/>\n\t<meta name=\"twitter:data1\" content=\"Reda\u00e7\u00e3o Portal MF\" \/>\n\t<meta name=\"twitter:label2\" content=\"Est. tempo de leitura\" \/>\n\t<meta name=\"twitter:data2\" content=\"2 minutos\" \/>\n<script type=\"application\/ld+json\" class=\"yoast-schema-graph\">{\"@context\":\"https:\/\/schema.org\",\"@graph\":[{\"@type\":\"WebPage\",\"@id\":\"https:\/\/portalmf.com.br\/index.php\/2024\/03\/06\/prefeitura-inicia-recapeamento-asfaltico-na-avenida-noide-cerqueira\/\",\"url\":\"https:\/\/portalmf.com.br\/index.php\/2024\/03\/06\/prefeitura-inicia-recapeamento-asfaltico-na-avenida-noide-cerqueira\/\",\"name\":\"Prefeitura inicia recapeamento asf\u00e1ltico na avenida Noide Cerqueira - Portal MF\",\"isPartOf\":{\"@id\":\"https:\/\/portalmf.com.br\/#website\"},\"primaryImageOfPage\":{\"@id\":\"https:\/\/portalmf.com.br\/index.php\/2024\/03\/06\/prefeitura-inicia-recapeamento-asfaltico-na-avenida-noide-cerqueira\/#primaryimage\"},\"image\":{\"@id\":\"https:\/\/portalmf.com.br\/index.php\/2024\/03\/06\/prefeitura-inicia-recapeamento-asfaltico-na-avenida-noide-cerqueira\/#primaryimage\"},\"thumbnailUrl\":\"https:\/\/portalmf.com.br\/wp-content\/uploads\/2024\/03\/RECAPEAMENTO-NA-NOIDE-CERQUEIRA-FOTO-VALDENIR-LIMA-10.jpeg\",\"datePublished\":\"2024-03-06T20:06:09+00:00\",\"dateModified\":\"2024-03-06T20:06:10+00:00\",\"author\":{\"@id\":\"https:\/\/portalmf.com.br\/#\/schema\/person\/9ec101baf56233e53520c26de5d6f6f0\"},\"breadcrumb\":{\"@id\":\"https:\/\/portalmf.com.br\/index.php\/2024\/03\/06\/prefeitura-inicia-recapeamento-asfaltico-na-avenida-noide-cerqueira\/#breadcrumb\"},\"inLanguage\":\"pt-BR\",\"potentialAction\":[{\"@type\":\"ReadAction\",\"target\":[\"https:\/\/portalmf.com.br\/index.php\/2024\/03\/06\/prefeitura-inicia-recapeamento-asfaltico-na-avenida-noide-cerqueira\/\"]}]},{\"@type\":\"ImageObject\",\"inLanguage\":\"pt-BR\",\"@id\":\"https:\/\/portalmf.com.br\/index.php\/2024\/03\/06\/prefeitura-inicia-recapeamento-asfaltico-na-avenida-noide-cerqueira\/#primaryimage\",\"url\":\"https:\/\/portalmf.com.br\/wp-content\/uploads\/2024\/03\/RECAPEAMENTO-NA-NOIDE-CERQUEIRA-FOTO-VALDENIR-LIMA-10.jpeg\",\"contentUrl\":\"https:\/\/portalmf.com.br\/wp-content\/uploads\/2024\/03\/RECAPEAMENTO-NA-NOIDE-CERQUEIRA-FOTO-VALDENIR-LIMA-10.jpeg\",\"width\":1713,\"height\":866},{\"@type\":\"BreadcrumbList\",\"@id\":\"https:\/\/portalmf.com.br\/index.php\/2024\/03\/06\/prefeitura-inicia-recapeamento-asfaltico-na-avenida-noide-cerqueira\/#breadcrumb\",\"itemListElement\":[{\"@type\":\"ListItem\",\"position\":1,\"name\":\"In\u00edcio\",\"item\":\"https:\/\/portalmf.com.br\/\"},{\"@type\":\"ListItem\",\"position\":2,\"name\":\"Prefeitura inicia recapeamento asf\u00e1ltico na avenida Noide Cerqueira\"}]},{\"@type\":\"WebSite\",\"@id\":\"https:\/\/portalmf.com.br\/#website\",\"url\":\"https:\/\/portalmf.com.br\/\",\"name\":\"Portal MF\",\"description\":\"Voc\u00ea conectado com a informa\u00e7\u00e3o\",\"potentialAction\":[{\"@type\":\"SearchAction\",\"target\":{\"@type\":\"EntryPoint\",\"urlTemplate\":\"https:\/\/portalmf.com.br\/?s={search_term_string}\"},\"query-input\":\"required name=search_term_string\"}],\"inLanguage\":\"pt-BR\"},{\"@type\":\"Person\",\"@id\":\"https:\/\/portalmf.com.br\/#\/schema\/person\/9ec101baf56233e53520c26de5d6f6f0\",\"name\":\"Reda\u00e7\u00e3o Portal MF\",\"image\":{\"@type\":\"ImageObject\",\"inLanguage\":\"pt-BR\",\"@id\":\"https:\/\/portalmf.com.br\/#\/schema\/person\/image\/\",\"url\":\"https:\/\/secure.gravatar.com\/avatar\/41b9aaeb2100835f7c64362330f74c7f?s=96&d=mm&r=g\",\"contentUrl\":\"https:\/\/secure.gravatar.com\/avatar\/41b9aaeb2100835f7c64362330f74c7f?s=96&d=mm&r=g\",\"caption\":\"Reda\u00e7\u00e3o Portal MF\"},\"description\":\"Sejam bem-vindos o portal de informa\u00e7\u00f5es de entretenimento de Feira de Santana, desde 2006 realiza coberturas dos principais eventos com entrevistas exclusivas com as principais personalidades mundiais. Fique conectado tamb\u00e9m nas redes sociais.\",\"sameAs\":[\"http:\/\/www.portalmf.com.br\/\",\"https:\/\/www.facebook.com\/portalmfoficial\",\"https:\/\/www.instagram.com\/portalmf\/\",\"https:\/\/x.com\/https:\/\/x.com\/portalmfoficial\",\"https:\/\/www.youtube.com\/@portalmfoficial\"],\"url\":\"https:\/\/portalmf.com.br\/index.php\/author\/junior\/\"}]}<\/script>\n<!-- \/ Yoast SEO plugin. -->","yoast_head_json":{"title":"Prefeitura inicia recapeamento asf\u00e1ltico na avenida Noide Cerqueira - Portal MF","robots":{"index":"index","follow":"follow","max-snippet":"max-snippet:-1","max-image-preview":"max-image-preview:large","max-video-preview":"max-video-preview:-1"},"canonical":"https:\/\/portalmf.com.br\/index.php\/2024\/03\/06\/prefeitura-inicia-recapeamento-asfaltico-na-avenida-noide-cerqueira\/","og_locale":"pt_BR","og_type":"article","og_title":"Prefeitura inicia recapeamento asf\u00e1ltico na avenida Noide Cerqueira - Portal MF","og_description":"A avenida Noide Cerqueira est\u00e1 ganhando um asfalto novinho. A Prefeitura de Feira de Santana iniciou o processo na \u00faltima segunda-feira (4) com a remo\u00e7\u00e3o cuidadosa do antigo pavimento atrav\u00e9s da fresagem &#8211; assegurando uma base limpa e adequada para a implementa\u00e7\u00e3o do novo asfalto.\u00a0Ser\u00e3o contemplados inicialmente 8 mil metros quadrados da via. Antes de [&hellip;]","og_url":"https:\/\/portalmf.com.br\/index.php\/2024\/03\/06\/prefeitura-inicia-recapeamento-asfaltico-na-avenida-noide-cerqueira\/","og_site_name":"Portal MF","article_author":"https:\/\/www.facebook.com\/portalmfoficial","article_published_time":"2024-03-06T20:06:09+00:00","article_modified_time":"2024-03-06T20:06:10+00:00","og_image":[{"width":1713,"height":866,"url":"https:\/\/portalmf.com.br\/wp-content\/uploads\/2024\/03\/RECAPEAMENTO-NA-NOIDE-CERQUEIRA-FOTO-VALDENIR-LIMA-10.jpeg","type":"image\/jpeg"}],"author":"Reda\u00e7\u00e3o Portal MF","twitter_card":"summary_large_image","twitter_creator":"@https:\/\/x.com\/portalmfoficial","twitter_misc":{"Escrito por":"Reda\u00e7\u00e3o Portal MF","Est. tempo de leitura":"2 minutos"},"schema":{"@context":"https:\/\/schema.org","@graph":[{"@type":"WebPage","@id":"https:\/\/portalmf.com.br\/index.php\/2024\/03\/06\/prefeitura-inicia-recapeamento-asfaltico-na-avenida-noide-cerqueira\/","url":"https:\/\/portalmf.com.br\/index.php\/2024\/03\/06\/prefeitura-inicia-recapeamento-asfaltico-na-avenida-noide-cerqueira\/","name":"Prefeitura inicia recapeamento asf\u00e1ltico na avenida Noide Cerqueira - Portal MF","isPartOf":{"@id":"https:\/\/portalmf.com.br\/#website"},"primaryImageOfPage":{"@id":"https:\/\/portalmf.com.br\/index.php\/2024\/03\/06\/prefeitura-inicia-recapeamento-asfaltico-na-avenida-noide-cerqueira\/#primaryimage"},"image":{"@id":"https:\/\/portalmf.com.br\/index.php\/2024\/03\/06\/prefeitura-inicia-recapeamento-asfaltico-na-avenida-noide-cerqueira\/#primaryimage"},"thumbnailUrl":"https:\/\/portalmf.com.br\/wp-content\/uploads\/2024\/03\/RECAPEAMENTO-NA-NOIDE-CERQUEIRA-FOTO-VALDENIR-LIMA-10.jpeg","datePublished":"2024-03-06T20:06:09+00:00","dateModified":"2024-03-06T20:06:10+00:00","author":{"@id":"https:\/\/portalmf.com.br\/#\/schema\/person\/9ec101baf56233e53520c26de5d6f6f0"},"breadcrumb":{"@id":"https:\/\/portalmf.com.br\/index.php\/2024\/03\/06\/prefeitura-inicia-recapeamento-asfaltico-na-avenida-noide-cerqueira\/#breadcrumb"},"inLanguage":"pt-BR","potentialAction":[{"@type":"ReadAction","target":["https:\/\/portalmf.com.br\/index.php\/2024\/03\/06\/prefeitura-inicia-recapeamento-asfaltico-na-avenida-noide-cerqueira\/"]}]},{"@type":"ImageObject","inLanguage":"pt-BR","@id":"https:\/\/portalmf.com.br\/index.php\/2024\/03\/06\/prefeitura-inicia-recapeamento-asfaltico-na-avenida-noide-cerqueira\/#primaryimage","url":"https:\/\/portalmf.com.br\/wp-content\/uploads\/2024\/03\/RECAPEAMENTO-NA-NOIDE-CERQUEIRA-FOTO-VALDENIR-LIMA-10.jpeg","contentUrl":"https:\/\/portalmf.com.br\/wp-content\/uploads\/2024\/03\/RECAPEAMENTO-NA-NOIDE-CERQUEIRA-FOTO-VALDENIR-LIMA-10.jpeg","width":1713,"height":866},{"@type":"BreadcrumbList","@id":"https:\/\/portalmf.com.br\/index.php\/2024\/03\/06\/prefeitura-inicia-recapeamento-asfaltico-na-avenida-noide-cerqueira\/#breadcrumb","itemListElement":[{"@type":"ListItem","position":1,"name":"In\u00edcio","item":"https:\/\/portalmf.com.br\/"},{"@type":"ListItem","position":2,"name":"Prefeitura inicia recapeamento asf\u00e1ltico na avenida Noide Cerqueira"}]},{"@type":"WebSite","@id":"https:\/\/portalmf.com.br\/#website","url":"https:\/\/portalmf.com.br\/","name":"Portal MF","description":"Voc\u00ea conectado com a informa\u00e7\u00e3o","potentialAction":[{"@type":"SearchAction","target":{"@type":"EntryPoint","urlTemplate":"https:\/\/portalmf.com.br\/?s={search_term_string}"},"query-input":"required name=search_term_string"}],"inLanguage":"pt-BR"},{"@type":"Person","@id":"https:\/\/portalmf.com.br\/#\/schema\/person\/9ec101baf56233e53520c26de5d6f6f0","name":"Reda\u00e7\u00e3o Portal MF","image":{"@type":"ImageObject","inLanguage":"pt-BR","@id":"https:\/\/portalmf.com.br\/#\/schema\/person\/image\/","url":"https:\/\/secure.gravatar.com\/avatar\/41b9aaeb2100835f7c64362330f74c7f?s=96&d=mm&r=g","contentUrl":"https:\/\/secure.gravatar.com\/avatar\/41b9aaeb2100835f7c64362330f74c7f?s=96&d=mm&r=g","caption":"Reda\u00e7\u00e3o Portal MF"},"description":"Sejam bem-vindos o portal de informa\u00e7\u00f5es de entretenimento de Feira de Santana, desde 2006 realiza coberturas dos principais eventos com entrevistas exclusivas com as principais personalidades mundiais. Fique conectado tamb\u00e9m nas redes sociais.","sameAs":["http:\/\/www.portalmf.com.br\/","https:\/\/www.facebook.com\/portalmfoficial","https:\/\/www.instagram.com\/portalmf\/","https:\/\/x.com\/https:\/\/x.com\/portalmfoficial","https:\/\/www.youtube.com\/@portalmfoficial"],"url":"https:\/\/portalmf.com.br\/index.php\/author\/junior\/"}]}},"_links":{"self":[{"href":"https:\/\/portalmf.com.br\/index.php\/wp-json\/wp\/v2\/posts\/24520"}],"collection":[{"href":"https:\/\/portalmf.com.br\/index.php\/wp-json\/wp\/v2\/posts"}],"about":[{"href":"https:\/\/portalmf.com.br\/index.php\/wp-json\/wp\/v2\/types\/post"}],"author":[{"embeddable":true,"href":"https:\/\/portalmf.com.br\/index.php\/wp-json\/wp\/v2\/users\/3"}],"replies":[{"embeddable":true,"href":"https:\/\/portalmf.com.br\/index.php\/wp-json\/wp\/v2\/comments?post=24520"}],"version-history":[{"count":1,"href":"https:\/\/portalmf.com.br\/index.php\/wp-json\/wp\/v2\/posts\/24520\/revisions"}],"predecessor-version":[{"id":24524,"href":"https:\/\/portalmf.com.br\/index.php\/wp-json\/wp\/v2\/posts\/24520\/revisions\/24524"}],"wp:featuredmedia":[{"embeddable":true,"href":"https:\/\/portalmf.com.br\/index.php\/wp-json\/wp\/v2\/media\/24523"}],"wp:attachment":[{"href":"https:\/\/portalmf.com.br\/index.php\/wp-json\/wp\/v2\/media?parent=24520"}],"wp:term":[{"taxonomy":"category","embeddable":true,"href":"https:\/\/portalmf.com.br\/index.php\/wp-json\/wp\/v2\/categories?post=24520"},{"taxonomy":"post_tag","embeddable":true,"href":"https:\/\/portalmf.com.br\/index.php\/wp-json\/wp\/v2\/tags?post=24520"}],"curies":[{"name":"wp","href":"https:\/\/api.w.org\/{rel}","templated":true}]}}