{"id":24517,"date":"2024-03-06T17:04:13","date_gmt":"2024-03-06T20:04:13","guid":{"rendered":"https:\/\/portalmf.com.br\/?p=24517"},"modified":"2024-03-06T17:04:13","modified_gmt":"2024-03-06T20:04:13","slug":"upas-e-policlinicas-realizaram-mais-65-mil-atendimentos-em-uma-semana","status":"publish","type":"post","link":"https:\/\/portalmf.com.br\/index.php\/2024\/03\/06\/upas-e-policlinicas-realizaram-mais-65-mil-atendimentos-em-uma-semana\/","title":{"rendered":"UPAs e policl\u00ednicas realizaram mais 65 mil atendimentos em uma semana"},"content":{"rendered":"\n<p>As policl\u00ednicas Municipais e Unidades de Pronto Atendimento (UPAs) de Feira de Santana realizaram 65.713 atendimentos, sendo 53.106 procedimentos, 4.498 exames e 8.109 consultas com m\u00e9dicos cl\u00ednicos e especialistas. Os dados s\u00e3o referentes ao dia 26 de fevereiro at\u00e9 o \u00faltimo domingo (3).<\/p>\n\n\n\n<p>Durante esse per\u00edodo, seis pessoas morreram na fila da regula\u00e7\u00e3o, aguardando transfer\u00eancia para uma unidade hospitalar. As vagas s\u00e3o disponibilizadas pelo Sistema de Regula\u00e7\u00e3o do Governo do Estado.<\/p>\n\n\n\n<p>A m\u00e9dia \u00e9 de 2.238 atendimentos por dia na zona urbana e 1.150 na zona rural. A UPA Queimadinha liderou o ranking mais uma vez com 11.395 atendimentos na sede. J\u00e1 a Policl\u00ednica de S\u00e3o Jos\u00e9 registrou 4.091, ocupando a primeira posi\u00e7\u00e3o em assist\u00eancia prestada nos distritos.<\/p>\n\n\n\n<p>\u00c9 v\u00e1lido destacar que policl\u00ednicas e UPAs n\u00e3o fazem marca\u00e7\u00f5es de exames, entretanto o munic\u00edpio disp\u00f5e de 110 unidades de sa\u00fade que realizam o encaminhamento.<\/p>\n\n\n\n<p>Com informa\u00e7\u00f5es da Secom<\/p>\n","protected":false},"excerpt":{"rendered":"<p>As policl\u00ednicas Municipais e Unidades de Pronto Atendimento (UPAs) de Feira de Santana realizaram 65.713 atendimentos, sendo 53.106 procedimentos, 4.498 exames e 8.109 consultas com m\u00e9dicos cl\u00ednicos e especialistas. Os dados s\u00e3o referentes ao dia 26 de fevereiro at\u00e9 o \u00faltimo domingo (3). Durante esse per\u00edodo, seis pessoas morreram na fila da regula\u00e7\u00e3o, aguardando transfer\u00eancia [&hellip;]<\/p>\n","protected":false},"author":3,"featured_media":24518,"comment_status":"open","ping_status":"open","sticky":false,"template":"","format":"standard","meta":{"_monsterinsights_skip_tracking":false,"_monsterinsights_sitenote_active":false,"_monsterinsights_sitenote_note":"","_monsterinsights_sitenote_category":0,"footnotes":""},"categories":[34],"tags":[],"yoast_head":"<!-- This site is optimized with the Yoast SEO plugin v22.9 - https:\/\/yoast.com\/wordpress\/plugins\/seo\/ -->\n<title>UPAs e policl\u00ednicas realizaram mais 65 mil atendimentos em uma semana - Portal MF<\/title>\n<meta name=\"robots\" content=\"index, follow, max-snippet:-1, max-image-preview:large, max-video-preview:-1\" \/>\n<link rel=\"canonical\" href=\"https:\/\/portalmf.com.br\/index.php\/2024\/03\/06\/upas-e-policlinicas-realizaram-mais-65-mil-atendimentos-em-uma-semana\/\" \/>\n<meta property=\"og:locale\" content=\"pt_BR\" \/>\n<meta property=\"og:type\" content=\"article\" \/>\n<meta property=\"og:title\" content=\"UPAs e policl\u00ednicas realizaram mais 65 mil atendimentos em uma semana - Portal MF\" \/>\n<meta property=\"og:description\" content=\"As policl\u00ednicas Municipais e Unidades de Pronto Atendimento (UPAs) de Feira de Santana realizaram 65.713 atendimentos, sendo 53.106 procedimentos, 4.498 exames e 8.109 consultas com m\u00e9dicos cl\u00ednicos e especialistas. Os dados s\u00e3o referentes ao dia 26 de fevereiro at\u00e9 o \u00faltimo domingo (3). Durante esse per\u00edodo, seis pessoas morreram na fila da regula\u00e7\u00e3o, aguardando transfer\u00eancia [&hellip;]\" \/>\n<meta property=\"og:url\" content=\"https:\/\/portalmf.com.br\/index.php\/2024\/03\/06\/upas-e-policlinicas-realizaram-mais-65-mil-atendimentos-em-uma-semana\/\" \/>\n<meta property=\"og:site_name\" content=\"Portal MF\" \/>\n<meta property=\"article:author\" content=\"https:\/\/www.facebook.com\/portalmfoficial\" \/>\n<meta property=\"article:published_time\" content=\"2024-03-06T20:04:13+00:00\" \/>\n<meta property=\"og:image\" content=\"https:\/\/portalmf.com.br\/wp-content\/uploads\/2024\/03\/UPAs-e-policlinicas-realizaram-mais-65-mil-atendimentos-em-uma-semana.jpg\" \/>\n\t<meta property=\"og:image:width\" content=\"1306\" \/>\n\t<meta property=\"og:image:height\" content=\"660\" \/>\n\t<meta property=\"og:image:type\" content=\"image\/jpeg\" \/>\n<meta name=\"author\" content=\"Reda\u00e7\u00e3o Portal MF\" \/>\n<meta name=\"twitter:card\" content=\"summary_large_image\" \/>\n<meta name=\"twitter:creator\" content=\"@https:\/\/x.com\/portalmfoficial\" \/>\n<meta name=\"twitter:label1\" content=\"Escrito por\" \/>\n\t<meta name=\"twitter:data1\" content=\"Reda\u00e7\u00e3o Portal MF\" \/>\n\t<meta name=\"twitter:label2\" content=\"Est. tempo de leitura\" \/>\n\t<meta name=\"twitter:data2\" content=\"2 minutos\" \/>\n<script type=\"application\/ld+json\" class=\"yoast-schema-graph\">{\"@context\":\"https:\/\/schema.org\",\"@graph\":[{\"@type\":\"WebPage\",\"@id\":\"https:\/\/portalmf.com.br\/index.php\/2024\/03\/06\/upas-e-policlinicas-realizaram-mais-65-mil-atendimentos-em-uma-semana\/\",\"url\":\"https:\/\/portalmf.com.br\/index.php\/2024\/03\/06\/upas-e-policlinicas-realizaram-mais-65-mil-atendimentos-em-uma-semana\/\",\"name\":\"UPAs e policl\u00ednicas realizaram mais 65 mil atendimentos em uma semana - Portal MF\",\"isPartOf\":{\"@id\":\"https:\/\/portalmf.com.br\/#website\"},\"primaryImageOfPage\":{\"@id\":\"https:\/\/portalmf.com.br\/index.php\/2024\/03\/06\/upas-e-policlinicas-realizaram-mais-65-mil-atendimentos-em-uma-semana\/#primaryimage\"},\"image\":{\"@id\":\"https:\/\/portalmf.com.br\/index.php\/2024\/03\/06\/upas-e-policlinicas-realizaram-mais-65-mil-atendimentos-em-uma-semana\/#primaryimage\"},\"thumbnailUrl\":\"https:\/\/portalmf.com.br\/wp-content\/uploads\/2024\/03\/UPAs-e-policlinicas-realizaram-mais-65-mil-atendimentos-em-uma-semana.jpg\",\"datePublished\":\"2024-03-06T20:04:13+00:00\",\"dateModified\":\"2024-03-06T20:04:13+00:00\",\"author\":{\"@id\":\"https:\/\/portalmf.com.br\/#\/schema\/person\/9ec101baf56233e53520c26de5d6f6f0\"},\"breadcrumb\":{\"@id\":\"https:\/\/portalmf.com.br\/index.php\/2024\/03\/06\/upas-e-policlinicas-realizaram-mais-65-mil-atendimentos-em-uma-semana\/#breadcrumb\"},\"inLanguage\":\"pt-BR\",\"potentialAction\":[{\"@type\":\"ReadAction\",\"target\":[\"https:\/\/portalmf.com.br\/index.php\/2024\/03\/06\/upas-e-policlinicas-realizaram-mais-65-mil-atendimentos-em-uma-semana\/\"]}]},{\"@type\":\"ImageObject\",\"inLanguage\":\"pt-BR\",\"@id\":\"https:\/\/portalmf.com.br\/index.php\/2024\/03\/06\/upas-e-policlinicas-realizaram-mais-65-mil-atendimentos-em-uma-semana\/#primaryimage\",\"url\":\"https:\/\/portalmf.com.br\/wp-content\/uploads\/2024\/03\/UPAs-e-policlinicas-realizaram-mais-65-mil-atendimentos-em-uma-semana.jpg\",\"contentUrl\":\"https:\/\/portalmf.com.br\/wp-content\/uploads\/2024\/03\/UPAs-e-policlinicas-realizaram-mais-65-mil-atendimentos-em-uma-semana.jpg\",\"width\":1306,\"height\":660},{\"@type\":\"BreadcrumbList\",\"@id\":\"https:\/\/portalmf.com.br\/index.php\/2024\/03\/06\/upas-e-policlinicas-realizaram-mais-65-mil-atendimentos-em-uma-semana\/#breadcrumb\",\"itemListElement\":[{\"@type\":\"ListItem\",\"position\":1,\"name\":\"In\u00edcio\",\"item\":\"https:\/\/portalmf.com.br\/\"},{\"@type\":\"ListItem\",\"position\":2,\"name\":\"UPAs e policl\u00ednicas realizaram mais 65 mil atendimentos em uma semana\"}]},{\"@type\":\"WebSite\",\"@id\":\"https:\/\/portalmf.com.br\/#website\",\"url\":\"https:\/\/portalmf.com.br\/\",\"name\":\"Portal MF\",\"description\":\"Voc\u00ea conectado com a informa\u00e7\u00e3o\",\"potentialAction\":[{\"@type\":\"SearchAction\",\"target\":{\"@type\":\"EntryPoint\",\"urlTemplate\":\"https:\/\/portalmf.com.br\/?s={search_term_string}\"},\"query-input\":\"required name=search_term_string\"}],\"inLanguage\":\"pt-BR\"},{\"@type\":\"Person\",\"@id\":\"https:\/\/portalmf.com.br\/#\/schema\/person\/9ec101baf56233e53520c26de5d6f6f0\",\"name\":\"Reda\u00e7\u00e3o Portal MF\",\"image\":{\"@type\":\"ImageObject\",\"inLanguage\":\"pt-BR\",\"@id\":\"https:\/\/portalmf.com.br\/#\/schema\/person\/image\/\",\"url\":\"https:\/\/secure.gravatar.com\/avatar\/41b9aaeb2100835f7c64362330f74c7f?s=96&d=mm&r=g\",\"contentUrl\":\"https:\/\/secure.gravatar.com\/avatar\/41b9aaeb2100835f7c64362330f74c7f?s=96&d=mm&r=g\",\"caption\":\"Reda\u00e7\u00e3o Portal MF\"},\"description\":\"Sejam bem-vindos o portal de informa\u00e7\u00f5es de entretenimento de Feira de Santana, desde 2006 realiza coberturas dos principais eventos com entrevistas exclusivas com as principais personalidades mundiais. Fique conectado tamb\u00e9m nas redes sociais.\",\"sameAs\":[\"http:\/\/www.portalmf.com.br\/\",\"https:\/\/www.facebook.com\/portalmfoficial\",\"https:\/\/www.instagram.com\/portalmf\/\",\"https:\/\/x.com\/https:\/\/x.com\/portalmfoficial\",\"https:\/\/www.youtube.com\/@portalmfoficial\"],\"url\":\"https:\/\/portalmf.com.br\/index.php\/author\/junior\/\"}]}<\/script>\n<!-- \/ Yoast SEO plugin. -->","yoast_head_json":{"title":"UPAs e policl\u00ednicas realizaram mais 65 mil atendimentos em uma semana - Portal MF","robots":{"index":"index","follow":"follow","max-snippet":"max-snippet:-1","max-image-preview":"max-image-preview:large","max-video-preview":"max-video-preview:-1"},"canonical":"https:\/\/portalmf.com.br\/index.php\/2024\/03\/06\/upas-e-policlinicas-realizaram-mais-65-mil-atendimentos-em-uma-semana\/","og_locale":"pt_BR","og_type":"article","og_title":"UPAs e policl\u00ednicas realizaram mais 65 mil atendimentos em uma semana - Portal MF","og_description":"As policl\u00ednicas Municipais e Unidades de Pronto Atendimento (UPAs) de Feira de Santana realizaram 65.713 atendimentos, sendo 53.106 procedimentos, 4.498 exames e 8.109 consultas com m\u00e9dicos cl\u00ednicos e especialistas. Os dados s\u00e3o referentes ao dia 26 de fevereiro at\u00e9 o \u00faltimo domingo (3). Durante esse per\u00edodo, seis pessoas morreram na fila da regula\u00e7\u00e3o, aguardando transfer\u00eancia [&hellip;]","og_url":"https:\/\/portalmf.com.br\/index.php\/2024\/03\/06\/upas-e-policlinicas-realizaram-mais-65-mil-atendimentos-em-uma-semana\/","og_site_name":"Portal MF","article_author":"https:\/\/www.facebook.com\/portalmfoficial","article_published_time":"2024-03-06T20:04:13+00:00","og_image":[{"width":1306,"height":660,"url":"https:\/\/portalmf.com.br\/wp-content\/uploads\/2024\/03\/UPAs-e-policlinicas-realizaram-mais-65-mil-atendimentos-em-uma-semana.jpg","type":"image\/jpeg"}],"author":"Reda\u00e7\u00e3o Portal MF","twitter_card":"summary_large_image","twitter_creator":"@https:\/\/x.com\/portalmfoficial","twitter_misc":{"Escrito por":"Reda\u00e7\u00e3o Portal MF","Est. tempo de leitura":"2 minutos"},"schema":{"@context":"https:\/\/schema.org","@graph":[{"@type":"WebPage","@id":"https:\/\/portalmf.com.br\/index.php\/2024\/03\/06\/upas-e-policlinicas-realizaram-mais-65-mil-atendimentos-em-uma-semana\/","url":"https:\/\/portalmf.com.br\/index.php\/2024\/03\/06\/upas-e-policlinicas-realizaram-mais-65-mil-atendimentos-em-uma-semana\/","name":"UPAs e policl\u00ednicas realizaram mais 65 mil atendimentos em uma semana - Portal MF","isPartOf":{"@id":"https:\/\/portalmf.com.br\/#website"},"primaryImageOfPage":{"@id":"https:\/\/portalmf.com.br\/index.php\/2024\/03\/06\/upas-e-policlinicas-realizaram-mais-65-mil-atendimentos-em-uma-semana\/#primaryimage"},"image":{"@id":"https:\/\/portalmf.com.br\/index.php\/2024\/03\/06\/upas-e-policlinicas-realizaram-mais-65-mil-atendimentos-em-uma-semana\/#primaryimage"},"thumbnailUrl":"https:\/\/portalmf.com.br\/wp-content\/uploads\/2024\/03\/UPAs-e-policlinicas-realizaram-mais-65-mil-atendimentos-em-uma-semana.jpg","datePublished":"2024-03-06T20:04:13+00:00","dateModified":"2024-03-06T20:04:13+00:00","author":{"@id":"https:\/\/portalmf.com.br\/#\/schema\/person\/9ec101baf56233e53520c26de5d6f6f0"},"breadcrumb":{"@id":"https:\/\/portalmf.com.br\/index.php\/2024\/03\/06\/upas-e-policlinicas-realizaram-mais-65-mil-atendimentos-em-uma-semana\/#breadcrumb"},"inLanguage":"pt-BR","potentialAction":[{"@type":"ReadAction","target":["https:\/\/portalmf.com.br\/index.php\/2024\/03\/06\/upas-e-policlinicas-realizaram-mais-65-mil-atendimentos-em-uma-semana\/"]}]},{"@type":"ImageObject","inLanguage":"pt-BR","@id":"https:\/\/portalmf.com.br\/index.php\/2024\/03\/06\/upas-e-policlinicas-realizaram-mais-65-mil-atendimentos-em-uma-semana\/#primaryimage","url":"https:\/\/portalmf.com.br\/wp-content\/uploads\/2024\/03\/UPAs-e-policlinicas-realizaram-mais-65-mil-atendimentos-em-uma-semana.jpg","contentUrl":"https:\/\/portalmf.com.br\/wp-content\/uploads\/2024\/03\/UPAs-e-policlinicas-realizaram-mais-65-mil-atendimentos-em-uma-semana.jpg","width":1306,"height":660},{"@type":"BreadcrumbList","@id":"https:\/\/portalmf.com.br\/index.php\/2024\/03\/06\/upas-e-policlinicas-realizaram-mais-65-mil-atendimentos-em-uma-semana\/#breadcrumb","itemListElement":[{"@type":"ListItem","position":1,"name":"In\u00edcio","item":"https:\/\/portalmf.com.br\/"},{"@type":"ListItem","position":2,"name":"UPAs e policl\u00ednicas realizaram mais 65 mil atendimentos em uma semana"}]},{"@type":"WebSite","@id":"https:\/\/portalmf.com.br\/#website","url":"https:\/\/portalmf.com.br\/","name":"Portal MF","description":"Voc\u00ea conectado com a informa\u00e7\u00e3o","potentialAction":[{"@type":"SearchAction","target":{"@type":"EntryPoint","urlTemplate":"https:\/\/portalmf.com.br\/?s={search_term_string}"},"query-input":"required name=search_term_string"}],"inLanguage":"pt-BR"},{"@type":"Person","@id":"https:\/\/portalmf.com.br\/#\/schema\/person\/9ec101baf56233e53520c26de5d6f6f0","name":"Reda\u00e7\u00e3o Portal MF","image":{"@type":"ImageObject","inLanguage":"pt-BR","@id":"https:\/\/portalmf.com.br\/#\/schema\/person\/image\/","url":"https:\/\/secure.gravatar.com\/avatar\/41b9aaeb2100835f7c64362330f74c7f?s=96&d=mm&r=g","contentUrl":"https:\/\/secure.gravatar.com\/avatar\/41b9aaeb2100835f7c64362330f74c7f?s=96&d=mm&r=g","caption":"Reda\u00e7\u00e3o Portal MF"},"description":"Sejam bem-vindos o portal de informa\u00e7\u00f5es de entretenimento de Feira de Santana, desde 2006 realiza coberturas dos principais eventos com entrevistas exclusivas com as principais personalidades mundiais. Fique conectado tamb\u00e9m nas redes sociais.","sameAs":["http:\/\/www.portalmf.com.br\/","https:\/\/www.facebook.com\/portalmfoficial","https:\/\/www.instagram.com\/portalmf\/","https:\/\/x.com\/https:\/\/x.com\/portalmfoficial","https:\/\/www.youtube.com\/@portalmfoficial"],"url":"https:\/\/portalmf.com.br\/index.php\/author\/junior\/"}]}},"_links":{"self":[{"href":"https:\/\/portalmf.com.br\/index.php\/wp-json\/wp\/v2\/posts\/24517"}],"collection":[{"href":"https:\/\/portalmf.com.br\/index.php\/wp-json\/wp\/v2\/posts"}],"about":[{"href":"https:\/\/portalmf.com.br\/index.php\/wp-json\/wp\/v2\/types\/post"}],"author":[{"embeddable":true,"href":"https:\/\/portalmf.com.br\/index.php\/wp-json\/wp\/v2\/users\/3"}],"replies":[{"embeddable":true,"href":"https:\/\/portalmf.com.br\/index.php\/wp-json\/wp\/v2\/comments?post=24517"}],"version-history":[{"count":1,"href":"https:\/\/portalmf.com.br\/index.php\/wp-json\/wp\/v2\/posts\/24517\/revisions"}],"predecessor-version":[{"id":24519,"href":"https:\/\/portalmf.com.br\/index.php\/wp-json\/wp\/v2\/posts\/24517\/revisions\/24519"}],"wp:featuredmedia":[{"embeddable":true,"href":"https:\/\/portalmf.com.br\/index.php\/wp-json\/wp\/v2\/media\/24518"}],"wp:attachment":[{"href":"https:\/\/portalmf.com.br\/index.php\/wp-json\/wp\/v2\/media?parent=24517"}],"wp:term":[{"taxonomy":"category","embeddable":true,"href":"https:\/\/portalmf.com.br\/index.php\/wp-json\/wp\/v2\/categories?post=24517"},{"taxonomy":"post_tag","embeddable":true,"href":"https:\/\/portalmf.com.br\/index.php\/wp-json\/wp\/v2\/tags?post=24517"}],"curies":[{"name":"wp","href":"https:\/\/api.w.org\/{rel}","templated":true}]}}