{"id":24510,"date":"2024-03-06T16:59:48","date_gmt":"2024-03-06T19:59:48","guid":{"rendered":"https:\/\/portalmf.com.br\/?p=24510"},"modified":"2024-03-06T16:59:49","modified_gmt":"2024-03-06T19:59:49","slug":"com-novo-marco-historico-byd-inicia-obras-de-complexo-fabril-que-deve-gerar-10-mil-empregos-na-bahia","status":"publish","type":"post","link":"https:\/\/portalmf.com.br\/index.php\/2024\/03\/06\/com-novo-marco-historico-byd-inicia-obras-de-complexo-fabril-que-deve-gerar-10-mil-empregos-na-bahia\/","title":{"rendered":"Com novo marco hist\u00f3rico, BYD inicia obras de complexo fabril que deve gerar 10 mil empregos na Bahia"},"content":{"rendered":"\n<p>Em cerim\u00f4nia realizada na tarde desta ter\u00e7a-feira (5), no polo industrial de Cama\u00e7ari, a gigante chinesa BYD deu o pontap\u00e9 inicial para a instala\u00e7\u00e3o do complexo fabril que produzir\u00e1 ve\u00edculos el\u00e9tricos na Bahia. A partir de agora, a f\u00e1brica ser\u00e1 constru\u00edda do zero, em 330 mil metros quadrados de \u00e1rea sem edifica\u00e7\u00f5es e, a partir da segunda etapa do projeto, o antigo complexo da Ford ser\u00e1 reformado para ser utilizado para atra\u00e7\u00e3o e a implanta\u00e7\u00e3o da cadeia de fornecedores.&nbsp;<\/p>\n\n\n\n<p>O in\u00edcio da constru\u00e7\u00e3o d\u00e1 continuidade ao processo de instala\u00e7\u00e3o do maior polo industrial da BYD fora da China, que conta com o investimento de R$ 3 bilh\u00f5es. A montadora produzir\u00e1 ve\u00edculos el\u00e9tricos e h\u00edbridos de passeio, chassis de \u00f4nibus e caminh\u00f5es el\u00e9tricos a partir de 2025, com gera\u00e7\u00e3o de cerca de 10 mil empregos diretos no estado. Tamb\u00e9m est\u00e1 entre os objetivos, nos pr\u00f3ximos cinco anos, o processamento de l\u00edtio e ferro fosfato, que v\u00e3o ser usados nas baterias dos ve\u00edculos.<\/p>\n\n\n\n<figure class=\"wp-block-image size-full\"><img fetchpriority=\"high\" decoding=\"async\" width=\"900\" height=\"600\" src=\"https:\/\/portalmf.com.br\/wp-content\/uploads\/2024\/03\/image-10.png\" alt=\"\" class=\"wp-image-24511\" srcset=\"https:\/\/portalmf.com.br\/wp-content\/uploads\/2024\/03\/image-10.png 900w, https:\/\/portalmf.com.br\/wp-content\/uploads\/2024\/03\/image-10-300x200.png 300w, https:\/\/portalmf.com.br\/wp-content\/uploads\/2024\/03\/image-10-768x512.png 768w, https:\/\/portalmf.com.br\/wp-content\/uploads\/2024\/03\/image-10-696x464.png 696w\" sizes=\"(max-width: 900px) 100vw, 900px\" \/><figcaption class=\"wp-element-caption\"><strong><em>Foto: Matheus Landim\/GOVBA<\/em><\/strong><\/figcaption><\/figure>\n\n\n\n<p>O governador Jer\u00f4nimo Rodrigues e os secret\u00e1rios estaduais da Fazenda (Sefaz) e de Desenvolvimento Econ\u00f4mico (SDE), Manoel Vit\u00f3rio e \u00c2ngelo Almeida, respectivamente, participaram da cerim\u00f4nia e assinaram contrato de compra e venda do im\u00f3vel, pertencente ao Estado, que conceder\u00e1, a partir da data, o uso da \u00e1rea pela fabricante. Na celebra\u00e7\u00e3o tamb\u00e9m estiveram presentes o presidente da BYD Brasil, Tyler Li e Alexandre Baldy, conselheiro especial da companhia<\/p>\n\n\n\n<p>Al\u00e9m dos empregos gerados, um dos impactos sociais e econ\u00f4micos previstos \u00e9 a descarboniza\u00e7\u00e3o do segmento automobil\u00edstico. O governador Jer\u00f4nimo Rodrigues afirma que esse momento foi muito aguardado pela popula\u00e7\u00e3o de Cama\u00e7ari.\u00a0<\/p>\n\n\n\n<figure class=\"wp-block-image size-full\"><img decoding=\"async\" width=\"900\" height=\"552\" src=\"https:\/\/portalmf.com.br\/wp-content\/uploads\/2024\/03\/image-13.png\" alt=\"\" class=\"wp-image-24514\" srcset=\"https:\/\/portalmf.com.br\/wp-content\/uploads\/2024\/03\/image-13.png 900w, https:\/\/portalmf.com.br\/wp-content\/uploads\/2024\/03\/image-13-300x184.png 300w, https:\/\/portalmf.com.br\/wp-content\/uploads\/2024\/03\/image-13-768x471.png 768w, https:\/\/portalmf.com.br\/wp-content\/uploads\/2024\/03\/image-13-696x427.png 696w\" sizes=\"(max-width: 900px) 100vw, 900px\" \/><figcaption class=\"wp-element-caption\"><em><strong>Foto: Matheus Landim\/GOVBA<\/strong><\/em><\/figcaption><\/figure>\n\n\n\n<p>\u201cEstamos falando de 10 mil empregos e, ao mesmo tempo, empregos que descarbonizam o meio ambiente. E, al\u00e9m do mais, \u00e9 a imagem do Brasil. Quando a BYD se instala na Bahia, em Cama\u00e7ari, os carros que ser\u00e3o exportados deste local levar\u00e3o a imagem e o nome de Cama\u00e7ari. Muita gente vir\u00e1 a Cama\u00e7ari para fazer neg\u00f3cio, para conhecer a planta, entender como funciona. Precisamos reconceituar os polos industriais do Brasil, principalmente aqueles que tinham e t\u00eam ainda uma base muito carbonizada. Ent\u00e3o, o Governo do Estado tamb\u00e9m voltar\u00e1 a Cama\u00e7ari para dar ordens de servi\u00e7os, licitar obras, dirigidas ao povo de Cama\u00e7ari, mas muitas delas em fun\u00e7\u00e3o dos investimentos da BYD\u201d, exp\u00f4s Jer\u00f4nimo Rodrigues sobre os projetos elaborados para os pr\u00f3ximos anos na cidade conhecida pelo desenvolvimento industrial.\u00a0<\/p>\n\n\n\n<figure class=\"wp-block-image size-full\"><img decoding=\"async\" width=\"900\" height=\"506\" src=\"https:\/\/portalmf.com.br\/wp-content\/uploads\/2024\/03\/image-11.png\" alt=\"\" class=\"wp-image-24512\" srcset=\"https:\/\/portalmf.com.br\/wp-content\/uploads\/2024\/03\/image-11.png 900w, https:\/\/portalmf.com.br\/wp-content\/uploads\/2024\/03\/image-11-300x169.png 300w, https:\/\/portalmf.com.br\/wp-content\/uploads\/2024\/03\/image-11-768x432.png 768w, https:\/\/portalmf.com.br\/wp-content\/uploads\/2024\/03\/image-11-696x391.png 696w\" sizes=\"(max-width: 900px) 100vw, 900px\" \/><figcaption class=\"wp-element-caption\"><strong><em>Foto: Matheus Landim\/GOVBA<\/em><\/strong><\/figcaption><\/figure>\n\n\n\n<p>O chefe do executivo tamb\u00e9m compartilhou que, antes da BYD chegar a Bahia, j\u00e1 estavam sendo feitos aportes em seguran\u00e7a p\u00fablica, educa\u00e7\u00e3o para&nbsp; forma\u00e7\u00e3o de m\u00e3o de obra para atuar nas obras e f\u00e1brica, em \u00e1gua e esgotamento sanit\u00e1rio e estruturas de sa\u00fade. \u201cA cidade vai ganhar um novo perfil de p\u00fablico, estimulando, inclusive, atrav\u00e9s da Secretaria da Fazenda, novos investimentos em pousadas, hot\u00e9is, restaurantes, bares\u201d, completou.<\/p>\n\n\n\n<p>Segundo Alexandre Baldy, conselheiro da BYD no Brasil, a ideia \u00e9 criar uma rede de fornecedores locais. \u201cA BYD tem como pol\u00edtica de progresso, de investimento, atrair para dentro do seu polo fabril o maior n\u00famero poss\u00edvel de fornecedores locais e nacionais. Em alguns modelos nossos, existem mais de 73% de fabrica\u00e7\u00e3o de partes e pe\u00e7as dentro da planta industrial e aqui esse objetivo ser\u00e1 nessa dire\u00e7\u00e3o. Portanto, os investimentos de mais de 3 bilh\u00f5es de reais, que somar\u00e3o em torno de 10 mil empregos diretos gerados, far\u00e3o com que esses modelos sejam fabricados aqui [em Cama\u00e7ari] em 2025. Nosso objetivo \u00e9 que, ao fim deste ano, consigamos ter, na primeira fase, carros sendo montados nessa planta, que n\u00f3s tenhamos a fabrica\u00e7\u00e3o completa saindo para Cama\u00e7ari, para a Bahia, para todos os estados do Brasil\u201d, declarou.\u00a0<\/p>\n\n\n\n<figure class=\"wp-block-image size-full\"><img loading=\"lazy\" decoding=\"async\" width=\"900\" height=\"600\" src=\"https:\/\/portalmf.com.br\/wp-content\/uploads\/2024\/03\/image-12.png\" alt=\"\" class=\"wp-image-24513\" srcset=\"https:\/\/portalmf.com.br\/wp-content\/uploads\/2024\/03\/image-12.png 900w, https:\/\/portalmf.com.br\/wp-content\/uploads\/2024\/03\/image-12-300x200.png 300w, https:\/\/portalmf.com.br\/wp-content\/uploads\/2024\/03\/image-12-768x512.png 768w, https:\/\/portalmf.com.br\/wp-content\/uploads\/2024\/03\/image-12-696x464.png 696w\" sizes=\"(max-width: 900px) 100vw, 900px\" \/><figcaption class=\"wp-element-caption\"><em><strong>Foto: Matheus Landim\/GOVBA<\/strong><\/em><\/figcaption><\/figure>\n\n\n\n<p>\u201cEm cinco anos, almejamos o processo de nacionaliza\u00e7\u00e3o de componentes locais e, certamente, um dos objetivos \u00e9 a fabrica\u00e7\u00e3o das baterias de l\u00edtio. Esse \u00e9 um dos investimentos que n\u00e3o est\u00e3o mencionados nesse pacote aqui anunciado, dentro de um planejamento para que, em uma discuss\u00e3o com os governos federal e estadual, consigamos aumentar, pelo menos, 70% os componentes locais em solo brasileiro\u201d, detalhou o conselheiro da BYD.&nbsp;<\/p>\n\n\n\n<p>Em outubro de 2023, a empresa foi autorizada a realizar estudos ambientais e de viabilidade na \u00e1rea. Nesse per\u00edodo, lan\u00e7ou, ainda, a pedra fundamental do conjunto de f\u00e1bricas.<\/p>\n","protected":false},"excerpt":{"rendered":"<p>Em cerim\u00f4nia realizada na tarde desta ter\u00e7a-feira (5), no polo industrial de Cama\u00e7ari, a gigante chinesa BYD deu o pontap\u00e9 inicial para a instala\u00e7\u00e3o do complexo fabril que produzir\u00e1 ve\u00edculos el\u00e9tricos na Bahia. A partir de agora, a f\u00e1brica ser\u00e1 constru\u00edda do zero, em 330 mil metros quadrados de \u00e1rea sem edifica\u00e7\u00f5es e, a partir [&hellip;]<\/p>\n","protected":false},"author":3,"featured_media":24515,"comment_status":"open","ping_status":"open","sticky":false,"template":"","format":"standard","meta":{"_monsterinsights_skip_tracking":false,"_monsterinsights_sitenote_active":false,"_monsterinsights_sitenote_note":"","_monsterinsights_sitenote_category":0,"footnotes":""},"categories":[34],"tags":[],"yoast_head":"<!-- This site is optimized with the Yoast SEO plugin v22.9 - https:\/\/yoast.com\/wordpress\/plugins\/seo\/ -->\n<title>Com novo marco hist\u00f3rico, BYD inicia obras de complexo fabril que deve gerar 10 mil empregos na Bahia - Portal MF<\/title>\n<meta name=\"robots\" content=\"index, follow, max-snippet:-1, max-image-preview:large, max-video-preview:-1\" \/>\n<link rel=\"canonical\" href=\"https:\/\/portalmf.com.br\/index.php\/2024\/03\/06\/com-novo-marco-historico-byd-inicia-obras-de-complexo-fabril-que-deve-gerar-10-mil-empregos-na-bahia\/\" \/>\n<meta property=\"og:locale\" content=\"pt_BR\" \/>\n<meta property=\"og:type\" content=\"article\" \/>\n<meta property=\"og:title\" content=\"Com novo marco hist\u00f3rico, BYD inicia obras de complexo fabril que deve gerar 10 mil empregos na Bahia - Portal MF\" \/>\n<meta property=\"og:description\" content=\"Em cerim\u00f4nia realizada na tarde desta ter\u00e7a-feira (5), no polo industrial de Cama\u00e7ari, a gigante chinesa BYD deu o pontap\u00e9 inicial para a instala\u00e7\u00e3o do complexo fabril que produzir\u00e1 ve\u00edculos el\u00e9tricos na Bahia. A partir de agora, a f\u00e1brica ser\u00e1 constru\u00edda do zero, em 330 mil metros quadrados de \u00e1rea sem edifica\u00e7\u00f5es e, a partir [&hellip;]\" \/>\n<meta property=\"og:url\" content=\"https:\/\/portalmf.com.br\/index.php\/2024\/03\/06\/com-novo-marco-historico-byd-inicia-obras-de-complexo-fabril-que-deve-gerar-10-mil-empregos-na-bahia\/\" \/>\n<meta property=\"og:site_name\" content=\"Portal MF\" \/>\n<meta property=\"article:author\" content=\"https:\/\/www.facebook.com\/portalmfoficial\" \/>\n<meta property=\"article:published_time\" content=\"2024-03-06T19:59:48+00:00\" \/>\n<meta property=\"article:modified_time\" content=\"2024-03-06T19:59:49+00:00\" \/>\n<meta property=\"og:image\" content=\"https:\/\/portalmf.com.br\/wp-content\/uploads\/2024\/03\/Fotos-Matheus-LandimGOVBAApp-Image-2024-03-05-at-17.10.52-696x464-1.jpeg\" \/>\n\t<meta property=\"og:image:width\" content=\"696\" \/>\n\t<meta property=\"og:image:height\" content=\"464\" \/>\n\t<meta property=\"og:image:type\" content=\"image\/jpeg\" \/>\n<meta name=\"author\" content=\"Reda\u00e7\u00e3o Portal MF\" \/>\n<meta name=\"twitter:card\" content=\"summary_large_image\" \/>\n<meta name=\"twitter:creator\" content=\"@https:\/\/x.com\/portalmfoficial\" \/>\n<meta name=\"twitter:label1\" content=\"Escrito por\" \/>\n\t<meta name=\"twitter:data1\" content=\"Reda\u00e7\u00e3o Portal MF\" \/>\n\t<meta name=\"twitter:label2\" content=\"Est. tempo de leitura\" \/>\n\t<meta name=\"twitter:data2\" content=\"5 minutos\" \/>\n<script type=\"application\/ld+json\" class=\"yoast-schema-graph\">{\"@context\":\"https:\/\/schema.org\",\"@graph\":[{\"@type\":\"WebPage\",\"@id\":\"https:\/\/portalmf.com.br\/index.php\/2024\/03\/06\/com-novo-marco-historico-byd-inicia-obras-de-complexo-fabril-que-deve-gerar-10-mil-empregos-na-bahia\/\",\"url\":\"https:\/\/portalmf.com.br\/index.php\/2024\/03\/06\/com-novo-marco-historico-byd-inicia-obras-de-complexo-fabril-que-deve-gerar-10-mil-empregos-na-bahia\/\",\"name\":\"Com novo marco hist\u00f3rico, BYD inicia obras de complexo fabril que deve gerar 10 mil empregos na Bahia - Portal MF\",\"isPartOf\":{\"@id\":\"https:\/\/portalmf.com.br\/#website\"},\"primaryImageOfPage\":{\"@id\":\"https:\/\/portalmf.com.br\/index.php\/2024\/03\/06\/com-novo-marco-historico-byd-inicia-obras-de-complexo-fabril-que-deve-gerar-10-mil-empregos-na-bahia\/#primaryimage\"},\"image\":{\"@id\":\"https:\/\/portalmf.com.br\/index.php\/2024\/03\/06\/com-novo-marco-historico-byd-inicia-obras-de-complexo-fabril-que-deve-gerar-10-mil-empregos-na-bahia\/#primaryimage\"},\"thumbnailUrl\":\"https:\/\/portalmf.com.br\/wp-content\/uploads\/2024\/03\/Fotos-Matheus-LandimGOVBAApp-Image-2024-03-05-at-17.10.52-696x464-1.jpeg\",\"datePublished\":\"2024-03-06T19:59:48+00:00\",\"dateModified\":\"2024-03-06T19:59:49+00:00\",\"author\":{\"@id\":\"https:\/\/portalmf.com.br\/#\/schema\/person\/9ec101baf56233e53520c26de5d6f6f0\"},\"breadcrumb\":{\"@id\":\"https:\/\/portalmf.com.br\/index.php\/2024\/03\/06\/com-novo-marco-historico-byd-inicia-obras-de-complexo-fabril-que-deve-gerar-10-mil-empregos-na-bahia\/#breadcrumb\"},\"inLanguage\":\"pt-BR\",\"potentialAction\":[{\"@type\":\"ReadAction\",\"target\":[\"https:\/\/portalmf.com.br\/index.php\/2024\/03\/06\/com-novo-marco-historico-byd-inicia-obras-de-complexo-fabril-que-deve-gerar-10-mil-empregos-na-bahia\/\"]}]},{\"@type\":\"ImageObject\",\"inLanguage\":\"pt-BR\",\"@id\":\"https:\/\/portalmf.com.br\/index.php\/2024\/03\/06\/com-novo-marco-historico-byd-inicia-obras-de-complexo-fabril-que-deve-gerar-10-mil-empregos-na-bahia\/#primaryimage\",\"url\":\"https:\/\/portalmf.com.br\/wp-content\/uploads\/2024\/03\/Fotos-Matheus-LandimGOVBAApp-Image-2024-03-05-at-17.10.52-696x464-1.jpeg\",\"contentUrl\":\"https:\/\/portalmf.com.br\/wp-content\/uploads\/2024\/03\/Fotos-Matheus-LandimGOVBAApp-Image-2024-03-05-at-17.10.52-696x464-1.jpeg\",\"width\":696,\"height\":464,\"caption\":\"Foto: Matheus Landim\/GOVBA\"},{\"@type\":\"BreadcrumbList\",\"@id\":\"https:\/\/portalmf.com.br\/index.php\/2024\/03\/06\/com-novo-marco-historico-byd-inicia-obras-de-complexo-fabril-que-deve-gerar-10-mil-empregos-na-bahia\/#breadcrumb\",\"itemListElement\":[{\"@type\":\"ListItem\",\"position\":1,\"name\":\"In\u00edcio\",\"item\":\"https:\/\/portalmf.com.br\/\"},{\"@type\":\"ListItem\",\"position\":2,\"name\":\"Com novo marco hist\u00f3rico, BYD inicia obras de complexo fabril que deve gerar 10 mil empregos na Bahia\"}]},{\"@type\":\"WebSite\",\"@id\":\"https:\/\/portalmf.com.br\/#website\",\"url\":\"https:\/\/portalmf.com.br\/\",\"name\":\"Portal MF\",\"description\":\"Voc\u00ea conectado com a informa\u00e7\u00e3o\",\"potentialAction\":[{\"@type\":\"SearchAction\",\"target\":{\"@type\":\"EntryPoint\",\"urlTemplate\":\"https:\/\/portalmf.com.br\/?s={search_term_string}\"},\"query-input\":\"required name=search_term_string\"}],\"inLanguage\":\"pt-BR\"},{\"@type\":\"Person\",\"@id\":\"https:\/\/portalmf.com.br\/#\/schema\/person\/9ec101baf56233e53520c26de5d6f6f0\",\"name\":\"Reda\u00e7\u00e3o Portal MF\",\"image\":{\"@type\":\"ImageObject\",\"inLanguage\":\"pt-BR\",\"@id\":\"https:\/\/portalmf.com.br\/#\/schema\/person\/image\/\",\"url\":\"https:\/\/secure.gravatar.com\/avatar\/41b9aaeb2100835f7c64362330f74c7f?s=96&d=mm&r=g\",\"contentUrl\":\"https:\/\/secure.gravatar.com\/avatar\/41b9aaeb2100835f7c64362330f74c7f?s=96&d=mm&r=g\",\"caption\":\"Reda\u00e7\u00e3o Portal MF\"},\"description\":\"Sejam bem-vindos o portal de informa\u00e7\u00f5es de entretenimento de Feira de Santana, desde 2006 realiza coberturas dos principais eventos com entrevistas exclusivas com as principais personalidades mundiais. Fique conectado tamb\u00e9m nas redes sociais.\",\"sameAs\":[\"http:\/\/www.portalmf.com.br\/\",\"https:\/\/www.facebook.com\/portalmfoficial\",\"https:\/\/www.instagram.com\/portalmf\/\",\"https:\/\/x.com\/https:\/\/x.com\/portalmfoficial\",\"https:\/\/www.youtube.com\/@portalmfoficial\"],\"url\":\"https:\/\/portalmf.com.br\/index.php\/author\/junior\/\"}]}<\/script>\n<!-- \/ Yoast SEO plugin. -->","yoast_head_json":{"title":"Com novo marco hist\u00f3rico, BYD inicia obras de complexo fabril que deve gerar 10 mil empregos na Bahia - Portal MF","robots":{"index":"index","follow":"follow","max-snippet":"max-snippet:-1","max-image-preview":"max-image-preview:large","max-video-preview":"max-video-preview:-1"},"canonical":"https:\/\/portalmf.com.br\/index.php\/2024\/03\/06\/com-novo-marco-historico-byd-inicia-obras-de-complexo-fabril-que-deve-gerar-10-mil-empregos-na-bahia\/","og_locale":"pt_BR","og_type":"article","og_title":"Com novo marco hist\u00f3rico, BYD inicia obras de complexo fabril que deve gerar 10 mil empregos na Bahia - Portal MF","og_description":"Em cerim\u00f4nia realizada na tarde desta ter\u00e7a-feira (5), no polo industrial de Cama\u00e7ari, a gigante chinesa BYD deu o pontap\u00e9 inicial para a instala\u00e7\u00e3o do complexo fabril que produzir\u00e1 ve\u00edculos el\u00e9tricos na Bahia. A partir de agora, a f\u00e1brica ser\u00e1 constru\u00edda do zero, em 330 mil metros quadrados de \u00e1rea sem edifica\u00e7\u00f5es e, a partir [&hellip;]","og_url":"https:\/\/portalmf.com.br\/index.php\/2024\/03\/06\/com-novo-marco-historico-byd-inicia-obras-de-complexo-fabril-que-deve-gerar-10-mil-empregos-na-bahia\/","og_site_name":"Portal MF","article_author":"https:\/\/www.facebook.com\/portalmfoficial","article_published_time":"2024-03-06T19:59:48+00:00","article_modified_time":"2024-03-06T19:59:49+00:00","og_image":[{"width":696,"height":464,"url":"https:\/\/portalmf.com.br\/wp-content\/uploads\/2024\/03\/Fotos-Matheus-LandimGOVBAApp-Image-2024-03-05-at-17.10.52-696x464-1.jpeg","type":"image\/jpeg"}],"author":"Reda\u00e7\u00e3o Portal MF","twitter_card":"summary_large_image","twitter_creator":"@https:\/\/x.com\/portalmfoficial","twitter_misc":{"Escrito por":"Reda\u00e7\u00e3o Portal MF","Est. tempo de leitura":"5 minutos"},"schema":{"@context":"https:\/\/schema.org","@graph":[{"@type":"WebPage","@id":"https:\/\/portalmf.com.br\/index.php\/2024\/03\/06\/com-novo-marco-historico-byd-inicia-obras-de-complexo-fabril-que-deve-gerar-10-mil-empregos-na-bahia\/","url":"https:\/\/portalmf.com.br\/index.php\/2024\/03\/06\/com-novo-marco-historico-byd-inicia-obras-de-complexo-fabril-que-deve-gerar-10-mil-empregos-na-bahia\/","name":"Com novo marco hist\u00f3rico, BYD inicia obras de complexo fabril que deve gerar 10 mil empregos na Bahia - Portal MF","isPartOf":{"@id":"https:\/\/portalmf.com.br\/#website"},"primaryImageOfPage":{"@id":"https:\/\/portalmf.com.br\/index.php\/2024\/03\/06\/com-novo-marco-historico-byd-inicia-obras-de-complexo-fabril-que-deve-gerar-10-mil-empregos-na-bahia\/#primaryimage"},"image":{"@id":"https:\/\/portalmf.com.br\/index.php\/2024\/03\/06\/com-novo-marco-historico-byd-inicia-obras-de-complexo-fabril-que-deve-gerar-10-mil-empregos-na-bahia\/#primaryimage"},"thumbnailUrl":"https:\/\/portalmf.com.br\/wp-content\/uploads\/2024\/03\/Fotos-Matheus-LandimGOVBAApp-Image-2024-03-05-at-17.10.52-696x464-1.jpeg","datePublished":"2024-03-06T19:59:48+00:00","dateModified":"2024-03-06T19:59:49+00:00","author":{"@id":"https:\/\/portalmf.com.br\/#\/schema\/person\/9ec101baf56233e53520c26de5d6f6f0"},"breadcrumb":{"@id":"https:\/\/portalmf.com.br\/index.php\/2024\/03\/06\/com-novo-marco-historico-byd-inicia-obras-de-complexo-fabril-que-deve-gerar-10-mil-empregos-na-bahia\/#breadcrumb"},"inLanguage":"pt-BR","potentialAction":[{"@type":"ReadAction","target":["https:\/\/portalmf.com.br\/index.php\/2024\/03\/06\/com-novo-marco-historico-byd-inicia-obras-de-complexo-fabril-que-deve-gerar-10-mil-empregos-na-bahia\/"]}]},{"@type":"ImageObject","inLanguage":"pt-BR","@id":"https:\/\/portalmf.com.br\/index.php\/2024\/03\/06\/com-novo-marco-historico-byd-inicia-obras-de-complexo-fabril-que-deve-gerar-10-mil-empregos-na-bahia\/#primaryimage","url":"https:\/\/portalmf.com.br\/wp-content\/uploads\/2024\/03\/Fotos-Matheus-LandimGOVBAApp-Image-2024-03-05-at-17.10.52-696x464-1.jpeg","contentUrl":"https:\/\/portalmf.com.br\/wp-content\/uploads\/2024\/03\/Fotos-Matheus-LandimGOVBAApp-Image-2024-03-05-at-17.10.52-696x464-1.jpeg","width":696,"height":464,"caption":"Foto: Matheus Landim\/GOVBA"},{"@type":"BreadcrumbList","@id":"https:\/\/portalmf.com.br\/index.php\/2024\/03\/06\/com-novo-marco-historico-byd-inicia-obras-de-complexo-fabril-que-deve-gerar-10-mil-empregos-na-bahia\/#breadcrumb","itemListElement":[{"@type":"ListItem","position":1,"name":"In\u00edcio","item":"https:\/\/portalmf.com.br\/"},{"@type":"ListItem","position":2,"name":"Com novo marco hist\u00f3rico, BYD inicia obras de complexo fabril que deve gerar 10 mil empregos na Bahia"}]},{"@type":"WebSite","@id":"https:\/\/portalmf.com.br\/#website","url":"https:\/\/portalmf.com.br\/","name":"Portal MF","description":"Voc\u00ea conectado com a informa\u00e7\u00e3o","potentialAction":[{"@type":"SearchAction","target":{"@type":"EntryPoint","urlTemplate":"https:\/\/portalmf.com.br\/?s={search_term_string}"},"query-input":"required name=search_term_string"}],"inLanguage":"pt-BR"},{"@type":"Person","@id":"https:\/\/portalmf.com.br\/#\/schema\/person\/9ec101baf56233e53520c26de5d6f6f0","name":"Reda\u00e7\u00e3o Portal MF","image":{"@type":"ImageObject","inLanguage":"pt-BR","@id":"https:\/\/portalmf.com.br\/#\/schema\/person\/image\/","url":"https:\/\/secure.gravatar.com\/avatar\/41b9aaeb2100835f7c64362330f74c7f?s=96&d=mm&r=g","contentUrl":"https:\/\/secure.gravatar.com\/avatar\/41b9aaeb2100835f7c64362330f74c7f?s=96&d=mm&r=g","caption":"Reda\u00e7\u00e3o Portal MF"},"description":"Sejam bem-vindos o portal de informa\u00e7\u00f5es de entretenimento de Feira de Santana, desde 2006 realiza coberturas dos principais eventos com entrevistas exclusivas com as principais personalidades mundiais. Fique conectado tamb\u00e9m nas redes sociais.","sameAs":["http:\/\/www.portalmf.com.br\/","https:\/\/www.facebook.com\/portalmfoficial","https:\/\/www.instagram.com\/portalmf\/","https:\/\/x.com\/https:\/\/x.com\/portalmfoficial","https:\/\/www.youtube.com\/@portalmfoficial"],"url":"https:\/\/portalmf.com.br\/index.php\/author\/junior\/"}]}},"_links":{"self":[{"href":"https:\/\/portalmf.com.br\/index.php\/wp-json\/wp\/v2\/posts\/24510"}],"collection":[{"href":"https:\/\/portalmf.com.br\/index.php\/wp-json\/wp\/v2\/posts"}],"about":[{"href":"https:\/\/portalmf.com.br\/index.php\/wp-json\/wp\/v2\/types\/post"}],"author":[{"embeddable":true,"href":"https:\/\/portalmf.com.br\/index.php\/wp-json\/wp\/v2\/users\/3"}],"replies":[{"embeddable":true,"href":"https:\/\/portalmf.com.br\/index.php\/wp-json\/wp\/v2\/comments?post=24510"}],"version-history":[{"count":1,"href":"https:\/\/portalmf.com.br\/index.php\/wp-json\/wp\/v2\/posts\/24510\/revisions"}],"predecessor-version":[{"id":24516,"href":"https:\/\/portalmf.com.br\/index.php\/wp-json\/wp\/v2\/posts\/24510\/revisions\/24516"}],"wp:featuredmedia":[{"embeddable":true,"href":"https:\/\/portalmf.com.br\/index.php\/wp-json\/wp\/v2\/media\/24515"}],"wp:attachment":[{"href":"https:\/\/portalmf.com.br\/index.php\/wp-json\/wp\/v2\/media?parent=24510"}],"wp:term":[{"taxonomy":"category","embeddable":true,"href":"https:\/\/portalmf.com.br\/index.php\/wp-json\/wp\/v2\/categories?post=24510"},{"taxonomy":"post_tag","embeddable":true,"href":"https:\/\/portalmf.com.br\/index.php\/wp-json\/wp\/v2\/tags?post=24510"}],"curies":[{"name":"wp","href":"https:\/\/api.w.org\/{rel}","templated":true}]}}