{"id":24507,"date":"2024-03-06T16:55:43","date_gmt":"2024-03-06T19:55:43","guid":{"rendered":"https:\/\/portalmf.com.br\/?p=24507"},"modified":"2024-03-06T16:55:45","modified_gmt":"2024-03-06T19:55:45","slug":"congresso-deve-garantir-manutencao-da-desoneracao-da-folha","status":"publish","type":"post","link":"https:\/\/portalmf.com.br\/index.php\/2024\/03\/06\/congresso-deve-garantir-manutencao-da-desoneracao-da-folha\/","title":{"rendered":"Congresso deve garantir manuten\u00e7\u00e3o da desonera\u00e7\u00e3o da folha"},"content":{"rendered":"\n<p>Na luta pela manuten\u00e7\u00e3o da desonera\u00e7\u00e3o da folha, prefeitas e prefeitos baianos se reuniram em Bras\u00edlia, nesta quarta-feira (06), para mais uma mobiliza\u00e7\u00e3o municipalista na capital federal. A Uni\u00e3o dos Munic\u00edpios da Bahia (UPB) foi representada pelo seu vice-presidente e prefeito de Amargosa, J\u00falio Pinheiro. O encontro entre gestores de todo o pa\u00eds ocorreu na sede da Confedera\u00e7\u00e3o Nacional de Munic\u00edpios (CNM) e contou com a presen\u00e7a do senador \u00c2ngelo Coronel, parlamentar relator do projeto sobre o tema no Senado que resultou na Lei 14.784\/2023.<\/p>\n\n\n\n<p>Durante o encontro, Pinheiro agradeceu o papel fundamental do senador \u00c2ngelo Coronel na aprova\u00e7\u00e3o da redu\u00e7\u00e3o da al\u00edquota do INSS e ressaltou a import\u00e2ncia da perman\u00eancia da medida para os munic\u00edpios brasileiros. \u201cTenho certeza que vamos conseguir com a for\u00e7a do municipalismo manter a al\u00edquota reduzida para os munic\u00edpios, porque n\u00e3o \u00e9 poss\u00edvel que aqueles que prestam os principais servi\u00e7os e mais essenciais a popula\u00e7\u00e3o paguem uma al\u00edquota igual a empresas altamente lucrativas\u201d, ressaltou. &nbsp;<\/p>\n\n\n\n<p>O vice-presidente da UPB destacou, ainda, o pioneirismo da entidade municipalista baiana na luta pela redu\u00e7\u00e3o da al\u00edquota. \u201cEssa \u00e9 uma iniciativa que nasceu na Bahia com a for\u00e7a da UPB e tivemos o avan\u00e7o no Congresso Nacional com a articula\u00e7\u00e3o e mobiliza\u00e7\u00e3o dos munic\u00edpios baianos e depois encampados por outras associa\u00e7\u00f5es estaduais e teve um papel fundamental com a participa\u00e7\u00e3o e relatoria do Senador \u00c2ngelo Coronel\u201d, explicou.<\/p>\n\n\n\n<p>\u201cN\u00f3s temos que fazer justi\u00e7a social a esses munic\u00edpios que tanto contribuem para a arrecada\u00e7\u00e3o tribut\u00e1ria brasileira, ent\u00e3o n\u00e3o podem ser penalizados com a al\u00edquota previdenci\u00e1ria acima da sua realidade. A maioria do congresso \u00e9 favor\u00e1vel \u00e0 redu\u00e7\u00e3o da al\u00edquota previdenci\u00e1ria para os munic\u00edpios brasileiros. Eu acredito que mais de 90% dos deputados s\u00e3o favor\u00e1veis a manter o que j\u00e1 foi aprovado, reduzindo de 20 para 8%\u201d, declarou o senador \u00c2ngelo Coronel.<\/p>\n\n\n\n<p><strong>UNI\u00c3O<\/strong><\/p>\n\n\n\n<p>O presidente da CNM, Paulo Ziulkoski, agradeceu a todos os prefeitos que participaram da elei\u00e7\u00e3o independente de ser da oposi\u00e7\u00e3o ou situa\u00e7\u00e3o e pregou a unidade. \u201cO que vai nos unir agora e sempre nos uniu \u00e9 a nossa pauta, que \u00e9 aquilo que interessa a todos os munic\u00edpios do Brasil. Agora estamos em um novo momento e vamos procurar conduzir, como sempre conduzimos para que todos tenham possibilidade de se expressar e trabalhar. Nossa unidade \u00e9 se tivermos uma boa pauta, uma pauta em que todos possam defender, porque o que est\u00e1 em jogo aqui \u00e9 de interesse do cidad\u00e3o brasileiro\u201d, afirmou.<\/p>\n\n\n\n<p>Ziulkoski tamb\u00e9m destacou a import\u00e2ncia da presen\u00e7a dos prefeitos e agentes municipalistas na Marcha a Bras\u00edlia, que acontece de 20 a 23 de maio. Na parte da tarde, a mobiliza\u00e7\u00e3o seguir\u00e1 para o Congresso Nacional e a concentra\u00e7\u00e3o acontecer\u00e1 no Sal\u00e3o Verde da Casa, \u00e0s 15h30.<\/p>\n","protected":false},"excerpt":{"rendered":"<p>Na luta pela manuten\u00e7\u00e3o da desonera\u00e7\u00e3o da folha, prefeitas e prefeitos baianos se reuniram em Bras\u00edlia, nesta quarta-feira (06), para mais uma mobiliza\u00e7\u00e3o municipalista na capital federal. A Uni\u00e3o dos Munic\u00edpios da Bahia (UPB) foi representada pelo seu vice-presidente e prefeito de Amargosa, J\u00falio Pinheiro. O encontro entre gestores de todo o pa\u00eds ocorreu na [&hellip;]<\/p>\n","protected":false},"author":3,"featured_media":24508,"comment_status":"open","ping_status":"open","sticky":false,"template":"","format":"standard","meta":{"_monsterinsights_skip_tracking":false,"_monsterinsights_sitenote_active":false,"_monsterinsights_sitenote_note":"","_monsterinsights_sitenote_category":0,"footnotes":""},"categories":[34],"tags":[],"yoast_head":"<!-- This site is optimized with the Yoast SEO plugin v22.9 - https:\/\/yoast.com\/wordpress\/plugins\/seo\/ -->\n<title>Congresso deve garantir manuten\u00e7\u00e3o da desonera\u00e7\u00e3o da folha - Portal MF<\/title>\n<meta name=\"robots\" content=\"index, follow, max-snippet:-1, max-image-preview:large, max-video-preview:-1\" \/>\n<link rel=\"canonical\" href=\"https:\/\/portalmf.com.br\/index.php\/2024\/03\/06\/congresso-deve-garantir-manutencao-da-desoneracao-da-folha\/\" \/>\n<meta property=\"og:locale\" content=\"pt_BR\" \/>\n<meta property=\"og:type\" content=\"article\" \/>\n<meta property=\"og:title\" content=\"Congresso deve garantir manuten\u00e7\u00e3o da desonera\u00e7\u00e3o da folha - Portal MF\" \/>\n<meta property=\"og:description\" content=\"Na luta pela manuten\u00e7\u00e3o da desonera\u00e7\u00e3o da folha, prefeitas e prefeitos baianos se reuniram em Bras\u00edlia, nesta quarta-feira (06), para mais uma mobiliza\u00e7\u00e3o municipalista na capital federal. A Uni\u00e3o dos Munic\u00edpios da Bahia (UPB) foi representada pelo seu vice-presidente e prefeito de Amargosa, J\u00falio Pinheiro. O encontro entre gestores de todo o pa\u00eds ocorreu na [&hellip;]\" \/>\n<meta property=\"og:url\" content=\"https:\/\/portalmf.com.br\/index.php\/2024\/03\/06\/congresso-deve-garantir-manutencao-da-desoneracao-da-folha\/\" \/>\n<meta property=\"og:site_name\" content=\"Portal MF\" \/>\n<meta property=\"article:author\" content=\"https:\/\/www.facebook.com\/portalmfoficial\" \/>\n<meta property=\"article:published_time\" content=\"2024-03-06T19:55:43+00:00\" \/>\n<meta property=\"article:modified_time\" content=\"2024-03-06T19:55:45+00:00\" \/>\n<meta property=\"og:image\" content=\"https:\/\/portalmf.com.br\/wp-content\/uploads\/2024\/03\/foto-divulgacao.jpeg\" \/>\n\t<meta property=\"og:image:width\" content=\"1170\" \/>\n\t<meta property=\"og:image:height\" content=\"1025\" \/>\n\t<meta property=\"og:image:type\" content=\"image\/jpeg\" \/>\n<meta name=\"author\" content=\"Reda\u00e7\u00e3o Portal MF\" \/>\n<meta name=\"twitter:card\" content=\"summary_large_image\" \/>\n<meta name=\"twitter:creator\" content=\"@https:\/\/x.com\/portalmfoficial\" \/>\n<meta name=\"twitter:label1\" content=\"Escrito por\" \/>\n\t<meta name=\"twitter:data1\" content=\"Reda\u00e7\u00e3o Portal MF\" \/>\n\t<meta name=\"twitter:label2\" content=\"Est. tempo de leitura\" \/>\n\t<meta name=\"twitter:data2\" content=\"3 minutos\" \/>\n<script type=\"application\/ld+json\" class=\"yoast-schema-graph\">{\"@context\":\"https:\/\/schema.org\",\"@graph\":[{\"@type\":\"WebPage\",\"@id\":\"https:\/\/portalmf.com.br\/index.php\/2024\/03\/06\/congresso-deve-garantir-manutencao-da-desoneracao-da-folha\/\",\"url\":\"https:\/\/portalmf.com.br\/index.php\/2024\/03\/06\/congresso-deve-garantir-manutencao-da-desoneracao-da-folha\/\",\"name\":\"Congresso deve garantir manuten\u00e7\u00e3o da desonera\u00e7\u00e3o da folha - Portal MF\",\"isPartOf\":{\"@id\":\"https:\/\/portalmf.com.br\/#website\"},\"primaryImageOfPage\":{\"@id\":\"https:\/\/portalmf.com.br\/index.php\/2024\/03\/06\/congresso-deve-garantir-manutencao-da-desoneracao-da-folha\/#primaryimage\"},\"image\":{\"@id\":\"https:\/\/portalmf.com.br\/index.php\/2024\/03\/06\/congresso-deve-garantir-manutencao-da-desoneracao-da-folha\/#primaryimage\"},\"thumbnailUrl\":\"https:\/\/portalmf.com.br\/wp-content\/uploads\/2024\/03\/foto-divulgacao.jpeg\",\"datePublished\":\"2024-03-06T19:55:43+00:00\",\"dateModified\":\"2024-03-06T19:55:45+00:00\",\"author\":{\"@id\":\"https:\/\/portalmf.com.br\/#\/schema\/person\/9ec101baf56233e53520c26de5d6f6f0\"},\"breadcrumb\":{\"@id\":\"https:\/\/portalmf.com.br\/index.php\/2024\/03\/06\/congresso-deve-garantir-manutencao-da-desoneracao-da-folha\/#breadcrumb\"},\"inLanguage\":\"pt-BR\",\"potentialAction\":[{\"@type\":\"ReadAction\",\"target\":[\"https:\/\/portalmf.com.br\/index.php\/2024\/03\/06\/congresso-deve-garantir-manutencao-da-desoneracao-da-folha\/\"]}]},{\"@type\":\"ImageObject\",\"inLanguage\":\"pt-BR\",\"@id\":\"https:\/\/portalmf.com.br\/index.php\/2024\/03\/06\/congresso-deve-garantir-manutencao-da-desoneracao-da-folha\/#primaryimage\",\"url\":\"https:\/\/portalmf.com.br\/wp-content\/uploads\/2024\/03\/foto-divulgacao.jpeg\",\"contentUrl\":\"https:\/\/portalmf.com.br\/wp-content\/uploads\/2024\/03\/foto-divulgacao.jpeg\",\"width\":1170,\"height\":1025},{\"@type\":\"BreadcrumbList\",\"@id\":\"https:\/\/portalmf.com.br\/index.php\/2024\/03\/06\/congresso-deve-garantir-manutencao-da-desoneracao-da-folha\/#breadcrumb\",\"itemListElement\":[{\"@type\":\"ListItem\",\"position\":1,\"name\":\"In\u00edcio\",\"item\":\"https:\/\/portalmf.com.br\/\"},{\"@type\":\"ListItem\",\"position\":2,\"name\":\"Congresso deve garantir manuten\u00e7\u00e3o da desonera\u00e7\u00e3o da folha\"}]},{\"@type\":\"WebSite\",\"@id\":\"https:\/\/portalmf.com.br\/#website\",\"url\":\"https:\/\/portalmf.com.br\/\",\"name\":\"Portal MF\",\"description\":\"Voc\u00ea conectado com a informa\u00e7\u00e3o\",\"potentialAction\":[{\"@type\":\"SearchAction\",\"target\":{\"@type\":\"EntryPoint\",\"urlTemplate\":\"https:\/\/portalmf.com.br\/?s={search_term_string}\"},\"query-input\":\"required name=search_term_string\"}],\"inLanguage\":\"pt-BR\"},{\"@type\":\"Person\",\"@id\":\"https:\/\/portalmf.com.br\/#\/schema\/person\/9ec101baf56233e53520c26de5d6f6f0\",\"name\":\"Reda\u00e7\u00e3o Portal MF\",\"image\":{\"@type\":\"ImageObject\",\"inLanguage\":\"pt-BR\",\"@id\":\"https:\/\/portalmf.com.br\/#\/schema\/person\/image\/\",\"url\":\"https:\/\/secure.gravatar.com\/avatar\/41b9aaeb2100835f7c64362330f74c7f?s=96&d=mm&r=g\",\"contentUrl\":\"https:\/\/secure.gravatar.com\/avatar\/41b9aaeb2100835f7c64362330f74c7f?s=96&d=mm&r=g\",\"caption\":\"Reda\u00e7\u00e3o Portal MF\"},\"description\":\"Sejam bem-vindos o portal de informa\u00e7\u00f5es de entretenimento de Feira de Santana, desde 2006 realiza coberturas dos principais eventos com entrevistas exclusivas com as principais personalidades mundiais. Fique conectado tamb\u00e9m nas redes sociais.\",\"sameAs\":[\"http:\/\/www.portalmf.com.br\/\",\"https:\/\/www.facebook.com\/portalmfoficial\",\"https:\/\/www.instagram.com\/portalmf\/\",\"https:\/\/x.com\/https:\/\/x.com\/portalmfoficial\",\"https:\/\/www.youtube.com\/@portalmfoficial\"],\"url\":\"https:\/\/portalmf.com.br\/index.php\/author\/junior\/\"}]}<\/script>\n<!-- \/ Yoast SEO plugin. -->","yoast_head_json":{"title":"Congresso deve garantir manuten\u00e7\u00e3o da desonera\u00e7\u00e3o da folha - Portal MF","robots":{"index":"index","follow":"follow","max-snippet":"max-snippet:-1","max-image-preview":"max-image-preview:large","max-video-preview":"max-video-preview:-1"},"canonical":"https:\/\/portalmf.com.br\/index.php\/2024\/03\/06\/congresso-deve-garantir-manutencao-da-desoneracao-da-folha\/","og_locale":"pt_BR","og_type":"article","og_title":"Congresso deve garantir manuten\u00e7\u00e3o da desonera\u00e7\u00e3o da folha - Portal MF","og_description":"Na luta pela manuten\u00e7\u00e3o da desonera\u00e7\u00e3o da folha, prefeitas e prefeitos baianos se reuniram em Bras\u00edlia, nesta quarta-feira (06), para mais uma mobiliza\u00e7\u00e3o municipalista na capital federal. A Uni\u00e3o dos Munic\u00edpios da Bahia (UPB) foi representada pelo seu vice-presidente e prefeito de Amargosa, J\u00falio Pinheiro. O encontro entre gestores de todo o pa\u00eds ocorreu na [&hellip;]","og_url":"https:\/\/portalmf.com.br\/index.php\/2024\/03\/06\/congresso-deve-garantir-manutencao-da-desoneracao-da-folha\/","og_site_name":"Portal MF","article_author":"https:\/\/www.facebook.com\/portalmfoficial","article_published_time":"2024-03-06T19:55:43+00:00","article_modified_time":"2024-03-06T19:55:45+00:00","og_image":[{"width":1170,"height":1025,"url":"https:\/\/portalmf.com.br\/wp-content\/uploads\/2024\/03\/foto-divulgacao.jpeg","type":"image\/jpeg"}],"author":"Reda\u00e7\u00e3o Portal MF","twitter_card":"summary_large_image","twitter_creator":"@https:\/\/x.com\/portalmfoficial","twitter_misc":{"Escrito por":"Reda\u00e7\u00e3o Portal MF","Est. tempo de leitura":"3 minutos"},"schema":{"@context":"https:\/\/schema.org","@graph":[{"@type":"WebPage","@id":"https:\/\/portalmf.com.br\/index.php\/2024\/03\/06\/congresso-deve-garantir-manutencao-da-desoneracao-da-folha\/","url":"https:\/\/portalmf.com.br\/index.php\/2024\/03\/06\/congresso-deve-garantir-manutencao-da-desoneracao-da-folha\/","name":"Congresso deve garantir manuten\u00e7\u00e3o da desonera\u00e7\u00e3o da folha - Portal MF","isPartOf":{"@id":"https:\/\/portalmf.com.br\/#website"},"primaryImageOfPage":{"@id":"https:\/\/portalmf.com.br\/index.php\/2024\/03\/06\/congresso-deve-garantir-manutencao-da-desoneracao-da-folha\/#primaryimage"},"image":{"@id":"https:\/\/portalmf.com.br\/index.php\/2024\/03\/06\/congresso-deve-garantir-manutencao-da-desoneracao-da-folha\/#primaryimage"},"thumbnailUrl":"https:\/\/portalmf.com.br\/wp-content\/uploads\/2024\/03\/foto-divulgacao.jpeg","datePublished":"2024-03-06T19:55:43+00:00","dateModified":"2024-03-06T19:55:45+00:00","author":{"@id":"https:\/\/portalmf.com.br\/#\/schema\/person\/9ec101baf56233e53520c26de5d6f6f0"},"breadcrumb":{"@id":"https:\/\/portalmf.com.br\/index.php\/2024\/03\/06\/congresso-deve-garantir-manutencao-da-desoneracao-da-folha\/#breadcrumb"},"inLanguage":"pt-BR","potentialAction":[{"@type":"ReadAction","target":["https:\/\/portalmf.com.br\/index.php\/2024\/03\/06\/congresso-deve-garantir-manutencao-da-desoneracao-da-folha\/"]}]},{"@type":"ImageObject","inLanguage":"pt-BR","@id":"https:\/\/portalmf.com.br\/index.php\/2024\/03\/06\/congresso-deve-garantir-manutencao-da-desoneracao-da-folha\/#primaryimage","url":"https:\/\/portalmf.com.br\/wp-content\/uploads\/2024\/03\/foto-divulgacao.jpeg","contentUrl":"https:\/\/portalmf.com.br\/wp-content\/uploads\/2024\/03\/foto-divulgacao.jpeg","width":1170,"height":1025},{"@type":"BreadcrumbList","@id":"https:\/\/portalmf.com.br\/index.php\/2024\/03\/06\/congresso-deve-garantir-manutencao-da-desoneracao-da-folha\/#breadcrumb","itemListElement":[{"@type":"ListItem","position":1,"name":"In\u00edcio","item":"https:\/\/portalmf.com.br\/"},{"@type":"ListItem","position":2,"name":"Congresso deve garantir manuten\u00e7\u00e3o da desonera\u00e7\u00e3o da folha"}]},{"@type":"WebSite","@id":"https:\/\/portalmf.com.br\/#website","url":"https:\/\/portalmf.com.br\/","name":"Portal MF","description":"Voc\u00ea conectado com a informa\u00e7\u00e3o","potentialAction":[{"@type":"SearchAction","target":{"@type":"EntryPoint","urlTemplate":"https:\/\/portalmf.com.br\/?s={search_term_string}"},"query-input":"required name=search_term_string"}],"inLanguage":"pt-BR"},{"@type":"Person","@id":"https:\/\/portalmf.com.br\/#\/schema\/person\/9ec101baf56233e53520c26de5d6f6f0","name":"Reda\u00e7\u00e3o Portal MF","image":{"@type":"ImageObject","inLanguage":"pt-BR","@id":"https:\/\/portalmf.com.br\/#\/schema\/person\/image\/","url":"https:\/\/secure.gravatar.com\/avatar\/41b9aaeb2100835f7c64362330f74c7f?s=96&d=mm&r=g","contentUrl":"https:\/\/secure.gravatar.com\/avatar\/41b9aaeb2100835f7c64362330f74c7f?s=96&d=mm&r=g","caption":"Reda\u00e7\u00e3o Portal MF"},"description":"Sejam bem-vindos o portal de informa\u00e7\u00f5es de entretenimento de Feira de Santana, desde 2006 realiza coberturas dos principais eventos com entrevistas exclusivas com as principais personalidades mundiais. Fique conectado tamb\u00e9m nas redes sociais.","sameAs":["http:\/\/www.portalmf.com.br\/","https:\/\/www.facebook.com\/portalmfoficial","https:\/\/www.instagram.com\/portalmf\/","https:\/\/x.com\/https:\/\/x.com\/portalmfoficial","https:\/\/www.youtube.com\/@portalmfoficial"],"url":"https:\/\/portalmf.com.br\/index.php\/author\/junior\/"}]}},"_links":{"self":[{"href":"https:\/\/portalmf.com.br\/index.php\/wp-json\/wp\/v2\/posts\/24507"}],"collection":[{"href":"https:\/\/portalmf.com.br\/index.php\/wp-json\/wp\/v2\/posts"}],"about":[{"href":"https:\/\/portalmf.com.br\/index.php\/wp-json\/wp\/v2\/types\/post"}],"author":[{"embeddable":true,"href":"https:\/\/portalmf.com.br\/index.php\/wp-json\/wp\/v2\/users\/3"}],"replies":[{"embeddable":true,"href":"https:\/\/portalmf.com.br\/index.php\/wp-json\/wp\/v2\/comments?post=24507"}],"version-history":[{"count":1,"href":"https:\/\/portalmf.com.br\/index.php\/wp-json\/wp\/v2\/posts\/24507\/revisions"}],"predecessor-version":[{"id":24509,"href":"https:\/\/portalmf.com.br\/index.php\/wp-json\/wp\/v2\/posts\/24507\/revisions\/24509"}],"wp:featuredmedia":[{"embeddable":true,"href":"https:\/\/portalmf.com.br\/index.php\/wp-json\/wp\/v2\/media\/24508"}],"wp:attachment":[{"href":"https:\/\/portalmf.com.br\/index.php\/wp-json\/wp\/v2\/media?parent=24507"}],"wp:term":[{"taxonomy":"category","embeddable":true,"href":"https:\/\/portalmf.com.br\/index.php\/wp-json\/wp\/v2\/categories?post=24507"},{"taxonomy":"post_tag","embeddable":true,"href":"https:\/\/portalmf.com.br\/index.php\/wp-json\/wp\/v2\/tags?post=24507"}],"curies":[{"name":"wp","href":"https:\/\/api.w.org\/{rel}","templated":true}]}}