{"id":24473,"date":"2024-03-05T16:38:58","date_gmt":"2024-03-05T19:38:58","guid":{"rendered":"https:\/\/portalmf.com.br\/?p=24473"},"modified":"2024-03-05T16:39:00","modified_gmt":"2024-03-05T19:39:00","slug":"santa-casa-recepciona-novos-residentes-em-oito-areas-da-medicina-e-forma-os-primeiros-especialistas","status":"publish","type":"post","link":"https:\/\/portalmf.com.br\/index.php\/2024\/03\/05\/santa-casa-recepciona-novos-residentes-em-oito-areas-da-medicina-e-forma-os-primeiros-especialistas\/","title":{"rendered":"Santa Casa recepciona novos residentes em oito \u00e1reas da Medicina e forma os primeiros especialistas"},"content":{"rendered":"\n<p>Com dez novos residentes, a Santa Casa de Feira de Santana realizou na \u00faltima sexta-feira, 1\u00ba, uma cerim\u00f4nia de boas vindas aos novos profissionais que ingressaram nos programas de resid\u00eancia m\u00e9dica da entidade. Na mesma cerim\u00f4nia, dois m\u00e9dicos receberam o certificado de especialista em Administra\u00e7\u00e3o em Sa\u00fade.<\/p>\n\n\n\n<p>Bastante concorrido, o evento aconteceu no audit\u00f3rio da entidade, com a presen\u00e7a dos preceptores, coordenadores e supervisores dos v\u00e1rios cursos, al\u00e9m de familiares e da equipe de gest\u00e3o da Santa Casa de Feira de Santana.<\/p>\n\n\n\n<p>Os m\u00e9dicos Tiago Jo\u00e3o Alves Nunes Oliveira e Denisval Flores Cavalcanti s\u00e3o os dois primeiros profissionais a se formarem na Resid\u00eancia M\u00e9dica da entidade, evidenciando a relev\u00e2ncia do programa para Feira de Santana e sua macrorregi\u00e3o.<\/p>\n\n\n\n<figure class=\"wp-block-image size-large\"><img fetchpriority=\"high\" decoding=\"async\" width=\"1024\" height=\"768\" src=\"https:\/\/portalmf.com.br\/wp-content\/uploads\/2024\/03\/Santa-Casa-recepciona-novos-residentes-em-oito-areas-da-Medicina-e-forma-os-primeiros-especialistas-2-1024x768.jpeg\" alt=\"\" class=\"wp-image-24474\" srcset=\"https:\/\/portalmf.com.br\/wp-content\/uploads\/2024\/03\/Santa-Casa-recepciona-novos-residentes-em-oito-areas-da-Medicina-e-forma-os-primeiros-especialistas-2-1024x768.jpeg 1024w, https:\/\/portalmf.com.br\/wp-content\/uploads\/2024\/03\/Santa-Casa-recepciona-novos-residentes-em-oito-areas-da-Medicina-e-forma-os-primeiros-especialistas-2-300x225.jpeg 300w, https:\/\/portalmf.com.br\/wp-content\/uploads\/2024\/03\/Santa-Casa-recepciona-novos-residentes-em-oito-areas-da-Medicina-e-forma-os-primeiros-especialistas-2-768x576.jpeg 768w, https:\/\/portalmf.com.br\/wp-content\/uploads\/2024\/03\/Santa-Casa-recepciona-novos-residentes-em-oito-areas-da-Medicina-e-forma-os-primeiros-especialistas-2-1536x1152.jpeg 1536w, https:\/\/portalmf.com.br\/wp-content\/uploads\/2024\/03\/Santa-Casa-recepciona-novos-residentes-em-oito-areas-da-Medicina-e-forma-os-primeiros-especialistas-2-696x522.jpeg 696w, https:\/\/portalmf.com.br\/wp-content\/uploads\/2024\/03\/Santa-Casa-recepciona-novos-residentes-em-oito-areas-da-Medicina-e-forma-os-primeiros-especialistas-2-1068x801.jpeg 1068w, https:\/\/portalmf.com.br\/wp-content\/uploads\/2024\/03\/Santa-Casa-recepciona-novos-residentes-em-oito-areas-da-Medicina-e-forma-os-primeiros-especialistas-2.jpeg 1600w\" sizes=\"(max-width: 1024px) 100vw, 1024px\" \/><figcaption class=\"wp-element-caption\"><strong>Fotos: Isabel Magnavita<\/strong><\/figcaption><\/figure>\n\n\n\n<p>O primeiro curso foi implementado em 2022. Agora, a Santa Casa j\u00e1 oferece a forma\u00e7\u00e3o em oito \u00e1reas, todos os cursos aprovados pelo Minist\u00e9rio da Educa\u00e7\u00e3o. A institui\u00e7\u00e3o filantr\u00f3pica oferta a especializa\u00e7\u00e3o m\u00e9dica nas \u00e1reas de cardiologia, cirurgia cardiovascular, cl\u00ednica m\u00e9dica, endoscopia, medicina intensiva, ortopedia e traumatologia, administra\u00e7\u00e3o em sa\u00fade e oncologia cl\u00ednica.<\/p>\n\n\n\n<p>Para o m\u00e9dico Rodrigo Matos, provedor da Santa Casa, \u00e9 gratificante ver os programas de resid\u00eancia m\u00e9dica transformarem a vida das pessoas. \u201cFormamos dois residentes m\u00e9dicos em uma \u00e1rea estrat\u00e9gica para a sa\u00fade, que \u00e9 Administra\u00e7\u00e3o em Sa\u00fade. Acolhemos tamb\u00e9m novos profissionais que passam a integrar os oito programas que oferecemos\u201d, destaca o provedor.<\/p>\n\n\n\n<p>Marco na Educa\u00e7\u00e3o M\u00e9dica<\/p>\n\n\n\n<p>Rodrigo Matos ressalta que \u201cos novos profissionais ser\u00e3o formados com excel\u00eancia, mostrando que a Santa Casa aos longo dos seus 164 anos mant\u00e9m-se como refer\u00eancia na assist\u00eancia \u00e0 sa\u00fade e agora tamb\u00e9m conquista o destaque na Educa\u00e7\u00e3o M\u00e9dica\u201d.<\/p>\n\n\n\n<p>O coordenador da COREME, Jo\u00e3o Eduardo Pereira, acentuou o valor da institui\u00e7\u00e3o para a sociedade que passa a contar com um sistema de sa\u00fade mais experimentado e profissionais mais qualificados.<em> \u201c\u00c9 um marco para a nossa macrorregi\u00e3o. A Santa Casa sempre se destacou pela excel\u00eancia dos servi\u00e7os prestados e agora expande seu raio de atua\u00e7\u00e3o tamb\u00e9m para o ensino e a pesquisa\u201d,<\/em> pontua.<\/p>\n","protected":false},"excerpt":{"rendered":"<p>Com dez novos residentes, a Santa Casa de Feira de Santana realizou na \u00faltima sexta-feira, 1\u00ba, uma cerim\u00f4nia de boas vindas aos novos profissionais que ingressaram nos programas de resid\u00eancia m\u00e9dica da entidade. Na mesma cerim\u00f4nia, dois m\u00e9dicos receberam o certificado de especialista em Administra\u00e7\u00e3o em Sa\u00fade. Bastante concorrido, o evento aconteceu no audit\u00f3rio da [&hellip;]<\/p>\n","protected":false},"author":3,"featured_media":24475,"comment_status":"open","ping_status":"open","sticky":false,"template":"","format":"standard","meta":{"_monsterinsights_skip_tracking":false,"_monsterinsights_sitenote_active":false,"_monsterinsights_sitenote_note":"","_monsterinsights_sitenote_category":0,"footnotes":""},"categories":[34],"tags":[],"yoast_head":"<!-- This site is optimized with the Yoast SEO plugin v22.9 - https:\/\/yoast.com\/wordpress\/plugins\/seo\/ -->\n<title>Santa Casa recepciona novos residentes em oito \u00e1reas da Medicina e forma os primeiros especialistas - Portal MF<\/title>\n<meta name=\"robots\" content=\"index, follow, max-snippet:-1, max-image-preview:large, max-video-preview:-1\" \/>\n<link rel=\"canonical\" href=\"https:\/\/portalmf.com.br\/index.php\/2024\/03\/05\/santa-casa-recepciona-novos-residentes-em-oito-areas-da-medicina-e-forma-os-primeiros-especialistas\/\" \/>\n<meta property=\"og:locale\" content=\"pt_BR\" \/>\n<meta property=\"og:type\" content=\"article\" \/>\n<meta property=\"og:title\" content=\"Santa Casa recepciona novos residentes em oito \u00e1reas da Medicina e forma os primeiros especialistas - Portal MF\" \/>\n<meta property=\"og:description\" content=\"Com dez novos residentes, a Santa Casa de Feira de Santana realizou na \u00faltima sexta-feira, 1\u00ba, uma cerim\u00f4nia de boas vindas aos novos profissionais que ingressaram nos programas de resid\u00eancia m\u00e9dica da entidade. Na mesma cerim\u00f4nia, dois m\u00e9dicos receberam o certificado de especialista em Administra\u00e7\u00e3o em Sa\u00fade. Bastante concorrido, o evento aconteceu no audit\u00f3rio da [&hellip;]\" \/>\n<meta property=\"og:url\" content=\"https:\/\/portalmf.com.br\/index.php\/2024\/03\/05\/santa-casa-recepciona-novos-residentes-em-oito-areas-da-medicina-e-forma-os-primeiros-especialistas\/\" \/>\n<meta property=\"og:site_name\" content=\"Portal MF\" \/>\n<meta property=\"article:author\" content=\"https:\/\/www.facebook.com\/portalmfoficial\" \/>\n<meta property=\"article:published_time\" content=\"2024-03-05T19:38:58+00:00\" \/>\n<meta property=\"article:modified_time\" content=\"2024-03-05T19:39:00+00:00\" \/>\n<meta property=\"og:image\" content=\"https:\/\/portalmf.com.br\/wp-content\/uploads\/2024\/03\/Santa-Casa-recepciona-novos-residentes-em-oito-areas-da-Medicina-e-forma-os-primeiros-especialistas-1.jpeg\" \/>\n\t<meta property=\"og:image:width\" content=\"1600\" \/>\n\t<meta property=\"og:image:height\" content=\"1200\" \/>\n\t<meta property=\"og:image:type\" content=\"image\/jpeg\" \/>\n<meta name=\"author\" content=\"Reda\u00e7\u00e3o Portal MF\" \/>\n<meta name=\"twitter:card\" content=\"summary_large_image\" \/>\n<meta name=\"twitter:creator\" content=\"@https:\/\/x.com\/portalmfoficial\" \/>\n<meta name=\"twitter:label1\" content=\"Escrito por\" \/>\n\t<meta name=\"twitter:data1\" content=\"Reda\u00e7\u00e3o Portal MF\" \/>\n\t<meta name=\"twitter:label2\" content=\"Est. tempo de leitura\" \/>\n\t<meta name=\"twitter:data2\" content=\"3 minutos\" \/>\n<script type=\"application\/ld+json\" class=\"yoast-schema-graph\">{\"@context\":\"https:\/\/schema.org\",\"@graph\":[{\"@type\":\"WebPage\",\"@id\":\"https:\/\/portalmf.com.br\/index.php\/2024\/03\/05\/santa-casa-recepciona-novos-residentes-em-oito-areas-da-medicina-e-forma-os-primeiros-especialistas\/\",\"url\":\"https:\/\/portalmf.com.br\/index.php\/2024\/03\/05\/santa-casa-recepciona-novos-residentes-em-oito-areas-da-medicina-e-forma-os-primeiros-especialistas\/\",\"name\":\"Santa Casa recepciona novos residentes em oito \u00e1reas da Medicina e forma os primeiros especialistas - Portal MF\",\"isPartOf\":{\"@id\":\"https:\/\/portalmf.com.br\/#website\"},\"primaryImageOfPage\":{\"@id\":\"https:\/\/portalmf.com.br\/index.php\/2024\/03\/05\/santa-casa-recepciona-novos-residentes-em-oito-areas-da-medicina-e-forma-os-primeiros-especialistas\/#primaryimage\"},\"image\":{\"@id\":\"https:\/\/portalmf.com.br\/index.php\/2024\/03\/05\/santa-casa-recepciona-novos-residentes-em-oito-areas-da-medicina-e-forma-os-primeiros-especialistas\/#primaryimage\"},\"thumbnailUrl\":\"https:\/\/portalmf.com.br\/wp-content\/uploads\/2024\/03\/Santa-Casa-recepciona-novos-residentes-em-oito-areas-da-Medicina-e-forma-os-primeiros-especialistas-1.jpeg\",\"datePublished\":\"2024-03-05T19:38:58+00:00\",\"dateModified\":\"2024-03-05T19:39:00+00:00\",\"author\":{\"@id\":\"https:\/\/portalmf.com.br\/#\/schema\/person\/9ec101baf56233e53520c26de5d6f6f0\"},\"breadcrumb\":{\"@id\":\"https:\/\/portalmf.com.br\/index.php\/2024\/03\/05\/santa-casa-recepciona-novos-residentes-em-oito-areas-da-medicina-e-forma-os-primeiros-especialistas\/#breadcrumb\"},\"inLanguage\":\"pt-BR\",\"potentialAction\":[{\"@type\":\"ReadAction\",\"target\":[\"https:\/\/portalmf.com.br\/index.php\/2024\/03\/05\/santa-casa-recepciona-novos-residentes-em-oito-areas-da-medicina-e-forma-os-primeiros-especialistas\/\"]}]},{\"@type\":\"ImageObject\",\"inLanguage\":\"pt-BR\",\"@id\":\"https:\/\/portalmf.com.br\/index.php\/2024\/03\/05\/santa-casa-recepciona-novos-residentes-em-oito-areas-da-medicina-e-forma-os-primeiros-especialistas\/#primaryimage\",\"url\":\"https:\/\/portalmf.com.br\/wp-content\/uploads\/2024\/03\/Santa-Casa-recepciona-novos-residentes-em-oito-areas-da-Medicina-e-forma-os-primeiros-especialistas-1.jpeg\",\"contentUrl\":\"https:\/\/portalmf.com.br\/wp-content\/uploads\/2024\/03\/Santa-Casa-recepciona-novos-residentes-em-oito-areas-da-Medicina-e-forma-os-primeiros-especialistas-1.jpeg\",\"width\":1600,\"height\":1200},{\"@type\":\"BreadcrumbList\",\"@id\":\"https:\/\/portalmf.com.br\/index.php\/2024\/03\/05\/santa-casa-recepciona-novos-residentes-em-oito-areas-da-medicina-e-forma-os-primeiros-especialistas\/#breadcrumb\",\"itemListElement\":[{\"@type\":\"ListItem\",\"position\":1,\"name\":\"In\u00edcio\",\"item\":\"https:\/\/portalmf.com.br\/\"},{\"@type\":\"ListItem\",\"position\":2,\"name\":\"Santa Casa recepciona novos residentes em oito \u00e1reas da Medicina e forma os primeiros especialistas\"}]},{\"@type\":\"WebSite\",\"@id\":\"https:\/\/portalmf.com.br\/#website\",\"url\":\"https:\/\/portalmf.com.br\/\",\"name\":\"Portal MF\",\"description\":\"Voc\u00ea conectado com a informa\u00e7\u00e3o\",\"potentialAction\":[{\"@type\":\"SearchAction\",\"target\":{\"@type\":\"EntryPoint\",\"urlTemplate\":\"https:\/\/portalmf.com.br\/?s={search_term_string}\"},\"query-input\":\"required name=search_term_string\"}],\"inLanguage\":\"pt-BR\"},{\"@type\":\"Person\",\"@id\":\"https:\/\/portalmf.com.br\/#\/schema\/person\/9ec101baf56233e53520c26de5d6f6f0\",\"name\":\"Reda\u00e7\u00e3o Portal MF\",\"image\":{\"@type\":\"ImageObject\",\"inLanguage\":\"pt-BR\",\"@id\":\"https:\/\/portalmf.com.br\/#\/schema\/person\/image\/\",\"url\":\"https:\/\/secure.gravatar.com\/avatar\/41b9aaeb2100835f7c64362330f74c7f?s=96&d=mm&r=g\",\"contentUrl\":\"https:\/\/secure.gravatar.com\/avatar\/41b9aaeb2100835f7c64362330f74c7f?s=96&d=mm&r=g\",\"caption\":\"Reda\u00e7\u00e3o Portal MF\"},\"description\":\"Sejam bem-vindos o portal de informa\u00e7\u00f5es de entretenimento de Feira de Santana, desde 2006 realiza coberturas dos principais eventos com entrevistas exclusivas com as principais personalidades mundiais. Fique conectado tamb\u00e9m nas redes sociais.\",\"sameAs\":[\"http:\/\/www.portalmf.com.br\/\",\"https:\/\/www.facebook.com\/portalmfoficial\",\"https:\/\/www.instagram.com\/portalmf\/\",\"https:\/\/x.com\/https:\/\/x.com\/portalmfoficial\",\"https:\/\/www.youtube.com\/@portalmfoficial\"],\"url\":\"https:\/\/portalmf.com.br\/index.php\/author\/junior\/\"}]}<\/script>\n<!-- \/ Yoast SEO plugin. -->","yoast_head_json":{"title":"Santa Casa recepciona novos residentes em oito \u00e1reas da Medicina e forma os primeiros especialistas - Portal MF","robots":{"index":"index","follow":"follow","max-snippet":"max-snippet:-1","max-image-preview":"max-image-preview:large","max-video-preview":"max-video-preview:-1"},"canonical":"https:\/\/portalmf.com.br\/index.php\/2024\/03\/05\/santa-casa-recepciona-novos-residentes-em-oito-areas-da-medicina-e-forma-os-primeiros-especialistas\/","og_locale":"pt_BR","og_type":"article","og_title":"Santa Casa recepciona novos residentes em oito \u00e1reas da Medicina e forma os primeiros especialistas - Portal MF","og_description":"Com dez novos residentes, a Santa Casa de Feira de Santana realizou na \u00faltima sexta-feira, 1\u00ba, uma cerim\u00f4nia de boas vindas aos novos profissionais que ingressaram nos programas de resid\u00eancia m\u00e9dica da entidade. Na mesma cerim\u00f4nia, dois m\u00e9dicos receberam o certificado de especialista em Administra\u00e7\u00e3o em Sa\u00fade. Bastante concorrido, o evento aconteceu no audit\u00f3rio da [&hellip;]","og_url":"https:\/\/portalmf.com.br\/index.php\/2024\/03\/05\/santa-casa-recepciona-novos-residentes-em-oito-areas-da-medicina-e-forma-os-primeiros-especialistas\/","og_site_name":"Portal MF","article_author":"https:\/\/www.facebook.com\/portalmfoficial","article_published_time":"2024-03-05T19:38:58+00:00","article_modified_time":"2024-03-05T19:39:00+00:00","og_image":[{"width":1600,"height":1200,"url":"https:\/\/portalmf.com.br\/wp-content\/uploads\/2024\/03\/Santa-Casa-recepciona-novos-residentes-em-oito-areas-da-Medicina-e-forma-os-primeiros-especialistas-1.jpeg","type":"image\/jpeg"}],"author":"Reda\u00e7\u00e3o Portal MF","twitter_card":"summary_large_image","twitter_creator":"@https:\/\/x.com\/portalmfoficial","twitter_misc":{"Escrito por":"Reda\u00e7\u00e3o Portal MF","Est. tempo de leitura":"3 minutos"},"schema":{"@context":"https:\/\/schema.org","@graph":[{"@type":"WebPage","@id":"https:\/\/portalmf.com.br\/index.php\/2024\/03\/05\/santa-casa-recepciona-novos-residentes-em-oito-areas-da-medicina-e-forma-os-primeiros-especialistas\/","url":"https:\/\/portalmf.com.br\/index.php\/2024\/03\/05\/santa-casa-recepciona-novos-residentes-em-oito-areas-da-medicina-e-forma-os-primeiros-especialistas\/","name":"Santa Casa recepciona novos residentes em oito \u00e1reas da Medicina e forma os primeiros especialistas - Portal MF","isPartOf":{"@id":"https:\/\/portalmf.com.br\/#website"},"primaryImageOfPage":{"@id":"https:\/\/portalmf.com.br\/index.php\/2024\/03\/05\/santa-casa-recepciona-novos-residentes-em-oito-areas-da-medicina-e-forma-os-primeiros-especialistas\/#primaryimage"},"image":{"@id":"https:\/\/portalmf.com.br\/index.php\/2024\/03\/05\/santa-casa-recepciona-novos-residentes-em-oito-areas-da-medicina-e-forma-os-primeiros-especialistas\/#primaryimage"},"thumbnailUrl":"https:\/\/portalmf.com.br\/wp-content\/uploads\/2024\/03\/Santa-Casa-recepciona-novos-residentes-em-oito-areas-da-Medicina-e-forma-os-primeiros-especialistas-1.jpeg","datePublished":"2024-03-05T19:38:58+00:00","dateModified":"2024-03-05T19:39:00+00:00","author":{"@id":"https:\/\/portalmf.com.br\/#\/schema\/person\/9ec101baf56233e53520c26de5d6f6f0"},"breadcrumb":{"@id":"https:\/\/portalmf.com.br\/index.php\/2024\/03\/05\/santa-casa-recepciona-novos-residentes-em-oito-areas-da-medicina-e-forma-os-primeiros-especialistas\/#breadcrumb"},"inLanguage":"pt-BR","potentialAction":[{"@type":"ReadAction","target":["https:\/\/portalmf.com.br\/index.php\/2024\/03\/05\/santa-casa-recepciona-novos-residentes-em-oito-areas-da-medicina-e-forma-os-primeiros-especialistas\/"]}]},{"@type":"ImageObject","inLanguage":"pt-BR","@id":"https:\/\/portalmf.com.br\/index.php\/2024\/03\/05\/santa-casa-recepciona-novos-residentes-em-oito-areas-da-medicina-e-forma-os-primeiros-especialistas\/#primaryimage","url":"https:\/\/portalmf.com.br\/wp-content\/uploads\/2024\/03\/Santa-Casa-recepciona-novos-residentes-em-oito-areas-da-Medicina-e-forma-os-primeiros-especialistas-1.jpeg","contentUrl":"https:\/\/portalmf.com.br\/wp-content\/uploads\/2024\/03\/Santa-Casa-recepciona-novos-residentes-em-oito-areas-da-Medicina-e-forma-os-primeiros-especialistas-1.jpeg","width":1600,"height":1200},{"@type":"BreadcrumbList","@id":"https:\/\/portalmf.com.br\/index.php\/2024\/03\/05\/santa-casa-recepciona-novos-residentes-em-oito-areas-da-medicina-e-forma-os-primeiros-especialistas\/#breadcrumb","itemListElement":[{"@type":"ListItem","position":1,"name":"In\u00edcio","item":"https:\/\/portalmf.com.br\/"},{"@type":"ListItem","position":2,"name":"Santa Casa recepciona novos residentes em oito \u00e1reas da Medicina e forma os primeiros especialistas"}]},{"@type":"WebSite","@id":"https:\/\/portalmf.com.br\/#website","url":"https:\/\/portalmf.com.br\/","name":"Portal MF","description":"Voc\u00ea conectado com a informa\u00e7\u00e3o","potentialAction":[{"@type":"SearchAction","target":{"@type":"EntryPoint","urlTemplate":"https:\/\/portalmf.com.br\/?s={search_term_string}"},"query-input":"required name=search_term_string"}],"inLanguage":"pt-BR"},{"@type":"Person","@id":"https:\/\/portalmf.com.br\/#\/schema\/person\/9ec101baf56233e53520c26de5d6f6f0","name":"Reda\u00e7\u00e3o Portal MF","image":{"@type":"ImageObject","inLanguage":"pt-BR","@id":"https:\/\/portalmf.com.br\/#\/schema\/person\/image\/","url":"https:\/\/secure.gravatar.com\/avatar\/41b9aaeb2100835f7c64362330f74c7f?s=96&d=mm&r=g","contentUrl":"https:\/\/secure.gravatar.com\/avatar\/41b9aaeb2100835f7c64362330f74c7f?s=96&d=mm&r=g","caption":"Reda\u00e7\u00e3o Portal MF"},"description":"Sejam bem-vindos o portal de informa\u00e7\u00f5es de entretenimento de Feira de Santana, desde 2006 realiza coberturas dos principais eventos com entrevistas exclusivas com as principais personalidades mundiais. Fique conectado tamb\u00e9m nas redes sociais.","sameAs":["http:\/\/www.portalmf.com.br\/","https:\/\/www.facebook.com\/portalmfoficial","https:\/\/www.instagram.com\/portalmf\/","https:\/\/x.com\/https:\/\/x.com\/portalmfoficial","https:\/\/www.youtube.com\/@portalmfoficial"],"url":"https:\/\/portalmf.com.br\/index.php\/author\/junior\/"}]}},"_links":{"self":[{"href":"https:\/\/portalmf.com.br\/index.php\/wp-json\/wp\/v2\/posts\/24473"}],"collection":[{"href":"https:\/\/portalmf.com.br\/index.php\/wp-json\/wp\/v2\/posts"}],"about":[{"href":"https:\/\/portalmf.com.br\/index.php\/wp-json\/wp\/v2\/types\/post"}],"author":[{"embeddable":true,"href":"https:\/\/portalmf.com.br\/index.php\/wp-json\/wp\/v2\/users\/3"}],"replies":[{"embeddable":true,"href":"https:\/\/portalmf.com.br\/index.php\/wp-json\/wp\/v2\/comments?post=24473"}],"version-history":[{"count":1,"href":"https:\/\/portalmf.com.br\/index.php\/wp-json\/wp\/v2\/posts\/24473\/revisions"}],"predecessor-version":[{"id":24476,"href":"https:\/\/portalmf.com.br\/index.php\/wp-json\/wp\/v2\/posts\/24473\/revisions\/24476"}],"wp:featuredmedia":[{"embeddable":true,"href":"https:\/\/portalmf.com.br\/index.php\/wp-json\/wp\/v2\/media\/24475"}],"wp:attachment":[{"href":"https:\/\/portalmf.com.br\/index.php\/wp-json\/wp\/v2\/media?parent=24473"}],"wp:term":[{"taxonomy":"category","embeddable":true,"href":"https:\/\/portalmf.com.br\/index.php\/wp-json\/wp\/v2\/categories?post=24473"},{"taxonomy":"post_tag","embeddable":true,"href":"https:\/\/portalmf.com.br\/index.php\/wp-json\/wp\/v2\/tags?post=24473"}],"curies":[{"name":"wp","href":"https:\/\/api.w.org\/{rel}","templated":true}]}}