{"id":24463,"date":"2024-03-05T14:18:15","date_gmt":"2024-03-05T17:18:15","guid":{"rendered":"https:\/\/portalmf.com.br\/?p=24463"},"modified":"2024-03-05T14:18:17","modified_gmt":"2024-03-05T17:18:17","slug":"governador-autoriza-recuperacao-de-vias-do-cis-e-nova-iluminacao-da-duplicacao-feira-sao-goncalo-em-reuniao-com-empresarios-e-ze-neto","status":"publish","type":"post","link":"https:\/\/portalmf.com.br\/index.php\/2024\/03\/05\/governador-autoriza-recuperacao-de-vias-do-cis-e-nova-iluminacao-da-duplicacao-feira-sao-goncalo-em-reuniao-com-empresarios-e-ze-neto\/","title":{"rendered":"Governador autoriza recupera\u00e7\u00e3o de vias do CIS e nova ilumina\u00e7\u00e3o da duplica\u00e7\u00e3o Feira\/S\u00e3o Gon\u00e7alo em reuni\u00e3o com empres\u00e1rios e Z\u00e9 Neto"},"content":{"rendered":"\n<p>O governador Jer\u00f4nimo Rodrigues autorizou nesta segunda-feira (4), durante reuni\u00e3o com empres\u00e1rios feirenses e o deputado federal Z\u00e9 Neto (PT), em Salvador, a primeira etapa das obras de recupera\u00e7\u00e3o asf\u00e1ltica das vias internas no Centro Industrial do Suba\u00e9 (CIS) e a nova ilumina\u00e7\u00e3o da BA-502, entre Feira de Santana e S\u00e3o Gon\u00e7alo.<\/p>\n\n\n\n<p>O investimento, que contempla as principais avenidas do CIS, totaliza R$ 23 milh\u00f5es, enquanto o da nova ilumina\u00e7\u00e3o com extens\u00e3o de 6 km \u00e9 de R$ 4,3. Ambos constam no Di\u00e1rio Oficial do Estado desta ter\u00e7a-feira (5).<\/p>\n\n\n\n<figure class=\"wp-block-image size-full\"><img fetchpriority=\"high\" decoding=\"async\" width=\"562\" height=\"438\" src=\"https:\/\/portalmf.com.br\/wp-content\/uploads\/2024\/03\/Governador-autoriza-recuperacao-de-vias-do-CIS-e-nova-iluminacao-da-duplicacao-FeiraSao-Goncalo-em-reuniao-com-empresarios-e-Ze-Neto-2.jpeg\" alt=\"\" class=\"wp-image-24465\" srcset=\"https:\/\/portalmf.com.br\/wp-content\/uploads\/2024\/03\/Governador-autoriza-recuperacao-de-vias-do-CIS-e-nova-iluminacao-da-duplicacao-FeiraSao-Goncalo-em-reuniao-com-empresarios-e-Ze-Neto-2.jpeg 562w, https:\/\/portalmf.com.br\/wp-content\/uploads\/2024\/03\/Governador-autoriza-recuperacao-de-vias-do-CIS-e-nova-iluminacao-da-duplicacao-FeiraSao-Goncalo-em-reuniao-com-empresarios-e-Ze-Neto-2-300x234.jpeg 300w\" sizes=\"(max-width: 562px) 100vw, 562px\" \/><\/figure>\n\n\n\n<p>Al\u00e9m das interven\u00e7\u00f5es, Jer\u00f4nimo anunciou tamb\u00e9m a cria\u00e7\u00e3o do Conselho de Coopera\u00e7\u00e3o e Desenvolvimento do munic\u00edpio, e o renomado arquiteto feirense Sidney Quintela para elaborar e liderar um plano urban\u00edstico para os pr\u00f3ximos 50 anos, em Feira.<\/p>\n\n\n\n<p><em>\u201cNosso governador Jer\u00f4nimo d\u00e1 mais uma demonstra\u00e7\u00e3o de comprometimento com nossa Princesa do Sert\u00e3o ao autorizar a execu\u00e7\u00e3o dessas importantes obras de infraestrutura, bem como a cria\u00e7\u00e3o do Conselho de Coopera\u00e7\u00e3o e Desenvolvimento de Feira, com a participa\u00e7\u00e3o efetiva dos setores produtivo e social da cidade, destacada na reuni\u00e3o pelo presidente da FIEB, Carlos Henrique Passos. O primeiro encontro ser\u00e1 no pr\u00f3ximo dia 13 de mar\u00e7o, \u00e0s 9 horas, na UEFS. Parabeniz\u00e1-lo tamb\u00e9m pela escolha acertada do arquiteto e urbanista feirense Sidney Quintela, um dos maiores urbanistas do Brasil, para fazer esse plano de mobilidade urbana, sustentabilidade e desenvolvimento junto com a CONDER. \u00c9 Feira unida, com muito di\u00e1logo e apoio decisivo do governador Jer\u00f4nimo\u201c<\/em>, afirmou Z\u00e9 Neto.<\/p>\n","protected":false},"excerpt":{"rendered":"<p>O governador Jer\u00f4nimo Rodrigues autorizou nesta segunda-feira (4), durante reuni\u00e3o com empres\u00e1rios feirenses e o deputado federal Z\u00e9 Neto (PT), em Salvador, a primeira etapa das obras de recupera\u00e7\u00e3o asf\u00e1ltica das vias internas no Centro Industrial do Suba\u00e9 (CIS) e a nova ilumina\u00e7\u00e3o da BA-502, entre Feira de Santana e S\u00e3o Gon\u00e7alo. O investimento, que [&hellip;]<\/p>\n","protected":false},"author":3,"featured_media":24464,"comment_status":"open","ping_status":"open","sticky":false,"template":"","format":"standard","meta":{"_monsterinsights_skip_tracking":false,"_monsterinsights_sitenote_active":false,"_monsterinsights_sitenote_note":"","_monsterinsights_sitenote_category":0,"footnotes":""},"categories":[34],"tags":[],"yoast_head":"<!-- This site is optimized with the Yoast SEO plugin v22.9 - https:\/\/yoast.com\/wordpress\/plugins\/seo\/ -->\n<title>Governador autoriza recupera\u00e7\u00e3o de vias do CIS e nova ilumina\u00e7\u00e3o da duplica\u00e7\u00e3o Feira\/S\u00e3o Gon\u00e7alo em reuni\u00e3o com empres\u00e1rios e Z\u00e9 Neto - Portal MF<\/title>\n<meta name=\"robots\" content=\"index, follow, max-snippet:-1, max-image-preview:large, max-video-preview:-1\" \/>\n<link rel=\"canonical\" href=\"https:\/\/portalmf.com.br\/index.php\/2024\/03\/05\/governador-autoriza-recuperacao-de-vias-do-cis-e-nova-iluminacao-da-duplicacao-feira-sao-goncalo-em-reuniao-com-empresarios-e-ze-neto\/\" \/>\n<meta property=\"og:locale\" content=\"pt_BR\" \/>\n<meta property=\"og:type\" content=\"article\" \/>\n<meta property=\"og:title\" content=\"Governador autoriza recupera\u00e7\u00e3o de vias do CIS e nova ilumina\u00e7\u00e3o da duplica\u00e7\u00e3o Feira\/S\u00e3o Gon\u00e7alo em reuni\u00e3o com empres\u00e1rios e Z\u00e9 Neto - Portal MF\" \/>\n<meta property=\"og:description\" content=\"O governador Jer\u00f4nimo Rodrigues autorizou nesta segunda-feira (4), durante reuni\u00e3o com empres\u00e1rios feirenses e o deputado federal Z\u00e9 Neto (PT), em Salvador, a primeira etapa das obras de recupera\u00e7\u00e3o asf\u00e1ltica das vias internas no Centro Industrial do Suba\u00e9 (CIS) e a nova ilumina\u00e7\u00e3o da BA-502, entre Feira de Santana e S\u00e3o Gon\u00e7alo. O investimento, que [&hellip;]\" \/>\n<meta property=\"og:url\" content=\"https:\/\/portalmf.com.br\/index.php\/2024\/03\/05\/governador-autoriza-recuperacao-de-vias-do-cis-e-nova-iluminacao-da-duplicacao-feira-sao-goncalo-em-reuniao-com-empresarios-e-ze-neto\/\" \/>\n<meta property=\"og:site_name\" content=\"Portal MF\" \/>\n<meta property=\"article:author\" content=\"https:\/\/www.facebook.com\/portalmfoficial\" \/>\n<meta property=\"article:published_time\" content=\"2024-03-05T17:18:15+00:00\" \/>\n<meta property=\"article:modified_time\" content=\"2024-03-05T17:18:17+00:00\" \/>\n<meta property=\"og:image\" content=\"https:\/\/portalmf.com.br\/wp-content\/uploads\/2024\/03\/Governador-autoriza-recuperacao-de-vias-do-CIS-e-nova-iluminacao-da-duplicacao-FeiraSao-Goncalo-em-reuniao-com-empresarios-e-Ze-Neto-1.jpeg\" \/>\n\t<meta property=\"og:image:width\" content=\"1280\" \/>\n\t<meta property=\"og:image:height\" content=\"771\" \/>\n\t<meta property=\"og:image:type\" content=\"image\/jpeg\" \/>\n<meta name=\"author\" content=\"Reda\u00e7\u00e3o Portal MF\" \/>\n<meta name=\"twitter:card\" content=\"summary_large_image\" \/>\n<meta name=\"twitter:creator\" content=\"@https:\/\/x.com\/portalmfoficial\" \/>\n<meta name=\"twitter:label1\" content=\"Escrito por\" \/>\n\t<meta name=\"twitter:data1\" content=\"Reda\u00e7\u00e3o Portal MF\" \/>\n\t<meta name=\"twitter:label2\" content=\"Est. tempo de leitura\" \/>\n\t<meta name=\"twitter:data2\" content=\"2 minutos\" \/>\n<script type=\"application\/ld+json\" class=\"yoast-schema-graph\">{\"@context\":\"https:\/\/schema.org\",\"@graph\":[{\"@type\":\"WebPage\",\"@id\":\"https:\/\/portalmf.com.br\/index.php\/2024\/03\/05\/governador-autoriza-recuperacao-de-vias-do-cis-e-nova-iluminacao-da-duplicacao-feira-sao-goncalo-em-reuniao-com-empresarios-e-ze-neto\/\",\"url\":\"https:\/\/portalmf.com.br\/index.php\/2024\/03\/05\/governador-autoriza-recuperacao-de-vias-do-cis-e-nova-iluminacao-da-duplicacao-feira-sao-goncalo-em-reuniao-com-empresarios-e-ze-neto\/\",\"name\":\"Governador autoriza recupera\u00e7\u00e3o de vias do CIS e nova ilumina\u00e7\u00e3o da duplica\u00e7\u00e3o Feira\/S\u00e3o Gon\u00e7alo em reuni\u00e3o com empres\u00e1rios e Z\u00e9 Neto - Portal MF\",\"isPartOf\":{\"@id\":\"https:\/\/portalmf.com.br\/#website\"},\"primaryImageOfPage\":{\"@id\":\"https:\/\/portalmf.com.br\/index.php\/2024\/03\/05\/governador-autoriza-recuperacao-de-vias-do-cis-e-nova-iluminacao-da-duplicacao-feira-sao-goncalo-em-reuniao-com-empresarios-e-ze-neto\/#primaryimage\"},\"image\":{\"@id\":\"https:\/\/portalmf.com.br\/index.php\/2024\/03\/05\/governador-autoriza-recuperacao-de-vias-do-cis-e-nova-iluminacao-da-duplicacao-feira-sao-goncalo-em-reuniao-com-empresarios-e-ze-neto\/#primaryimage\"},\"thumbnailUrl\":\"https:\/\/portalmf.com.br\/wp-content\/uploads\/2024\/03\/Governador-autoriza-recuperacao-de-vias-do-CIS-e-nova-iluminacao-da-duplicacao-FeiraSao-Goncalo-em-reuniao-com-empresarios-e-Ze-Neto-1.jpeg\",\"datePublished\":\"2024-03-05T17:18:15+00:00\",\"dateModified\":\"2024-03-05T17:18:17+00:00\",\"author\":{\"@id\":\"https:\/\/portalmf.com.br\/#\/schema\/person\/9ec101baf56233e53520c26de5d6f6f0\"},\"breadcrumb\":{\"@id\":\"https:\/\/portalmf.com.br\/index.php\/2024\/03\/05\/governador-autoriza-recuperacao-de-vias-do-cis-e-nova-iluminacao-da-duplicacao-feira-sao-goncalo-em-reuniao-com-empresarios-e-ze-neto\/#breadcrumb\"},\"inLanguage\":\"pt-BR\",\"potentialAction\":[{\"@type\":\"ReadAction\",\"target\":[\"https:\/\/portalmf.com.br\/index.php\/2024\/03\/05\/governador-autoriza-recuperacao-de-vias-do-cis-e-nova-iluminacao-da-duplicacao-feira-sao-goncalo-em-reuniao-com-empresarios-e-ze-neto\/\"]}]},{\"@type\":\"ImageObject\",\"inLanguage\":\"pt-BR\",\"@id\":\"https:\/\/portalmf.com.br\/index.php\/2024\/03\/05\/governador-autoriza-recuperacao-de-vias-do-cis-e-nova-iluminacao-da-duplicacao-feira-sao-goncalo-em-reuniao-com-empresarios-e-ze-neto\/#primaryimage\",\"url\":\"https:\/\/portalmf.com.br\/wp-content\/uploads\/2024\/03\/Governador-autoriza-recuperacao-de-vias-do-CIS-e-nova-iluminacao-da-duplicacao-FeiraSao-Goncalo-em-reuniao-com-empresarios-e-Ze-Neto-1.jpeg\",\"contentUrl\":\"https:\/\/portalmf.com.br\/wp-content\/uploads\/2024\/03\/Governador-autoriza-recuperacao-de-vias-do-CIS-e-nova-iluminacao-da-duplicacao-FeiraSao-Goncalo-em-reuniao-com-empresarios-e-Ze-Neto-1.jpeg\",\"width\":1280,\"height\":771},{\"@type\":\"BreadcrumbList\",\"@id\":\"https:\/\/portalmf.com.br\/index.php\/2024\/03\/05\/governador-autoriza-recuperacao-de-vias-do-cis-e-nova-iluminacao-da-duplicacao-feira-sao-goncalo-em-reuniao-com-empresarios-e-ze-neto\/#breadcrumb\",\"itemListElement\":[{\"@type\":\"ListItem\",\"position\":1,\"name\":\"In\u00edcio\",\"item\":\"https:\/\/portalmf.com.br\/\"},{\"@type\":\"ListItem\",\"position\":2,\"name\":\"Governador autoriza recupera\u00e7\u00e3o de vias do CIS e nova ilumina\u00e7\u00e3o da duplica\u00e7\u00e3o Feira\/S\u00e3o Gon\u00e7alo em reuni\u00e3o com empres\u00e1rios e Z\u00e9 Neto\"}]},{\"@type\":\"WebSite\",\"@id\":\"https:\/\/portalmf.com.br\/#website\",\"url\":\"https:\/\/portalmf.com.br\/\",\"name\":\"Portal MF\",\"description\":\"Voc\u00ea conectado com a informa\u00e7\u00e3o\",\"potentialAction\":[{\"@type\":\"SearchAction\",\"target\":{\"@type\":\"EntryPoint\",\"urlTemplate\":\"https:\/\/portalmf.com.br\/?s={search_term_string}\"},\"query-input\":\"required name=search_term_string\"}],\"inLanguage\":\"pt-BR\"},{\"@type\":\"Person\",\"@id\":\"https:\/\/portalmf.com.br\/#\/schema\/person\/9ec101baf56233e53520c26de5d6f6f0\",\"name\":\"Reda\u00e7\u00e3o Portal MF\",\"image\":{\"@type\":\"ImageObject\",\"inLanguage\":\"pt-BR\",\"@id\":\"https:\/\/portalmf.com.br\/#\/schema\/person\/image\/\",\"url\":\"https:\/\/secure.gravatar.com\/avatar\/41b9aaeb2100835f7c64362330f74c7f?s=96&d=mm&r=g\",\"contentUrl\":\"https:\/\/secure.gravatar.com\/avatar\/41b9aaeb2100835f7c64362330f74c7f?s=96&d=mm&r=g\",\"caption\":\"Reda\u00e7\u00e3o Portal MF\"},\"description\":\"Sejam bem-vindos o portal de informa\u00e7\u00f5es de entretenimento de Feira de Santana, desde 2006 realiza coberturas dos principais eventos com entrevistas exclusivas com as principais personalidades mundiais. Fique conectado tamb\u00e9m nas redes sociais.\",\"sameAs\":[\"http:\/\/www.portalmf.com.br\/\",\"https:\/\/www.facebook.com\/portalmfoficial\",\"https:\/\/www.instagram.com\/portalmf\/\",\"https:\/\/x.com\/https:\/\/x.com\/portalmfoficial\",\"https:\/\/www.youtube.com\/@portalmfoficial\"],\"url\":\"https:\/\/portalmf.com.br\/index.php\/author\/junior\/\"}]}<\/script>\n<!-- \/ Yoast SEO plugin. -->","yoast_head_json":{"title":"Governador autoriza recupera\u00e7\u00e3o de vias do CIS e nova ilumina\u00e7\u00e3o da duplica\u00e7\u00e3o Feira\/S\u00e3o Gon\u00e7alo em reuni\u00e3o com empres\u00e1rios e Z\u00e9 Neto - Portal MF","robots":{"index":"index","follow":"follow","max-snippet":"max-snippet:-1","max-image-preview":"max-image-preview:large","max-video-preview":"max-video-preview:-1"},"canonical":"https:\/\/portalmf.com.br\/index.php\/2024\/03\/05\/governador-autoriza-recuperacao-de-vias-do-cis-e-nova-iluminacao-da-duplicacao-feira-sao-goncalo-em-reuniao-com-empresarios-e-ze-neto\/","og_locale":"pt_BR","og_type":"article","og_title":"Governador autoriza recupera\u00e7\u00e3o de vias do CIS e nova ilumina\u00e7\u00e3o da duplica\u00e7\u00e3o Feira\/S\u00e3o Gon\u00e7alo em reuni\u00e3o com empres\u00e1rios e Z\u00e9 Neto - Portal MF","og_description":"O governador Jer\u00f4nimo Rodrigues autorizou nesta segunda-feira (4), durante reuni\u00e3o com empres\u00e1rios feirenses e o deputado federal Z\u00e9 Neto (PT), em Salvador, a primeira etapa das obras de recupera\u00e7\u00e3o asf\u00e1ltica das vias internas no Centro Industrial do Suba\u00e9 (CIS) e a nova ilumina\u00e7\u00e3o da BA-502, entre Feira de Santana e S\u00e3o Gon\u00e7alo. O investimento, que [&hellip;]","og_url":"https:\/\/portalmf.com.br\/index.php\/2024\/03\/05\/governador-autoriza-recuperacao-de-vias-do-cis-e-nova-iluminacao-da-duplicacao-feira-sao-goncalo-em-reuniao-com-empresarios-e-ze-neto\/","og_site_name":"Portal MF","article_author":"https:\/\/www.facebook.com\/portalmfoficial","article_published_time":"2024-03-05T17:18:15+00:00","article_modified_time":"2024-03-05T17:18:17+00:00","og_image":[{"width":1280,"height":771,"url":"https:\/\/portalmf.com.br\/wp-content\/uploads\/2024\/03\/Governador-autoriza-recuperacao-de-vias-do-CIS-e-nova-iluminacao-da-duplicacao-FeiraSao-Goncalo-em-reuniao-com-empresarios-e-Ze-Neto-1.jpeg","type":"image\/jpeg"}],"author":"Reda\u00e7\u00e3o Portal MF","twitter_card":"summary_large_image","twitter_creator":"@https:\/\/x.com\/portalmfoficial","twitter_misc":{"Escrito por":"Reda\u00e7\u00e3o Portal MF","Est. tempo de leitura":"2 minutos"},"schema":{"@context":"https:\/\/schema.org","@graph":[{"@type":"WebPage","@id":"https:\/\/portalmf.com.br\/index.php\/2024\/03\/05\/governador-autoriza-recuperacao-de-vias-do-cis-e-nova-iluminacao-da-duplicacao-feira-sao-goncalo-em-reuniao-com-empresarios-e-ze-neto\/","url":"https:\/\/portalmf.com.br\/index.php\/2024\/03\/05\/governador-autoriza-recuperacao-de-vias-do-cis-e-nova-iluminacao-da-duplicacao-feira-sao-goncalo-em-reuniao-com-empresarios-e-ze-neto\/","name":"Governador autoriza recupera\u00e7\u00e3o de vias do CIS e nova ilumina\u00e7\u00e3o da duplica\u00e7\u00e3o Feira\/S\u00e3o Gon\u00e7alo em reuni\u00e3o com empres\u00e1rios e Z\u00e9 Neto - Portal MF","isPartOf":{"@id":"https:\/\/portalmf.com.br\/#website"},"primaryImageOfPage":{"@id":"https:\/\/portalmf.com.br\/index.php\/2024\/03\/05\/governador-autoriza-recuperacao-de-vias-do-cis-e-nova-iluminacao-da-duplicacao-feira-sao-goncalo-em-reuniao-com-empresarios-e-ze-neto\/#primaryimage"},"image":{"@id":"https:\/\/portalmf.com.br\/index.php\/2024\/03\/05\/governador-autoriza-recuperacao-de-vias-do-cis-e-nova-iluminacao-da-duplicacao-feira-sao-goncalo-em-reuniao-com-empresarios-e-ze-neto\/#primaryimage"},"thumbnailUrl":"https:\/\/portalmf.com.br\/wp-content\/uploads\/2024\/03\/Governador-autoriza-recuperacao-de-vias-do-CIS-e-nova-iluminacao-da-duplicacao-FeiraSao-Goncalo-em-reuniao-com-empresarios-e-Ze-Neto-1.jpeg","datePublished":"2024-03-05T17:18:15+00:00","dateModified":"2024-03-05T17:18:17+00:00","author":{"@id":"https:\/\/portalmf.com.br\/#\/schema\/person\/9ec101baf56233e53520c26de5d6f6f0"},"breadcrumb":{"@id":"https:\/\/portalmf.com.br\/index.php\/2024\/03\/05\/governador-autoriza-recuperacao-de-vias-do-cis-e-nova-iluminacao-da-duplicacao-feira-sao-goncalo-em-reuniao-com-empresarios-e-ze-neto\/#breadcrumb"},"inLanguage":"pt-BR","potentialAction":[{"@type":"ReadAction","target":["https:\/\/portalmf.com.br\/index.php\/2024\/03\/05\/governador-autoriza-recuperacao-de-vias-do-cis-e-nova-iluminacao-da-duplicacao-feira-sao-goncalo-em-reuniao-com-empresarios-e-ze-neto\/"]}]},{"@type":"ImageObject","inLanguage":"pt-BR","@id":"https:\/\/portalmf.com.br\/index.php\/2024\/03\/05\/governador-autoriza-recuperacao-de-vias-do-cis-e-nova-iluminacao-da-duplicacao-feira-sao-goncalo-em-reuniao-com-empresarios-e-ze-neto\/#primaryimage","url":"https:\/\/portalmf.com.br\/wp-content\/uploads\/2024\/03\/Governador-autoriza-recuperacao-de-vias-do-CIS-e-nova-iluminacao-da-duplicacao-FeiraSao-Goncalo-em-reuniao-com-empresarios-e-Ze-Neto-1.jpeg","contentUrl":"https:\/\/portalmf.com.br\/wp-content\/uploads\/2024\/03\/Governador-autoriza-recuperacao-de-vias-do-CIS-e-nova-iluminacao-da-duplicacao-FeiraSao-Goncalo-em-reuniao-com-empresarios-e-Ze-Neto-1.jpeg","width":1280,"height":771},{"@type":"BreadcrumbList","@id":"https:\/\/portalmf.com.br\/index.php\/2024\/03\/05\/governador-autoriza-recuperacao-de-vias-do-cis-e-nova-iluminacao-da-duplicacao-feira-sao-goncalo-em-reuniao-com-empresarios-e-ze-neto\/#breadcrumb","itemListElement":[{"@type":"ListItem","position":1,"name":"In\u00edcio","item":"https:\/\/portalmf.com.br\/"},{"@type":"ListItem","position":2,"name":"Governador autoriza recupera\u00e7\u00e3o de vias do CIS e nova ilumina\u00e7\u00e3o da duplica\u00e7\u00e3o Feira\/S\u00e3o Gon\u00e7alo em reuni\u00e3o com empres\u00e1rios e Z\u00e9 Neto"}]},{"@type":"WebSite","@id":"https:\/\/portalmf.com.br\/#website","url":"https:\/\/portalmf.com.br\/","name":"Portal MF","description":"Voc\u00ea conectado com a informa\u00e7\u00e3o","potentialAction":[{"@type":"SearchAction","target":{"@type":"EntryPoint","urlTemplate":"https:\/\/portalmf.com.br\/?s={search_term_string}"},"query-input":"required name=search_term_string"}],"inLanguage":"pt-BR"},{"@type":"Person","@id":"https:\/\/portalmf.com.br\/#\/schema\/person\/9ec101baf56233e53520c26de5d6f6f0","name":"Reda\u00e7\u00e3o Portal MF","image":{"@type":"ImageObject","inLanguage":"pt-BR","@id":"https:\/\/portalmf.com.br\/#\/schema\/person\/image\/","url":"https:\/\/secure.gravatar.com\/avatar\/41b9aaeb2100835f7c64362330f74c7f?s=96&d=mm&r=g","contentUrl":"https:\/\/secure.gravatar.com\/avatar\/41b9aaeb2100835f7c64362330f74c7f?s=96&d=mm&r=g","caption":"Reda\u00e7\u00e3o Portal MF"},"description":"Sejam bem-vindos o portal de informa\u00e7\u00f5es de entretenimento de Feira de Santana, desde 2006 realiza coberturas dos principais eventos com entrevistas exclusivas com as principais personalidades mundiais. Fique conectado tamb\u00e9m nas redes sociais.","sameAs":["http:\/\/www.portalmf.com.br\/","https:\/\/www.facebook.com\/portalmfoficial","https:\/\/www.instagram.com\/portalmf\/","https:\/\/x.com\/https:\/\/x.com\/portalmfoficial","https:\/\/www.youtube.com\/@portalmfoficial"],"url":"https:\/\/portalmf.com.br\/index.php\/author\/junior\/"}]}},"_links":{"self":[{"href":"https:\/\/portalmf.com.br\/index.php\/wp-json\/wp\/v2\/posts\/24463"}],"collection":[{"href":"https:\/\/portalmf.com.br\/index.php\/wp-json\/wp\/v2\/posts"}],"about":[{"href":"https:\/\/portalmf.com.br\/index.php\/wp-json\/wp\/v2\/types\/post"}],"author":[{"embeddable":true,"href":"https:\/\/portalmf.com.br\/index.php\/wp-json\/wp\/v2\/users\/3"}],"replies":[{"embeddable":true,"href":"https:\/\/portalmf.com.br\/index.php\/wp-json\/wp\/v2\/comments?post=24463"}],"version-history":[{"count":1,"href":"https:\/\/portalmf.com.br\/index.php\/wp-json\/wp\/v2\/posts\/24463\/revisions"}],"predecessor-version":[{"id":24466,"href":"https:\/\/portalmf.com.br\/index.php\/wp-json\/wp\/v2\/posts\/24463\/revisions\/24466"}],"wp:featuredmedia":[{"embeddable":true,"href":"https:\/\/portalmf.com.br\/index.php\/wp-json\/wp\/v2\/media\/24464"}],"wp:attachment":[{"href":"https:\/\/portalmf.com.br\/index.php\/wp-json\/wp\/v2\/media?parent=24463"}],"wp:term":[{"taxonomy":"category","embeddable":true,"href":"https:\/\/portalmf.com.br\/index.php\/wp-json\/wp\/v2\/categories?post=24463"},{"taxonomy":"post_tag","embeddable":true,"href":"https:\/\/portalmf.com.br\/index.php\/wp-json\/wp\/v2\/tags?post=24463"}],"curies":[{"name":"wp","href":"https:\/\/api.w.org\/{rel}","templated":true}]}}