{"id":24432,"date":"2024-03-02T17:32:12","date_gmt":"2024-03-02T20:32:12","guid":{"rendered":"https:\/\/portalmf.com.br\/?p=24432"},"modified":"2024-03-04T17:34:16","modified_gmt":"2024-03-04T20:34:16","slug":"em-salvador-ministra-da-saude-visita-hospital-estadual-referencia-no-atendimento-a-pacientes-com-dengue","status":"publish","type":"post","link":"https:\/\/portalmf.com.br\/index.php\/2024\/03\/02\/em-salvador-ministra-da-saude-visita-hospital-estadual-referencia-no-atendimento-a-pacientes-com-dengue\/","title":{"rendered":"Em Salvador, ministra da Sa\u00fade visita hospital estadual refer\u00eancia no atendimento a pacientes com Dengue"},"content":{"rendered":"\n<p>O Instituto Couto Maia, em Salvador, \u00e9 o maior e mais moderno hospital de doen\u00e7as infectocontagiosas do Brasil, sendo tamb\u00e9m refer\u00eancia estadual para o atendimento a pacientes com quadro grave de Dengue. Neste s\u00e1bado (2), dia nacional de mobiliza\u00e7\u00e3o contra a Dengue, a ministra da Sa\u00fade, N\u00edsia Trindade, visitou as instala\u00e7\u00f5es da unidade, acompanhada da secret\u00e1ria da Sa\u00fade da Bahia, Roberta Santana.<\/p>\n\n\n\n<p>\u201cA presen\u00e7a da ministra da Sa\u00fade em Salvador n\u00e3o foi apenas simb\u00f3lica, mas um testemunho do apoio e da seriedade com que o governo federal encara essa luta\u201d, afirma a secret\u00e1ria Roberta Santana.<\/p>\n\n\n\n<p>Constru\u00eddo pelo Governo do Estado h\u00e1 cinco anos, o Icom j\u00e1 tinha sido destaque nacional no tratamento de pacientes com Covid-19 durante a pandemia e agora volta a se destacar. Em janeiro e fevereiro de 2023, 35 pacientes foram atendidos, enquanto, no mesmo per\u00edodo deste ano, o n\u00famero saltou para 102, um aumento superior a 190%. Este crescimento no n\u00famero de casos atendidos destaca a urg\u00eancia cont\u00ednua da mobiliza\u00e7\u00e3o e a necessidade de combater o mosquito Aedes aegypti, vetor de transmiss\u00e3o da Dengue, Zika e Chikungunya.<\/p>\n\n\n\n<p>Ap\u00f3s conversar com pacientes, a ministra da Sa\u00fade reiterou a import\u00e2ncia da preven\u00e7\u00e3o \u00e0 doen\u00e7a. \u201cA mobiliza\u00e7\u00e3o e a conscientiza\u00e7\u00e3o s\u00e3o nossas principais armas nesse combate. Cada indiv\u00edduo tem um papel crucial e, juntos, podemos reduzir significativamente a incid\u00eancia da Dengue. A preven\u00e7\u00e3o \u00e9 a chave, e cada a\u00e7\u00e3o conta. Bastam 10 minutos para verificar se em casa tem algum foco do mosquito. Vamos unir for\u00e7as para proteger nossa sa\u00fade e nosso futuro\u201d, disse a ministra.<\/p>\n\n\n\n<figure class=\"wp-block-image size-full\"><img fetchpriority=\"high\" decoding=\"async\" width=\"900\" height=\"600\" src=\"https:\/\/portalmf.com.br\/wp-content\/uploads\/2024\/03\/image-5.png\" alt=\"\" class=\"wp-image-24433\" srcset=\"https:\/\/portalmf.com.br\/wp-content\/uploads\/2024\/03\/image-5.png 900w, https:\/\/portalmf.com.br\/wp-content\/uploads\/2024\/03\/image-5-300x200.png 300w, https:\/\/portalmf.com.br\/wp-content\/uploads\/2024\/03\/image-5-768x512.png 768w, https:\/\/portalmf.com.br\/wp-content\/uploads\/2024\/03\/image-5-696x464.png 696w\" sizes=\"(max-width: 900px) 100vw, 900px\" \/><\/figure>\n\n\n\n<p><p style=\"box-sizing: border-box; font-family: &quot;Open Sans&quot;; font-size: 19px; overflow-wrap: break-word; color: rgb(34, 34, 34); white-space-collapse: collapse;\"><strong style=\"box-sizing: border-box;\">Cen\u00e1rio da Dengue na Bahia<\/strong>A Bahia registra 23.458 casos prov\u00e1veis at\u00e9 o dia 29 de fevereiro de 2024, marcando um aumento de 179% em compara\u00e7\u00e3o ao mesmo per\u00edodo do ano anterior. Ao todo, \u206064 cidades est\u00e3o em epidemia, com destaque para a regi\u00e3o Sudoeste. At\u00e9 o momento, oito mortes foram confirmadas pela C\u00e2mara T\u00e9cnica Estadual de An\u00e1lise de \u00d3bito nos munic\u00edpios de Ibiassuc\u00ea, Jacaraci, Pirip\u00e1, Irec\u00ea, Vit\u00f3ria da Conquista, Feira de Santana e Barra do Cho\u00e7a.<\/p><a href=\"https:\/\/www.comunicacao.ba.gov.br\/wp-content\/uploads\/2024\/03\/WhatsApp-Image-2024-03-02-at-21.19.251.jpeg\"><\/a><\/p>\n","protected":false},"excerpt":{"rendered":"<p>O Instituto Couto Maia, em Salvador, \u00e9 o maior e mais moderno hospital de doen\u00e7as infectocontagiosas do Brasil, sendo tamb\u00e9m refer\u00eancia estadual para o atendimento a pacientes com quadro grave de Dengue. Neste s\u00e1bado (2), dia nacional de mobiliza\u00e7\u00e3o contra a Dengue, a ministra da Sa\u00fade, N\u00edsia Trindade, visitou as instala\u00e7\u00f5es da unidade, acompanhada da [&hellip;]<\/p>\n","protected":false},"author":3,"featured_media":24434,"comment_status":"open","ping_status":"open","sticky":false,"template":"","format":"standard","meta":{"_monsterinsights_skip_tracking":false,"_monsterinsights_sitenote_active":false,"_monsterinsights_sitenote_note":"","_monsterinsights_sitenote_category":0,"footnotes":""},"categories":[34],"tags":[],"yoast_head":"<!-- This site is optimized with the Yoast SEO plugin v22.9 - https:\/\/yoast.com\/wordpress\/plugins\/seo\/ -->\n<title>Em Salvador, ministra da Sa\u00fade visita hospital estadual refer\u00eancia no atendimento a pacientes com Dengue - Portal MF<\/title>\n<meta name=\"robots\" content=\"index, follow, max-snippet:-1, max-image-preview:large, max-video-preview:-1\" \/>\n<link rel=\"canonical\" href=\"https:\/\/portalmf.com.br\/index.php\/2024\/03\/02\/em-salvador-ministra-da-saude-visita-hospital-estadual-referencia-no-atendimento-a-pacientes-com-dengue\/\" \/>\n<meta property=\"og:locale\" content=\"pt_BR\" \/>\n<meta property=\"og:type\" content=\"article\" \/>\n<meta property=\"og:title\" content=\"Em Salvador, ministra da Sa\u00fade visita hospital estadual refer\u00eancia no atendimento a pacientes com Dengue - Portal MF\" \/>\n<meta property=\"og:description\" content=\"O Instituto Couto Maia, em Salvador, \u00e9 o maior e mais moderno hospital de doen\u00e7as infectocontagiosas do Brasil, sendo tamb\u00e9m refer\u00eancia estadual para o atendimento a pacientes com quadro grave de Dengue. Neste s\u00e1bado (2), dia nacional de mobiliza\u00e7\u00e3o contra a Dengue, a ministra da Sa\u00fade, N\u00edsia Trindade, visitou as instala\u00e7\u00f5es da unidade, acompanhada da [&hellip;]\" \/>\n<meta property=\"og:url\" content=\"https:\/\/portalmf.com.br\/index.php\/2024\/03\/02\/em-salvador-ministra-da-saude-visita-hospital-estadual-referencia-no-atendimento-a-pacientes-com-dengue\/\" \/>\n<meta property=\"og:site_name\" content=\"Portal MF\" \/>\n<meta property=\"article:author\" content=\"https:\/\/www.facebook.com\/portalmfoficial\" \/>\n<meta property=\"article:published_time\" content=\"2024-03-02T20:32:12+00:00\" \/>\n<meta property=\"article:modified_time\" content=\"2024-03-04T20:34:16+00:00\" \/>\n<meta property=\"og:image\" content=\"https:\/\/portalmf.com.br\/wp-content\/uploads\/2024\/03\/WhatsApp-Image-2024-03-02-at-21.19.26-1068x712-1.jpeg\" \/>\n\t<meta property=\"og:image:width\" content=\"1068\" \/>\n\t<meta property=\"og:image:height\" content=\"712\" \/>\n\t<meta property=\"og:image:type\" content=\"image\/jpeg\" \/>\n<meta name=\"author\" content=\"Reda\u00e7\u00e3o Portal MF\" \/>\n<meta name=\"twitter:card\" content=\"summary_large_image\" \/>\n<meta name=\"twitter:creator\" content=\"@https:\/\/x.com\/portalmfoficial\" \/>\n<meta name=\"twitter:label1\" content=\"Escrito por\" \/>\n\t<meta name=\"twitter:data1\" content=\"Reda\u00e7\u00e3o Portal MF\" \/>\n\t<meta name=\"twitter:label2\" content=\"Est. tempo de leitura\" \/>\n\t<meta name=\"twitter:data2\" content=\"3 minutos\" \/>\n<script type=\"application\/ld+json\" class=\"yoast-schema-graph\">{\"@context\":\"https:\/\/schema.org\",\"@graph\":[{\"@type\":\"WebPage\",\"@id\":\"https:\/\/portalmf.com.br\/index.php\/2024\/03\/02\/em-salvador-ministra-da-saude-visita-hospital-estadual-referencia-no-atendimento-a-pacientes-com-dengue\/\",\"url\":\"https:\/\/portalmf.com.br\/index.php\/2024\/03\/02\/em-salvador-ministra-da-saude-visita-hospital-estadual-referencia-no-atendimento-a-pacientes-com-dengue\/\",\"name\":\"Em Salvador, ministra da Sa\u00fade visita hospital estadual refer\u00eancia no atendimento a pacientes com Dengue - Portal MF\",\"isPartOf\":{\"@id\":\"https:\/\/portalmf.com.br\/#website\"},\"primaryImageOfPage\":{\"@id\":\"https:\/\/portalmf.com.br\/index.php\/2024\/03\/02\/em-salvador-ministra-da-saude-visita-hospital-estadual-referencia-no-atendimento-a-pacientes-com-dengue\/#primaryimage\"},\"image\":{\"@id\":\"https:\/\/portalmf.com.br\/index.php\/2024\/03\/02\/em-salvador-ministra-da-saude-visita-hospital-estadual-referencia-no-atendimento-a-pacientes-com-dengue\/#primaryimage\"},\"thumbnailUrl\":\"https:\/\/portalmf.com.br\/wp-content\/uploads\/2024\/03\/WhatsApp-Image-2024-03-02-at-21.19.26-1068x712-1.jpeg\",\"datePublished\":\"2024-03-02T20:32:12+00:00\",\"dateModified\":\"2024-03-04T20:34:16+00:00\",\"author\":{\"@id\":\"https:\/\/portalmf.com.br\/#\/schema\/person\/9ec101baf56233e53520c26de5d6f6f0\"},\"breadcrumb\":{\"@id\":\"https:\/\/portalmf.com.br\/index.php\/2024\/03\/02\/em-salvador-ministra-da-saude-visita-hospital-estadual-referencia-no-atendimento-a-pacientes-com-dengue\/#breadcrumb\"},\"inLanguage\":\"pt-BR\",\"potentialAction\":[{\"@type\":\"ReadAction\",\"target\":[\"https:\/\/portalmf.com.br\/index.php\/2024\/03\/02\/em-salvador-ministra-da-saude-visita-hospital-estadual-referencia-no-atendimento-a-pacientes-com-dengue\/\"]}]},{\"@type\":\"ImageObject\",\"inLanguage\":\"pt-BR\",\"@id\":\"https:\/\/portalmf.com.br\/index.php\/2024\/03\/02\/em-salvador-ministra-da-saude-visita-hospital-estadual-referencia-no-atendimento-a-pacientes-com-dengue\/#primaryimage\",\"url\":\"https:\/\/portalmf.com.br\/wp-content\/uploads\/2024\/03\/WhatsApp-Image-2024-03-02-at-21.19.26-1068x712-1.jpeg\",\"contentUrl\":\"https:\/\/portalmf.com.br\/wp-content\/uploads\/2024\/03\/WhatsApp-Image-2024-03-02-at-21.19.26-1068x712-1.jpeg\",\"width\":1068,\"height\":712},{\"@type\":\"BreadcrumbList\",\"@id\":\"https:\/\/portalmf.com.br\/index.php\/2024\/03\/02\/em-salvador-ministra-da-saude-visita-hospital-estadual-referencia-no-atendimento-a-pacientes-com-dengue\/#breadcrumb\",\"itemListElement\":[{\"@type\":\"ListItem\",\"position\":1,\"name\":\"In\u00edcio\",\"item\":\"https:\/\/portalmf.com.br\/\"},{\"@type\":\"ListItem\",\"position\":2,\"name\":\"Em Salvador, ministra da Sa\u00fade visita hospital estadual refer\u00eancia no atendimento a pacientes com Dengue\"}]},{\"@type\":\"WebSite\",\"@id\":\"https:\/\/portalmf.com.br\/#website\",\"url\":\"https:\/\/portalmf.com.br\/\",\"name\":\"Portal MF\",\"description\":\"Voc\u00ea conectado com a informa\u00e7\u00e3o\",\"potentialAction\":[{\"@type\":\"SearchAction\",\"target\":{\"@type\":\"EntryPoint\",\"urlTemplate\":\"https:\/\/portalmf.com.br\/?s={search_term_string}\"},\"query-input\":\"required name=search_term_string\"}],\"inLanguage\":\"pt-BR\"},{\"@type\":\"Person\",\"@id\":\"https:\/\/portalmf.com.br\/#\/schema\/person\/9ec101baf56233e53520c26de5d6f6f0\",\"name\":\"Reda\u00e7\u00e3o Portal MF\",\"image\":{\"@type\":\"ImageObject\",\"inLanguage\":\"pt-BR\",\"@id\":\"https:\/\/portalmf.com.br\/#\/schema\/person\/image\/\",\"url\":\"https:\/\/secure.gravatar.com\/avatar\/41b9aaeb2100835f7c64362330f74c7f?s=96&d=mm&r=g\",\"contentUrl\":\"https:\/\/secure.gravatar.com\/avatar\/41b9aaeb2100835f7c64362330f74c7f?s=96&d=mm&r=g\",\"caption\":\"Reda\u00e7\u00e3o Portal MF\"},\"description\":\"Sejam bem-vindos o portal de informa\u00e7\u00f5es de entretenimento de Feira de Santana, desde 2006 realiza coberturas dos principais eventos com entrevistas exclusivas com as principais personalidades mundiais. Fique conectado tamb\u00e9m nas redes sociais.\",\"sameAs\":[\"http:\/\/www.portalmf.com.br\/\",\"https:\/\/www.facebook.com\/portalmfoficial\",\"https:\/\/www.instagram.com\/portalmf\/\",\"https:\/\/x.com\/https:\/\/x.com\/portalmfoficial\",\"https:\/\/www.youtube.com\/@portalmfoficial\"],\"url\":\"https:\/\/portalmf.com.br\/index.php\/author\/junior\/\"}]}<\/script>\n<!-- \/ Yoast SEO plugin. -->","yoast_head_json":{"title":"Em Salvador, ministra da Sa\u00fade visita hospital estadual refer\u00eancia no atendimento a pacientes com Dengue - Portal MF","robots":{"index":"index","follow":"follow","max-snippet":"max-snippet:-1","max-image-preview":"max-image-preview:large","max-video-preview":"max-video-preview:-1"},"canonical":"https:\/\/portalmf.com.br\/index.php\/2024\/03\/02\/em-salvador-ministra-da-saude-visita-hospital-estadual-referencia-no-atendimento-a-pacientes-com-dengue\/","og_locale":"pt_BR","og_type":"article","og_title":"Em Salvador, ministra da Sa\u00fade visita hospital estadual refer\u00eancia no atendimento a pacientes com Dengue - Portal MF","og_description":"O Instituto Couto Maia, em Salvador, \u00e9 o maior e mais moderno hospital de doen\u00e7as infectocontagiosas do Brasil, sendo tamb\u00e9m refer\u00eancia estadual para o atendimento a pacientes com quadro grave de Dengue. Neste s\u00e1bado (2), dia nacional de mobiliza\u00e7\u00e3o contra a Dengue, a ministra da Sa\u00fade, N\u00edsia Trindade, visitou as instala\u00e7\u00f5es da unidade, acompanhada da [&hellip;]","og_url":"https:\/\/portalmf.com.br\/index.php\/2024\/03\/02\/em-salvador-ministra-da-saude-visita-hospital-estadual-referencia-no-atendimento-a-pacientes-com-dengue\/","og_site_name":"Portal MF","article_author":"https:\/\/www.facebook.com\/portalmfoficial","article_published_time":"2024-03-02T20:32:12+00:00","article_modified_time":"2024-03-04T20:34:16+00:00","og_image":[{"width":1068,"height":712,"url":"https:\/\/portalmf.com.br\/wp-content\/uploads\/2024\/03\/WhatsApp-Image-2024-03-02-at-21.19.26-1068x712-1.jpeg","type":"image\/jpeg"}],"author":"Reda\u00e7\u00e3o Portal MF","twitter_card":"summary_large_image","twitter_creator":"@https:\/\/x.com\/portalmfoficial","twitter_misc":{"Escrito por":"Reda\u00e7\u00e3o Portal MF","Est. tempo de leitura":"3 minutos"},"schema":{"@context":"https:\/\/schema.org","@graph":[{"@type":"WebPage","@id":"https:\/\/portalmf.com.br\/index.php\/2024\/03\/02\/em-salvador-ministra-da-saude-visita-hospital-estadual-referencia-no-atendimento-a-pacientes-com-dengue\/","url":"https:\/\/portalmf.com.br\/index.php\/2024\/03\/02\/em-salvador-ministra-da-saude-visita-hospital-estadual-referencia-no-atendimento-a-pacientes-com-dengue\/","name":"Em Salvador, ministra da Sa\u00fade visita hospital estadual refer\u00eancia no atendimento a pacientes com Dengue - Portal MF","isPartOf":{"@id":"https:\/\/portalmf.com.br\/#website"},"primaryImageOfPage":{"@id":"https:\/\/portalmf.com.br\/index.php\/2024\/03\/02\/em-salvador-ministra-da-saude-visita-hospital-estadual-referencia-no-atendimento-a-pacientes-com-dengue\/#primaryimage"},"image":{"@id":"https:\/\/portalmf.com.br\/index.php\/2024\/03\/02\/em-salvador-ministra-da-saude-visita-hospital-estadual-referencia-no-atendimento-a-pacientes-com-dengue\/#primaryimage"},"thumbnailUrl":"https:\/\/portalmf.com.br\/wp-content\/uploads\/2024\/03\/WhatsApp-Image-2024-03-02-at-21.19.26-1068x712-1.jpeg","datePublished":"2024-03-02T20:32:12+00:00","dateModified":"2024-03-04T20:34:16+00:00","author":{"@id":"https:\/\/portalmf.com.br\/#\/schema\/person\/9ec101baf56233e53520c26de5d6f6f0"},"breadcrumb":{"@id":"https:\/\/portalmf.com.br\/index.php\/2024\/03\/02\/em-salvador-ministra-da-saude-visita-hospital-estadual-referencia-no-atendimento-a-pacientes-com-dengue\/#breadcrumb"},"inLanguage":"pt-BR","potentialAction":[{"@type":"ReadAction","target":["https:\/\/portalmf.com.br\/index.php\/2024\/03\/02\/em-salvador-ministra-da-saude-visita-hospital-estadual-referencia-no-atendimento-a-pacientes-com-dengue\/"]}]},{"@type":"ImageObject","inLanguage":"pt-BR","@id":"https:\/\/portalmf.com.br\/index.php\/2024\/03\/02\/em-salvador-ministra-da-saude-visita-hospital-estadual-referencia-no-atendimento-a-pacientes-com-dengue\/#primaryimage","url":"https:\/\/portalmf.com.br\/wp-content\/uploads\/2024\/03\/WhatsApp-Image-2024-03-02-at-21.19.26-1068x712-1.jpeg","contentUrl":"https:\/\/portalmf.com.br\/wp-content\/uploads\/2024\/03\/WhatsApp-Image-2024-03-02-at-21.19.26-1068x712-1.jpeg","width":1068,"height":712},{"@type":"BreadcrumbList","@id":"https:\/\/portalmf.com.br\/index.php\/2024\/03\/02\/em-salvador-ministra-da-saude-visita-hospital-estadual-referencia-no-atendimento-a-pacientes-com-dengue\/#breadcrumb","itemListElement":[{"@type":"ListItem","position":1,"name":"In\u00edcio","item":"https:\/\/portalmf.com.br\/"},{"@type":"ListItem","position":2,"name":"Em Salvador, ministra da Sa\u00fade visita hospital estadual refer\u00eancia no atendimento a pacientes com Dengue"}]},{"@type":"WebSite","@id":"https:\/\/portalmf.com.br\/#website","url":"https:\/\/portalmf.com.br\/","name":"Portal MF","description":"Voc\u00ea conectado com a informa\u00e7\u00e3o","potentialAction":[{"@type":"SearchAction","target":{"@type":"EntryPoint","urlTemplate":"https:\/\/portalmf.com.br\/?s={search_term_string}"},"query-input":"required name=search_term_string"}],"inLanguage":"pt-BR"},{"@type":"Person","@id":"https:\/\/portalmf.com.br\/#\/schema\/person\/9ec101baf56233e53520c26de5d6f6f0","name":"Reda\u00e7\u00e3o Portal MF","image":{"@type":"ImageObject","inLanguage":"pt-BR","@id":"https:\/\/portalmf.com.br\/#\/schema\/person\/image\/","url":"https:\/\/secure.gravatar.com\/avatar\/41b9aaeb2100835f7c64362330f74c7f?s=96&d=mm&r=g","contentUrl":"https:\/\/secure.gravatar.com\/avatar\/41b9aaeb2100835f7c64362330f74c7f?s=96&d=mm&r=g","caption":"Reda\u00e7\u00e3o Portal MF"},"description":"Sejam bem-vindos o portal de informa\u00e7\u00f5es de entretenimento de Feira de Santana, desde 2006 realiza coberturas dos principais eventos com entrevistas exclusivas com as principais personalidades mundiais. Fique conectado tamb\u00e9m nas redes sociais.","sameAs":["http:\/\/www.portalmf.com.br\/","https:\/\/www.facebook.com\/portalmfoficial","https:\/\/www.instagram.com\/portalmf\/","https:\/\/x.com\/https:\/\/x.com\/portalmfoficial","https:\/\/www.youtube.com\/@portalmfoficial"],"url":"https:\/\/portalmf.com.br\/index.php\/author\/junior\/"}]}},"_links":{"self":[{"href":"https:\/\/portalmf.com.br\/index.php\/wp-json\/wp\/v2\/posts\/24432"}],"collection":[{"href":"https:\/\/portalmf.com.br\/index.php\/wp-json\/wp\/v2\/posts"}],"about":[{"href":"https:\/\/portalmf.com.br\/index.php\/wp-json\/wp\/v2\/types\/post"}],"author":[{"embeddable":true,"href":"https:\/\/portalmf.com.br\/index.php\/wp-json\/wp\/v2\/users\/3"}],"replies":[{"embeddable":true,"href":"https:\/\/portalmf.com.br\/index.php\/wp-json\/wp\/v2\/comments?post=24432"}],"version-history":[{"count":1,"href":"https:\/\/portalmf.com.br\/index.php\/wp-json\/wp\/v2\/posts\/24432\/revisions"}],"predecessor-version":[{"id":24435,"href":"https:\/\/portalmf.com.br\/index.php\/wp-json\/wp\/v2\/posts\/24432\/revisions\/24435"}],"wp:featuredmedia":[{"embeddable":true,"href":"https:\/\/portalmf.com.br\/index.php\/wp-json\/wp\/v2\/media\/24434"}],"wp:attachment":[{"href":"https:\/\/portalmf.com.br\/index.php\/wp-json\/wp\/v2\/media?parent=24432"}],"wp:term":[{"taxonomy":"category","embeddable":true,"href":"https:\/\/portalmf.com.br\/index.php\/wp-json\/wp\/v2\/categories?post=24432"},{"taxonomy":"post_tag","embeddable":true,"href":"https:\/\/portalmf.com.br\/index.php\/wp-json\/wp\/v2\/tags?post=24432"}],"curies":[{"name":"wp","href":"https:\/\/api.w.org\/{rel}","templated":true}]}}