{"id":2443,"date":"2022-08-02T14:47:48","date_gmt":"2022-08-02T17:47:48","guid":{"rendered":"http:\/\/portalmf.com.br\/?p=2443"},"modified":"2022-08-03T10:38:21","modified_gmt":"2022-08-03T13:38:21","slug":"anitta-surge-em-terreiro-de-candomble-ao-lado-do-irmao-e-pai-de-santo-apos-passar-por-cirurgia","status":"publish","type":"post","link":"https:\/\/portalmf.com.br\/index.php\/2022\/08\/02\/anitta-surge-em-terreiro-de-candomble-ao-lado-do-irmao-e-pai-de-santo-apos-passar-por-cirurgia\/","title":{"rendered":"Anitta surge em terreiro de candombl\u00e9 ao lado do irm\u00e3o e Pai de Santo ap\u00f3s passar por cirurgia"},"content":{"rendered":"\n<p>Filha do Orix\u00e1 Loguned\u00e9, a cantora Anitta (29) faz quest\u00e3o de reafirmar sua f\u00e9 e exaltar sua religi\u00e3o nas redes sociais. A artista foi clicada em uma cerim\u00f4nia no terreiro de candombl\u00e9 que frequenta em Nova Igua\u00e7u, no Rio de Janeiro.<\/p>\n\n\n\n<p>Nas fotos, publicadas pelo seu Pai de Santo, Sergio Pina, em seu perfil no Instagram, a famosa apareceu usando as tradicionais roupas brancas usadas pelo povo de ax\u00e9 e turbante, ao lado de seu babalorix\u00e1, de seu irm\u00e3o, Renan Machado, e de alguns irm\u00e3os de santo.<\/p>\n\n\n\n<p><em>&#8220;Fim de um ciclo, in\u00edcio de outro. Desejo aos meus filhos vida longa com sucesso!&#8221;,<\/em>&nbsp;escreveu Sergio na legenda da publica\u00e7\u00e3o.<\/p>\n\n\n\n<p>Vale lembrar que&nbsp;Anitta est\u00e1 se recuperando ap\u00f3s passar por cirurgia de endometriose. Ap\u00f3s receber alta do hospital, no \u00faltimo dia 25, ela declarou:&nbsp;<em>&#8220;Saio dessa experi\u00eancia desejando que todas as mulheres do mundo tenham mais acesso ao diagn\u00f3stico e entendimento dessa doen\u00e7a que afeta tanta gente mas \u00e9, ao mesmo tempo, t\u00e3o pouco falada. Seguirei me cuidando, mas agora livre da etapa mais dif\u00edcil que foi diagn\u00f3stico e cirurgia&#8221;<\/em>.<\/p>\n\n\n\n<figure class=\"wp-block-image size-full\"><img fetchpriority=\"high\" decoding=\"async\" width=\"937\" height=\"555\" src=\"http:\/\/portalmf.com.br\/wp-content\/uploads\/2022\/08\/Sem-titulo-1.jpg\" alt=\"\" class=\"wp-image-2446\" srcset=\"https:\/\/portalmf.com.br\/wp-content\/uploads\/2022\/08\/Sem-titulo-1.jpg 937w, https:\/\/portalmf.com.br\/wp-content\/uploads\/2022\/08\/Sem-titulo-1-300x178.jpg 300w, https:\/\/portalmf.com.br\/wp-content\/uploads\/2022\/08\/Sem-titulo-1-768x455.jpg 768w, https:\/\/portalmf.com.br\/wp-content\/uploads\/2022\/08\/Sem-titulo-1-585x347.jpg 585w\" sizes=\"(max-width: 937px) 100vw, 937px\" \/><\/figure>\n\n\n\n<figure class=\"wp-block-image size-full\"><img decoding=\"async\" width=\"940\" height=\"554\" src=\"http:\/\/portalmf.com.br\/wp-content\/uploads\/2022\/08\/Sem-titulo2.jpg\" alt=\"\" class=\"wp-image-2447\" srcset=\"https:\/\/portalmf.com.br\/wp-content\/uploads\/2022\/08\/Sem-titulo2.jpg 940w, https:\/\/portalmf.com.br\/wp-content\/uploads\/2022\/08\/Sem-titulo2-300x177.jpg 300w, https:\/\/portalmf.com.br\/wp-content\/uploads\/2022\/08\/Sem-titulo2-768x453.jpg 768w, https:\/\/portalmf.com.br\/wp-content\/uploads\/2022\/08\/Sem-titulo2-585x345.jpg 585w\" sizes=\"(max-width: 940px) 100vw, 940px\" \/><\/figure>\n\n\n\n<p><strong>&nbsp;Anitta \u00e9 indicada ao VMA pela primeira vez<\/strong><\/p>\n\n\n\n<p>Recentemente, a MTV divulgou a lista completa dos indicados ao VMA, MTV Video Music Awards, e a brasileira Anitta recebeu sua primeira indica\u00e7\u00e3o \u00e0 premia\u00e7\u00e3o. Em 2021, Anitta fez sua primeira performance no VMA, com a m\u00fasica Girl From Rio, e agora, volta a premia\u00e7\u00e3o concorrendo a estatueta de \u2018Melhor Artista Latino\u2019, pelo sucesso do hit internacional, Envolver.<\/p>\n\n\n\n<p>Com informa\u00e7\u00f5es da Revista Caras<\/p>\n","protected":false},"excerpt":{"rendered":"<p>Filha do Orix\u00e1 Loguned\u00e9, a cantora Anitta (29) faz quest\u00e3o de reafirmar sua f\u00e9 e exaltar sua religi\u00e3o nas redes sociais. A artista foi clicada em uma cerim\u00f4nia no terreiro de candombl\u00e9 que frequenta em Nova Igua\u00e7u, no Rio de Janeiro. Nas fotos, publicadas pelo seu Pai de Santo, Sergio Pina, em seu perfil no [&hellip;]<\/p>\n","protected":false},"author":2,"featured_media":2448,"comment_status":"open","ping_status":"open","sticky":false,"template":"","format":"standard","meta":{"_monsterinsights_skip_tracking":false,"_monsterinsights_sitenote_active":false,"_monsterinsights_sitenote_note":"","_monsterinsights_sitenote_category":0,"footnotes":""},"categories":[47,35],"tags":[],"yoast_head":"<!-- This site is optimized with the Yoast SEO plugin v22.9 - https:\/\/yoast.com\/wordpress\/plugins\/seo\/ -->\n<title>Anitta surge em terreiro de candombl\u00e9 ao lado do irm\u00e3o e Pai de Santo ap\u00f3s passar por cirurgia - Portal MF<\/title>\n<meta name=\"robots\" content=\"index, follow, max-snippet:-1, max-image-preview:large, max-video-preview:-1\" \/>\n<link rel=\"canonical\" href=\"https:\/\/portalmf.com.br\/index.php\/2022\/08\/02\/anitta-surge-em-terreiro-de-candomble-ao-lado-do-irmao-e-pai-de-santo-apos-passar-por-cirurgia\/\" \/>\n<meta property=\"og:locale\" content=\"pt_BR\" \/>\n<meta property=\"og:type\" content=\"article\" \/>\n<meta property=\"og:title\" content=\"Anitta surge em terreiro de candombl\u00e9 ao lado do irm\u00e3o e Pai de Santo ap\u00f3s passar por cirurgia - Portal MF\" \/>\n<meta property=\"og:description\" content=\"Filha do Orix\u00e1 Loguned\u00e9, a cantora Anitta (29) faz quest\u00e3o de reafirmar sua f\u00e9 e exaltar sua religi\u00e3o nas redes sociais. A artista foi clicada em uma cerim\u00f4nia no terreiro de candombl\u00e9 que frequenta em Nova Igua\u00e7u, no Rio de Janeiro. Nas fotos, publicadas pelo seu Pai de Santo, Sergio Pina, em seu perfil no [&hellip;]\" \/>\n<meta property=\"og:url\" content=\"https:\/\/portalmf.com.br\/index.php\/2022\/08\/02\/anitta-surge-em-terreiro-de-candomble-ao-lado-do-irmao-e-pai-de-santo-apos-passar-por-cirurgia\/\" \/>\n<meta property=\"og:site_name\" content=\"Portal MF\" \/>\n<meta property=\"article:author\" content=\"reginaldojrfsa\" \/>\n<meta property=\"article:published_time\" content=\"2022-08-02T17:47:48+00:00\" \/>\n<meta property=\"article:modified_time\" content=\"2022-08-03T13:38:21+00:00\" \/>\n<meta property=\"og:image\" content=\"https:\/\/portalmf.com.br\/wp-content\/uploads\/2022\/08\/anitta-pai-de-santo-e-renan-machado_widelg-1.jpg\" \/>\n\t<meta property=\"og:image:width\" content=\"800\" \/>\n\t<meta property=\"og:image:height\" content=\"450\" \/>\n\t<meta property=\"og:image:type\" content=\"image\/jpeg\" \/>\n<meta name=\"author\" content=\"Reginaldo J\u00fanior\" \/>\n<meta name=\"twitter:card\" content=\"summary_large_image\" \/>\n<meta name=\"twitter:creator\" content=\"@reginaldojrmf\" \/>\n<meta name=\"twitter:label1\" content=\"Escrito por\" \/>\n\t<meta name=\"twitter:data1\" content=\"Reginaldo J\u00fanior\" \/>\n\t<meta name=\"twitter:label2\" content=\"Est. tempo de leitura\" \/>\n\t<meta name=\"twitter:data2\" content=\"1 minuto\" \/>\n<script type=\"application\/ld+json\" class=\"yoast-schema-graph\">{\"@context\":\"https:\/\/schema.org\",\"@graph\":[{\"@type\":\"WebPage\",\"@id\":\"https:\/\/portalmf.com.br\/index.php\/2022\/08\/02\/anitta-surge-em-terreiro-de-candomble-ao-lado-do-irmao-e-pai-de-santo-apos-passar-por-cirurgia\/\",\"url\":\"https:\/\/portalmf.com.br\/index.php\/2022\/08\/02\/anitta-surge-em-terreiro-de-candomble-ao-lado-do-irmao-e-pai-de-santo-apos-passar-por-cirurgia\/\",\"name\":\"Anitta surge em terreiro de candombl\u00e9 ao lado do irm\u00e3o e Pai de Santo ap\u00f3s passar por cirurgia - Portal MF\",\"isPartOf\":{\"@id\":\"https:\/\/portalmf.com.br\/#website\"},\"primaryImageOfPage\":{\"@id\":\"https:\/\/portalmf.com.br\/index.php\/2022\/08\/02\/anitta-surge-em-terreiro-de-candomble-ao-lado-do-irmao-e-pai-de-santo-apos-passar-por-cirurgia\/#primaryimage\"},\"image\":{\"@id\":\"https:\/\/portalmf.com.br\/index.php\/2022\/08\/02\/anitta-surge-em-terreiro-de-candomble-ao-lado-do-irmao-e-pai-de-santo-apos-passar-por-cirurgia\/#primaryimage\"},\"thumbnailUrl\":\"https:\/\/portalmf.com.br\/wp-content\/uploads\/2022\/08\/anitta-pai-de-santo-e-renan-machado_widelg-1.jpg\",\"datePublished\":\"2022-08-02T17:47:48+00:00\",\"dateModified\":\"2022-08-03T13:38:21+00:00\",\"author\":{\"@id\":\"https:\/\/portalmf.com.br\/#\/schema\/person\/11c82086fe8abc05a19147e964587285\"},\"breadcrumb\":{\"@id\":\"https:\/\/portalmf.com.br\/index.php\/2022\/08\/02\/anitta-surge-em-terreiro-de-candomble-ao-lado-do-irmao-e-pai-de-santo-apos-passar-por-cirurgia\/#breadcrumb\"},\"inLanguage\":\"pt-BR\",\"potentialAction\":[{\"@type\":\"ReadAction\",\"target\":[\"https:\/\/portalmf.com.br\/index.php\/2022\/08\/02\/anitta-surge-em-terreiro-de-candomble-ao-lado-do-irmao-e-pai-de-santo-apos-passar-por-cirurgia\/\"]}]},{\"@type\":\"ImageObject\",\"inLanguage\":\"pt-BR\",\"@id\":\"https:\/\/portalmf.com.br\/index.php\/2022\/08\/02\/anitta-surge-em-terreiro-de-candomble-ao-lado-do-irmao-e-pai-de-santo-apos-passar-por-cirurgia\/#primaryimage\",\"url\":\"https:\/\/portalmf.com.br\/wp-content\/uploads\/2022\/08\/anitta-pai-de-santo-e-renan-machado_widelg-1.jpg\",\"contentUrl\":\"https:\/\/portalmf.com.br\/wp-content\/uploads\/2022\/08\/anitta-pai-de-santo-e-renan-machado_widelg-1.jpg\",\"width\":800,\"height\":450},{\"@type\":\"BreadcrumbList\",\"@id\":\"https:\/\/portalmf.com.br\/index.php\/2022\/08\/02\/anitta-surge-em-terreiro-de-candomble-ao-lado-do-irmao-e-pai-de-santo-apos-passar-por-cirurgia\/#breadcrumb\",\"itemListElement\":[{\"@type\":\"ListItem\",\"position\":1,\"name\":\"In\u00edcio\",\"item\":\"https:\/\/portalmf.com.br\/\"},{\"@type\":\"ListItem\",\"position\":2,\"name\":\"Anitta surge em terreiro de candombl\u00e9 ao lado do irm\u00e3o e Pai de Santo ap\u00f3s passar por cirurgia\"}]},{\"@type\":\"WebSite\",\"@id\":\"https:\/\/portalmf.com.br\/#website\",\"url\":\"https:\/\/portalmf.com.br\/\",\"name\":\"Portal MF\",\"description\":\"Voc\u00ea conectado com a informa\u00e7\u00e3o\",\"potentialAction\":[{\"@type\":\"SearchAction\",\"target\":{\"@type\":\"EntryPoint\",\"urlTemplate\":\"https:\/\/portalmf.com.br\/?s={search_term_string}\"},\"query-input\":\"required name=search_term_string\"}],\"inLanguage\":\"pt-BR\"},{\"@type\":\"Person\",\"@id\":\"https:\/\/portalmf.com.br\/#\/schema\/person\/11c82086fe8abc05a19147e964587285\",\"name\":\"Reginaldo J\u00fanior\",\"image\":{\"@type\":\"ImageObject\",\"inLanguage\":\"pt-BR\",\"@id\":\"https:\/\/portalmf.com.br\/#\/schema\/person\/image\/\",\"url\":\"https:\/\/secure.gravatar.com\/avatar\/32a3c797cd0ac47cc53b8644c62776f9?s=96&d=mm&r=g\",\"contentUrl\":\"https:\/\/secure.gravatar.com\/avatar\/32a3c797cd0ac47cc53b8644c62776f9?s=96&d=mm&r=g\",\"caption\":\"Reginaldo J\u00fanior\"},\"description\":\"Jornalista e idealizador Portal MF\",\"sameAs\":[\"https:\/\/portalmf.com.br\/index.php\/author\/reginaldojr\/\",\"reginaldojrfsa\",\"reginaldojuniormf\",\"https:\/\/x.com\/reginaldojrmf\"],\"url\":\"https:\/\/portalmf.com.br\/index.php\/author\/reginaldojr\/\"}]}<\/script>\n<!-- \/ Yoast SEO plugin. -->","yoast_head_json":{"title":"Anitta surge em terreiro de candombl\u00e9 ao lado do irm\u00e3o e Pai de Santo ap\u00f3s passar por cirurgia - Portal MF","robots":{"index":"index","follow":"follow","max-snippet":"max-snippet:-1","max-image-preview":"max-image-preview:large","max-video-preview":"max-video-preview:-1"},"canonical":"https:\/\/portalmf.com.br\/index.php\/2022\/08\/02\/anitta-surge-em-terreiro-de-candomble-ao-lado-do-irmao-e-pai-de-santo-apos-passar-por-cirurgia\/","og_locale":"pt_BR","og_type":"article","og_title":"Anitta surge em terreiro de candombl\u00e9 ao lado do irm\u00e3o e Pai de Santo ap\u00f3s passar por cirurgia - Portal MF","og_description":"Filha do Orix\u00e1 Loguned\u00e9, a cantora Anitta (29) faz quest\u00e3o de reafirmar sua f\u00e9 e exaltar sua religi\u00e3o nas redes sociais. A artista foi clicada em uma cerim\u00f4nia no terreiro de candombl\u00e9 que frequenta em Nova Igua\u00e7u, no Rio de Janeiro. Nas fotos, publicadas pelo seu Pai de Santo, Sergio Pina, em seu perfil no [&hellip;]","og_url":"https:\/\/portalmf.com.br\/index.php\/2022\/08\/02\/anitta-surge-em-terreiro-de-candomble-ao-lado-do-irmao-e-pai-de-santo-apos-passar-por-cirurgia\/","og_site_name":"Portal MF","article_author":"reginaldojrfsa","article_published_time":"2022-08-02T17:47:48+00:00","article_modified_time":"2022-08-03T13:38:21+00:00","og_image":[{"width":800,"height":450,"url":"https:\/\/portalmf.com.br\/wp-content\/uploads\/2022\/08\/anitta-pai-de-santo-e-renan-machado_widelg-1.jpg","type":"image\/jpeg"}],"author":"Reginaldo J\u00fanior","twitter_card":"summary_large_image","twitter_creator":"@reginaldojrmf","twitter_misc":{"Escrito por":"Reginaldo J\u00fanior","Est. tempo de leitura":"1 minuto"},"schema":{"@context":"https:\/\/schema.org","@graph":[{"@type":"WebPage","@id":"https:\/\/portalmf.com.br\/index.php\/2022\/08\/02\/anitta-surge-em-terreiro-de-candomble-ao-lado-do-irmao-e-pai-de-santo-apos-passar-por-cirurgia\/","url":"https:\/\/portalmf.com.br\/index.php\/2022\/08\/02\/anitta-surge-em-terreiro-de-candomble-ao-lado-do-irmao-e-pai-de-santo-apos-passar-por-cirurgia\/","name":"Anitta surge em terreiro de candombl\u00e9 ao lado do irm\u00e3o e Pai de Santo ap\u00f3s passar por cirurgia - Portal MF","isPartOf":{"@id":"https:\/\/portalmf.com.br\/#website"},"primaryImageOfPage":{"@id":"https:\/\/portalmf.com.br\/index.php\/2022\/08\/02\/anitta-surge-em-terreiro-de-candomble-ao-lado-do-irmao-e-pai-de-santo-apos-passar-por-cirurgia\/#primaryimage"},"image":{"@id":"https:\/\/portalmf.com.br\/index.php\/2022\/08\/02\/anitta-surge-em-terreiro-de-candomble-ao-lado-do-irmao-e-pai-de-santo-apos-passar-por-cirurgia\/#primaryimage"},"thumbnailUrl":"https:\/\/portalmf.com.br\/wp-content\/uploads\/2022\/08\/anitta-pai-de-santo-e-renan-machado_widelg-1.jpg","datePublished":"2022-08-02T17:47:48+00:00","dateModified":"2022-08-03T13:38:21+00:00","author":{"@id":"https:\/\/portalmf.com.br\/#\/schema\/person\/11c82086fe8abc05a19147e964587285"},"breadcrumb":{"@id":"https:\/\/portalmf.com.br\/index.php\/2022\/08\/02\/anitta-surge-em-terreiro-de-candomble-ao-lado-do-irmao-e-pai-de-santo-apos-passar-por-cirurgia\/#breadcrumb"},"inLanguage":"pt-BR","potentialAction":[{"@type":"ReadAction","target":["https:\/\/portalmf.com.br\/index.php\/2022\/08\/02\/anitta-surge-em-terreiro-de-candomble-ao-lado-do-irmao-e-pai-de-santo-apos-passar-por-cirurgia\/"]}]},{"@type":"ImageObject","inLanguage":"pt-BR","@id":"https:\/\/portalmf.com.br\/index.php\/2022\/08\/02\/anitta-surge-em-terreiro-de-candomble-ao-lado-do-irmao-e-pai-de-santo-apos-passar-por-cirurgia\/#primaryimage","url":"https:\/\/portalmf.com.br\/wp-content\/uploads\/2022\/08\/anitta-pai-de-santo-e-renan-machado_widelg-1.jpg","contentUrl":"https:\/\/portalmf.com.br\/wp-content\/uploads\/2022\/08\/anitta-pai-de-santo-e-renan-machado_widelg-1.jpg","width":800,"height":450},{"@type":"BreadcrumbList","@id":"https:\/\/portalmf.com.br\/index.php\/2022\/08\/02\/anitta-surge-em-terreiro-de-candomble-ao-lado-do-irmao-e-pai-de-santo-apos-passar-por-cirurgia\/#breadcrumb","itemListElement":[{"@type":"ListItem","position":1,"name":"In\u00edcio","item":"https:\/\/portalmf.com.br\/"},{"@type":"ListItem","position":2,"name":"Anitta surge em terreiro de candombl\u00e9 ao lado do irm\u00e3o e Pai de Santo ap\u00f3s passar por cirurgia"}]},{"@type":"WebSite","@id":"https:\/\/portalmf.com.br\/#website","url":"https:\/\/portalmf.com.br\/","name":"Portal MF","description":"Voc\u00ea conectado com a informa\u00e7\u00e3o","potentialAction":[{"@type":"SearchAction","target":{"@type":"EntryPoint","urlTemplate":"https:\/\/portalmf.com.br\/?s={search_term_string}"},"query-input":"required name=search_term_string"}],"inLanguage":"pt-BR"},{"@type":"Person","@id":"https:\/\/portalmf.com.br\/#\/schema\/person\/11c82086fe8abc05a19147e964587285","name":"Reginaldo J\u00fanior","image":{"@type":"ImageObject","inLanguage":"pt-BR","@id":"https:\/\/portalmf.com.br\/#\/schema\/person\/image\/","url":"https:\/\/secure.gravatar.com\/avatar\/32a3c797cd0ac47cc53b8644c62776f9?s=96&d=mm&r=g","contentUrl":"https:\/\/secure.gravatar.com\/avatar\/32a3c797cd0ac47cc53b8644c62776f9?s=96&d=mm&r=g","caption":"Reginaldo J\u00fanior"},"description":"Jornalista e idealizador Portal MF","sameAs":["https:\/\/portalmf.com.br\/index.php\/author\/reginaldojr\/","reginaldojrfsa","reginaldojuniormf","https:\/\/x.com\/reginaldojrmf"],"url":"https:\/\/portalmf.com.br\/index.php\/author\/reginaldojr\/"}]}},"_links":{"self":[{"href":"https:\/\/portalmf.com.br\/index.php\/wp-json\/wp\/v2\/posts\/2443"}],"collection":[{"href":"https:\/\/portalmf.com.br\/index.php\/wp-json\/wp\/v2\/posts"}],"about":[{"href":"https:\/\/portalmf.com.br\/index.php\/wp-json\/wp\/v2\/types\/post"}],"author":[{"embeddable":true,"href":"https:\/\/portalmf.com.br\/index.php\/wp-json\/wp\/v2\/users\/2"}],"replies":[{"embeddable":true,"href":"https:\/\/portalmf.com.br\/index.php\/wp-json\/wp\/v2\/comments?post=2443"}],"version-history":[{"count":2,"href":"https:\/\/portalmf.com.br\/index.php\/wp-json\/wp\/v2\/posts\/2443\/revisions"}],"predecessor-version":[{"id":2487,"href":"https:\/\/portalmf.com.br\/index.php\/wp-json\/wp\/v2\/posts\/2443\/revisions\/2487"}],"wp:featuredmedia":[{"embeddable":true,"href":"https:\/\/portalmf.com.br\/index.php\/wp-json\/wp\/v2\/media\/2448"}],"wp:attachment":[{"href":"https:\/\/portalmf.com.br\/index.php\/wp-json\/wp\/v2\/media?parent=2443"}],"wp:term":[{"taxonomy":"category","embeddable":true,"href":"https:\/\/portalmf.com.br\/index.php\/wp-json\/wp\/v2\/categories?post=2443"},{"taxonomy":"post_tag","embeddable":true,"href":"https:\/\/portalmf.com.br\/index.php\/wp-json\/wp\/v2\/tags?post=2443"}],"curies":[{"name":"wp","href":"https:\/\/api.w.org\/{rel}","templated":true}]}}