{"id":24419,"date":"2024-03-04T13:53:00","date_gmt":"2024-03-04T16:53:00","guid":{"rendered":"https:\/\/portalmf.com.br\/?p=24419"},"modified":"2024-03-04T15:56:06","modified_gmt":"2024-03-04T18:56:06","slug":"governo-do-estado-convoca-mercado-de-comunicacao-para-se-unir-no-combate-a-dengue","status":"publish","type":"post","link":"https:\/\/portalmf.com.br\/index.php\/2024\/03\/04\/governo-do-estado-convoca-mercado-de-comunicacao-para-se-unir-no-combate-a-dengue\/","title":{"rendered":"Governo do Estado convoca mercado de comunica\u00e7\u00e3o para se unir no combate \u00e0 dengue"},"content":{"rendered":"\n<p>O Governo do Estado, atrav\u00e9s da Secretaria de Comunica\u00e7\u00e3o Social (Secom), convocou as diversas entidades do setor para alinhar a\u00e7\u00f5es de combate \u00e0 dengue. A reuni\u00e3o aconteceu na sede do \u00f3rg\u00e3o, no Centro Administrativo da Bahia (CAB), na manh\u00e3 desta segunda-feira (4), com o objetivo de apresentar a campanha que j\u00e1 est\u00e1 sendo realizada pela gest\u00e3o estadual e propor que o mercado publicit\u00e1rio, associa\u00e7\u00f5es de r\u00e1dio e TV, r\u00e1dios comunit\u00e1rias, sindicatos, empresas p\u00fablicas e privadas se unam contra a doen\u00e7a, que alcan\u00e7ou n\u00edveis epid\u00eamicos em diversas cidades brasileiras.<\/p>\n\n\n\n<p><em>\u201cN\u00f3s convidamos representantes do mercado de comunica\u00e7\u00e3o para que a gente apresentasse a nossa campanha de combate \u00e0 dengue e acho que conseguimos sensibilizar os l\u00edderes do setor, para ampliar a campanha e dar o fortalecimento que \u00e9 necess\u00e1rio para o combate a doen\u00e7a. A dengue mata e agindo em conjunto podemos avan\u00e7ar. O governo estadual tem que estar de m\u00e3os dadas com a iniciativa privada, com os gestores dos munic\u00edpios, com as esferas federais para que a gente tenha uma campanha forte, uma campanha de conscientiza\u00e7\u00e3o e consiga vencer o mosquito\u201d<\/em>, destacou o secret\u00e1rio de comunica\u00e7\u00e3o, Andr\u00e9 Curvello, que conduziu a reuni\u00e3o.<\/p>\n\n\n\n<p>Ainda de acordo com titular da Secom, os agentes de comunica\u00e7\u00e3o deixaram alinhado que v\u00e3o assinar uma campanha com diversas entidades, al\u00e9m de maximizar a campanha do Governo do Estado. <em>\u201cO objetivo \u00e9 um s\u00f3: ficarmos fortalecidos para poder enfrentar o mosquito\u201d,<\/em> completou.<\/p>\n\n\n\n<figure class=\"wp-block-image size-full\"><img fetchpriority=\"high\" decoding=\"async\" width=\"900\" height=\"600\" src=\"https:\/\/portalmf.com.br\/wp-content\/uploads\/2024\/03\/image-4.png\" alt=\"\" class=\"wp-image-24420\" srcset=\"https:\/\/portalmf.com.br\/wp-content\/uploads\/2024\/03\/image-4.png 900w, https:\/\/portalmf.com.br\/wp-content\/uploads\/2024\/03\/image-4-300x200.png 300w, https:\/\/portalmf.com.br\/wp-content\/uploads\/2024\/03\/image-4-768x512.png 768w, https:\/\/portalmf.com.br\/wp-content\/uploads\/2024\/03\/image-4-696x464.png 696w\" sizes=\"(max-width: 900px) 100vw, 900px\" \/><figcaption class=\"wp-element-caption\"><em>Foto: Mateus Pereira\/GOVBA<\/em><\/figcaption><\/figure>\n\n\n\n<p>Estiveram presentes representantes do Sindicato das Ag\u00eancias de Propaganda (Sinapro-Bahia); Associa\u00e7\u00e3o Brasileira das Ag\u00eancias de Publicidade (Abap-Bahia); Sindicato das Empresas de Publicidade Exteriores (Sepex\u2013BA); Tempo Propaganda, Associa\u00e7\u00e3o Baiana do Mercado Publicit\u00e1rio (ABMP); Associa\u00e7\u00e3o Brasileira das R\u00e1dios Comunit\u00e1rias (Abra\u00e7o-BA); Associa\u00e7\u00e3o Baiana de Empresas de R\u00e1dio e Televis\u00e3o (Abart); Rede Baiana de R\u00e1dio (RBR) e Sindicato dos Jornalistas da Bahia (Sinjorba). A Secretaria Estadual da Sa\u00fade (Sesab) tamb\u00e9m participou do encontro.<\/p>\n\n\n\n<p>Para Am\u00e9rico Neto, presidente da Abap, a reuni\u00e3o foi important\u00edssima para unir for\u00e7as contra a doen\u00e7a. <em>\u201cA gente estabeleceu um plano de a\u00e7\u00e3o onde vamos criar uma campanha paralela, para a gente somar essa que j\u00e1 existe. Ent\u00e3o, teremos duas iniciativas, campanhas assinadas por cidades, por lideran\u00e7as de cada local\u201d,<\/em> explicou.<\/p>\n\n\n\n<p>J\u00e1 Sandro Lima, da Abra\u00e7o, destacou a import\u00e2ncia das r\u00e1dios comunit\u00e1rias no combate \u00e0 dengue. <em>\u201cS\u00e3o quase 400 r\u00e1dios na Bahia, quase todos os 417 munic\u00edpios t\u00eam uma emissora de radiodifus\u00e3o comunit\u00e1ria. Dentro do setor, existem v\u00e1rios segmentos da sociedade civil inseridos neles. Associa\u00e7\u00f5es de bairros, associa\u00e7\u00f5es esportivas, educa\u00e7\u00e3o, de moradores da zona rural. Ent\u00e3o, nesse contexto, a gente consegue dialogar com todas essas bases e o trabalho, na verdade, j\u00e1 est\u00e1 acontecendo\u201d,<\/em> destacou Sandro.<\/p>\n","protected":false},"excerpt":{"rendered":"<p>O Governo do Estado, atrav\u00e9s da Secretaria de Comunica\u00e7\u00e3o Social (Secom), convocou as diversas entidades do setor para alinhar a\u00e7\u00f5es de combate \u00e0 dengue. A reuni\u00e3o aconteceu na sede do \u00f3rg\u00e3o, no Centro Administrativo da Bahia (CAB), na manh\u00e3 desta segunda-feira (4), com o objetivo de apresentar a campanha que j\u00e1 est\u00e1 sendo realizada pela [&hellip;]<\/p>\n","protected":false},"author":3,"featured_media":24421,"comment_status":"open","ping_status":"open","sticky":false,"template":"","format":"standard","meta":{"_monsterinsights_skip_tracking":false,"_monsterinsights_sitenote_active":false,"_monsterinsights_sitenote_note":"","_monsterinsights_sitenote_category":0,"footnotes":""},"categories":[34],"tags":[],"yoast_head":"<!-- This site is optimized with the Yoast SEO plugin v22.9 - https:\/\/yoast.com\/wordpress\/plugins\/seo\/ -->\n<title>Governo do Estado convoca mercado de comunica\u00e7\u00e3o para se unir no combate \u00e0 dengue - Portal MF<\/title>\n<meta name=\"robots\" content=\"index, follow, max-snippet:-1, max-image-preview:large, max-video-preview:-1\" \/>\n<link rel=\"canonical\" href=\"https:\/\/portalmf.com.br\/index.php\/2024\/03\/04\/governo-do-estado-convoca-mercado-de-comunicacao-para-se-unir-no-combate-a-dengue\/\" \/>\n<meta property=\"og:locale\" content=\"pt_BR\" \/>\n<meta property=\"og:type\" content=\"article\" \/>\n<meta property=\"og:title\" content=\"Governo do Estado convoca mercado de comunica\u00e7\u00e3o para se unir no combate \u00e0 dengue - Portal MF\" \/>\n<meta property=\"og:description\" content=\"O Governo do Estado, atrav\u00e9s da Secretaria de Comunica\u00e7\u00e3o Social (Secom), convocou as diversas entidades do setor para alinhar a\u00e7\u00f5es de combate \u00e0 dengue. A reuni\u00e3o aconteceu na sede do \u00f3rg\u00e3o, no Centro Administrativo da Bahia (CAB), na manh\u00e3 desta segunda-feira (4), com o objetivo de apresentar a campanha que j\u00e1 est\u00e1 sendo realizada pela [&hellip;]\" \/>\n<meta property=\"og:url\" content=\"https:\/\/portalmf.com.br\/index.php\/2024\/03\/04\/governo-do-estado-convoca-mercado-de-comunicacao-para-se-unir-no-combate-a-dengue\/\" \/>\n<meta property=\"og:site_name\" content=\"Portal MF\" \/>\n<meta property=\"article:author\" content=\"https:\/\/www.facebook.com\/portalmfoficial\" \/>\n<meta property=\"article:published_time\" content=\"2024-03-04T16:53:00+00:00\" \/>\n<meta property=\"article:modified_time\" content=\"2024-03-04T18:56:06+00:00\" \/>\n<meta property=\"og:image\" content=\"https:\/\/portalmf.com.br\/wp-content\/uploads\/2024\/03\/Fotos-Mateus-PereiraGOVBA-1-696x470-1.jpg\" \/>\n\t<meta property=\"og:image:width\" content=\"696\" \/>\n\t<meta property=\"og:image:height\" content=\"470\" \/>\n\t<meta property=\"og:image:type\" content=\"image\/jpeg\" \/>\n<meta name=\"author\" content=\"Reda\u00e7\u00e3o Portal MF\" \/>\n<meta name=\"twitter:card\" content=\"summary_large_image\" \/>\n<meta name=\"twitter:creator\" content=\"@https:\/\/x.com\/portalmfoficial\" \/>\n<meta name=\"twitter:label1\" content=\"Escrito por\" \/>\n\t<meta name=\"twitter:data1\" content=\"Reda\u00e7\u00e3o Portal MF\" \/>\n\t<meta name=\"twitter:label2\" content=\"Est. tempo de leitura\" \/>\n\t<meta name=\"twitter:data2\" content=\"3 minutos\" \/>\n<script type=\"application\/ld+json\" class=\"yoast-schema-graph\">{\"@context\":\"https:\/\/schema.org\",\"@graph\":[{\"@type\":\"WebPage\",\"@id\":\"https:\/\/portalmf.com.br\/index.php\/2024\/03\/04\/governo-do-estado-convoca-mercado-de-comunicacao-para-se-unir-no-combate-a-dengue\/\",\"url\":\"https:\/\/portalmf.com.br\/index.php\/2024\/03\/04\/governo-do-estado-convoca-mercado-de-comunicacao-para-se-unir-no-combate-a-dengue\/\",\"name\":\"Governo do Estado convoca mercado de comunica\u00e7\u00e3o para se unir no combate \u00e0 dengue - Portal MF\",\"isPartOf\":{\"@id\":\"https:\/\/portalmf.com.br\/#website\"},\"primaryImageOfPage\":{\"@id\":\"https:\/\/portalmf.com.br\/index.php\/2024\/03\/04\/governo-do-estado-convoca-mercado-de-comunicacao-para-se-unir-no-combate-a-dengue\/#primaryimage\"},\"image\":{\"@id\":\"https:\/\/portalmf.com.br\/index.php\/2024\/03\/04\/governo-do-estado-convoca-mercado-de-comunicacao-para-se-unir-no-combate-a-dengue\/#primaryimage\"},\"thumbnailUrl\":\"https:\/\/portalmf.com.br\/wp-content\/uploads\/2024\/03\/Fotos-Mateus-PereiraGOVBA-1-696x470-1.jpg\",\"datePublished\":\"2024-03-04T16:53:00+00:00\",\"dateModified\":\"2024-03-04T18:56:06+00:00\",\"author\":{\"@id\":\"https:\/\/portalmf.com.br\/#\/schema\/person\/9ec101baf56233e53520c26de5d6f6f0\"},\"breadcrumb\":{\"@id\":\"https:\/\/portalmf.com.br\/index.php\/2024\/03\/04\/governo-do-estado-convoca-mercado-de-comunicacao-para-se-unir-no-combate-a-dengue\/#breadcrumb\"},\"inLanguage\":\"pt-BR\",\"potentialAction\":[{\"@type\":\"ReadAction\",\"target\":[\"https:\/\/portalmf.com.br\/index.php\/2024\/03\/04\/governo-do-estado-convoca-mercado-de-comunicacao-para-se-unir-no-combate-a-dengue\/\"]}]},{\"@type\":\"ImageObject\",\"inLanguage\":\"pt-BR\",\"@id\":\"https:\/\/portalmf.com.br\/index.php\/2024\/03\/04\/governo-do-estado-convoca-mercado-de-comunicacao-para-se-unir-no-combate-a-dengue\/#primaryimage\",\"url\":\"https:\/\/portalmf.com.br\/wp-content\/uploads\/2024\/03\/Fotos-Mateus-PereiraGOVBA-1-696x470-1.jpg\",\"contentUrl\":\"https:\/\/portalmf.com.br\/wp-content\/uploads\/2024\/03\/Fotos-Mateus-PereiraGOVBA-1-696x470-1.jpg\",\"width\":696,\"height\":470},{\"@type\":\"BreadcrumbList\",\"@id\":\"https:\/\/portalmf.com.br\/index.php\/2024\/03\/04\/governo-do-estado-convoca-mercado-de-comunicacao-para-se-unir-no-combate-a-dengue\/#breadcrumb\",\"itemListElement\":[{\"@type\":\"ListItem\",\"position\":1,\"name\":\"In\u00edcio\",\"item\":\"https:\/\/portalmf.com.br\/\"},{\"@type\":\"ListItem\",\"position\":2,\"name\":\"Governo do Estado convoca mercado de comunica\u00e7\u00e3o para se unir no combate \u00e0 dengue\"}]},{\"@type\":\"WebSite\",\"@id\":\"https:\/\/portalmf.com.br\/#website\",\"url\":\"https:\/\/portalmf.com.br\/\",\"name\":\"Portal MF\",\"description\":\"Voc\u00ea conectado com a informa\u00e7\u00e3o\",\"potentialAction\":[{\"@type\":\"SearchAction\",\"target\":{\"@type\":\"EntryPoint\",\"urlTemplate\":\"https:\/\/portalmf.com.br\/?s={search_term_string}\"},\"query-input\":\"required name=search_term_string\"}],\"inLanguage\":\"pt-BR\"},{\"@type\":\"Person\",\"@id\":\"https:\/\/portalmf.com.br\/#\/schema\/person\/9ec101baf56233e53520c26de5d6f6f0\",\"name\":\"Reda\u00e7\u00e3o Portal MF\",\"image\":{\"@type\":\"ImageObject\",\"inLanguage\":\"pt-BR\",\"@id\":\"https:\/\/portalmf.com.br\/#\/schema\/person\/image\/\",\"url\":\"https:\/\/secure.gravatar.com\/avatar\/41b9aaeb2100835f7c64362330f74c7f?s=96&d=mm&r=g\",\"contentUrl\":\"https:\/\/secure.gravatar.com\/avatar\/41b9aaeb2100835f7c64362330f74c7f?s=96&d=mm&r=g\",\"caption\":\"Reda\u00e7\u00e3o Portal MF\"},\"description\":\"Sejam bem-vindos o portal de informa\u00e7\u00f5es de entretenimento de Feira de Santana, desde 2006 realiza coberturas dos principais eventos com entrevistas exclusivas com as principais personalidades mundiais. Fique conectado tamb\u00e9m nas redes sociais.\",\"sameAs\":[\"http:\/\/www.portalmf.com.br\/\",\"https:\/\/www.facebook.com\/portalmfoficial\",\"https:\/\/www.instagram.com\/portalmf\/\",\"https:\/\/x.com\/https:\/\/x.com\/portalmfoficial\",\"https:\/\/www.youtube.com\/@portalmfoficial\"],\"url\":\"https:\/\/portalmf.com.br\/index.php\/author\/junior\/\"}]}<\/script>\n<!-- \/ Yoast SEO plugin. -->","yoast_head_json":{"title":"Governo do Estado convoca mercado de comunica\u00e7\u00e3o para se unir no combate \u00e0 dengue - Portal MF","robots":{"index":"index","follow":"follow","max-snippet":"max-snippet:-1","max-image-preview":"max-image-preview:large","max-video-preview":"max-video-preview:-1"},"canonical":"https:\/\/portalmf.com.br\/index.php\/2024\/03\/04\/governo-do-estado-convoca-mercado-de-comunicacao-para-se-unir-no-combate-a-dengue\/","og_locale":"pt_BR","og_type":"article","og_title":"Governo do Estado convoca mercado de comunica\u00e7\u00e3o para se unir no combate \u00e0 dengue - Portal MF","og_description":"O Governo do Estado, atrav\u00e9s da Secretaria de Comunica\u00e7\u00e3o Social (Secom), convocou as diversas entidades do setor para alinhar a\u00e7\u00f5es de combate \u00e0 dengue. A reuni\u00e3o aconteceu na sede do \u00f3rg\u00e3o, no Centro Administrativo da Bahia (CAB), na manh\u00e3 desta segunda-feira (4), com o objetivo de apresentar a campanha que j\u00e1 est\u00e1 sendo realizada pela [&hellip;]","og_url":"https:\/\/portalmf.com.br\/index.php\/2024\/03\/04\/governo-do-estado-convoca-mercado-de-comunicacao-para-se-unir-no-combate-a-dengue\/","og_site_name":"Portal MF","article_author":"https:\/\/www.facebook.com\/portalmfoficial","article_published_time":"2024-03-04T16:53:00+00:00","article_modified_time":"2024-03-04T18:56:06+00:00","og_image":[{"width":696,"height":470,"url":"https:\/\/portalmf.com.br\/wp-content\/uploads\/2024\/03\/Fotos-Mateus-PereiraGOVBA-1-696x470-1.jpg","type":"image\/jpeg"}],"author":"Reda\u00e7\u00e3o Portal MF","twitter_card":"summary_large_image","twitter_creator":"@https:\/\/x.com\/portalmfoficial","twitter_misc":{"Escrito por":"Reda\u00e7\u00e3o Portal MF","Est. tempo de leitura":"3 minutos"},"schema":{"@context":"https:\/\/schema.org","@graph":[{"@type":"WebPage","@id":"https:\/\/portalmf.com.br\/index.php\/2024\/03\/04\/governo-do-estado-convoca-mercado-de-comunicacao-para-se-unir-no-combate-a-dengue\/","url":"https:\/\/portalmf.com.br\/index.php\/2024\/03\/04\/governo-do-estado-convoca-mercado-de-comunicacao-para-se-unir-no-combate-a-dengue\/","name":"Governo do Estado convoca mercado de comunica\u00e7\u00e3o para se unir no combate \u00e0 dengue - Portal MF","isPartOf":{"@id":"https:\/\/portalmf.com.br\/#website"},"primaryImageOfPage":{"@id":"https:\/\/portalmf.com.br\/index.php\/2024\/03\/04\/governo-do-estado-convoca-mercado-de-comunicacao-para-se-unir-no-combate-a-dengue\/#primaryimage"},"image":{"@id":"https:\/\/portalmf.com.br\/index.php\/2024\/03\/04\/governo-do-estado-convoca-mercado-de-comunicacao-para-se-unir-no-combate-a-dengue\/#primaryimage"},"thumbnailUrl":"https:\/\/portalmf.com.br\/wp-content\/uploads\/2024\/03\/Fotos-Mateus-PereiraGOVBA-1-696x470-1.jpg","datePublished":"2024-03-04T16:53:00+00:00","dateModified":"2024-03-04T18:56:06+00:00","author":{"@id":"https:\/\/portalmf.com.br\/#\/schema\/person\/9ec101baf56233e53520c26de5d6f6f0"},"breadcrumb":{"@id":"https:\/\/portalmf.com.br\/index.php\/2024\/03\/04\/governo-do-estado-convoca-mercado-de-comunicacao-para-se-unir-no-combate-a-dengue\/#breadcrumb"},"inLanguage":"pt-BR","potentialAction":[{"@type":"ReadAction","target":["https:\/\/portalmf.com.br\/index.php\/2024\/03\/04\/governo-do-estado-convoca-mercado-de-comunicacao-para-se-unir-no-combate-a-dengue\/"]}]},{"@type":"ImageObject","inLanguage":"pt-BR","@id":"https:\/\/portalmf.com.br\/index.php\/2024\/03\/04\/governo-do-estado-convoca-mercado-de-comunicacao-para-se-unir-no-combate-a-dengue\/#primaryimage","url":"https:\/\/portalmf.com.br\/wp-content\/uploads\/2024\/03\/Fotos-Mateus-PereiraGOVBA-1-696x470-1.jpg","contentUrl":"https:\/\/portalmf.com.br\/wp-content\/uploads\/2024\/03\/Fotos-Mateus-PereiraGOVBA-1-696x470-1.jpg","width":696,"height":470},{"@type":"BreadcrumbList","@id":"https:\/\/portalmf.com.br\/index.php\/2024\/03\/04\/governo-do-estado-convoca-mercado-de-comunicacao-para-se-unir-no-combate-a-dengue\/#breadcrumb","itemListElement":[{"@type":"ListItem","position":1,"name":"In\u00edcio","item":"https:\/\/portalmf.com.br\/"},{"@type":"ListItem","position":2,"name":"Governo do Estado convoca mercado de comunica\u00e7\u00e3o para se unir no combate \u00e0 dengue"}]},{"@type":"WebSite","@id":"https:\/\/portalmf.com.br\/#website","url":"https:\/\/portalmf.com.br\/","name":"Portal MF","description":"Voc\u00ea conectado com a informa\u00e7\u00e3o","potentialAction":[{"@type":"SearchAction","target":{"@type":"EntryPoint","urlTemplate":"https:\/\/portalmf.com.br\/?s={search_term_string}"},"query-input":"required name=search_term_string"}],"inLanguage":"pt-BR"},{"@type":"Person","@id":"https:\/\/portalmf.com.br\/#\/schema\/person\/9ec101baf56233e53520c26de5d6f6f0","name":"Reda\u00e7\u00e3o Portal MF","image":{"@type":"ImageObject","inLanguage":"pt-BR","@id":"https:\/\/portalmf.com.br\/#\/schema\/person\/image\/","url":"https:\/\/secure.gravatar.com\/avatar\/41b9aaeb2100835f7c64362330f74c7f?s=96&d=mm&r=g","contentUrl":"https:\/\/secure.gravatar.com\/avatar\/41b9aaeb2100835f7c64362330f74c7f?s=96&d=mm&r=g","caption":"Reda\u00e7\u00e3o Portal MF"},"description":"Sejam bem-vindos o portal de informa\u00e7\u00f5es de entretenimento de Feira de Santana, desde 2006 realiza coberturas dos principais eventos com entrevistas exclusivas com as principais personalidades mundiais. Fique conectado tamb\u00e9m nas redes sociais.","sameAs":["http:\/\/www.portalmf.com.br\/","https:\/\/www.facebook.com\/portalmfoficial","https:\/\/www.instagram.com\/portalmf\/","https:\/\/x.com\/https:\/\/x.com\/portalmfoficial","https:\/\/www.youtube.com\/@portalmfoficial"],"url":"https:\/\/portalmf.com.br\/index.php\/author\/junior\/"}]}},"_links":{"self":[{"href":"https:\/\/portalmf.com.br\/index.php\/wp-json\/wp\/v2\/posts\/24419"}],"collection":[{"href":"https:\/\/portalmf.com.br\/index.php\/wp-json\/wp\/v2\/posts"}],"about":[{"href":"https:\/\/portalmf.com.br\/index.php\/wp-json\/wp\/v2\/types\/post"}],"author":[{"embeddable":true,"href":"https:\/\/portalmf.com.br\/index.php\/wp-json\/wp\/v2\/users\/3"}],"replies":[{"embeddable":true,"href":"https:\/\/portalmf.com.br\/index.php\/wp-json\/wp\/v2\/comments?post=24419"}],"version-history":[{"count":1,"href":"https:\/\/portalmf.com.br\/index.php\/wp-json\/wp\/v2\/posts\/24419\/revisions"}],"predecessor-version":[{"id":24422,"href":"https:\/\/portalmf.com.br\/index.php\/wp-json\/wp\/v2\/posts\/24419\/revisions\/24422"}],"wp:featuredmedia":[{"embeddable":true,"href":"https:\/\/portalmf.com.br\/index.php\/wp-json\/wp\/v2\/media\/24421"}],"wp:attachment":[{"href":"https:\/\/portalmf.com.br\/index.php\/wp-json\/wp\/v2\/media?parent=24419"}],"wp:term":[{"taxonomy":"category","embeddable":true,"href":"https:\/\/portalmf.com.br\/index.php\/wp-json\/wp\/v2\/categories?post=24419"},{"taxonomy":"post_tag","embeddable":true,"href":"https:\/\/portalmf.com.br\/index.php\/wp-json\/wp\/v2\/tags?post=24419"}],"curies":[{"name":"wp","href":"https:\/\/api.w.org\/{rel}","templated":true}]}}