{"id":24365,"date":"2024-02-29T08:22:00","date_gmt":"2024-02-29T11:22:00","guid":{"rendered":"https:\/\/portalmf.com.br\/?p=24365"},"modified":"2024-03-01T16:26:46","modified_gmt":"2024-03-01T19:26:46","slug":"vereador-cobra-repasse-do-piso-da-enfermagem-em-feira-de-santana","status":"publish","type":"post","link":"https:\/\/portalmf.com.br\/index.php\/2024\/02\/29\/vereador-cobra-repasse-do-piso-da-enfermagem-em-feira-de-santana\/","title":{"rendered":"Vereador cobra repasse do piso da enfermagem em Feira de Santana"},"content":{"rendered":"\n<p>Nesta sexta-feira (1\u00ba), o vereador Pedro Am\u00e9rico (UB), volta a cobrar da Prefeitura Municipal que realize os repasses referentes ao piso da enfermagem. O Minist\u00e9rio de Sa\u00fade j\u00e1 realizou o dep\u00f3sito, mas, os enfermeiros e enfermeiras de Feira de Santana ainda n\u00e3o receberam. Para o parlamentar, trata-se de um descaso com a classe.<\/p>\n\n\n\n<p><em>\u201cFeira de Santana j\u00e1 recebeu mais de 22 milh\u00f5es de reais para repassar aos profissionais da enfermagem e mesmo assim, a maioria absoluta espera a mais de 8 meses e nada. Se o dinheiro j\u00e1 est\u00e1 na conta da prefeitura, porque ainda n\u00e3o est\u00e1 na conta dos verdadeiros donos?\u201d, <\/em>questiona Pedro Am\u00e9rico.<\/p>\n\n\n\n<p>Esta n\u00e3o \u00e9 a primeira vez que o parlamentar trata do assunto. J\u00e1 foram realizados diversos contatos com a secretaria de sa\u00fade, procuradoria geral do munic\u00edpio e outros membros do governo municipal. Em novembro do ano passado, o vereador esteve reunido com a secret\u00e1ria de sa\u00fade do munic\u00edpio, buscando entender a real situa\u00e7\u00e3o. \u201cFoi sinalizado que o valor de janeiro seria repassado aos servidores ainda em fevereiro, levando em conta que entrou na conta da prefeitura no dia 26 de janeiro, mas, at\u00e9 o momento, a maioria ainda n\u00e3o recebeu\u201d, constata Am\u00e9rico.<\/p>\n\n\n\n<p>A discuss\u00e3o sobre o piso salarial da enfermagem est\u00e1 em pauta no Brasil h\u00e1 anos. Em 4 de agosto de 2022, a lei n.\u00b0 14.434 estabeleceu um valor m\u00ednimo de sal\u00e1rio para enfermeiras, t\u00e9cnicas em enfermagem, auxiliares de enfermagem e parteiras em todo o pa\u00eds. Posteriormente, a Emenda Constitucional n.\u00b0 127\/2022 determinou que caberia \u00e0 Uni\u00e3o prestar assist\u00eancia financeira complementar aos estados, munic\u00edpios, Distrito Federal e entidades filantr\u00f3picas.<\/p>\n","protected":false},"excerpt":{"rendered":"<p>Nesta sexta-feira (1\u00ba), o vereador Pedro Am\u00e9rico (UB), volta a cobrar da Prefeitura Municipal que realize os repasses referentes ao piso da enfermagem. O Minist\u00e9rio de Sa\u00fade j\u00e1 realizou o dep\u00f3sito, mas, os enfermeiros e enfermeiras de Feira de Santana ainda n\u00e3o receberam. Para o parlamentar, trata-se de um descaso com a classe. \u201cFeira de [&hellip;]<\/p>\n","protected":false},"author":3,"featured_media":24366,"comment_status":"open","ping_status":"open","sticky":false,"template":"","format":"standard","meta":{"_monsterinsights_skip_tracking":false,"_monsterinsights_sitenote_active":false,"_monsterinsights_sitenote_note":"","_monsterinsights_sitenote_category":0,"footnotes":""},"categories":[34],"tags":[],"yoast_head":"<!-- This site is optimized with the Yoast SEO plugin v22.9 - https:\/\/yoast.com\/wordpress\/plugins\/seo\/ -->\n<title>Vereador cobra repasse do piso da enfermagem em Feira de Santana - Portal MF<\/title>\n<meta name=\"robots\" content=\"index, follow, max-snippet:-1, max-image-preview:large, max-video-preview:-1\" \/>\n<link rel=\"canonical\" href=\"https:\/\/portalmf.com.br\/index.php\/2024\/02\/29\/vereador-cobra-repasse-do-piso-da-enfermagem-em-feira-de-santana\/\" \/>\n<meta property=\"og:locale\" content=\"pt_BR\" \/>\n<meta property=\"og:type\" content=\"article\" \/>\n<meta property=\"og:title\" content=\"Vereador cobra repasse do piso da enfermagem em Feira de Santana - Portal MF\" \/>\n<meta property=\"og:description\" content=\"Nesta sexta-feira (1\u00ba), o vereador Pedro Am\u00e9rico (UB), volta a cobrar da Prefeitura Municipal que realize os repasses referentes ao piso da enfermagem. O Minist\u00e9rio de Sa\u00fade j\u00e1 realizou o dep\u00f3sito, mas, os enfermeiros e enfermeiras de Feira de Santana ainda n\u00e3o receberam. Para o parlamentar, trata-se de um descaso com a classe. \u201cFeira de [&hellip;]\" \/>\n<meta property=\"og:url\" content=\"https:\/\/portalmf.com.br\/index.php\/2024\/02\/29\/vereador-cobra-repasse-do-piso-da-enfermagem-em-feira-de-santana\/\" \/>\n<meta property=\"og:site_name\" content=\"Portal MF\" \/>\n<meta property=\"article:author\" content=\"https:\/\/www.facebook.com\/portalmfoficial\" \/>\n<meta property=\"article:published_time\" content=\"2024-02-29T11:22:00+00:00\" \/>\n<meta property=\"article:modified_time\" content=\"2024-03-01T19:26:46+00:00\" \/>\n<meta property=\"og:image\" content=\"https:\/\/portalmf.com.br\/wp-content\/uploads\/2024\/03\/Vereador-Pedro-Americo.jpeg\" \/>\n\t<meta property=\"og:image:width\" content=\"496\" \/>\n\t<meta property=\"og:image:height\" content=\"315\" \/>\n\t<meta property=\"og:image:type\" content=\"image\/jpeg\" \/>\n<meta name=\"author\" content=\"Reda\u00e7\u00e3o Portal MF\" \/>\n<meta name=\"twitter:card\" content=\"summary_large_image\" \/>\n<meta name=\"twitter:creator\" content=\"@https:\/\/x.com\/portalmfoficial\" \/>\n<meta name=\"twitter:label1\" content=\"Escrito por\" \/>\n\t<meta name=\"twitter:data1\" content=\"Reda\u00e7\u00e3o Portal MF\" \/>\n\t<meta name=\"twitter:label2\" content=\"Est. tempo de leitura\" \/>\n\t<meta name=\"twitter:data2\" content=\"2 minutos\" \/>\n<script type=\"application\/ld+json\" class=\"yoast-schema-graph\">{\"@context\":\"https:\/\/schema.org\",\"@graph\":[{\"@type\":\"WebPage\",\"@id\":\"https:\/\/portalmf.com.br\/index.php\/2024\/02\/29\/vereador-cobra-repasse-do-piso-da-enfermagem-em-feira-de-santana\/\",\"url\":\"https:\/\/portalmf.com.br\/index.php\/2024\/02\/29\/vereador-cobra-repasse-do-piso-da-enfermagem-em-feira-de-santana\/\",\"name\":\"Vereador cobra repasse do piso da enfermagem em Feira de Santana - Portal MF\",\"isPartOf\":{\"@id\":\"https:\/\/portalmf.com.br\/#website\"},\"primaryImageOfPage\":{\"@id\":\"https:\/\/portalmf.com.br\/index.php\/2024\/02\/29\/vereador-cobra-repasse-do-piso-da-enfermagem-em-feira-de-santana\/#primaryimage\"},\"image\":{\"@id\":\"https:\/\/portalmf.com.br\/index.php\/2024\/02\/29\/vereador-cobra-repasse-do-piso-da-enfermagem-em-feira-de-santana\/#primaryimage\"},\"thumbnailUrl\":\"https:\/\/portalmf.com.br\/wp-content\/uploads\/2024\/03\/Vereador-Pedro-Americo.jpeg\",\"datePublished\":\"2024-02-29T11:22:00+00:00\",\"dateModified\":\"2024-03-01T19:26:46+00:00\",\"author\":{\"@id\":\"https:\/\/portalmf.com.br\/#\/schema\/person\/9ec101baf56233e53520c26de5d6f6f0\"},\"breadcrumb\":{\"@id\":\"https:\/\/portalmf.com.br\/index.php\/2024\/02\/29\/vereador-cobra-repasse-do-piso-da-enfermagem-em-feira-de-santana\/#breadcrumb\"},\"inLanguage\":\"pt-BR\",\"potentialAction\":[{\"@type\":\"ReadAction\",\"target\":[\"https:\/\/portalmf.com.br\/index.php\/2024\/02\/29\/vereador-cobra-repasse-do-piso-da-enfermagem-em-feira-de-santana\/\"]}]},{\"@type\":\"ImageObject\",\"inLanguage\":\"pt-BR\",\"@id\":\"https:\/\/portalmf.com.br\/index.php\/2024\/02\/29\/vereador-cobra-repasse-do-piso-da-enfermagem-em-feira-de-santana\/#primaryimage\",\"url\":\"https:\/\/portalmf.com.br\/wp-content\/uploads\/2024\/03\/Vereador-Pedro-Americo.jpeg\",\"contentUrl\":\"https:\/\/portalmf.com.br\/wp-content\/uploads\/2024\/03\/Vereador-Pedro-Americo.jpeg\",\"width\":496,\"height\":315},{\"@type\":\"BreadcrumbList\",\"@id\":\"https:\/\/portalmf.com.br\/index.php\/2024\/02\/29\/vereador-cobra-repasse-do-piso-da-enfermagem-em-feira-de-santana\/#breadcrumb\",\"itemListElement\":[{\"@type\":\"ListItem\",\"position\":1,\"name\":\"In\u00edcio\",\"item\":\"https:\/\/portalmf.com.br\/\"},{\"@type\":\"ListItem\",\"position\":2,\"name\":\"Vereador cobra repasse do piso da enfermagem em Feira de Santana\"}]},{\"@type\":\"WebSite\",\"@id\":\"https:\/\/portalmf.com.br\/#website\",\"url\":\"https:\/\/portalmf.com.br\/\",\"name\":\"Portal MF\",\"description\":\"Voc\u00ea conectado com a informa\u00e7\u00e3o\",\"potentialAction\":[{\"@type\":\"SearchAction\",\"target\":{\"@type\":\"EntryPoint\",\"urlTemplate\":\"https:\/\/portalmf.com.br\/?s={search_term_string}\"},\"query-input\":\"required name=search_term_string\"}],\"inLanguage\":\"pt-BR\"},{\"@type\":\"Person\",\"@id\":\"https:\/\/portalmf.com.br\/#\/schema\/person\/9ec101baf56233e53520c26de5d6f6f0\",\"name\":\"Reda\u00e7\u00e3o Portal MF\",\"image\":{\"@type\":\"ImageObject\",\"inLanguage\":\"pt-BR\",\"@id\":\"https:\/\/portalmf.com.br\/#\/schema\/person\/image\/\",\"url\":\"https:\/\/secure.gravatar.com\/avatar\/41b9aaeb2100835f7c64362330f74c7f?s=96&d=mm&r=g\",\"contentUrl\":\"https:\/\/secure.gravatar.com\/avatar\/41b9aaeb2100835f7c64362330f74c7f?s=96&d=mm&r=g\",\"caption\":\"Reda\u00e7\u00e3o Portal MF\"},\"description\":\"Sejam bem-vindos o portal de informa\u00e7\u00f5es de entretenimento de Feira de Santana, desde 2006 realiza coberturas dos principais eventos com entrevistas exclusivas com as principais personalidades mundiais. Fique conectado tamb\u00e9m nas redes sociais.\",\"sameAs\":[\"http:\/\/www.portalmf.com.br\/\",\"https:\/\/www.facebook.com\/portalmfoficial\",\"https:\/\/www.instagram.com\/portalmf\/\",\"https:\/\/x.com\/https:\/\/x.com\/portalmfoficial\",\"https:\/\/www.youtube.com\/@portalmfoficial\"],\"url\":\"https:\/\/portalmf.com.br\/index.php\/author\/junior\/\"}]}<\/script>\n<!-- \/ Yoast SEO plugin. -->","yoast_head_json":{"title":"Vereador cobra repasse do piso da enfermagem em Feira de Santana - Portal MF","robots":{"index":"index","follow":"follow","max-snippet":"max-snippet:-1","max-image-preview":"max-image-preview:large","max-video-preview":"max-video-preview:-1"},"canonical":"https:\/\/portalmf.com.br\/index.php\/2024\/02\/29\/vereador-cobra-repasse-do-piso-da-enfermagem-em-feira-de-santana\/","og_locale":"pt_BR","og_type":"article","og_title":"Vereador cobra repasse do piso da enfermagem em Feira de Santana - Portal MF","og_description":"Nesta sexta-feira (1\u00ba), o vereador Pedro Am\u00e9rico (UB), volta a cobrar da Prefeitura Municipal que realize os repasses referentes ao piso da enfermagem. O Minist\u00e9rio de Sa\u00fade j\u00e1 realizou o dep\u00f3sito, mas, os enfermeiros e enfermeiras de Feira de Santana ainda n\u00e3o receberam. Para o parlamentar, trata-se de um descaso com a classe. \u201cFeira de [&hellip;]","og_url":"https:\/\/portalmf.com.br\/index.php\/2024\/02\/29\/vereador-cobra-repasse-do-piso-da-enfermagem-em-feira-de-santana\/","og_site_name":"Portal MF","article_author":"https:\/\/www.facebook.com\/portalmfoficial","article_published_time":"2024-02-29T11:22:00+00:00","article_modified_time":"2024-03-01T19:26:46+00:00","og_image":[{"width":496,"height":315,"url":"https:\/\/portalmf.com.br\/wp-content\/uploads\/2024\/03\/Vereador-Pedro-Americo.jpeg","type":"image\/jpeg"}],"author":"Reda\u00e7\u00e3o Portal MF","twitter_card":"summary_large_image","twitter_creator":"@https:\/\/x.com\/portalmfoficial","twitter_misc":{"Escrito por":"Reda\u00e7\u00e3o Portal MF","Est. tempo de leitura":"2 minutos"},"schema":{"@context":"https:\/\/schema.org","@graph":[{"@type":"WebPage","@id":"https:\/\/portalmf.com.br\/index.php\/2024\/02\/29\/vereador-cobra-repasse-do-piso-da-enfermagem-em-feira-de-santana\/","url":"https:\/\/portalmf.com.br\/index.php\/2024\/02\/29\/vereador-cobra-repasse-do-piso-da-enfermagem-em-feira-de-santana\/","name":"Vereador cobra repasse do piso da enfermagem em Feira de Santana - Portal MF","isPartOf":{"@id":"https:\/\/portalmf.com.br\/#website"},"primaryImageOfPage":{"@id":"https:\/\/portalmf.com.br\/index.php\/2024\/02\/29\/vereador-cobra-repasse-do-piso-da-enfermagem-em-feira-de-santana\/#primaryimage"},"image":{"@id":"https:\/\/portalmf.com.br\/index.php\/2024\/02\/29\/vereador-cobra-repasse-do-piso-da-enfermagem-em-feira-de-santana\/#primaryimage"},"thumbnailUrl":"https:\/\/portalmf.com.br\/wp-content\/uploads\/2024\/03\/Vereador-Pedro-Americo.jpeg","datePublished":"2024-02-29T11:22:00+00:00","dateModified":"2024-03-01T19:26:46+00:00","author":{"@id":"https:\/\/portalmf.com.br\/#\/schema\/person\/9ec101baf56233e53520c26de5d6f6f0"},"breadcrumb":{"@id":"https:\/\/portalmf.com.br\/index.php\/2024\/02\/29\/vereador-cobra-repasse-do-piso-da-enfermagem-em-feira-de-santana\/#breadcrumb"},"inLanguage":"pt-BR","potentialAction":[{"@type":"ReadAction","target":["https:\/\/portalmf.com.br\/index.php\/2024\/02\/29\/vereador-cobra-repasse-do-piso-da-enfermagem-em-feira-de-santana\/"]}]},{"@type":"ImageObject","inLanguage":"pt-BR","@id":"https:\/\/portalmf.com.br\/index.php\/2024\/02\/29\/vereador-cobra-repasse-do-piso-da-enfermagem-em-feira-de-santana\/#primaryimage","url":"https:\/\/portalmf.com.br\/wp-content\/uploads\/2024\/03\/Vereador-Pedro-Americo.jpeg","contentUrl":"https:\/\/portalmf.com.br\/wp-content\/uploads\/2024\/03\/Vereador-Pedro-Americo.jpeg","width":496,"height":315},{"@type":"BreadcrumbList","@id":"https:\/\/portalmf.com.br\/index.php\/2024\/02\/29\/vereador-cobra-repasse-do-piso-da-enfermagem-em-feira-de-santana\/#breadcrumb","itemListElement":[{"@type":"ListItem","position":1,"name":"In\u00edcio","item":"https:\/\/portalmf.com.br\/"},{"@type":"ListItem","position":2,"name":"Vereador cobra repasse do piso da enfermagem em Feira de Santana"}]},{"@type":"WebSite","@id":"https:\/\/portalmf.com.br\/#website","url":"https:\/\/portalmf.com.br\/","name":"Portal MF","description":"Voc\u00ea conectado com a informa\u00e7\u00e3o","potentialAction":[{"@type":"SearchAction","target":{"@type":"EntryPoint","urlTemplate":"https:\/\/portalmf.com.br\/?s={search_term_string}"},"query-input":"required name=search_term_string"}],"inLanguage":"pt-BR"},{"@type":"Person","@id":"https:\/\/portalmf.com.br\/#\/schema\/person\/9ec101baf56233e53520c26de5d6f6f0","name":"Reda\u00e7\u00e3o Portal MF","image":{"@type":"ImageObject","inLanguage":"pt-BR","@id":"https:\/\/portalmf.com.br\/#\/schema\/person\/image\/","url":"https:\/\/secure.gravatar.com\/avatar\/41b9aaeb2100835f7c64362330f74c7f?s=96&d=mm&r=g","contentUrl":"https:\/\/secure.gravatar.com\/avatar\/41b9aaeb2100835f7c64362330f74c7f?s=96&d=mm&r=g","caption":"Reda\u00e7\u00e3o Portal MF"},"description":"Sejam bem-vindos o portal de informa\u00e7\u00f5es de entretenimento de Feira de Santana, desde 2006 realiza coberturas dos principais eventos com entrevistas exclusivas com as principais personalidades mundiais. Fique conectado tamb\u00e9m nas redes sociais.","sameAs":["http:\/\/www.portalmf.com.br\/","https:\/\/www.facebook.com\/portalmfoficial","https:\/\/www.instagram.com\/portalmf\/","https:\/\/x.com\/https:\/\/x.com\/portalmfoficial","https:\/\/www.youtube.com\/@portalmfoficial"],"url":"https:\/\/portalmf.com.br\/index.php\/author\/junior\/"}]}},"_links":{"self":[{"href":"https:\/\/portalmf.com.br\/index.php\/wp-json\/wp\/v2\/posts\/24365"}],"collection":[{"href":"https:\/\/portalmf.com.br\/index.php\/wp-json\/wp\/v2\/posts"}],"about":[{"href":"https:\/\/portalmf.com.br\/index.php\/wp-json\/wp\/v2\/types\/post"}],"author":[{"embeddable":true,"href":"https:\/\/portalmf.com.br\/index.php\/wp-json\/wp\/v2\/users\/3"}],"replies":[{"embeddable":true,"href":"https:\/\/portalmf.com.br\/index.php\/wp-json\/wp\/v2\/comments?post=24365"}],"version-history":[{"count":1,"href":"https:\/\/portalmf.com.br\/index.php\/wp-json\/wp\/v2\/posts\/24365\/revisions"}],"predecessor-version":[{"id":24367,"href":"https:\/\/portalmf.com.br\/index.php\/wp-json\/wp\/v2\/posts\/24365\/revisions\/24367"}],"wp:featuredmedia":[{"embeddable":true,"href":"https:\/\/portalmf.com.br\/index.php\/wp-json\/wp\/v2\/media\/24366"}],"wp:attachment":[{"href":"https:\/\/portalmf.com.br\/index.php\/wp-json\/wp\/v2\/media?parent=24365"}],"wp:term":[{"taxonomy":"category","embeddable":true,"href":"https:\/\/portalmf.com.br\/index.php\/wp-json\/wp\/v2\/categories?post=24365"},{"taxonomy":"post_tag","embeddable":true,"href":"https:\/\/portalmf.com.br\/index.php\/wp-json\/wp\/v2\/tags?post=24365"}],"curies":[{"name":"wp","href":"https:\/\/api.w.org\/{rel}","templated":true}]}}