{"id":24360,"date":"2024-03-01T15:43:14","date_gmt":"2024-03-01T18:43:14","guid":{"rendered":"https:\/\/portalmf.com.br\/?p=24360"},"modified":"2024-03-01T15:43:15","modified_gmt":"2024-03-01T18:43:15","slug":"bahia-adere-ao-dia-d-de-mobilizacao-nacional-contra-a-dengue","status":"publish","type":"post","link":"https:\/\/portalmf.com.br\/index.php\/2024\/03\/01\/bahia-adere-ao-dia-d-de-mobilizacao-nacional-contra-a-dengue\/","title":{"rendered":"Bahia adere ao Dia D de mobiliza\u00e7\u00e3o nacional contra a Dengue"},"content":{"rendered":"\n<p>Em um esfor\u00e7o para combater a crescente amea\u00e7a da Dengue, o estado da Bahia se junta ao Dia D de mobiliza\u00e7\u00e3o nacional, marcado para o pr\u00f3ximo s\u00e1bado (2). A informa\u00e7\u00e3o \u00e9 da secret\u00e1ria da Sa\u00fade do Estado, Roberta Santana, que est\u00e1 em Bras\u00edlia nesta quarta-feira (28) para uma reuni\u00e3o do Conselho Nacional de Secret\u00e1rios de Sa\u00fade (Conass). Esta iniciativa sublinha a necessidade de uma a\u00e7\u00e3o coletiva di\u00e1ria e destaca o papel vital que cada indiv\u00edduo desempenha na preven\u00e7\u00e3o da doen\u00e7a. Com o apoio do Conselho Estadual dos Secret\u00e1rios Municipais de Sa\u00fade da Bahia (Cosems-BA), da Uni\u00e3o dos Munic\u00edpios da Bahia (UPB) e do Conselho Estadual de Sa\u00fade (CES), os munic\u00edpios far\u00e3o mutir\u00f5es de limpeza, visitas aos im\u00f3veis nas \u00e1reas de maior incid\u00eancia e distribui\u00e7\u00e3o de materiais informativos.<\/p>\n\n\n\n<p>A Bahia registra um aumento significativo de casos de Dengue, com 16.771 casos prov\u00e1veis at\u00e9 24 de fevereiro de 2024, quase o dobro em compara\u00e7\u00e3o ao mesmo per\u00edodo do ano anterior. Atualmente, 64 cidades est\u00e3o em estado de epidemia, com a regi\u00e3o Sudoeste sendo a mais afetada. Al\u00e9m disso, foram confirmados cinco \u00f3bitos decorrentes da doen\u00e7a nas localidades de Ibiassuc\u00ea, Jacaraci, Pirip\u00e1 e Irec\u00ea.<\/p>\n\n\n\n<p>De acordo com a ministra da Sa\u00fade, N\u00edsia Trindade, o cen\u00e1rio nacional \u00e9 particularmente desafiador devido ao impacto das condi\u00e7\u00f5es clim\u00e1ticas adversas e ao aumento exponencial dos casos de Dengue, incluindo a circula\u00e7\u00e3o de novos sorotipos (2 e 3), que exigem uma aten\u00e7\u00e3o mais integrada.<\/p>\n\n\n\n<p>Na avalia\u00e7\u00e3o da secret\u00e1ria da Sa\u00fade do Estado, Roberta Santana, o momento \u00e9 de unir esfor\u00e7os para conter o aumento do n\u00famero de casos e evitar mortes. &#8220;O Governo do Estado est\u00e1 aberto ao di\u00e1logo e pronto para apoiar todos os munic\u00edpios, contudo, cada ente tem que fazer a sua parte. As prefeituras precisam intensificar as a\u00e7\u00f5es de aten\u00e7\u00e3o prim\u00e1ria e limpeza urbana, a fim de eliminar os criadouros, e fortalecer a mobiliza\u00e7\u00e3o da sociedade, antes de recorrer ao fumac\u00ea. A depend\u00eancia excessiva do fumac\u00ea, como \u00faltimo recurso, pode revelar uma gest\u00e3o reativa em vez de proativa no combate \u00e0 doen\u00e7a&#8221;, afirma a secret\u00e1ria.&nbsp;<\/p>\n\n\n\n<p>A titular da pasta estadual da Sa\u00fade pontua ainda que o Governo do Estado fez a aquisi\u00e7\u00e3o de novos ve\u00edculos de fumac\u00ea e distribuir\u00e1 12 mil kits para os agentes de combate \u00e0s endemias, al\u00e9m de apoiar os mutir\u00f5es de limpeza urbana com o aux\u00edlio das for\u00e7as de seguran\u00e7a e emerg\u00eancia. &#8220;Al\u00e9m disso, o Governo do Estado compartilhou com os munic\u00edpios a possibilidade de adquirir bombas costais, medicamentos e insumos por meio de atas de registro de pre\u00e7o&#8221;, ressalta Roberta Santana.<\/p>\n\n\n\n<p>Drones<\/p>\n\n\n\n<p>O combate \u00e0 Dengue na Bahia ganhou mais uma aliada: a tecnologia. O Governo do Estado deu in\u00edcio ao uso de drones como nova estrat\u00e9gia para identificar em \u00e1reas de dif\u00edcil acesso focos do mosquito Aedes aegypti, vetor de transmiss\u00e3o de Dengue, Zika e Chikungunya. As imagens capturadas pelos equipamentos s\u00e3o analisadas pelos agentes de endemias, que conseguem identificar locais com ac\u00famulo de \u00e1gua parada e poss\u00edveis criadouros do mosquito, facilitando a a\u00e7\u00e3o das equipes e tornando o combate mais eficaz.<\/p>\n","protected":false},"excerpt":{"rendered":"<p>Em um esfor\u00e7o para combater a crescente amea\u00e7a da Dengue, o estado da Bahia se junta ao Dia D de mobiliza\u00e7\u00e3o nacional, marcado para o pr\u00f3ximo s\u00e1bado (2). A informa\u00e7\u00e3o \u00e9 da secret\u00e1ria da Sa\u00fade do Estado, Roberta Santana, que est\u00e1 em Bras\u00edlia nesta quarta-feira (28) para uma reuni\u00e3o do Conselho Nacional de Secret\u00e1rios de [&hellip;]<\/p>\n","protected":false},"author":3,"featured_media":24361,"comment_status":"open","ping_status":"open","sticky":false,"template":"","format":"standard","meta":{"_monsterinsights_skip_tracking":false,"_monsterinsights_sitenote_active":false,"_monsterinsights_sitenote_note":"","_monsterinsights_sitenote_category":0,"footnotes":""},"categories":[34],"tags":[],"yoast_head":"<!-- This site is optimized with the Yoast SEO plugin v22.9 - https:\/\/yoast.com\/wordpress\/plugins\/seo\/ -->\n<title>Bahia adere ao Dia D de mobiliza\u00e7\u00e3o nacional contra a Dengue - Portal MF<\/title>\n<meta name=\"robots\" content=\"index, follow, max-snippet:-1, max-image-preview:large, max-video-preview:-1\" \/>\n<link rel=\"canonical\" href=\"https:\/\/portalmf.com.br\/index.php\/2024\/03\/01\/bahia-adere-ao-dia-d-de-mobilizacao-nacional-contra-a-dengue\/\" \/>\n<meta property=\"og:locale\" content=\"pt_BR\" \/>\n<meta property=\"og:type\" content=\"article\" \/>\n<meta property=\"og:title\" content=\"Bahia adere ao Dia D de mobiliza\u00e7\u00e3o nacional contra a Dengue - Portal MF\" \/>\n<meta property=\"og:description\" content=\"Em um esfor\u00e7o para combater a crescente amea\u00e7a da Dengue, o estado da Bahia se junta ao Dia D de mobiliza\u00e7\u00e3o nacional, marcado para o pr\u00f3ximo s\u00e1bado (2). A informa\u00e7\u00e3o \u00e9 da secret\u00e1ria da Sa\u00fade do Estado, Roberta Santana, que est\u00e1 em Bras\u00edlia nesta quarta-feira (28) para uma reuni\u00e3o do Conselho Nacional de Secret\u00e1rios de [&hellip;]\" \/>\n<meta property=\"og:url\" content=\"https:\/\/portalmf.com.br\/index.php\/2024\/03\/01\/bahia-adere-ao-dia-d-de-mobilizacao-nacional-contra-a-dengue\/\" \/>\n<meta property=\"og:site_name\" content=\"Portal MF\" \/>\n<meta property=\"article:author\" content=\"https:\/\/www.facebook.com\/portalmfoficial\" \/>\n<meta property=\"article:published_time\" content=\"2024-03-01T18:43:14+00:00\" \/>\n<meta property=\"article:modified_time\" content=\"2024-03-01T18:43:15+00:00\" \/>\n<meta property=\"og:image\" content=\"https:\/\/portalmf.com.br\/wp-content\/uploads\/2024\/03\/conass.jpeg\" \/>\n\t<meta property=\"og:image:width\" content=\"800\" \/>\n\t<meta property=\"og:image:height\" content=\"533\" \/>\n\t<meta property=\"og:image:type\" content=\"image\/jpeg\" \/>\n<meta name=\"author\" content=\"Reda\u00e7\u00e3o Portal MF\" \/>\n<meta name=\"twitter:card\" content=\"summary_large_image\" \/>\n<meta name=\"twitter:creator\" content=\"@https:\/\/x.com\/portalmfoficial\" \/>\n<meta name=\"twitter:label1\" content=\"Escrito por\" \/>\n\t<meta name=\"twitter:data1\" content=\"Reda\u00e7\u00e3o Portal MF\" \/>\n\t<meta name=\"twitter:label2\" content=\"Est. tempo de leitura\" \/>\n\t<meta name=\"twitter:data2\" content=\"3 minutos\" \/>\n<script type=\"application\/ld+json\" class=\"yoast-schema-graph\">{\"@context\":\"https:\/\/schema.org\",\"@graph\":[{\"@type\":\"WebPage\",\"@id\":\"https:\/\/portalmf.com.br\/index.php\/2024\/03\/01\/bahia-adere-ao-dia-d-de-mobilizacao-nacional-contra-a-dengue\/\",\"url\":\"https:\/\/portalmf.com.br\/index.php\/2024\/03\/01\/bahia-adere-ao-dia-d-de-mobilizacao-nacional-contra-a-dengue\/\",\"name\":\"Bahia adere ao Dia D de mobiliza\u00e7\u00e3o nacional contra a Dengue - Portal MF\",\"isPartOf\":{\"@id\":\"https:\/\/portalmf.com.br\/#website\"},\"primaryImageOfPage\":{\"@id\":\"https:\/\/portalmf.com.br\/index.php\/2024\/03\/01\/bahia-adere-ao-dia-d-de-mobilizacao-nacional-contra-a-dengue\/#primaryimage\"},\"image\":{\"@id\":\"https:\/\/portalmf.com.br\/index.php\/2024\/03\/01\/bahia-adere-ao-dia-d-de-mobilizacao-nacional-contra-a-dengue\/#primaryimage\"},\"thumbnailUrl\":\"https:\/\/portalmf.com.br\/wp-content\/uploads\/2024\/03\/conass.jpeg\",\"datePublished\":\"2024-03-01T18:43:14+00:00\",\"dateModified\":\"2024-03-01T18:43:15+00:00\",\"author\":{\"@id\":\"https:\/\/portalmf.com.br\/#\/schema\/person\/9ec101baf56233e53520c26de5d6f6f0\"},\"breadcrumb\":{\"@id\":\"https:\/\/portalmf.com.br\/index.php\/2024\/03\/01\/bahia-adere-ao-dia-d-de-mobilizacao-nacional-contra-a-dengue\/#breadcrumb\"},\"inLanguage\":\"pt-BR\",\"potentialAction\":[{\"@type\":\"ReadAction\",\"target\":[\"https:\/\/portalmf.com.br\/index.php\/2024\/03\/01\/bahia-adere-ao-dia-d-de-mobilizacao-nacional-contra-a-dengue\/\"]}]},{\"@type\":\"ImageObject\",\"inLanguage\":\"pt-BR\",\"@id\":\"https:\/\/portalmf.com.br\/index.php\/2024\/03\/01\/bahia-adere-ao-dia-d-de-mobilizacao-nacional-contra-a-dengue\/#primaryimage\",\"url\":\"https:\/\/portalmf.com.br\/wp-content\/uploads\/2024\/03\/conass.jpeg\",\"contentUrl\":\"https:\/\/portalmf.com.br\/wp-content\/uploads\/2024\/03\/conass.jpeg\",\"width\":800,\"height\":533},{\"@type\":\"BreadcrumbList\",\"@id\":\"https:\/\/portalmf.com.br\/index.php\/2024\/03\/01\/bahia-adere-ao-dia-d-de-mobilizacao-nacional-contra-a-dengue\/#breadcrumb\",\"itemListElement\":[{\"@type\":\"ListItem\",\"position\":1,\"name\":\"In\u00edcio\",\"item\":\"https:\/\/portalmf.com.br\/\"},{\"@type\":\"ListItem\",\"position\":2,\"name\":\"Bahia adere ao Dia D de mobiliza\u00e7\u00e3o nacional contra a Dengue\"}]},{\"@type\":\"WebSite\",\"@id\":\"https:\/\/portalmf.com.br\/#website\",\"url\":\"https:\/\/portalmf.com.br\/\",\"name\":\"Portal MF\",\"description\":\"Voc\u00ea conectado com a informa\u00e7\u00e3o\",\"potentialAction\":[{\"@type\":\"SearchAction\",\"target\":{\"@type\":\"EntryPoint\",\"urlTemplate\":\"https:\/\/portalmf.com.br\/?s={search_term_string}\"},\"query-input\":\"required name=search_term_string\"}],\"inLanguage\":\"pt-BR\"},{\"@type\":\"Person\",\"@id\":\"https:\/\/portalmf.com.br\/#\/schema\/person\/9ec101baf56233e53520c26de5d6f6f0\",\"name\":\"Reda\u00e7\u00e3o Portal MF\",\"image\":{\"@type\":\"ImageObject\",\"inLanguage\":\"pt-BR\",\"@id\":\"https:\/\/portalmf.com.br\/#\/schema\/person\/image\/\",\"url\":\"https:\/\/secure.gravatar.com\/avatar\/41b9aaeb2100835f7c64362330f74c7f?s=96&d=mm&r=g\",\"contentUrl\":\"https:\/\/secure.gravatar.com\/avatar\/41b9aaeb2100835f7c64362330f74c7f?s=96&d=mm&r=g\",\"caption\":\"Reda\u00e7\u00e3o Portal MF\"},\"description\":\"Sejam bem-vindos o portal de informa\u00e7\u00f5es de entretenimento de Feira de Santana, desde 2006 realiza coberturas dos principais eventos com entrevistas exclusivas com as principais personalidades mundiais. Fique conectado tamb\u00e9m nas redes sociais.\",\"sameAs\":[\"http:\/\/www.portalmf.com.br\/\",\"https:\/\/www.facebook.com\/portalmfoficial\",\"https:\/\/www.instagram.com\/portalmf\/\",\"https:\/\/x.com\/https:\/\/x.com\/portalmfoficial\",\"https:\/\/www.youtube.com\/@portalmfoficial\"],\"url\":\"https:\/\/portalmf.com.br\/index.php\/author\/junior\/\"}]}<\/script>\n<!-- \/ Yoast SEO plugin. -->","yoast_head_json":{"title":"Bahia adere ao Dia D de mobiliza\u00e7\u00e3o nacional contra a Dengue - Portal MF","robots":{"index":"index","follow":"follow","max-snippet":"max-snippet:-1","max-image-preview":"max-image-preview:large","max-video-preview":"max-video-preview:-1"},"canonical":"https:\/\/portalmf.com.br\/index.php\/2024\/03\/01\/bahia-adere-ao-dia-d-de-mobilizacao-nacional-contra-a-dengue\/","og_locale":"pt_BR","og_type":"article","og_title":"Bahia adere ao Dia D de mobiliza\u00e7\u00e3o nacional contra a Dengue - Portal MF","og_description":"Em um esfor\u00e7o para combater a crescente amea\u00e7a da Dengue, o estado da Bahia se junta ao Dia D de mobiliza\u00e7\u00e3o nacional, marcado para o pr\u00f3ximo s\u00e1bado (2). A informa\u00e7\u00e3o \u00e9 da secret\u00e1ria da Sa\u00fade do Estado, Roberta Santana, que est\u00e1 em Bras\u00edlia nesta quarta-feira (28) para uma reuni\u00e3o do Conselho Nacional de Secret\u00e1rios de [&hellip;]","og_url":"https:\/\/portalmf.com.br\/index.php\/2024\/03\/01\/bahia-adere-ao-dia-d-de-mobilizacao-nacional-contra-a-dengue\/","og_site_name":"Portal MF","article_author":"https:\/\/www.facebook.com\/portalmfoficial","article_published_time":"2024-03-01T18:43:14+00:00","article_modified_time":"2024-03-01T18:43:15+00:00","og_image":[{"width":800,"height":533,"url":"https:\/\/portalmf.com.br\/wp-content\/uploads\/2024\/03\/conass.jpeg","type":"image\/jpeg"}],"author":"Reda\u00e7\u00e3o Portal MF","twitter_card":"summary_large_image","twitter_creator":"@https:\/\/x.com\/portalmfoficial","twitter_misc":{"Escrito por":"Reda\u00e7\u00e3o Portal MF","Est. tempo de leitura":"3 minutos"},"schema":{"@context":"https:\/\/schema.org","@graph":[{"@type":"WebPage","@id":"https:\/\/portalmf.com.br\/index.php\/2024\/03\/01\/bahia-adere-ao-dia-d-de-mobilizacao-nacional-contra-a-dengue\/","url":"https:\/\/portalmf.com.br\/index.php\/2024\/03\/01\/bahia-adere-ao-dia-d-de-mobilizacao-nacional-contra-a-dengue\/","name":"Bahia adere ao Dia D de mobiliza\u00e7\u00e3o nacional contra a Dengue - Portal MF","isPartOf":{"@id":"https:\/\/portalmf.com.br\/#website"},"primaryImageOfPage":{"@id":"https:\/\/portalmf.com.br\/index.php\/2024\/03\/01\/bahia-adere-ao-dia-d-de-mobilizacao-nacional-contra-a-dengue\/#primaryimage"},"image":{"@id":"https:\/\/portalmf.com.br\/index.php\/2024\/03\/01\/bahia-adere-ao-dia-d-de-mobilizacao-nacional-contra-a-dengue\/#primaryimage"},"thumbnailUrl":"https:\/\/portalmf.com.br\/wp-content\/uploads\/2024\/03\/conass.jpeg","datePublished":"2024-03-01T18:43:14+00:00","dateModified":"2024-03-01T18:43:15+00:00","author":{"@id":"https:\/\/portalmf.com.br\/#\/schema\/person\/9ec101baf56233e53520c26de5d6f6f0"},"breadcrumb":{"@id":"https:\/\/portalmf.com.br\/index.php\/2024\/03\/01\/bahia-adere-ao-dia-d-de-mobilizacao-nacional-contra-a-dengue\/#breadcrumb"},"inLanguage":"pt-BR","potentialAction":[{"@type":"ReadAction","target":["https:\/\/portalmf.com.br\/index.php\/2024\/03\/01\/bahia-adere-ao-dia-d-de-mobilizacao-nacional-contra-a-dengue\/"]}]},{"@type":"ImageObject","inLanguage":"pt-BR","@id":"https:\/\/portalmf.com.br\/index.php\/2024\/03\/01\/bahia-adere-ao-dia-d-de-mobilizacao-nacional-contra-a-dengue\/#primaryimage","url":"https:\/\/portalmf.com.br\/wp-content\/uploads\/2024\/03\/conass.jpeg","contentUrl":"https:\/\/portalmf.com.br\/wp-content\/uploads\/2024\/03\/conass.jpeg","width":800,"height":533},{"@type":"BreadcrumbList","@id":"https:\/\/portalmf.com.br\/index.php\/2024\/03\/01\/bahia-adere-ao-dia-d-de-mobilizacao-nacional-contra-a-dengue\/#breadcrumb","itemListElement":[{"@type":"ListItem","position":1,"name":"In\u00edcio","item":"https:\/\/portalmf.com.br\/"},{"@type":"ListItem","position":2,"name":"Bahia adere ao Dia D de mobiliza\u00e7\u00e3o nacional contra a Dengue"}]},{"@type":"WebSite","@id":"https:\/\/portalmf.com.br\/#website","url":"https:\/\/portalmf.com.br\/","name":"Portal MF","description":"Voc\u00ea conectado com a informa\u00e7\u00e3o","potentialAction":[{"@type":"SearchAction","target":{"@type":"EntryPoint","urlTemplate":"https:\/\/portalmf.com.br\/?s={search_term_string}"},"query-input":"required name=search_term_string"}],"inLanguage":"pt-BR"},{"@type":"Person","@id":"https:\/\/portalmf.com.br\/#\/schema\/person\/9ec101baf56233e53520c26de5d6f6f0","name":"Reda\u00e7\u00e3o Portal MF","image":{"@type":"ImageObject","inLanguage":"pt-BR","@id":"https:\/\/portalmf.com.br\/#\/schema\/person\/image\/","url":"https:\/\/secure.gravatar.com\/avatar\/41b9aaeb2100835f7c64362330f74c7f?s=96&d=mm&r=g","contentUrl":"https:\/\/secure.gravatar.com\/avatar\/41b9aaeb2100835f7c64362330f74c7f?s=96&d=mm&r=g","caption":"Reda\u00e7\u00e3o Portal MF"},"description":"Sejam bem-vindos o portal de informa\u00e7\u00f5es de entretenimento de Feira de Santana, desde 2006 realiza coberturas dos principais eventos com entrevistas exclusivas com as principais personalidades mundiais. Fique conectado tamb\u00e9m nas redes sociais.","sameAs":["http:\/\/www.portalmf.com.br\/","https:\/\/www.facebook.com\/portalmfoficial","https:\/\/www.instagram.com\/portalmf\/","https:\/\/x.com\/https:\/\/x.com\/portalmfoficial","https:\/\/www.youtube.com\/@portalmfoficial"],"url":"https:\/\/portalmf.com.br\/index.php\/author\/junior\/"}]}},"_links":{"self":[{"href":"https:\/\/portalmf.com.br\/index.php\/wp-json\/wp\/v2\/posts\/24360"}],"collection":[{"href":"https:\/\/portalmf.com.br\/index.php\/wp-json\/wp\/v2\/posts"}],"about":[{"href":"https:\/\/portalmf.com.br\/index.php\/wp-json\/wp\/v2\/types\/post"}],"author":[{"embeddable":true,"href":"https:\/\/portalmf.com.br\/index.php\/wp-json\/wp\/v2\/users\/3"}],"replies":[{"embeddable":true,"href":"https:\/\/portalmf.com.br\/index.php\/wp-json\/wp\/v2\/comments?post=24360"}],"version-history":[{"count":1,"href":"https:\/\/portalmf.com.br\/index.php\/wp-json\/wp\/v2\/posts\/24360\/revisions"}],"predecessor-version":[{"id":24362,"href":"https:\/\/portalmf.com.br\/index.php\/wp-json\/wp\/v2\/posts\/24360\/revisions\/24362"}],"wp:featuredmedia":[{"embeddable":true,"href":"https:\/\/portalmf.com.br\/index.php\/wp-json\/wp\/v2\/media\/24361"}],"wp:attachment":[{"href":"https:\/\/portalmf.com.br\/index.php\/wp-json\/wp\/v2\/media?parent=24360"}],"wp:term":[{"taxonomy":"category","embeddable":true,"href":"https:\/\/portalmf.com.br\/index.php\/wp-json\/wp\/v2\/categories?post=24360"},{"taxonomy":"post_tag","embeddable":true,"href":"https:\/\/portalmf.com.br\/index.php\/wp-json\/wp\/v2\/tags?post=24360"}],"curies":[{"name":"wp","href":"https:\/\/api.w.org\/{rel}","templated":true}]}}