{"id":24357,"date":"2024-02-27T15:32:17","date_gmt":"2024-02-27T18:32:17","guid":{"rendered":"https:\/\/portalmf.com.br\/?p=24357"},"modified":"2024-03-01T15:40:42","modified_gmt":"2024-03-01T18:40:42","slug":"bahia-avanca-no-acesso-da-populacao-a-agua-tratada-e-esgotamento-sanitario","status":"publish","type":"post","link":"https:\/\/portalmf.com.br\/index.php\/2024\/02\/27\/bahia-avanca-no-acesso-da-populacao-a-agua-tratada-e-esgotamento-sanitario\/","title":{"rendered":"Bahia avan\u00e7a no acesso da popula\u00e7\u00e3o \u00e0 \u00e1gua tratada e esgotamento sanit\u00e1rio"},"content":{"rendered":"\n<p>Os dados do Censo 2022, divulgados na \u00faltima sexta-feira (23) pelo Instituto Brasileiro de Geografia e Estat\u00edstica (IBGE), demonstraram avan\u00e7os significativos no acesso \u00e0s redes de \u00e1gua tratada e de coleta de esgotamento sanit\u00e1rio na Bahia. A quantidade de pessoas com acesso \u00e0 \u00e1gua tratada aumentou de 79,2% em 2010, para 86,7% em 2020, alcan\u00e7ando 12.224 milh\u00f5es de baianos,&nbsp;um crescimento de 7,5%. No caso do acesso a esgotamento, o avan\u00e7o foi ainda maior: o percentual de moradores com rede de esgoto subiu de 43,1% em 2010 para 52,2%, em 2020, um aumento de 16%.&nbsp;<\/p>\n\n\n\n<p>Em Salvador, o acesso \u00e0 \u00e1gua tratada est\u00e1 praticamente universalizado, com 99,56% de atendimento do servi\u00e7o. Outros quatro munic\u00edpios se destacam com \u00edndice superior a 99%: Madre de Deus, Cama\u00e7ari, Lauro de Freitas e Irec\u00ea. Grandes cidades do interior como Feira de Santana, Vit\u00f3ria da Conquista, Alagoinhas, Ilh\u00e9us, Porto Seguro, Barreiras, conquistaram \u00edndices superiores a 96% de pessoas atendidas com \u00e1gua canalizada. Em comum, todas essas cidades receberam recursos na amplia\u00e7\u00e3o e melhorias na oferta de \u00e1gua tratada por parte da Embasa, que opera sistemas de abastecimento em 367 munic\u00edpios baianos.&nbsp;&nbsp;<\/p>\n\n\n\n<p><em>\u201cRecebemos esses dados do IBGE com muita satisfa\u00e7\u00e3o, mas sabemos que ainda temos muito trabalho pela frente e estamos preparados para essa nova conjuntura\u201d<\/em>, explica o presidente da Embasa, Leonardo G\u00f3es. Entre 2023 e 2026, a empresa dever\u00e1 investir R$ 7,2 bilh\u00f5es com saneamento na Bahia.<\/p>\n\n\n\n<p><em>\u201cSomente no ano passado, foram aplicados R$ 958 milh\u00f5es em recursos em saneamento, ampliando o acesso ou melhorando as condi\u00e7\u00f5es dos servi\u00e7os j\u00e1 prestados, contribuindo para melhorar a sa\u00fade e qualidade de vida de 9,7 milh\u00f5es de baianos com os servi\u00e7os de \u00e1gua e 4,4 milh\u00f5es com a rede de esgoto\u201d,<\/em> refor\u00e7a.<\/p>\n","protected":false},"excerpt":{"rendered":"<p>Os dados do Censo 2022, divulgados na \u00faltima sexta-feira (23) pelo Instituto Brasileiro de Geografia e Estat\u00edstica (IBGE), demonstraram avan\u00e7os significativos no acesso \u00e0s redes de \u00e1gua tratada e de coleta de esgotamento sanit\u00e1rio na Bahia. A quantidade de pessoas com acesso \u00e0 \u00e1gua tratada aumentou de 79,2% em 2010, para 86,7% em 2020, alcan\u00e7ando [&hellip;]<\/p>\n","protected":false},"author":3,"featured_media":24358,"comment_status":"open","ping_status":"open","sticky":false,"template":"","format":"standard","meta":{"_monsterinsights_skip_tracking":false,"_monsterinsights_sitenote_active":false,"_monsterinsights_sitenote_note":"","_monsterinsights_sitenote_category":0,"footnotes":""},"categories":[34],"tags":[],"yoast_head":"<!-- This site is optimized with the Yoast SEO plugin v22.9 - https:\/\/yoast.com\/wordpress\/plugins\/seo\/ -->\n<title>Bahia avan\u00e7a no acesso da popula\u00e7\u00e3o \u00e0 \u00e1gua tratada e esgotamento sanit\u00e1rio - Portal MF<\/title>\n<meta name=\"robots\" content=\"index, follow, max-snippet:-1, max-image-preview:large, max-video-preview:-1\" \/>\n<link rel=\"canonical\" href=\"https:\/\/portalmf.com.br\/index.php\/2024\/02\/27\/bahia-avanca-no-acesso-da-populacao-a-agua-tratada-e-esgotamento-sanitario\/\" \/>\n<meta property=\"og:locale\" content=\"pt_BR\" \/>\n<meta property=\"og:type\" content=\"article\" \/>\n<meta property=\"og:title\" content=\"Bahia avan\u00e7a no acesso da popula\u00e7\u00e3o \u00e0 \u00e1gua tratada e esgotamento sanit\u00e1rio - Portal MF\" \/>\n<meta property=\"og:description\" content=\"Os dados do Censo 2022, divulgados na \u00faltima sexta-feira (23) pelo Instituto Brasileiro de Geografia e Estat\u00edstica (IBGE), demonstraram avan\u00e7os significativos no acesso \u00e0s redes de \u00e1gua tratada e de coleta de esgotamento sanit\u00e1rio na Bahia. A quantidade de pessoas com acesso \u00e0 \u00e1gua tratada aumentou de 79,2% em 2010, para 86,7% em 2020, alcan\u00e7ando [&hellip;]\" \/>\n<meta property=\"og:url\" content=\"https:\/\/portalmf.com.br\/index.php\/2024\/02\/27\/bahia-avanca-no-acesso-da-populacao-a-agua-tratada-e-esgotamento-sanitario\/\" \/>\n<meta property=\"og:site_name\" content=\"Portal MF\" \/>\n<meta property=\"article:author\" content=\"https:\/\/www.facebook.com\/portalmfoficial\" \/>\n<meta property=\"article:published_time\" content=\"2024-02-27T18:32:17+00:00\" \/>\n<meta property=\"article:modified_time\" content=\"2024-03-01T18:40:42+00:00\" \/>\n<meta property=\"og:image\" content=\"https:\/\/portalmf.com.br\/wp-content\/uploads\/2024\/03\/20240226_IMG_Centro-de-reservacao-de-agua-tratada-no-municipio-de-SalvadorBA.jpg\" \/>\n\t<meta property=\"og:image:width\" content=\"800\" \/>\n\t<meta property=\"og:image:height\" content=\"600\" \/>\n\t<meta property=\"og:image:type\" content=\"image\/jpeg\" \/>\n<meta name=\"author\" content=\"Reda\u00e7\u00e3o Portal MF\" \/>\n<meta name=\"twitter:card\" content=\"summary_large_image\" \/>\n<meta name=\"twitter:creator\" content=\"@https:\/\/x.com\/portalmfoficial\" \/>\n<meta name=\"twitter:label1\" content=\"Escrito por\" \/>\n\t<meta name=\"twitter:data1\" content=\"Reda\u00e7\u00e3o Portal MF\" \/>\n\t<meta name=\"twitter:label2\" content=\"Est. tempo de leitura\" \/>\n\t<meta name=\"twitter:data2\" content=\"2 minutos\" \/>\n<script type=\"application\/ld+json\" class=\"yoast-schema-graph\">{\"@context\":\"https:\/\/schema.org\",\"@graph\":[{\"@type\":\"WebPage\",\"@id\":\"https:\/\/portalmf.com.br\/index.php\/2024\/02\/27\/bahia-avanca-no-acesso-da-populacao-a-agua-tratada-e-esgotamento-sanitario\/\",\"url\":\"https:\/\/portalmf.com.br\/index.php\/2024\/02\/27\/bahia-avanca-no-acesso-da-populacao-a-agua-tratada-e-esgotamento-sanitario\/\",\"name\":\"Bahia avan\u00e7a no acesso da popula\u00e7\u00e3o \u00e0 \u00e1gua tratada e esgotamento sanit\u00e1rio - Portal MF\",\"isPartOf\":{\"@id\":\"https:\/\/portalmf.com.br\/#website\"},\"primaryImageOfPage\":{\"@id\":\"https:\/\/portalmf.com.br\/index.php\/2024\/02\/27\/bahia-avanca-no-acesso-da-populacao-a-agua-tratada-e-esgotamento-sanitario\/#primaryimage\"},\"image\":{\"@id\":\"https:\/\/portalmf.com.br\/index.php\/2024\/02\/27\/bahia-avanca-no-acesso-da-populacao-a-agua-tratada-e-esgotamento-sanitario\/#primaryimage\"},\"thumbnailUrl\":\"https:\/\/portalmf.com.br\/wp-content\/uploads\/2024\/03\/20240226_IMG_Centro-de-reservacao-de-agua-tratada-no-municipio-de-SalvadorBA.jpg\",\"datePublished\":\"2024-02-27T18:32:17+00:00\",\"dateModified\":\"2024-03-01T18:40:42+00:00\",\"author\":{\"@id\":\"https:\/\/portalmf.com.br\/#\/schema\/person\/9ec101baf56233e53520c26de5d6f6f0\"},\"breadcrumb\":{\"@id\":\"https:\/\/portalmf.com.br\/index.php\/2024\/02\/27\/bahia-avanca-no-acesso-da-populacao-a-agua-tratada-e-esgotamento-sanitario\/#breadcrumb\"},\"inLanguage\":\"pt-BR\",\"potentialAction\":[{\"@type\":\"ReadAction\",\"target\":[\"https:\/\/portalmf.com.br\/index.php\/2024\/02\/27\/bahia-avanca-no-acesso-da-populacao-a-agua-tratada-e-esgotamento-sanitario\/\"]}]},{\"@type\":\"ImageObject\",\"inLanguage\":\"pt-BR\",\"@id\":\"https:\/\/portalmf.com.br\/index.php\/2024\/02\/27\/bahia-avanca-no-acesso-da-populacao-a-agua-tratada-e-esgotamento-sanitario\/#primaryimage\",\"url\":\"https:\/\/portalmf.com.br\/wp-content\/uploads\/2024\/03\/20240226_IMG_Centro-de-reservacao-de-agua-tratada-no-municipio-de-SalvadorBA.jpg\",\"contentUrl\":\"https:\/\/portalmf.com.br\/wp-content\/uploads\/2024\/03\/20240226_IMG_Centro-de-reservacao-de-agua-tratada-no-municipio-de-SalvadorBA.jpg\",\"width\":800,\"height\":600},{\"@type\":\"BreadcrumbList\",\"@id\":\"https:\/\/portalmf.com.br\/index.php\/2024\/02\/27\/bahia-avanca-no-acesso-da-populacao-a-agua-tratada-e-esgotamento-sanitario\/#breadcrumb\",\"itemListElement\":[{\"@type\":\"ListItem\",\"position\":1,\"name\":\"In\u00edcio\",\"item\":\"https:\/\/portalmf.com.br\/\"},{\"@type\":\"ListItem\",\"position\":2,\"name\":\"Bahia avan\u00e7a no acesso da popula\u00e7\u00e3o \u00e0 \u00e1gua tratada e esgotamento sanit\u00e1rio\"}]},{\"@type\":\"WebSite\",\"@id\":\"https:\/\/portalmf.com.br\/#website\",\"url\":\"https:\/\/portalmf.com.br\/\",\"name\":\"Portal MF\",\"description\":\"Voc\u00ea conectado com a informa\u00e7\u00e3o\",\"potentialAction\":[{\"@type\":\"SearchAction\",\"target\":{\"@type\":\"EntryPoint\",\"urlTemplate\":\"https:\/\/portalmf.com.br\/?s={search_term_string}\"},\"query-input\":\"required name=search_term_string\"}],\"inLanguage\":\"pt-BR\"},{\"@type\":\"Person\",\"@id\":\"https:\/\/portalmf.com.br\/#\/schema\/person\/9ec101baf56233e53520c26de5d6f6f0\",\"name\":\"Reda\u00e7\u00e3o Portal MF\",\"image\":{\"@type\":\"ImageObject\",\"inLanguage\":\"pt-BR\",\"@id\":\"https:\/\/portalmf.com.br\/#\/schema\/person\/image\/\",\"url\":\"https:\/\/secure.gravatar.com\/avatar\/41b9aaeb2100835f7c64362330f74c7f?s=96&d=mm&r=g\",\"contentUrl\":\"https:\/\/secure.gravatar.com\/avatar\/41b9aaeb2100835f7c64362330f74c7f?s=96&d=mm&r=g\",\"caption\":\"Reda\u00e7\u00e3o Portal MF\"},\"description\":\"Sejam bem-vindos o portal de informa\u00e7\u00f5es de entretenimento de Feira de Santana, desde 2006 realiza coberturas dos principais eventos com entrevistas exclusivas com as principais personalidades mundiais. Fique conectado tamb\u00e9m nas redes sociais.\",\"sameAs\":[\"http:\/\/www.portalmf.com.br\/\",\"https:\/\/www.facebook.com\/portalmfoficial\",\"https:\/\/www.instagram.com\/portalmf\/\",\"https:\/\/x.com\/https:\/\/x.com\/portalmfoficial\",\"https:\/\/www.youtube.com\/@portalmfoficial\"],\"url\":\"https:\/\/portalmf.com.br\/index.php\/author\/junior\/\"}]}<\/script>\n<!-- \/ Yoast SEO plugin. -->","yoast_head_json":{"title":"Bahia avan\u00e7a no acesso da popula\u00e7\u00e3o \u00e0 \u00e1gua tratada e esgotamento sanit\u00e1rio - Portal MF","robots":{"index":"index","follow":"follow","max-snippet":"max-snippet:-1","max-image-preview":"max-image-preview:large","max-video-preview":"max-video-preview:-1"},"canonical":"https:\/\/portalmf.com.br\/index.php\/2024\/02\/27\/bahia-avanca-no-acesso-da-populacao-a-agua-tratada-e-esgotamento-sanitario\/","og_locale":"pt_BR","og_type":"article","og_title":"Bahia avan\u00e7a no acesso da popula\u00e7\u00e3o \u00e0 \u00e1gua tratada e esgotamento sanit\u00e1rio - Portal MF","og_description":"Os dados do Censo 2022, divulgados na \u00faltima sexta-feira (23) pelo Instituto Brasileiro de Geografia e Estat\u00edstica (IBGE), demonstraram avan\u00e7os significativos no acesso \u00e0s redes de \u00e1gua tratada e de coleta de esgotamento sanit\u00e1rio na Bahia. A quantidade de pessoas com acesso \u00e0 \u00e1gua tratada aumentou de 79,2% em 2010, para 86,7% em 2020, alcan\u00e7ando [&hellip;]","og_url":"https:\/\/portalmf.com.br\/index.php\/2024\/02\/27\/bahia-avanca-no-acesso-da-populacao-a-agua-tratada-e-esgotamento-sanitario\/","og_site_name":"Portal MF","article_author":"https:\/\/www.facebook.com\/portalmfoficial","article_published_time":"2024-02-27T18:32:17+00:00","article_modified_time":"2024-03-01T18:40:42+00:00","og_image":[{"width":800,"height":600,"url":"https:\/\/portalmf.com.br\/wp-content\/uploads\/2024\/03\/20240226_IMG_Centro-de-reservacao-de-agua-tratada-no-municipio-de-SalvadorBA.jpg","type":"image\/jpeg"}],"author":"Reda\u00e7\u00e3o Portal MF","twitter_card":"summary_large_image","twitter_creator":"@https:\/\/x.com\/portalmfoficial","twitter_misc":{"Escrito por":"Reda\u00e7\u00e3o Portal MF","Est. tempo de leitura":"2 minutos"},"schema":{"@context":"https:\/\/schema.org","@graph":[{"@type":"WebPage","@id":"https:\/\/portalmf.com.br\/index.php\/2024\/02\/27\/bahia-avanca-no-acesso-da-populacao-a-agua-tratada-e-esgotamento-sanitario\/","url":"https:\/\/portalmf.com.br\/index.php\/2024\/02\/27\/bahia-avanca-no-acesso-da-populacao-a-agua-tratada-e-esgotamento-sanitario\/","name":"Bahia avan\u00e7a no acesso da popula\u00e7\u00e3o \u00e0 \u00e1gua tratada e esgotamento sanit\u00e1rio - Portal MF","isPartOf":{"@id":"https:\/\/portalmf.com.br\/#website"},"primaryImageOfPage":{"@id":"https:\/\/portalmf.com.br\/index.php\/2024\/02\/27\/bahia-avanca-no-acesso-da-populacao-a-agua-tratada-e-esgotamento-sanitario\/#primaryimage"},"image":{"@id":"https:\/\/portalmf.com.br\/index.php\/2024\/02\/27\/bahia-avanca-no-acesso-da-populacao-a-agua-tratada-e-esgotamento-sanitario\/#primaryimage"},"thumbnailUrl":"https:\/\/portalmf.com.br\/wp-content\/uploads\/2024\/03\/20240226_IMG_Centro-de-reservacao-de-agua-tratada-no-municipio-de-SalvadorBA.jpg","datePublished":"2024-02-27T18:32:17+00:00","dateModified":"2024-03-01T18:40:42+00:00","author":{"@id":"https:\/\/portalmf.com.br\/#\/schema\/person\/9ec101baf56233e53520c26de5d6f6f0"},"breadcrumb":{"@id":"https:\/\/portalmf.com.br\/index.php\/2024\/02\/27\/bahia-avanca-no-acesso-da-populacao-a-agua-tratada-e-esgotamento-sanitario\/#breadcrumb"},"inLanguage":"pt-BR","potentialAction":[{"@type":"ReadAction","target":["https:\/\/portalmf.com.br\/index.php\/2024\/02\/27\/bahia-avanca-no-acesso-da-populacao-a-agua-tratada-e-esgotamento-sanitario\/"]}]},{"@type":"ImageObject","inLanguage":"pt-BR","@id":"https:\/\/portalmf.com.br\/index.php\/2024\/02\/27\/bahia-avanca-no-acesso-da-populacao-a-agua-tratada-e-esgotamento-sanitario\/#primaryimage","url":"https:\/\/portalmf.com.br\/wp-content\/uploads\/2024\/03\/20240226_IMG_Centro-de-reservacao-de-agua-tratada-no-municipio-de-SalvadorBA.jpg","contentUrl":"https:\/\/portalmf.com.br\/wp-content\/uploads\/2024\/03\/20240226_IMG_Centro-de-reservacao-de-agua-tratada-no-municipio-de-SalvadorBA.jpg","width":800,"height":600},{"@type":"BreadcrumbList","@id":"https:\/\/portalmf.com.br\/index.php\/2024\/02\/27\/bahia-avanca-no-acesso-da-populacao-a-agua-tratada-e-esgotamento-sanitario\/#breadcrumb","itemListElement":[{"@type":"ListItem","position":1,"name":"In\u00edcio","item":"https:\/\/portalmf.com.br\/"},{"@type":"ListItem","position":2,"name":"Bahia avan\u00e7a no acesso da popula\u00e7\u00e3o \u00e0 \u00e1gua tratada e esgotamento sanit\u00e1rio"}]},{"@type":"WebSite","@id":"https:\/\/portalmf.com.br\/#website","url":"https:\/\/portalmf.com.br\/","name":"Portal MF","description":"Voc\u00ea conectado com a informa\u00e7\u00e3o","potentialAction":[{"@type":"SearchAction","target":{"@type":"EntryPoint","urlTemplate":"https:\/\/portalmf.com.br\/?s={search_term_string}"},"query-input":"required name=search_term_string"}],"inLanguage":"pt-BR"},{"@type":"Person","@id":"https:\/\/portalmf.com.br\/#\/schema\/person\/9ec101baf56233e53520c26de5d6f6f0","name":"Reda\u00e7\u00e3o Portal MF","image":{"@type":"ImageObject","inLanguage":"pt-BR","@id":"https:\/\/portalmf.com.br\/#\/schema\/person\/image\/","url":"https:\/\/secure.gravatar.com\/avatar\/41b9aaeb2100835f7c64362330f74c7f?s=96&d=mm&r=g","contentUrl":"https:\/\/secure.gravatar.com\/avatar\/41b9aaeb2100835f7c64362330f74c7f?s=96&d=mm&r=g","caption":"Reda\u00e7\u00e3o Portal MF"},"description":"Sejam bem-vindos o portal de informa\u00e7\u00f5es de entretenimento de Feira de Santana, desde 2006 realiza coberturas dos principais eventos com entrevistas exclusivas com as principais personalidades mundiais. Fique conectado tamb\u00e9m nas redes sociais.","sameAs":["http:\/\/www.portalmf.com.br\/","https:\/\/www.facebook.com\/portalmfoficial","https:\/\/www.instagram.com\/portalmf\/","https:\/\/x.com\/https:\/\/x.com\/portalmfoficial","https:\/\/www.youtube.com\/@portalmfoficial"],"url":"https:\/\/portalmf.com.br\/index.php\/author\/junior\/"}]}},"_links":{"self":[{"href":"https:\/\/portalmf.com.br\/index.php\/wp-json\/wp\/v2\/posts\/24357"}],"collection":[{"href":"https:\/\/portalmf.com.br\/index.php\/wp-json\/wp\/v2\/posts"}],"about":[{"href":"https:\/\/portalmf.com.br\/index.php\/wp-json\/wp\/v2\/types\/post"}],"author":[{"embeddable":true,"href":"https:\/\/portalmf.com.br\/index.php\/wp-json\/wp\/v2\/users\/3"}],"replies":[{"embeddable":true,"href":"https:\/\/portalmf.com.br\/index.php\/wp-json\/wp\/v2\/comments?post=24357"}],"version-history":[{"count":1,"href":"https:\/\/portalmf.com.br\/index.php\/wp-json\/wp\/v2\/posts\/24357\/revisions"}],"predecessor-version":[{"id":24359,"href":"https:\/\/portalmf.com.br\/index.php\/wp-json\/wp\/v2\/posts\/24357\/revisions\/24359"}],"wp:featuredmedia":[{"embeddable":true,"href":"https:\/\/portalmf.com.br\/index.php\/wp-json\/wp\/v2\/media\/24358"}],"wp:attachment":[{"href":"https:\/\/portalmf.com.br\/index.php\/wp-json\/wp\/v2\/media?parent=24357"}],"wp:term":[{"taxonomy":"category","embeddable":true,"href":"https:\/\/portalmf.com.br\/index.php\/wp-json\/wp\/v2\/categories?post=24357"},{"taxonomy":"post_tag","embeddable":true,"href":"https:\/\/portalmf.com.br\/index.php\/wp-json\/wp\/v2\/tags?post=24357"}],"curies":[{"name":"wp","href":"https:\/\/api.w.org\/{rel}","templated":true}]}}