{"id":24336,"date":"2024-02-29T17:12:20","date_gmt":"2024-02-29T20:12:20","guid":{"rendered":"https:\/\/portalmf.com.br\/?p=24336"},"modified":"2024-02-29T17:12:21","modified_gmt":"2024-02-29T20:12:21","slug":"governador-visita-planta-de-producao-de-hidrogenio-verde-em-ultima-agenda-na-espanha","status":"publish","type":"post","link":"https:\/\/portalmf.com.br\/index.php\/2024\/02\/29\/governador-visita-planta-de-producao-de-hidrogenio-verde-em-ultima-agenda-na-espanha\/","title":{"rendered":"Governador visita planta de produ\u00e7\u00e3o de hidrog\u00eanio verde em \u00faltima agenda na Espanha"},"content":{"rendered":"\n<p>Gera\u00e7\u00e3o de energia limpa e sustentabilidade foi o tema da \u00faltima agenda da miss\u00e3o internacional de Jer\u00f4nimo Rodrigues, na Espanha. Depois de quatro dias em Barcelona, o governador baiano foi \u00e0 cidade de Puertollano, nesta quinta-feira (29), para conhecer uma planta de produ\u00e7\u00e3o de hidrog\u00eanio verde. A unidade, que pertence ao grupo Iberdrola, est\u00e1 instalada na f\u00e1brica de fertilizantes da Fertiberia.<\/p>\n\n\n\n<p>Iniciada com uma reuni\u00e3o da comitiva baiana com o gerente de Hidrog\u00eanio Verde da Iberdrola, Roque Bernad\u00f3 Ibanez, a agenda teve, ainda, uma visita \u00e0s instala\u00e7\u00f5es da planta onde \u00e9 produzida a fonte de energia limpa. Durante a conversa, o gestor espanhol destacou o grande potencial da Bahia para a produ\u00e7\u00e3o desse tipo de energia e, tamb\u00e9m, para outros projetos de descarboniza\u00e7\u00e3o.<\/p>\n\n\n\n<p>Logo ap\u00f3s conhecer a produ\u00e7\u00e3o, Jer\u00f4nimo convidou os representantes do grupo para dar continuidade \u00e0s conversas em solo baiano e conhecer as iniciativas do Estado nessa \u00e1rea. \u201cConversamos com a equipe que gerencia o projeto, para que a gente possa receb\u00ea-los na Bahia e avaliar a possibilidade de investimentos no estado para gera\u00e7\u00e3o de hidrog\u00eanio verde\u201d, comentou o governador.<\/p>\n\n\n\n<figure class=\"wp-block-image size-full\"><img fetchpriority=\"high\" decoding=\"async\" width=\"900\" height=\"656\" src=\"https:\/\/portalmf.com.br\/wp-content\/uploads\/2024\/02\/image-44.png\" alt=\"\" class=\"wp-image-24337\" srcset=\"https:\/\/portalmf.com.br\/wp-content\/uploads\/2024\/02\/image-44.png 900w, https:\/\/portalmf.com.br\/wp-content\/uploads\/2024\/02\/image-44-300x219.png 300w, https:\/\/portalmf.com.br\/wp-content\/uploads\/2024\/02\/image-44-768x560.png 768w, https:\/\/portalmf.com.br\/wp-content\/uploads\/2024\/02\/image-44-696x507.png 696w\" sizes=\"(max-width: 900px) 100vw, 900px\" \/><figcaption class=\"wp-element-caption\"><strong><em>Foto: Eudes Ben\u00edcio\/GOVBA<\/em><\/strong><\/figcaption><\/figure>\n\n\n\n<p>Usado como substituto de combust\u00edveis tradicionais, o hidrog\u00eanio verde tem diferentes aplica\u00e7\u00f5es. Pode ter uso industrial, em procedimentos da ind\u00fastria qu\u00edmica, como fonte de energia para \u00f4nibus urbanos e transporte mar\u00edtimo, onde tamb\u00e9m j\u00e1 se experimenta. Outra possibilidade, na qual j\u00e1 se estuda o uso do hidrog\u00eanio verde, \u00e9 para a substitui\u00e7\u00e3o do g\u00e1s natural em processos de alta temperatura.<\/p>\n\n\n\n<p>Acompanharam o governador na visita \u00e0 unidade o secret\u00e1rio estadual de Desenvolvimento Econ\u00f4mico (SDE), \u00c2ngelo Almeida; e o superintendente de Atra\u00e7\u00e3o e Desenvolvimento de Neg\u00f3cios da SDE, Paulo Guimar\u00e3es. Al\u00e9m dos representantes do Senai\/Cimatec, Walter Pinheiro, rela\u00e7\u00f5es corporativas e governamentais; Leone Andrade, diretor de Tecnologia e Inova\u00e7\u00e3o e reitor do Campus Integrado de Manufatura e Tecnologia; e Jos\u00e9 Luis Gon\u00e7alves de Almeida, gerente executivo e coordenador de programas<\/p>\n\n\n\n<figure class=\"wp-block-image size-full\"><img decoding=\"async\" width=\"900\" height=\"675\" src=\"https:\/\/portalmf.com.br\/wp-content\/uploads\/2024\/02\/image-45.png\" alt=\"\" class=\"wp-image-24338\" srcset=\"https:\/\/portalmf.com.br\/wp-content\/uploads\/2024\/02\/image-45.png 900w, https:\/\/portalmf.com.br\/wp-content\/uploads\/2024\/02\/image-45-300x225.png 300w, https:\/\/portalmf.com.br\/wp-content\/uploads\/2024\/02\/image-45-768x576.png 768w, https:\/\/portalmf.com.br\/wp-content\/uploads\/2024\/02\/image-45-696x522.png 696w\" sizes=\"(max-width: 900px) 100vw, 900px\" \/><figcaption class=\"wp-element-caption\"><strong><em>Foto: Eudes Ben\u00edcio\/GOVBA<\/em><\/strong><\/figcaption><\/figure>\n\n\n\n<p><strong>Hidrog\u00eanio verde na Bahia<\/strong><\/p>\n\n\n\n<p>Para fortalecer a posi\u00e7\u00e3o da Bahia na transi\u00e7\u00e3o para uma economia de baixo carbono, o Governo do Estado lan\u00e7ou o Atlas do Hidrog\u00eanio Verde durante a Confer\u00eancia das Na\u00e7\u00f5es Unidas sobre as Mudan\u00e7as Clim\u00e1ticas (COP28), em Dubai, em dezembro do ano passado. O H\u00b2V Atlas Bahia \u00e9 fruto de uma parceria entre o governo estadual e a Federa\u00e7\u00e3o das Ind\u00fastrias da Bahia (Fieb), sendo o primeiro do mundo, destaca o potencial do estado na produ\u00e7\u00e3o de energia limpa, consolidando-o como refer\u00eancia global no setor de energias renov\u00e1veis. Al\u00e9m disso, a iniciativa refor\u00e7a o compromisso da Bahia em promover pr\u00e1ticas sustent\u00e1veis e preservar seus ecossistemas.<\/p>\n\n\n\n<p>Paralelamente, a parceria entre o Governo e a Unigel \u2013 refer\u00eancia na produ\u00e7\u00e3o de fertilizantes \u2013 \u00e9 outro marco significativo no avan\u00e7o rumo \u00e0 economia de baixo carbono. A primeira etapa do projeto de implanta\u00e7\u00e3o de uma planta de produ\u00e7\u00e3o de hidrog\u00eanio verde em Cama\u00e7ari, j\u00e1 est\u00e1 em constru\u00e7\u00e3o e conta com investimento de US$120 milh\u00f5es e com a tecnologia de eletr\u00f3lise de alta efici\u00eancia da alem\u00e3 Thyssenkrupp Nucera.<\/p>\n\n\n\n<p>A iniciativa tamb\u00e9m posiciona a Bahia como protagonista na produ\u00e7\u00e3o de energias limpas, al\u00e9m de impulsionar a economia local e regional. A produ\u00e7\u00e3o da Unigel inclui tamb\u00e9m a utiliza\u00e7\u00e3o da am\u00f4nia verde como combust\u00edvel, em especial por navios graneleiros e porta-cont\u00eainere.<\/p>\n","protected":false},"excerpt":{"rendered":"<p>Gera\u00e7\u00e3o de energia limpa e sustentabilidade foi o tema da \u00faltima agenda da miss\u00e3o internacional de Jer\u00f4nimo Rodrigues, na Espanha. Depois de quatro dias em Barcelona, o governador baiano foi \u00e0 cidade de Puertollano, nesta quinta-feira (29), para conhecer uma planta de produ\u00e7\u00e3o de hidrog\u00eanio verde. A unidade, que pertence ao grupo Iberdrola, est\u00e1 instalada [&hellip;]<\/p>\n","protected":false},"author":3,"featured_media":24339,"comment_status":"open","ping_status":"open","sticky":false,"template":"","format":"standard","meta":{"_monsterinsights_skip_tracking":false,"_monsterinsights_sitenote_active":false,"_monsterinsights_sitenote_note":"","_monsterinsights_sitenote_category":0,"footnotes":""},"categories":[34],"tags":[],"yoast_head":"<!-- This site is optimized with the Yoast SEO plugin v22.9 - https:\/\/yoast.com\/wordpress\/plugins\/seo\/ -->\n<title>Governador visita planta de produ\u00e7\u00e3o de hidrog\u00eanio verde em \u00faltima agenda na Espanha - Portal MF<\/title>\n<meta name=\"robots\" content=\"index, follow, max-snippet:-1, max-image-preview:large, max-video-preview:-1\" \/>\n<link rel=\"canonical\" href=\"https:\/\/portalmf.com.br\/index.php\/2024\/02\/29\/governador-visita-planta-de-producao-de-hidrogenio-verde-em-ultima-agenda-na-espanha\/\" \/>\n<meta property=\"og:locale\" content=\"pt_BR\" \/>\n<meta property=\"og:type\" content=\"article\" \/>\n<meta property=\"og:title\" content=\"Governador visita planta de produ\u00e7\u00e3o de hidrog\u00eanio verde em \u00faltima agenda na Espanha - Portal MF\" \/>\n<meta property=\"og:description\" content=\"Gera\u00e7\u00e3o de energia limpa e sustentabilidade foi o tema da \u00faltima agenda da miss\u00e3o internacional de Jer\u00f4nimo Rodrigues, na Espanha. Depois de quatro dias em Barcelona, o governador baiano foi \u00e0 cidade de Puertollano, nesta quinta-feira (29), para conhecer uma planta de produ\u00e7\u00e3o de hidrog\u00eanio verde. A unidade, que pertence ao grupo Iberdrola, est\u00e1 instalada [&hellip;]\" \/>\n<meta property=\"og:url\" content=\"https:\/\/portalmf.com.br\/index.php\/2024\/02\/29\/governador-visita-planta-de-producao-de-hidrogenio-verde-em-ultima-agenda-na-espanha\/\" \/>\n<meta property=\"og:site_name\" content=\"Portal MF\" \/>\n<meta property=\"article:author\" content=\"https:\/\/www.facebook.com\/portalmfoficial\" \/>\n<meta property=\"article:published_time\" content=\"2024-02-29T20:12:20+00:00\" \/>\n<meta property=\"article:modified_time\" content=\"2024-02-29T20:12:21+00:00\" \/>\n<meta property=\"og:image\" content=\"https:\/\/portalmf.com.br\/wp-content\/uploads\/2024\/02\/Fotos-Eudes-BenicioGOVBA-4-696x522-1.jpg\" \/>\n\t<meta property=\"og:image:width\" content=\"696\" \/>\n\t<meta property=\"og:image:height\" content=\"522\" \/>\n\t<meta property=\"og:image:type\" content=\"image\/jpeg\" \/>\n<meta name=\"author\" content=\"Reda\u00e7\u00e3o Portal MF\" \/>\n<meta name=\"twitter:card\" content=\"summary_large_image\" \/>\n<meta name=\"twitter:creator\" content=\"@https:\/\/x.com\/portalmfoficial\" \/>\n<meta name=\"twitter:label1\" content=\"Escrito por\" \/>\n\t<meta name=\"twitter:data1\" content=\"Reda\u00e7\u00e3o Portal MF\" \/>\n\t<meta name=\"twitter:label2\" content=\"Est. tempo de leitura\" \/>\n\t<meta name=\"twitter:data2\" content=\"4 minutos\" \/>\n<script type=\"application\/ld+json\" class=\"yoast-schema-graph\">{\"@context\":\"https:\/\/schema.org\",\"@graph\":[{\"@type\":\"WebPage\",\"@id\":\"https:\/\/portalmf.com.br\/index.php\/2024\/02\/29\/governador-visita-planta-de-producao-de-hidrogenio-verde-em-ultima-agenda-na-espanha\/\",\"url\":\"https:\/\/portalmf.com.br\/index.php\/2024\/02\/29\/governador-visita-planta-de-producao-de-hidrogenio-verde-em-ultima-agenda-na-espanha\/\",\"name\":\"Governador visita planta de produ\u00e7\u00e3o de hidrog\u00eanio verde em \u00faltima agenda na Espanha - Portal MF\",\"isPartOf\":{\"@id\":\"https:\/\/portalmf.com.br\/#website\"},\"primaryImageOfPage\":{\"@id\":\"https:\/\/portalmf.com.br\/index.php\/2024\/02\/29\/governador-visita-planta-de-producao-de-hidrogenio-verde-em-ultima-agenda-na-espanha\/#primaryimage\"},\"image\":{\"@id\":\"https:\/\/portalmf.com.br\/index.php\/2024\/02\/29\/governador-visita-planta-de-producao-de-hidrogenio-verde-em-ultima-agenda-na-espanha\/#primaryimage\"},\"thumbnailUrl\":\"https:\/\/portalmf.com.br\/wp-content\/uploads\/2024\/02\/Fotos-Eudes-BenicioGOVBA-4-696x522-1.jpg\",\"datePublished\":\"2024-02-29T20:12:20+00:00\",\"dateModified\":\"2024-02-29T20:12:21+00:00\",\"author\":{\"@id\":\"https:\/\/portalmf.com.br\/#\/schema\/person\/9ec101baf56233e53520c26de5d6f6f0\"},\"breadcrumb\":{\"@id\":\"https:\/\/portalmf.com.br\/index.php\/2024\/02\/29\/governador-visita-planta-de-producao-de-hidrogenio-verde-em-ultima-agenda-na-espanha\/#breadcrumb\"},\"inLanguage\":\"pt-BR\",\"potentialAction\":[{\"@type\":\"ReadAction\",\"target\":[\"https:\/\/portalmf.com.br\/index.php\/2024\/02\/29\/governador-visita-planta-de-producao-de-hidrogenio-verde-em-ultima-agenda-na-espanha\/\"]}]},{\"@type\":\"ImageObject\",\"inLanguage\":\"pt-BR\",\"@id\":\"https:\/\/portalmf.com.br\/index.php\/2024\/02\/29\/governador-visita-planta-de-producao-de-hidrogenio-verde-em-ultima-agenda-na-espanha\/#primaryimage\",\"url\":\"https:\/\/portalmf.com.br\/wp-content\/uploads\/2024\/02\/Fotos-Eudes-BenicioGOVBA-4-696x522-1.jpg\",\"contentUrl\":\"https:\/\/portalmf.com.br\/wp-content\/uploads\/2024\/02\/Fotos-Eudes-BenicioGOVBA-4-696x522-1.jpg\",\"width\":696,\"height\":522},{\"@type\":\"BreadcrumbList\",\"@id\":\"https:\/\/portalmf.com.br\/index.php\/2024\/02\/29\/governador-visita-planta-de-producao-de-hidrogenio-verde-em-ultima-agenda-na-espanha\/#breadcrumb\",\"itemListElement\":[{\"@type\":\"ListItem\",\"position\":1,\"name\":\"In\u00edcio\",\"item\":\"https:\/\/portalmf.com.br\/\"},{\"@type\":\"ListItem\",\"position\":2,\"name\":\"Governador visita planta de produ\u00e7\u00e3o de hidrog\u00eanio verde em \u00faltima agenda na Espanha\"}]},{\"@type\":\"WebSite\",\"@id\":\"https:\/\/portalmf.com.br\/#website\",\"url\":\"https:\/\/portalmf.com.br\/\",\"name\":\"Portal MF\",\"description\":\"Voc\u00ea conectado com a informa\u00e7\u00e3o\",\"potentialAction\":[{\"@type\":\"SearchAction\",\"target\":{\"@type\":\"EntryPoint\",\"urlTemplate\":\"https:\/\/portalmf.com.br\/?s={search_term_string}\"},\"query-input\":\"required name=search_term_string\"}],\"inLanguage\":\"pt-BR\"},{\"@type\":\"Person\",\"@id\":\"https:\/\/portalmf.com.br\/#\/schema\/person\/9ec101baf56233e53520c26de5d6f6f0\",\"name\":\"Reda\u00e7\u00e3o Portal MF\",\"image\":{\"@type\":\"ImageObject\",\"inLanguage\":\"pt-BR\",\"@id\":\"https:\/\/portalmf.com.br\/#\/schema\/person\/image\/\",\"url\":\"https:\/\/secure.gravatar.com\/avatar\/41b9aaeb2100835f7c64362330f74c7f?s=96&d=mm&r=g\",\"contentUrl\":\"https:\/\/secure.gravatar.com\/avatar\/41b9aaeb2100835f7c64362330f74c7f?s=96&d=mm&r=g\",\"caption\":\"Reda\u00e7\u00e3o Portal MF\"},\"description\":\"Sejam bem-vindos o portal de informa\u00e7\u00f5es de entretenimento de Feira de Santana, desde 2006 realiza coberturas dos principais eventos com entrevistas exclusivas com as principais personalidades mundiais. Fique conectado tamb\u00e9m nas redes sociais.\",\"sameAs\":[\"http:\/\/www.portalmf.com.br\/\",\"https:\/\/www.facebook.com\/portalmfoficial\",\"https:\/\/www.instagram.com\/portalmf\/\",\"https:\/\/x.com\/https:\/\/x.com\/portalmfoficial\",\"https:\/\/www.youtube.com\/@portalmfoficial\"],\"url\":\"https:\/\/portalmf.com.br\/index.php\/author\/junior\/\"}]}<\/script>\n<!-- \/ Yoast SEO plugin. -->","yoast_head_json":{"title":"Governador visita planta de produ\u00e7\u00e3o de hidrog\u00eanio verde em \u00faltima agenda na Espanha - Portal MF","robots":{"index":"index","follow":"follow","max-snippet":"max-snippet:-1","max-image-preview":"max-image-preview:large","max-video-preview":"max-video-preview:-1"},"canonical":"https:\/\/portalmf.com.br\/index.php\/2024\/02\/29\/governador-visita-planta-de-producao-de-hidrogenio-verde-em-ultima-agenda-na-espanha\/","og_locale":"pt_BR","og_type":"article","og_title":"Governador visita planta de produ\u00e7\u00e3o de hidrog\u00eanio verde em \u00faltima agenda na Espanha - Portal MF","og_description":"Gera\u00e7\u00e3o de energia limpa e sustentabilidade foi o tema da \u00faltima agenda da miss\u00e3o internacional de Jer\u00f4nimo Rodrigues, na Espanha. Depois de quatro dias em Barcelona, o governador baiano foi \u00e0 cidade de Puertollano, nesta quinta-feira (29), para conhecer uma planta de produ\u00e7\u00e3o de hidrog\u00eanio verde. A unidade, que pertence ao grupo Iberdrola, est\u00e1 instalada [&hellip;]","og_url":"https:\/\/portalmf.com.br\/index.php\/2024\/02\/29\/governador-visita-planta-de-producao-de-hidrogenio-verde-em-ultima-agenda-na-espanha\/","og_site_name":"Portal MF","article_author":"https:\/\/www.facebook.com\/portalmfoficial","article_published_time":"2024-02-29T20:12:20+00:00","article_modified_time":"2024-02-29T20:12:21+00:00","og_image":[{"width":696,"height":522,"url":"https:\/\/portalmf.com.br\/wp-content\/uploads\/2024\/02\/Fotos-Eudes-BenicioGOVBA-4-696x522-1.jpg","type":"image\/jpeg"}],"author":"Reda\u00e7\u00e3o Portal MF","twitter_card":"summary_large_image","twitter_creator":"@https:\/\/x.com\/portalmfoficial","twitter_misc":{"Escrito por":"Reda\u00e7\u00e3o Portal MF","Est. tempo de leitura":"4 minutos"},"schema":{"@context":"https:\/\/schema.org","@graph":[{"@type":"WebPage","@id":"https:\/\/portalmf.com.br\/index.php\/2024\/02\/29\/governador-visita-planta-de-producao-de-hidrogenio-verde-em-ultima-agenda-na-espanha\/","url":"https:\/\/portalmf.com.br\/index.php\/2024\/02\/29\/governador-visita-planta-de-producao-de-hidrogenio-verde-em-ultima-agenda-na-espanha\/","name":"Governador visita planta de produ\u00e7\u00e3o de hidrog\u00eanio verde em \u00faltima agenda na Espanha - Portal MF","isPartOf":{"@id":"https:\/\/portalmf.com.br\/#website"},"primaryImageOfPage":{"@id":"https:\/\/portalmf.com.br\/index.php\/2024\/02\/29\/governador-visita-planta-de-producao-de-hidrogenio-verde-em-ultima-agenda-na-espanha\/#primaryimage"},"image":{"@id":"https:\/\/portalmf.com.br\/index.php\/2024\/02\/29\/governador-visita-planta-de-producao-de-hidrogenio-verde-em-ultima-agenda-na-espanha\/#primaryimage"},"thumbnailUrl":"https:\/\/portalmf.com.br\/wp-content\/uploads\/2024\/02\/Fotos-Eudes-BenicioGOVBA-4-696x522-1.jpg","datePublished":"2024-02-29T20:12:20+00:00","dateModified":"2024-02-29T20:12:21+00:00","author":{"@id":"https:\/\/portalmf.com.br\/#\/schema\/person\/9ec101baf56233e53520c26de5d6f6f0"},"breadcrumb":{"@id":"https:\/\/portalmf.com.br\/index.php\/2024\/02\/29\/governador-visita-planta-de-producao-de-hidrogenio-verde-em-ultima-agenda-na-espanha\/#breadcrumb"},"inLanguage":"pt-BR","potentialAction":[{"@type":"ReadAction","target":["https:\/\/portalmf.com.br\/index.php\/2024\/02\/29\/governador-visita-planta-de-producao-de-hidrogenio-verde-em-ultima-agenda-na-espanha\/"]}]},{"@type":"ImageObject","inLanguage":"pt-BR","@id":"https:\/\/portalmf.com.br\/index.php\/2024\/02\/29\/governador-visita-planta-de-producao-de-hidrogenio-verde-em-ultima-agenda-na-espanha\/#primaryimage","url":"https:\/\/portalmf.com.br\/wp-content\/uploads\/2024\/02\/Fotos-Eudes-BenicioGOVBA-4-696x522-1.jpg","contentUrl":"https:\/\/portalmf.com.br\/wp-content\/uploads\/2024\/02\/Fotos-Eudes-BenicioGOVBA-4-696x522-1.jpg","width":696,"height":522},{"@type":"BreadcrumbList","@id":"https:\/\/portalmf.com.br\/index.php\/2024\/02\/29\/governador-visita-planta-de-producao-de-hidrogenio-verde-em-ultima-agenda-na-espanha\/#breadcrumb","itemListElement":[{"@type":"ListItem","position":1,"name":"In\u00edcio","item":"https:\/\/portalmf.com.br\/"},{"@type":"ListItem","position":2,"name":"Governador visita planta de produ\u00e7\u00e3o de hidrog\u00eanio verde em \u00faltima agenda na Espanha"}]},{"@type":"WebSite","@id":"https:\/\/portalmf.com.br\/#website","url":"https:\/\/portalmf.com.br\/","name":"Portal MF","description":"Voc\u00ea conectado com a informa\u00e7\u00e3o","potentialAction":[{"@type":"SearchAction","target":{"@type":"EntryPoint","urlTemplate":"https:\/\/portalmf.com.br\/?s={search_term_string}"},"query-input":"required name=search_term_string"}],"inLanguage":"pt-BR"},{"@type":"Person","@id":"https:\/\/portalmf.com.br\/#\/schema\/person\/9ec101baf56233e53520c26de5d6f6f0","name":"Reda\u00e7\u00e3o Portal MF","image":{"@type":"ImageObject","inLanguage":"pt-BR","@id":"https:\/\/portalmf.com.br\/#\/schema\/person\/image\/","url":"https:\/\/secure.gravatar.com\/avatar\/41b9aaeb2100835f7c64362330f74c7f?s=96&d=mm&r=g","contentUrl":"https:\/\/secure.gravatar.com\/avatar\/41b9aaeb2100835f7c64362330f74c7f?s=96&d=mm&r=g","caption":"Reda\u00e7\u00e3o Portal MF"},"description":"Sejam bem-vindos o portal de informa\u00e7\u00f5es de entretenimento de Feira de Santana, desde 2006 realiza coberturas dos principais eventos com entrevistas exclusivas com as principais personalidades mundiais. Fique conectado tamb\u00e9m nas redes sociais.","sameAs":["http:\/\/www.portalmf.com.br\/","https:\/\/www.facebook.com\/portalmfoficial","https:\/\/www.instagram.com\/portalmf\/","https:\/\/x.com\/https:\/\/x.com\/portalmfoficial","https:\/\/www.youtube.com\/@portalmfoficial"],"url":"https:\/\/portalmf.com.br\/index.php\/author\/junior\/"}]}},"_links":{"self":[{"href":"https:\/\/portalmf.com.br\/index.php\/wp-json\/wp\/v2\/posts\/24336"}],"collection":[{"href":"https:\/\/portalmf.com.br\/index.php\/wp-json\/wp\/v2\/posts"}],"about":[{"href":"https:\/\/portalmf.com.br\/index.php\/wp-json\/wp\/v2\/types\/post"}],"author":[{"embeddable":true,"href":"https:\/\/portalmf.com.br\/index.php\/wp-json\/wp\/v2\/users\/3"}],"replies":[{"embeddable":true,"href":"https:\/\/portalmf.com.br\/index.php\/wp-json\/wp\/v2\/comments?post=24336"}],"version-history":[{"count":1,"href":"https:\/\/portalmf.com.br\/index.php\/wp-json\/wp\/v2\/posts\/24336\/revisions"}],"predecessor-version":[{"id":24340,"href":"https:\/\/portalmf.com.br\/index.php\/wp-json\/wp\/v2\/posts\/24336\/revisions\/24340"}],"wp:featuredmedia":[{"embeddable":true,"href":"https:\/\/portalmf.com.br\/index.php\/wp-json\/wp\/v2\/media\/24339"}],"wp:attachment":[{"href":"https:\/\/portalmf.com.br\/index.php\/wp-json\/wp\/v2\/media?parent=24336"}],"wp:term":[{"taxonomy":"category","embeddable":true,"href":"https:\/\/portalmf.com.br\/index.php\/wp-json\/wp\/v2\/categories?post=24336"},{"taxonomy":"post_tag","embeddable":true,"href":"https:\/\/portalmf.com.br\/index.php\/wp-json\/wp\/v2\/tags?post=24336"}],"curies":[{"name":"wp","href":"https:\/\/api.w.org\/{rel}","templated":true}]}}