{"id":24333,"date":"2024-02-29T17:10:23","date_gmt":"2024-02-29T20:10:23","guid":{"rendered":"https:\/\/portalmf.com.br\/?p=24333"},"modified":"2024-02-29T17:10:24","modified_gmt":"2024-02-29T20:10:24","slug":"prefeitura-de-feira-promove-dia-d-de-combate-a-dengue-neste-sabado","status":"publish","type":"post","link":"https:\/\/portalmf.com.br\/index.php\/2024\/02\/29\/prefeitura-de-feira-promove-dia-d-de-combate-a-dengue-neste-sabado\/","title":{"rendered":"Prefeitura de Feira promove Dia D de Combate \u00e0 Dengue neste s\u00e1bado"},"content":{"rendered":"\n<p>No intuito de fortalecer as a\u00e7\u00f5es de preven\u00e7\u00e3o da dengue, a Prefeitura de Feira de Santana realiza neste s\u00e1bado, 02, o Dia D de Combate \u00e0 doen\u00e7a. Durante todo o dia, ser\u00e3o intensificadas as medidas para elimina\u00e7\u00e3o dos focos de criadouros do mosquito Aedes Aegypti.<\/p>\n\n\n\n<p>A Secretaria Municipal de Sa\u00fade (SMS) estar\u00e1 \u00e0 frente da iniciativa, disponibilizando postos de vacina\u00e7\u00e3o em locais estrat\u00e9gicos para garantir a imuniza\u00e7\u00e3o de crian\u00e7as, entre 10 e 14 anos, contra a doen\u00e7a.<\/p>\n\n\n\n<p>Na zona urbana, a vacina\u00e7\u00e3o ser\u00e1 realizada no audit\u00f3rio da pr\u00f3pria SMS, das 8h \u00e0s 12h, nas Unidades de Sa\u00fade da Fam\u00edlia (USFs) Rua Nova I, Rua Nova II, III e Barroquinha, das 8h \u00e0s 12h, e no Boulevard Shopping, das 9h \u00e0s 18h. J\u00e1 para assegurar a imuniza\u00e7\u00e3o daqueles que vivem em locais de dif\u00edcil acesso, a Caravana da Vacina\u00e7\u00e3o percorrer\u00e1 os distritos de Ipua\u00e7u, Bonfim de Feira, Humildes, Ful\u00f4 e Ja\u00edba, com atendimento das 8h \u00e0s 12h30, nas respectivas unidades de sa\u00fade.<\/p>\n\n\n\n<p>\u00c9 importante ressaltar que para receber as doses, os pais ou respons\u00e1veis devem comparecer munidos de documento de identidade, cart\u00e3o SUS e a caderneta de vacina\u00e7\u00e3o da crian\u00e7a, garantindo assim um registro preciso das vacinas recebidas.<\/p>\n\n\n\n<p>Al\u00e9m da vacina\u00e7\u00e3o, equipes de educa\u00e7\u00e3o e sa\u00fade percorrer\u00e3o as feiras livres dos bairros George Am\u00e9rico, Esta\u00e7\u00e3o Nova, Tomba e Centro Abastecimento distribuindo materiais educativos, como folders e cartazes, com o intuito de conscientizar as pessoas sobre os modos de preven\u00e7\u00e3o da dengue.<\/p>\n\n\n\n<p>No bairro Rua Nova, os moradores ter\u00e3o oportunidade de desapegar de m\u00f3veis velhos, eletrodom\u00e9sticos e demais itens inutilizados que podem acumular \u00e1gua parada, atrav\u00e9s da opera\u00e7\u00e3o bota-fora, projeto da Secretaria de Servi\u00e7os P\u00fablicos (SESP). Os objetos devem ser colocados na porta de casa.<\/p>\n\n\n\n<p>Agentes de endemias tamb\u00e9m estar\u00e3o no local para intensificar o trabalho com bloqueios de criadouros, identifica\u00e7\u00e3o de pontos de \u00e1gua parada e outros focos de reprodu\u00e7\u00e3o do mosquito. A colabora\u00e7\u00e3o da comunidade \u00e9 essencial no combate da dengue no munic\u00edpio.<\/p>\n\n\n\n<p>Com informa\u00e7\u00f5es da Secom<\/p>\n","protected":false},"excerpt":{"rendered":"<p>No intuito de fortalecer as a\u00e7\u00f5es de preven\u00e7\u00e3o da dengue, a Prefeitura de Feira de Santana realiza neste s\u00e1bado, 02, o Dia D de Combate \u00e0 doen\u00e7a. Durante todo o dia, ser\u00e3o intensificadas as medidas para elimina\u00e7\u00e3o dos focos de criadouros do mosquito Aedes Aegypti. A Secretaria Municipal de Sa\u00fade (SMS) estar\u00e1 \u00e0 frente da [&hellip;]<\/p>\n","protected":false},"author":3,"featured_media":24334,"comment_status":"open","ping_status":"open","sticky":false,"template":"","format":"standard","meta":{"_monsterinsights_skip_tracking":false,"_monsterinsights_sitenote_active":false,"_monsterinsights_sitenote_note":"","_monsterinsights_sitenote_category":0,"footnotes":""},"categories":[34],"tags":[],"yoast_head":"<!-- This site is optimized with the Yoast SEO plugin v22.9 - https:\/\/yoast.com\/wordpress\/plugins\/seo\/ -->\n<title>Prefeitura de Feira promove Dia D de Combate \u00e0 Dengue neste s\u00e1bado - Portal MF<\/title>\n<meta name=\"robots\" content=\"index, follow, max-snippet:-1, max-image-preview:large, max-video-preview:-1\" \/>\n<link rel=\"canonical\" href=\"https:\/\/portalmf.com.br\/index.php\/2024\/02\/29\/prefeitura-de-feira-promove-dia-d-de-combate-a-dengue-neste-sabado\/\" \/>\n<meta property=\"og:locale\" content=\"pt_BR\" \/>\n<meta property=\"og:type\" content=\"article\" \/>\n<meta property=\"og:title\" content=\"Prefeitura de Feira promove Dia D de Combate \u00e0 Dengue neste s\u00e1bado - Portal MF\" \/>\n<meta property=\"og:description\" content=\"No intuito de fortalecer as a\u00e7\u00f5es de preven\u00e7\u00e3o da dengue, a Prefeitura de Feira de Santana realiza neste s\u00e1bado, 02, o Dia D de Combate \u00e0 doen\u00e7a. Durante todo o dia, ser\u00e3o intensificadas as medidas para elimina\u00e7\u00e3o dos focos de criadouros do mosquito Aedes Aegypti. A Secretaria Municipal de Sa\u00fade (SMS) estar\u00e1 \u00e0 frente da [&hellip;]\" \/>\n<meta property=\"og:url\" content=\"https:\/\/portalmf.com.br\/index.php\/2024\/02\/29\/prefeitura-de-feira-promove-dia-d-de-combate-a-dengue-neste-sabado\/\" \/>\n<meta property=\"og:site_name\" content=\"Portal MF\" \/>\n<meta property=\"article:author\" content=\"https:\/\/www.facebook.com\/portalmfoficial\" \/>\n<meta property=\"article:published_time\" content=\"2024-02-29T20:10:23+00:00\" \/>\n<meta property=\"article:modified_time\" content=\"2024-02-29T20:10:24+00:00\" \/>\n<meta property=\"og:image\" content=\"https:\/\/portalmf.com.br\/wp-content\/uploads\/2024\/02\/Combate-a-dengue-e-realizada-na-Feira-da-Estacaoo-Nova-Foto-Danielly-Freitas-3.jpg\" \/>\n\t<meta property=\"og:image:width\" content=\"1299\" \/>\n\t<meta property=\"og:image:height\" content=\"866\" \/>\n\t<meta property=\"og:image:type\" content=\"image\/jpeg\" \/>\n<meta name=\"author\" content=\"Reda\u00e7\u00e3o Portal MF\" \/>\n<meta name=\"twitter:card\" content=\"summary_large_image\" \/>\n<meta name=\"twitter:creator\" content=\"@https:\/\/x.com\/portalmfoficial\" \/>\n<meta name=\"twitter:label1\" content=\"Escrito por\" \/>\n\t<meta name=\"twitter:data1\" content=\"Reda\u00e7\u00e3o Portal MF\" \/>\n\t<meta name=\"twitter:label2\" content=\"Est. tempo de leitura\" \/>\n\t<meta name=\"twitter:data2\" content=\"3 minutos\" \/>\n<script type=\"application\/ld+json\" class=\"yoast-schema-graph\">{\"@context\":\"https:\/\/schema.org\",\"@graph\":[{\"@type\":\"WebPage\",\"@id\":\"https:\/\/portalmf.com.br\/index.php\/2024\/02\/29\/prefeitura-de-feira-promove-dia-d-de-combate-a-dengue-neste-sabado\/\",\"url\":\"https:\/\/portalmf.com.br\/index.php\/2024\/02\/29\/prefeitura-de-feira-promove-dia-d-de-combate-a-dengue-neste-sabado\/\",\"name\":\"Prefeitura de Feira promove Dia D de Combate \u00e0 Dengue neste s\u00e1bado - Portal MF\",\"isPartOf\":{\"@id\":\"https:\/\/portalmf.com.br\/#website\"},\"primaryImageOfPage\":{\"@id\":\"https:\/\/portalmf.com.br\/index.php\/2024\/02\/29\/prefeitura-de-feira-promove-dia-d-de-combate-a-dengue-neste-sabado\/#primaryimage\"},\"image\":{\"@id\":\"https:\/\/portalmf.com.br\/index.php\/2024\/02\/29\/prefeitura-de-feira-promove-dia-d-de-combate-a-dengue-neste-sabado\/#primaryimage\"},\"thumbnailUrl\":\"https:\/\/portalmf.com.br\/wp-content\/uploads\/2024\/02\/Combate-a-dengue-e-realizada-na-Feira-da-Estacaoo-Nova-Foto-Danielly-Freitas-3.jpg\",\"datePublished\":\"2024-02-29T20:10:23+00:00\",\"dateModified\":\"2024-02-29T20:10:24+00:00\",\"author\":{\"@id\":\"https:\/\/portalmf.com.br\/#\/schema\/person\/9ec101baf56233e53520c26de5d6f6f0\"},\"breadcrumb\":{\"@id\":\"https:\/\/portalmf.com.br\/index.php\/2024\/02\/29\/prefeitura-de-feira-promove-dia-d-de-combate-a-dengue-neste-sabado\/#breadcrumb\"},\"inLanguage\":\"pt-BR\",\"potentialAction\":[{\"@type\":\"ReadAction\",\"target\":[\"https:\/\/portalmf.com.br\/index.php\/2024\/02\/29\/prefeitura-de-feira-promove-dia-d-de-combate-a-dengue-neste-sabado\/\"]}]},{\"@type\":\"ImageObject\",\"inLanguage\":\"pt-BR\",\"@id\":\"https:\/\/portalmf.com.br\/index.php\/2024\/02\/29\/prefeitura-de-feira-promove-dia-d-de-combate-a-dengue-neste-sabado\/#primaryimage\",\"url\":\"https:\/\/portalmf.com.br\/wp-content\/uploads\/2024\/02\/Combate-a-dengue-e-realizada-na-Feira-da-Estacaoo-Nova-Foto-Danielly-Freitas-3.jpg\",\"contentUrl\":\"https:\/\/portalmf.com.br\/wp-content\/uploads\/2024\/02\/Combate-a-dengue-e-realizada-na-Feira-da-Estacaoo-Nova-Foto-Danielly-Freitas-3.jpg\",\"width\":1299,\"height\":866},{\"@type\":\"BreadcrumbList\",\"@id\":\"https:\/\/portalmf.com.br\/index.php\/2024\/02\/29\/prefeitura-de-feira-promove-dia-d-de-combate-a-dengue-neste-sabado\/#breadcrumb\",\"itemListElement\":[{\"@type\":\"ListItem\",\"position\":1,\"name\":\"In\u00edcio\",\"item\":\"https:\/\/portalmf.com.br\/\"},{\"@type\":\"ListItem\",\"position\":2,\"name\":\"Prefeitura de Feira promove Dia D de Combate \u00e0 Dengue neste s\u00e1bado\"}]},{\"@type\":\"WebSite\",\"@id\":\"https:\/\/portalmf.com.br\/#website\",\"url\":\"https:\/\/portalmf.com.br\/\",\"name\":\"Portal MF\",\"description\":\"Voc\u00ea conectado com a informa\u00e7\u00e3o\",\"potentialAction\":[{\"@type\":\"SearchAction\",\"target\":{\"@type\":\"EntryPoint\",\"urlTemplate\":\"https:\/\/portalmf.com.br\/?s={search_term_string}\"},\"query-input\":\"required name=search_term_string\"}],\"inLanguage\":\"pt-BR\"},{\"@type\":\"Person\",\"@id\":\"https:\/\/portalmf.com.br\/#\/schema\/person\/9ec101baf56233e53520c26de5d6f6f0\",\"name\":\"Reda\u00e7\u00e3o Portal MF\",\"image\":{\"@type\":\"ImageObject\",\"inLanguage\":\"pt-BR\",\"@id\":\"https:\/\/portalmf.com.br\/#\/schema\/person\/image\/\",\"url\":\"https:\/\/secure.gravatar.com\/avatar\/41b9aaeb2100835f7c64362330f74c7f?s=96&d=mm&r=g\",\"contentUrl\":\"https:\/\/secure.gravatar.com\/avatar\/41b9aaeb2100835f7c64362330f74c7f?s=96&d=mm&r=g\",\"caption\":\"Reda\u00e7\u00e3o Portal MF\"},\"description\":\"Sejam bem-vindos o portal de informa\u00e7\u00f5es de entretenimento de Feira de Santana, desde 2006 realiza coberturas dos principais eventos com entrevistas exclusivas com as principais personalidades mundiais. Fique conectado tamb\u00e9m nas redes sociais.\",\"sameAs\":[\"http:\/\/www.portalmf.com.br\/\",\"https:\/\/www.facebook.com\/portalmfoficial\",\"https:\/\/www.instagram.com\/portalmf\/\",\"https:\/\/x.com\/https:\/\/x.com\/portalmfoficial\",\"https:\/\/www.youtube.com\/@portalmfoficial\"],\"url\":\"https:\/\/portalmf.com.br\/index.php\/author\/junior\/\"}]}<\/script>\n<!-- \/ Yoast SEO plugin. -->","yoast_head_json":{"title":"Prefeitura de Feira promove Dia D de Combate \u00e0 Dengue neste s\u00e1bado - Portal MF","robots":{"index":"index","follow":"follow","max-snippet":"max-snippet:-1","max-image-preview":"max-image-preview:large","max-video-preview":"max-video-preview:-1"},"canonical":"https:\/\/portalmf.com.br\/index.php\/2024\/02\/29\/prefeitura-de-feira-promove-dia-d-de-combate-a-dengue-neste-sabado\/","og_locale":"pt_BR","og_type":"article","og_title":"Prefeitura de Feira promove Dia D de Combate \u00e0 Dengue neste s\u00e1bado - Portal MF","og_description":"No intuito de fortalecer as a\u00e7\u00f5es de preven\u00e7\u00e3o da dengue, a Prefeitura de Feira de Santana realiza neste s\u00e1bado, 02, o Dia D de Combate \u00e0 doen\u00e7a. Durante todo o dia, ser\u00e3o intensificadas as medidas para elimina\u00e7\u00e3o dos focos de criadouros do mosquito Aedes Aegypti. A Secretaria Municipal de Sa\u00fade (SMS) estar\u00e1 \u00e0 frente da [&hellip;]","og_url":"https:\/\/portalmf.com.br\/index.php\/2024\/02\/29\/prefeitura-de-feira-promove-dia-d-de-combate-a-dengue-neste-sabado\/","og_site_name":"Portal MF","article_author":"https:\/\/www.facebook.com\/portalmfoficial","article_published_time":"2024-02-29T20:10:23+00:00","article_modified_time":"2024-02-29T20:10:24+00:00","og_image":[{"width":1299,"height":866,"url":"https:\/\/portalmf.com.br\/wp-content\/uploads\/2024\/02\/Combate-a-dengue-e-realizada-na-Feira-da-Estacaoo-Nova-Foto-Danielly-Freitas-3.jpg","type":"image\/jpeg"}],"author":"Reda\u00e7\u00e3o Portal MF","twitter_card":"summary_large_image","twitter_creator":"@https:\/\/x.com\/portalmfoficial","twitter_misc":{"Escrito por":"Reda\u00e7\u00e3o Portal MF","Est. tempo de leitura":"3 minutos"},"schema":{"@context":"https:\/\/schema.org","@graph":[{"@type":"WebPage","@id":"https:\/\/portalmf.com.br\/index.php\/2024\/02\/29\/prefeitura-de-feira-promove-dia-d-de-combate-a-dengue-neste-sabado\/","url":"https:\/\/portalmf.com.br\/index.php\/2024\/02\/29\/prefeitura-de-feira-promove-dia-d-de-combate-a-dengue-neste-sabado\/","name":"Prefeitura de Feira promove Dia D de Combate \u00e0 Dengue neste s\u00e1bado - Portal MF","isPartOf":{"@id":"https:\/\/portalmf.com.br\/#website"},"primaryImageOfPage":{"@id":"https:\/\/portalmf.com.br\/index.php\/2024\/02\/29\/prefeitura-de-feira-promove-dia-d-de-combate-a-dengue-neste-sabado\/#primaryimage"},"image":{"@id":"https:\/\/portalmf.com.br\/index.php\/2024\/02\/29\/prefeitura-de-feira-promove-dia-d-de-combate-a-dengue-neste-sabado\/#primaryimage"},"thumbnailUrl":"https:\/\/portalmf.com.br\/wp-content\/uploads\/2024\/02\/Combate-a-dengue-e-realizada-na-Feira-da-Estacaoo-Nova-Foto-Danielly-Freitas-3.jpg","datePublished":"2024-02-29T20:10:23+00:00","dateModified":"2024-02-29T20:10:24+00:00","author":{"@id":"https:\/\/portalmf.com.br\/#\/schema\/person\/9ec101baf56233e53520c26de5d6f6f0"},"breadcrumb":{"@id":"https:\/\/portalmf.com.br\/index.php\/2024\/02\/29\/prefeitura-de-feira-promove-dia-d-de-combate-a-dengue-neste-sabado\/#breadcrumb"},"inLanguage":"pt-BR","potentialAction":[{"@type":"ReadAction","target":["https:\/\/portalmf.com.br\/index.php\/2024\/02\/29\/prefeitura-de-feira-promove-dia-d-de-combate-a-dengue-neste-sabado\/"]}]},{"@type":"ImageObject","inLanguage":"pt-BR","@id":"https:\/\/portalmf.com.br\/index.php\/2024\/02\/29\/prefeitura-de-feira-promove-dia-d-de-combate-a-dengue-neste-sabado\/#primaryimage","url":"https:\/\/portalmf.com.br\/wp-content\/uploads\/2024\/02\/Combate-a-dengue-e-realizada-na-Feira-da-Estacaoo-Nova-Foto-Danielly-Freitas-3.jpg","contentUrl":"https:\/\/portalmf.com.br\/wp-content\/uploads\/2024\/02\/Combate-a-dengue-e-realizada-na-Feira-da-Estacaoo-Nova-Foto-Danielly-Freitas-3.jpg","width":1299,"height":866},{"@type":"BreadcrumbList","@id":"https:\/\/portalmf.com.br\/index.php\/2024\/02\/29\/prefeitura-de-feira-promove-dia-d-de-combate-a-dengue-neste-sabado\/#breadcrumb","itemListElement":[{"@type":"ListItem","position":1,"name":"In\u00edcio","item":"https:\/\/portalmf.com.br\/"},{"@type":"ListItem","position":2,"name":"Prefeitura de Feira promove Dia D de Combate \u00e0 Dengue neste s\u00e1bado"}]},{"@type":"WebSite","@id":"https:\/\/portalmf.com.br\/#website","url":"https:\/\/portalmf.com.br\/","name":"Portal MF","description":"Voc\u00ea conectado com a informa\u00e7\u00e3o","potentialAction":[{"@type":"SearchAction","target":{"@type":"EntryPoint","urlTemplate":"https:\/\/portalmf.com.br\/?s={search_term_string}"},"query-input":"required name=search_term_string"}],"inLanguage":"pt-BR"},{"@type":"Person","@id":"https:\/\/portalmf.com.br\/#\/schema\/person\/9ec101baf56233e53520c26de5d6f6f0","name":"Reda\u00e7\u00e3o Portal MF","image":{"@type":"ImageObject","inLanguage":"pt-BR","@id":"https:\/\/portalmf.com.br\/#\/schema\/person\/image\/","url":"https:\/\/secure.gravatar.com\/avatar\/41b9aaeb2100835f7c64362330f74c7f?s=96&d=mm&r=g","contentUrl":"https:\/\/secure.gravatar.com\/avatar\/41b9aaeb2100835f7c64362330f74c7f?s=96&d=mm&r=g","caption":"Reda\u00e7\u00e3o Portal MF"},"description":"Sejam bem-vindos o portal de informa\u00e7\u00f5es de entretenimento de Feira de Santana, desde 2006 realiza coberturas dos principais eventos com entrevistas exclusivas com as principais personalidades mundiais. Fique conectado tamb\u00e9m nas redes sociais.","sameAs":["http:\/\/www.portalmf.com.br\/","https:\/\/www.facebook.com\/portalmfoficial","https:\/\/www.instagram.com\/portalmf\/","https:\/\/x.com\/https:\/\/x.com\/portalmfoficial","https:\/\/www.youtube.com\/@portalmfoficial"],"url":"https:\/\/portalmf.com.br\/index.php\/author\/junior\/"}]}},"_links":{"self":[{"href":"https:\/\/portalmf.com.br\/index.php\/wp-json\/wp\/v2\/posts\/24333"}],"collection":[{"href":"https:\/\/portalmf.com.br\/index.php\/wp-json\/wp\/v2\/posts"}],"about":[{"href":"https:\/\/portalmf.com.br\/index.php\/wp-json\/wp\/v2\/types\/post"}],"author":[{"embeddable":true,"href":"https:\/\/portalmf.com.br\/index.php\/wp-json\/wp\/v2\/users\/3"}],"replies":[{"embeddable":true,"href":"https:\/\/portalmf.com.br\/index.php\/wp-json\/wp\/v2\/comments?post=24333"}],"version-history":[{"count":1,"href":"https:\/\/portalmf.com.br\/index.php\/wp-json\/wp\/v2\/posts\/24333\/revisions"}],"predecessor-version":[{"id":24335,"href":"https:\/\/portalmf.com.br\/index.php\/wp-json\/wp\/v2\/posts\/24333\/revisions\/24335"}],"wp:featuredmedia":[{"embeddable":true,"href":"https:\/\/portalmf.com.br\/index.php\/wp-json\/wp\/v2\/media\/24334"}],"wp:attachment":[{"href":"https:\/\/portalmf.com.br\/index.php\/wp-json\/wp\/v2\/media?parent=24333"}],"wp:term":[{"taxonomy":"category","embeddable":true,"href":"https:\/\/portalmf.com.br\/index.php\/wp-json\/wp\/v2\/categories?post=24333"},{"taxonomy":"post_tag","embeddable":true,"href":"https:\/\/portalmf.com.br\/index.php\/wp-json\/wp\/v2\/tags?post=24333"}],"curies":[{"name":"wp","href":"https:\/\/api.w.org\/{rel}","templated":true}]}}