{"id":24293,"date":"2024-02-28T18:09:07","date_gmt":"2024-02-28T21:09:07","guid":{"rendered":"https:\/\/portalmf.com.br\/?p=24293"},"modified":"2024-02-28T18:09:08","modified_gmt":"2024-02-28T21:09:08","slug":"na-espanha-governador-articula-acordo-de-cooperacao-tecnica-com-centro-de-pesquisa-em-hidrogenio-verde","status":"publish","type":"post","link":"https:\/\/portalmf.com.br\/index.php\/2024\/02\/28\/na-espanha-governador-articula-acordo-de-cooperacao-tecnica-com-centro-de-pesquisa-em-hidrogenio-verde\/","title":{"rendered":"Na Espanha, governador articula acordo de coopera\u00e7\u00e3o t\u00e9cnica com centro de pesquisa em hidrog\u00eanio verde"},"content":{"rendered":"\n<p>O Governo do Estado j\u00e1 deu o primeiro passo para estabelecer um acordo de coopera\u00e7\u00e3o t\u00e9cnica com o Centro de Pesquisa e Tecnologia em Hidrog\u00eanio (CER-H2), da Universidade Polit\u00e9cnica da Catalunha, na Espanha. Na manh\u00e3 desta quarta-feira (28), o governador Jer\u00f4nimo Rodrigues visitou o campus onde funciona o centro, em Barcelona, e, al\u00e9m de conhecer os equipamentos utilizados na pesquisa, iniciou as tratativas para a parceria entre a universidade e o governo baiano.<\/p>\n\n\n\n<p><em>\u201cEsse termo de coopera\u00e7\u00e3o que nos comprometemos a assinar vai garantir a troca de experi\u00eancias e o interc\u00e2mbio de profissionais, como cientistas e t\u00e9cnicos, com a inten\u00e7\u00e3o de fazer a Bahia avan\u00e7ar na produ\u00e7\u00e3o do hidrog\u00eanio verde. Sabemos que com o potencial do nosso estado e os conhecimentos que ser\u00e3o compartilhados podemos, tranquilamente, produzir os nossos fertilizantes\u201d,<\/em> pontuou Jer\u00f4nimo Rodrigues.<\/p>\n\n\n\n<p>Uma das linhas de estudos e experimentos dos pesquisadores espanh\u00f3is \u00e9 para aplica\u00e7\u00e3o do hidrog\u00eanio verde para ve\u00edculos. Eles estudam tamb\u00e9m alternativas para diminui\u00e7\u00e3o de custo na produ\u00e7\u00e3o dessa fonte de energia limpa.<\/p>\n\n\n\n<p>Al\u00e9m do governador, a primeira-dama do Estado, Tatiana Velloso; o secret\u00e1rio estadual de Desenvolvimento Econ\u00f4mico (SDE), \u00c2ngelo Almeida; e o superintendente de Atra\u00e7\u00e3o e Desenvolvimento de Neg\u00f3cios da SDE, Paulo Guimar\u00e3es, participaram desta agenda. Uma delega\u00e7\u00e3o baiana do Senai\/Cimatec, formada por Walter Pinheiro, rela\u00e7\u00f5es corporativas e governamentais; Leone Andrade, diretor de Tecnologia e Inova\u00e7\u00e3o e reitor do Campus Integrado de Manufatura e Tecnologia; e Jos\u00e9 Luis Gon\u00e7alves de Almeida, gerente executivo e coordenador de programas tamb\u00e9m acompanhou o encontro. \u00a0<\/p>\n\n\n\n<figure class=\"wp-block-image size-full\"><img fetchpriority=\"high\" decoding=\"async\" width=\"900\" height=\"675\" src=\"https:\/\/portalmf.com.br\/wp-content\/uploads\/2024\/02\/image-42.png\" alt=\"\" class=\"wp-image-24294\" srcset=\"https:\/\/portalmf.com.br\/wp-content\/uploads\/2024\/02\/image-42.png 900w, https:\/\/portalmf.com.br\/wp-content\/uploads\/2024\/02\/image-42-300x225.png 300w, https:\/\/portalmf.com.br\/wp-content\/uploads\/2024\/02\/image-42-768x576.png 768w, https:\/\/portalmf.com.br\/wp-content\/uploads\/2024\/02\/image-42-696x522.png 696w\" sizes=\"(max-width: 900px) 100vw, 900px\" \/><figcaption class=\"wp-element-caption\"><strong><em>Foto: Eudes Ben\u00edcio\/GOVBA<\/em><\/strong><\/figcaption><\/figure>\n\n\n\n<p>O gerente executivo do Senai-Cimatec,&nbsp;<em>Jos\u00e9 Luis<\/em>&nbsp;Gon\u00e7alves de Almeida, destacou a participa\u00e7\u00e3o da institui\u00e7\u00e3o na parceria. \u201cVamos colaborar na elabora\u00e7\u00e3o de uma estrat\u00e9gia sustent\u00e1vel de descarboniza\u00e7\u00e3o. O Senai-Cimatec j\u00e1 tem feito trabalhos com o governo do estado da Bahia, dando toda a assist\u00eancia t\u00e9cnica poss\u00edvel, na elabora\u00e7\u00e3o de&nbsp; projetos relacionados a energias limpas, processo de descarboniza\u00e7\u00e3o, nas rea\u00e7\u00f5es de redu\u00e7\u00e3o de g\u00e1s carb\u00f4nico e outras a\u00e7\u00f5es\u201d, disse.<\/p>\n\n\n\n<p>Representantes do Consulado e Embaixada brasileiros na Espanha tamb\u00e9m acompanharam a visita. Os \u00f3rg\u00e3os diplom\u00e1ticos ficaram respons\u00e1veis pelas primeiras intermedia\u00e7\u00f5es entre as organiza\u00e7\u00f5es envolvidas no acordo.<\/p>\n\n\n\n<p><strong>Hidrog\u00eanio verde na Bahia<\/strong><\/p>\n\n\n\n<p>Para fortalecer a posi\u00e7\u00e3o da Bahia na transi\u00e7\u00e3o para uma economia de baixo carbono, o Governo do Estado lan\u00e7ou o Atlas do Hidrog\u00eanio Verde durante a Confer\u00eancia das Na\u00e7\u00f5es Unidas sobre as Mudan\u00e7as Clim\u00e1ticas (COP28), em Dubai, em dezembro do ano passado. O H\u00b2V Atlas Bahia \u00e9 fruto de uma parceria entre o governo estadual e a Federa\u00e7\u00e3o das Ind\u00fastrias da Bahia (Fieb), sendo o primeiro do mundo, destaca o potencial do estado na produ\u00e7\u00e3o de energia limpa, consolidando-o como refer\u00eancia global no setor de energias renov\u00e1veis. Al\u00e9m disso, a iniciativa refor\u00e7a o compromisso da Bahia em promover pr\u00e1ticas sustent\u00e1veis e preservar seus ecossistemas.<\/p>\n\n\n\n<p>Paralelamente, a parceria entre o Governo e a Unigel \u2013 refer\u00eancia na produ\u00e7\u00e3o de fertilizantes \u2013 \u00e9 outro marco significativo no avan\u00e7o rumo \u00e0 economia de baixo carbono. A primeira etapa do projeto de implanta\u00e7\u00e3o de uma planta de produ\u00e7\u00e3o de hidrog\u00eanio verde em Cama\u00e7ari, j\u00e1 est\u00e1 em constru\u00e7\u00e3o e conta com investimento de US$120 milh\u00f5es e com a tecnologia de eletr\u00f3lise de alta efici\u00eancia da alem\u00e3 Thyssenkrupp Nucera.<\/p>\n\n\n\n<p>A iniciativa tamb\u00e9m posiciona a Bahia como protagonista na produ\u00e7\u00e3o de energias limpas, al\u00e9m de impulsionar a economia local e regional. A produ\u00e7\u00e3o da Unigel inclui tamb\u00e9m a utiliza\u00e7\u00e3o da am\u00f4nia verde como combust\u00edvel, em especial por navios graneleiros e porta-cont\u00eainere.<\/p>\n\n\n\n<figure class=\"wp-block-image size-full\"><img decoding=\"async\" width=\"900\" height=\"691\" src=\"https:\/\/portalmf.com.br\/wp-content\/uploads\/2024\/02\/image-43.png\" alt=\"\" class=\"wp-image-24295\" srcset=\"https:\/\/portalmf.com.br\/wp-content\/uploads\/2024\/02\/image-43.png 900w, https:\/\/portalmf.com.br\/wp-content\/uploads\/2024\/02\/image-43-300x230.png 300w, https:\/\/portalmf.com.br\/wp-content\/uploads\/2024\/02\/image-43-768x590.png 768w, https:\/\/portalmf.com.br\/wp-content\/uploads\/2024\/02\/image-43-696x534.png 696w\" sizes=\"(max-width: 900px) 100vw, 900px\" \/><figcaption class=\"wp-element-caption\"><em><strong>Foto: Eudes Ben\u00edcio\/GOVBA<\/strong><\/em><\/figcaption><\/figure>\n\n\n\n<p><strong>Mais tecnologia<\/strong><\/p>\n\n\n\n<p>De volta ao Fira de Barcelona, Jer\u00f4nimo cumpriu mais uma agenda dentro do Huawei Mobile World Congress (MWC) 2024 e se reuniu com executivos da Huawei, com quem o Governo do Estado j\u00e1 tem projetos de aplica\u00e7\u00e3o de tecnologias em \u00e1reas como Educa\u00e7\u00e3o e Seguran\u00e7a P\u00fablica. Na oportunidade, o chefe do executivo baiano aproveitou para dar as boas vindas ao novo presidente da Huawei Brasil, Gao Kexin.<\/p>\n","protected":false},"excerpt":{"rendered":"<p>O Governo do Estado j\u00e1 deu o primeiro passo para estabelecer um acordo de coopera\u00e7\u00e3o t\u00e9cnica com o Centro de Pesquisa e Tecnologia em Hidrog\u00eanio (CER-H2), da Universidade Polit\u00e9cnica da Catalunha, na Espanha. Na manh\u00e3 desta quarta-feira (28), o governador Jer\u00f4nimo Rodrigues visitou o campus onde funciona o centro, em Barcelona, e, al\u00e9m de conhecer [&hellip;]<\/p>\n","protected":false},"author":3,"featured_media":24296,"comment_status":"open","ping_status":"open","sticky":false,"template":"","format":"standard","meta":{"_monsterinsights_skip_tracking":false,"_monsterinsights_sitenote_active":false,"_monsterinsights_sitenote_note":"","_monsterinsights_sitenote_category":0,"footnotes":""},"categories":[34],"tags":[],"yoast_head":"<!-- This site is optimized with the Yoast SEO plugin v22.9 - https:\/\/yoast.com\/wordpress\/plugins\/seo\/ -->\n<title>Na Espanha, governador articula acordo de coopera\u00e7\u00e3o t\u00e9cnica com centro de pesquisa em hidrog\u00eanio verde - Portal MF<\/title>\n<meta name=\"robots\" content=\"index, follow, max-snippet:-1, max-image-preview:large, max-video-preview:-1\" \/>\n<link rel=\"canonical\" href=\"https:\/\/portalmf.com.br\/index.php\/2024\/02\/28\/na-espanha-governador-articula-acordo-de-cooperacao-tecnica-com-centro-de-pesquisa-em-hidrogenio-verde\/\" \/>\n<meta property=\"og:locale\" content=\"pt_BR\" \/>\n<meta property=\"og:type\" content=\"article\" \/>\n<meta property=\"og:title\" content=\"Na Espanha, governador articula acordo de coopera\u00e7\u00e3o t\u00e9cnica com centro de pesquisa em hidrog\u00eanio verde - Portal MF\" \/>\n<meta property=\"og:description\" content=\"O Governo do Estado j\u00e1 deu o primeiro passo para estabelecer um acordo de coopera\u00e7\u00e3o t\u00e9cnica com o Centro de Pesquisa e Tecnologia em Hidrog\u00eanio (CER-H2), da Universidade Polit\u00e9cnica da Catalunha, na Espanha. Na manh\u00e3 desta quarta-feira (28), o governador Jer\u00f4nimo Rodrigues visitou o campus onde funciona o centro, em Barcelona, e, al\u00e9m de conhecer [&hellip;]\" \/>\n<meta property=\"og:url\" content=\"https:\/\/portalmf.com.br\/index.php\/2024\/02\/28\/na-espanha-governador-articula-acordo-de-cooperacao-tecnica-com-centro-de-pesquisa-em-hidrogenio-verde\/\" \/>\n<meta property=\"og:site_name\" content=\"Portal MF\" \/>\n<meta property=\"article:author\" content=\"https:\/\/www.facebook.com\/portalmfoficial\" \/>\n<meta property=\"article:published_time\" content=\"2024-02-28T21:09:07+00:00\" \/>\n<meta property=\"article:modified_time\" content=\"2024-02-28T21:09:08+00:00\" \/>\n<meta property=\"og:image\" content=\"https:\/\/portalmf.com.br\/wp-content\/uploads\/2024\/02\/Fotos-Eudes-BenicioGOVBA-3-696x543-1.jpg\" \/>\n\t<meta property=\"og:image:width\" content=\"696\" \/>\n\t<meta property=\"og:image:height\" content=\"543\" \/>\n\t<meta property=\"og:image:type\" content=\"image\/jpeg\" \/>\n<meta name=\"author\" content=\"Reda\u00e7\u00e3o Portal MF\" \/>\n<meta name=\"twitter:card\" content=\"summary_large_image\" \/>\n<meta name=\"twitter:creator\" content=\"@https:\/\/x.com\/portalmfoficial\" \/>\n<meta name=\"twitter:label1\" content=\"Escrito por\" \/>\n\t<meta name=\"twitter:data1\" content=\"Reda\u00e7\u00e3o Portal MF\" \/>\n\t<meta name=\"twitter:label2\" content=\"Est. tempo de leitura\" \/>\n\t<meta name=\"twitter:data2\" content=\"5 minutos\" \/>\n<script type=\"application\/ld+json\" class=\"yoast-schema-graph\">{\"@context\":\"https:\/\/schema.org\",\"@graph\":[{\"@type\":\"WebPage\",\"@id\":\"https:\/\/portalmf.com.br\/index.php\/2024\/02\/28\/na-espanha-governador-articula-acordo-de-cooperacao-tecnica-com-centro-de-pesquisa-em-hidrogenio-verde\/\",\"url\":\"https:\/\/portalmf.com.br\/index.php\/2024\/02\/28\/na-espanha-governador-articula-acordo-de-cooperacao-tecnica-com-centro-de-pesquisa-em-hidrogenio-verde\/\",\"name\":\"Na Espanha, governador articula acordo de coopera\u00e7\u00e3o t\u00e9cnica com centro de pesquisa em hidrog\u00eanio verde - Portal MF\",\"isPartOf\":{\"@id\":\"https:\/\/portalmf.com.br\/#website\"},\"primaryImageOfPage\":{\"@id\":\"https:\/\/portalmf.com.br\/index.php\/2024\/02\/28\/na-espanha-governador-articula-acordo-de-cooperacao-tecnica-com-centro-de-pesquisa-em-hidrogenio-verde\/#primaryimage\"},\"image\":{\"@id\":\"https:\/\/portalmf.com.br\/index.php\/2024\/02\/28\/na-espanha-governador-articula-acordo-de-cooperacao-tecnica-com-centro-de-pesquisa-em-hidrogenio-verde\/#primaryimage\"},\"thumbnailUrl\":\"https:\/\/portalmf.com.br\/wp-content\/uploads\/2024\/02\/Fotos-Eudes-BenicioGOVBA-3-696x543-1.jpg\",\"datePublished\":\"2024-02-28T21:09:07+00:00\",\"dateModified\":\"2024-02-28T21:09:08+00:00\",\"author\":{\"@id\":\"https:\/\/portalmf.com.br\/#\/schema\/person\/9ec101baf56233e53520c26de5d6f6f0\"},\"breadcrumb\":{\"@id\":\"https:\/\/portalmf.com.br\/index.php\/2024\/02\/28\/na-espanha-governador-articula-acordo-de-cooperacao-tecnica-com-centro-de-pesquisa-em-hidrogenio-verde\/#breadcrumb\"},\"inLanguage\":\"pt-BR\",\"potentialAction\":[{\"@type\":\"ReadAction\",\"target\":[\"https:\/\/portalmf.com.br\/index.php\/2024\/02\/28\/na-espanha-governador-articula-acordo-de-cooperacao-tecnica-com-centro-de-pesquisa-em-hidrogenio-verde\/\"]}]},{\"@type\":\"ImageObject\",\"inLanguage\":\"pt-BR\",\"@id\":\"https:\/\/portalmf.com.br\/index.php\/2024\/02\/28\/na-espanha-governador-articula-acordo-de-cooperacao-tecnica-com-centro-de-pesquisa-em-hidrogenio-verde\/#primaryimage\",\"url\":\"https:\/\/portalmf.com.br\/wp-content\/uploads\/2024\/02\/Fotos-Eudes-BenicioGOVBA-3-696x543-1.jpg\",\"contentUrl\":\"https:\/\/portalmf.com.br\/wp-content\/uploads\/2024\/02\/Fotos-Eudes-BenicioGOVBA-3-696x543-1.jpg\",\"width\":696,\"height\":543},{\"@type\":\"BreadcrumbList\",\"@id\":\"https:\/\/portalmf.com.br\/index.php\/2024\/02\/28\/na-espanha-governador-articula-acordo-de-cooperacao-tecnica-com-centro-de-pesquisa-em-hidrogenio-verde\/#breadcrumb\",\"itemListElement\":[{\"@type\":\"ListItem\",\"position\":1,\"name\":\"In\u00edcio\",\"item\":\"https:\/\/portalmf.com.br\/\"},{\"@type\":\"ListItem\",\"position\":2,\"name\":\"Na Espanha, governador articula acordo de coopera\u00e7\u00e3o t\u00e9cnica com centro de pesquisa em hidrog\u00eanio verde\"}]},{\"@type\":\"WebSite\",\"@id\":\"https:\/\/portalmf.com.br\/#website\",\"url\":\"https:\/\/portalmf.com.br\/\",\"name\":\"Portal MF\",\"description\":\"Voc\u00ea conectado com a informa\u00e7\u00e3o\",\"potentialAction\":[{\"@type\":\"SearchAction\",\"target\":{\"@type\":\"EntryPoint\",\"urlTemplate\":\"https:\/\/portalmf.com.br\/?s={search_term_string}\"},\"query-input\":\"required name=search_term_string\"}],\"inLanguage\":\"pt-BR\"},{\"@type\":\"Person\",\"@id\":\"https:\/\/portalmf.com.br\/#\/schema\/person\/9ec101baf56233e53520c26de5d6f6f0\",\"name\":\"Reda\u00e7\u00e3o Portal MF\",\"image\":{\"@type\":\"ImageObject\",\"inLanguage\":\"pt-BR\",\"@id\":\"https:\/\/portalmf.com.br\/#\/schema\/person\/image\/\",\"url\":\"https:\/\/secure.gravatar.com\/avatar\/41b9aaeb2100835f7c64362330f74c7f?s=96&d=mm&r=g\",\"contentUrl\":\"https:\/\/secure.gravatar.com\/avatar\/41b9aaeb2100835f7c64362330f74c7f?s=96&d=mm&r=g\",\"caption\":\"Reda\u00e7\u00e3o Portal MF\"},\"description\":\"Sejam bem-vindos o portal de informa\u00e7\u00f5es de entretenimento de Feira de Santana, desde 2006 realiza coberturas dos principais eventos com entrevistas exclusivas com as principais personalidades mundiais. Fique conectado tamb\u00e9m nas redes sociais.\",\"sameAs\":[\"http:\/\/www.portalmf.com.br\/\",\"https:\/\/www.facebook.com\/portalmfoficial\",\"https:\/\/www.instagram.com\/portalmf\/\",\"https:\/\/x.com\/https:\/\/x.com\/portalmfoficial\",\"https:\/\/www.youtube.com\/@portalmfoficial\"],\"url\":\"https:\/\/portalmf.com.br\/index.php\/author\/junior\/\"}]}<\/script>\n<!-- \/ Yoast SEO plugin. -->","yoast_head_json":{"title":"Na Espanha, governador articula acordo de coopera\u00e7\u00e3o t\u00e9cnica com centro de pesquisa em hidrog\u00eanio verde - Portal MF","robots":{"index":"index","follow":"follow","max-snippet":"max-snippet:-1","max-image-preview":"max-image-preview:large","max-video-preview":"max-video-preview:-1"},"canonical":"https:\/\/portalmf.com.br\/index.php\/2024\/02\/28\/na-espanha-governador-articula-acordo-de-cooperacao-tecnica-com-centro-de-pesquisa-em-hidrogenio-verde\/","og_locale":"pt_BR","og_type":"article","og_title":"Na Espanha, governador articula acordo de coopera\u00e7\u00e3o t\u00e9cnica com centro de pesquisa em hidrog\u00eanio verde - Portal MF","og_description":"O Governo do Estado j\u00e1 deu o primeiro passo para estabelecer um acordo de coopera\u00e7\u00e3o t\u00e9cnica com o Centro de Pesquisa e Tecnologia em Hidrog\u00eanio (CER-H2), da Universidade Polit\u00e9cnica da Catalunha, na Espanha. Na manh\u00e3 desta quarta-feira (28), o governador Jer\u00f4nimo Rodrigues visitou o campus onde funciona o centro, em Barcelona, e, al\u00e9m de conhecer [&hellip;]","og_url":"https:\/\/portalmf.com.br\/index.php\/2024\/02\/28\/na-espanha-governador-articula-acordo-de-cooperacao-tecnica-com-centro-de-pesquisa-em-hidrogenio-verde\/","og_site_name":"Portal MF","article_author":"https:\/\/www.facebook.com\/portalmfoficial","article_published_time":"2024-02-28T21:09:07+00:00","article_modified_time":"2024-02-28T21:09:08+00:00","og_image":[{"width":696,"height":543,"url":"https:\/\/portalmf.com.br\/wp-content\/uploads\/2024\/02\/Fotos-Eudes-BenicioGOVBA-3-696x543-1.jpg","type":"image\/jpeg"}],"author":"Reda\u00e7\u00e3o Portal MF","twitter_card":"summary_large_image","twitter_creator":"@https:\/\/x.com\/portalmfoficial","twitter_misc":{"Escrito por":"Reda\u00e7\u00e3o Portal MF","Est. tempo de leitura":"5 minutos"},"schema":{"@context":"https:\/\/schema.org","@graph":[{"@type":"WebPage","@id":"https:\/\/portalmf.com.br\/index.php\/2024\/02\/28\/na-espanha-governador-articula-acordo-de-cooperacao-tecnica-com-centro-de-pesquisa-em-hidrogenio-verde\/","url":"https:\/\/portalmf.com.br\/index.php\/2024\/02\/28\/na-espanha-governador-articula-acordo-de-cooperacao-tecnica-com-centro-de-pesquisa-em-hidrogenio-verde\/","name":"Na Espanha, governador articula acordo de coopera\u00e7\u00e3o t\u00e9cnica com centro de pesquisa em hidrog\u00eanio verde - Portal MF","isPartOf":{"@id":"https:\/\/portalmf.com.br\/#website"},"primaryImageOfPage":{"@id":"https:\/\/portalmf.com.br\/index.php\/2024\/02\/28\/na-espanha-governador-articula-acordo-de-cooperacao-tecnica-com-centro-de-pesquisa-em-hidrogenio-verde\/#primaryimage"},"image":{"@id":"https:\/\/portalmf.com.br\/index.php\/2024\/02\/28\/na-espanha-governador-articula-acordo-de-cooperacao-tecnica-com-centro-de-pesquisa-em-hidrogenio-verde\/#primaryimage"},"thumbnailUrl":"https:\/\/portalmf.com.br\/wp-content\/uploads\/2024\/02\/Fotos-Eudes-BenicioGOVBA-3-696x543-1.jpg","datePublished":"2024-02-28T21:09:07+00:00","dateModified":"2024-02-28T21:09:08+00:00","author":{"@id":"https:\/\/portalmf.com.br\/#\/schema\/person\/9ec101baf56233e53520c26de5d6f6f0"},"breadcrumb":{"@id":"https:\/\/portalmf.com.br\/index.php\/2024\/02\/28\/na-espanha-governador-articula-acordo-de-cooperacao-tecnica-com-centro-de-pesquisa-em-hidrogenio-verde\/#breadcrumb"},"inLanguage":"pt-BR","potentialAction":[{"@type":"ReadAction","target":["https:\/\/portalmf.com.br\/index.php\/2024\/02\/28\/na-espanha-governador-articula-acordo-de-cooperacao-tecnica-com-centro-de-pesquisa-em-hidrogenio-verde\/"]}]},{"@type":"ImageObject","inLanguage":"pt-BR","@id":"https:\/\/portalmf.com.br\/index.php\/2024\/02\/28\/na-espanha-governador-articula-acordo-de-cooperacao-tecnica-com-centro-de-pesquisa-em-hidrogenio-verde\/#primaryimage","url":"https:\/\/portalmf.com.br\/wp-content\/uploads\/2024\/02\/Fotos-Eudes-BenicioGOVBA-3-696x543-1.jpg","contentUrl":"https:\/\/portalmf.com.br\/wp-content\/uploads\/2024\/02\/Fotos-Eudes-BenicioGOVBA-3-696x543-1.jpg","width":696,"height":543},{"@type":"BreadcrumbList","@id":"https:\/\/portalmf.com.br\/index.php\/2024\/02\/28\/na-espanha-governador-articula-acordo-de-cooperacao-tecnica-com-centro-de-pesquisa-em-hidrogenio-verde\/#breadcrumb","itemListElement":[{"@type":"ListItem","position":1,"name":"In\u00edcio","item":"https:\/\/portalmf.com.br\/"},{"@type":"ListItem","position":2,"name":"Na Espanha, governador articula acordo de coopera\u00e7\u00e3o t\u00e9cnica com centro de pesquisa em hidrog\u00eanio verde"}]},{"@type":"WebSite","@id":"https:\/\/portalmf.com.br\/#website","url":"https:\/\/portalmf.com.br\/","name":"Portal MF","description":"Voc\u00ea conectado com a informa\u00e7\u00e3o","potentialAction":[{"@type":"SearchAction","target":{"@type":"EntryPoint","urlTemplate":"https:\/\/portalmf.com.br\/?s={search_term_string}"},"query-input":"required name=search_term_string"}],"inLanguage":"pt-BR"},{"@type":"Person","@id":"https:\/\/portalmf.com.br\/#\/schema\/person\/9ec101baf56233e53520c26de5d6f6f0","name":"Reda\u00e7\u00e3o Portal MF","image":{"@type":"ImageObject","inLanguage":"pt-BR","@id":"https:\/\/portalmf.com.br\/#\/schema\/person\/image\/","url":"https:\/\/secure.gravatar.com\/avatar\/41b9aaeb2100835f7c64362330f74c7f?s=96&d=mm&r=g","contentUrl":"https:\/\/secure.gravatar.com\/avatar\/41b9aaeb2100835f7c64362330f74c7f?s=96&d=mm&r=g","caption":"Reda\u00e7\u00e3o Portal MF"},"description":"Sejam bem-vindos o portal de informa\u00e7\u00f5es de entretenimento de Feira de Santana, desde 2006 realiza coberturas dos principais eventos com entrevistas exclusivas com as principais personalidades mundiais. Fique conectado tamb\u00e9m nas redes sociais.","sameAs":["http:\/\/www.portalmf.com.br\/","https:\/\/www.facebook.com\/portalmfoficial","https:\/\/www.instagram.com\/portalmf\/","https:\/\/x.com\/https:\/\/x.com\/portalmfoficial","https:\/\/www.youtube.com\/@portalmfoficial"],"url":"https:\/\/portalmf.com.br\/index.php\/author\/junior\/"}]}},"_links":{"self":[{"href":"https:\/\/portalmf.com.br\/index.php\/wp-json\/wp\/v2\/posts\/24293"}],"collection":[{"href":"https:\/\/portalmf.com.br\/index.php\/wp-json\/wp\/v2\/posts"}],"about":[{"href":"https:\/\/portalmf.com.br\/index.php\/wp-json\/wp\/v2\/types\/post"}],"author":[{"embeddable":true,"href":"https:\/\/portalmf.com.br\/index.php\/wp-json\/wp\/v2\/users\/3"}],"replies":[{"embeddable":true,"href":"https:\/\/portalmf.com.br\/index.php\/wp-json\/wp\/v2\/comments?post=24293"}],"version-history":[{"count":1,"href":"https:\/\/portalmf.com.br\/index.php\/wp-json\/wp\/v2\/posts\/24293\/revisions"}],"predecessor-version":[{"id":24297,"href":"https:\/\/portalmf.com.br\/index.php\/wp-json\/wp\/v2\/posts\/24293\/revisions\/24297"}],"wp:featuredmedia":[{"embeddable":true,"href":"https:\/\/portalmf.com.br\/index.php\/wp-json\/wp\/v2\/media\/24296"}],"wp:attachment":[{"href":"https:\/\/portalmf.com.br\/index.php\/wp-json\/wp\/v2\/media?parent=24293"}],"wp:term":[{"taxonomy":"category","embeddable":true,"href":"https:\/\/portalmf.com.br\/index.php\/wp-json\/wp\/v2\/categories?post=24293"},{"taxonomy":"post_tag","embeddable":true,"href":"https:\/\/portalmf.com.br\/index.php\/wp-json\/wp\/v2\/tags?post=24293"}],"curies":[{"name":"wp","href":"https:\/\/api.w.org\/{rel}","templated":true}]}}