{"id":24287,"date":"2024-02-28T18:02:58","date_gmt":"2024-02-28T21:02:58","guid":{"rendered":"https:\/\/portalmf.com.br\/?p=24287"},"modified":"2024-02-28T18:02:59","modified_gmt":"2024-02-28T21:02:59","slug":"exercito-e-prefeitura-de-feira-se-unem-na-defesa-do-meio-ambiente","status":"publish","type":"post","link":"https:\/\/portalmf.com.br\/index.php\/2024\/02\/28\/exercito-e-prefeitura-de-feira-se-unem-na-defesa-do-meio-ambiente\/","title":{"rendered":"Ex\u00e9rcito e Prefeitura de Feira se unem na defesa do meio ambiente"},"content":{"rendered":"\n<p>Em uma iniciativa in\u00e9dita, o 35\u00ba Batalh\u00e3o de Infantaria (35\u00ba BI) e a Secretaria Municipal de Meio Ambiente (SEMMAM) de Feira de Santana firmaram uma parceria hist\u00f3rica para fortalecer a prote\u00e7\u00e3o ambiental na regi\u00e3o. A uni\u00e3o das for\u00e7as busca promover a\u00e7\u00f5es conjuntas em prol da preserva\u00e7\u00e3o dos recursos naturais e da qualidade ambiental do munic\u00edpio.<\/p>\n\n\n\n<p>A parceria foi oficializada em uma reuni\u00e3o na manh\u00e3 desta quarta-feira (28), no gabinete do secret\u00e1rio da SEMMAM, Ant\u00f4nio Carlos Coelho. O encontro contou com a presen\u00e7a do Comandante do 35\u00ba BI, tenente-coronel Cristiano Garcia Guedes, e do tenente Pietro Maia Passos.<\/p>\n\n\n\n<p>O secret\u00e1rio Ant\u00f4nio Carlos Coelho destacou a import\u00e2ncia da colabora\u00e7\u00e3o entre as partes. <em>&#8220;Eu propus ao Coronel que estejamos juntos pela defesa e combate do meio ambiente. O Ex\u00e9rcito Brasileiro \u00e9 uma for\u00e7a ambientalista que realiza muitas a\u00e7\u00f5es pelo meio ambiente no nosso pa\u00eds. Eu vou aproveitar a experi\u00eancia deles para unirmos esfor\u00e7os aqui tamb\u00e9m com os nossos eventos. Queremos estar unidos pela prote\u00e7\u00e3o da vida ambiental&#8221;.<\/em><\/p>\n\n\n\n<p>O tenente-coronel Guedes refor\u00e7ou o compromisso do Ex\u00e9rcito com a preserva\u00e7\u00e3o ambiental. <em>&#8220;O Ex\u00e9rcito realmente tem um vi\u00e9s de prote\u00e7\u00e3o do meio ambiente. Ano passado, a gente fez em n\u00edvel nacional uma campanha de recupera\u00e7\u00e3o e reflorestamento das nossas \u00e1reas verdes. N\u00f3s do 35\u00ba BI temos interesse pela parte ambiental. Por isso vamos lutar pela preserva\u00e7\u00e3o dos rios e \u00e1reas verdes de Feira de Santana&#8221;.<\/em><\/p>\n\n\n\n<p>Com informa\u00e7\u00f5es da Secom<\/p>\n","protected":false},"excerpt":{"rendered":"<p>Em uma iniciativa in\u00e9dita, o 35\u00ba Batalh\u00e3o de Infantaria (35\u00ba BI) e a Secretaria Municipal de Meio Ambiente (SEMMAM) de Feira de Santana firmaram uma parceria hist\u00f3rica para fortalecer a prote\u00e7\u00e3o ambiental na regi\u00e3o. A uni\u00e3o das for\u00e7as busca promover a\u00e7\u00f5es conjuntas em prol da preserva\u00e7\u00e3o dos recursos naturais e da qualidade ambiental do munic\u00edpio. [&hellip;]<\/p>\n","protected":false},"author":3,"featured_media":24288,"comment_status":"open","ping_status":"open","sticky":false,"template":"","format":"standard","meta":{"_monsterinsights_skip_tracking":false,"_monsterinsights_sitenote_active":false,"_monsterinsights_sitenote_note":"","_monsterinsights_sitenote_category":0,"footnotes":""},"categories":[34],"tags":[],"yoast_head":"<!-- This site is optimized with the Yoast SEO plugin v22.9 - https:\/\/yoast.com\/wordpress\/plugins\/seo\/ -->\n<title>Ex\u00e9rcito e Prefeitura de Feira se unem na defesa do meio ambiente - Portal MF<\/title>\n<meta name=\"robots\" content=\"index, follow, max-snippet:-1, max-image-preview:large, max-video-preview:-1\" \/>\n<link rel=\"canonical\" href=\"https:\/\/portalmf.com.br\/index.php\/2024\/02\/28\/exercito-e-prefeitura-de-feira-se-unem-na-defesa-do-meio-ambiente\/\" \/>\n<meta property=\"og:locale\" content=\"pt_BR\" \/>\n<meta property=\"og:type\" content=\"article\" \/>\n<meta property=\"og:title\" content=\"Ex\u00e9rcito e Prefeitura de Feira se unem na defesa do meio ambiente - Portal MF\" \/>\n<meta property=\"og:description\" content=\"Em uma iniciativa in\u00e9dita, o 35\u00ba Batalh\u00e3o de Infantaria (35\u00ba BI) e a Secretaria Municipal de Meio Ambiente (SEMMAM) de Feira de Santana firmaram uma parceria hist\u00f3rica para fortalecer a prote\u00e7\u00e3o ambiental na regi\u00e3o. A uni\u00e3o das for\u00e7as busca promover a\u00e7\u00f5es conjuntas em prol da preserva\u00e7\u00e3o dos recursos naturais e da qualidade ambiental do munic\u00edpio. [&hellip;]\" \/>\n<meta property=\"og:url\" content=\"https:\/\/portalmf.com.br\/index.php\/2024\/02\/28\/exercito-e-prefeitura-de-feira-se-unem-na-defesa-do-meio-ambiente\/\" \/>\n<meta property=\"og:site_name\" content=\"Portal MF\" \/>\n<meta property=\"article:author\" content=\"https:\/\/www.facebook.com\/portalmfoficial\" \/>\n<meta property=\"article:published_time\" content=\"2024-02-28T21:02:58+00:00\" \/>\n<meta property=\"article:modified_time\" content=\"2024-02-28T21:02:59+00:00\" \/>\n<meta property=\"og:image\" content=\"https:\/\/portalmf.com.br\/wp-content\/uploads\/2024\/02\/VISITA-DO-COMANTE-DO-35-BI-SEC-DE-MAIO-AMBIENTE-FOTO-VALDENIR-LIMA-27.jpeg\" \/>\n\t<meta property=\"og:image:width\" content=\"1299\" \/>\n\t<meta property=\"og:image:height\" content=\"866\" \/>\n\t<meta property=\"og:image:type\" content=\"image\/jpeg\" \/>\n<meta name=\"author\" content=\"Reda\u00e7\u00e3o Portal MF\" \/>\n<meta name=\"twitter:card\" content=\"summary_large_image\" \/>\n<meta name=\"twitter:creator\" content=\"@https:\/\/x.com\/portalmfoficial\" \/>\n<meta name=\"twitter:label1\" content=\"Escrito por\" \/>\n\t<meta name=\"twitter:data1\" content=\"Reda\u00e7\u00e3o Portal MF\" \/>\n\t<meta name=\"twitter:label2\" content=\"Est. tempo de leitura\" \/>\n\t<meta name=\"twitter:data2\" content=\"2 minutos\" \/>\n<script type=\"application\/ld+json\" class=\"yoast-schema-graph\">{\"@context\":\"https:\/\/schema.org\",\"@graph\":[{\"@type\":\"WebPage\",\"@id\":\"https:\/\/portalmf.com.br\/index.php\/2024\/02\/28\/exercito-e-prefeitura-de-feira-se-unem-na-defesa-do-meio-ambiente\/\",\"url\":\"https:\/\/portalmf.com.br\/index.php\/2024\/02\/28\/exercito-e-prefeitura-de-feira-se-unem-na-defesa-do-meio-ambiente\/\",\"name\":\"Ex\u00e9rcito e Prefeitura de Feira se unem na defesa do meio ambiente - Portal MF\",\"isPartOf\":{\"@id\":\"https:\/\/portalmf.com.br\/#website\"},\"primaryImageOfPage\":{\"@id\":\"https:\/\/portalmf.com.br\/index.php\/2024\/02\/28\/exercito-e-prefeitura-de-feira-se-unem-na-defesa-do-meio-ambiente\/#primaryimage\"},\"image\":{\"@id\":\"https:\/\/portalmf.com.br\/index.php\/2024\/02\/28\/exercito-e-prefeitura-de-feira-se-unem-na-defesa-do-meio-ambiente\/#primaryimage\"},\"thumbnailUrl\":\"https:\/\/portalmf.com.br\/wp-content\/uploads\/2024\/02\/VISITA-DO-COMANTE-DO-35-BI-SEC-DE-MAIO-AMBIENTE-FOTO-VALDENIR-LIMA-27.jpeg\",\"datePublished\":\"2024-02-28T21:02:58+00:00\",\"dateModified\":\"2024-02-28T21:02:59+00:00\",\"author\":{\"@id\":\"https:\/\/portalmf.com.br\/#\/schema\/person\/9ec101baf56233e53520c26de5d6f6f0\"},\"breadcrumb\":{\"@id\":\"https:\/\/portalmf.com.br\/index.php\/2024\/02\/28\/exercito-e-prefeitura-de-feira-se-unem-na-defesa-do-meio-ambiente\/#breadcrumb\"},\"inLanguage\":\"pt-BR\",\"potentialAction\":[{\"@type\":\"ReadAction\",\"target\":[\"https:\/\/portalmf.com.br\/index.php\/2024\/02\/28\/exercito-e-prefeitura-de-feira-se-unem-na-defesa-do-meio-ambiente\/\"]}]},{\"@type\":\"ImageObject\",\"inLanguage\":\"pt-BR\",\"@id\":\"https:\/\/portalmf.com.br\/index.php\/2024\/02\/28\/exercito-e-prefeitura-de-feira-se-unem-na-defesa-do-meio-ambiente\/#primaryimage\",\"url\":\"https:\/\/portalmf.com.br\/wp-content\/uploads\/2024\/02\/VISITA-DO-COMANTE-DO-35-BI-SEC-DE-MAIO-AMBIENTE-FOTO-VALDENIR-LIMA-27.jpeg\",\"contentUrl\":\"https:\/\/portalmf.com.br\/wp-content\/uploads\/2024\/02\/VISITA-DO-COMANTE-DO-35-BI-SEC-DE-MAIO-AMBIENTE-FOTO-VALDENIR-LIMA-27.jpeg\",\"width\":1299,\"height\":866},{\"@type\":\"BreadcrumbList\",\"@id\":\"https:\/\/portalmf.com.br\/index.php\/2024\/02\/28\/exercito-e-prefeitura-de-feira-se-unem-na-defesa-do-meio-ambiente\/#breadcrumb\",\"itemListElement\":[{\"@type\":\"ListItem\",\"position\":1,\"name\":\"In\u00edcio\",\"item\":\"https:\/\/portalmf.com.br\/\"},{\"@type\":\"ListItem\",\"position\":2,\"name\":\"Ex\u00e9rcito e Prefeitura de Feira se unem na defesa do meio ambiente\"}]},{\"@type\":\"WebSite\",\"@id\":\"https:\/\/portalmf.com.br\/#website\",\"url\":\"https:\/\/portalmf.com.br\/\",\"name\":\"Portal MF\",\"description\":\"Voc\u00ea conectado com a informa\u00e7\u00e3o\",\"potentialAction\":[{\"@type\":\"SearchAction\",\"target\":{\"@type\":\"EntryPoint\",\"urlTemplate\":\"https:\/\/portalmf.com.br\/?s={search_term_string}\"},\"query-input\":\"required name=search_term_string\"}],\"inLanguage\":\"pt-BR\"},{\"@type\":\"Person\",\"@id\":\"https:\/\/portalmf.com.br\/#\/schema\/person\/9ec101baf56233e53520c26de5d6f6f0\",\"name\":\"Reda\u00e7\u00e3o Portal MF\",\"image\":{\"@type\":\"ImageObject\",\"inLanguage\":\"pt-BR\",\"@id\":\"https:\/\/portalmf.com.br\/#\/schema\/person\/image\/\",\"url\":\"https:\/\/secure.gravatar.com\/avatar\/41b9aaeb2100835f7c64362330f74c7f?s=96&d=mm&r=g\",\"contentUrl\":\"https:\/\/secure.gravatar.com\/avatar\/41b9aaeb2100835f7c64362330f74c7f?s=96&d=mm&r=g\",\"caption\":\"Reda\u00e7\u00e3o Portal MF\"},\"description\":\"Sejam bem-vindos o portal de informa\u00e7\u00f5es de entretenimento de Feira de Santana, desde 2006 realiza coberturas dos principais eventos com entrevistas exclusivas com as principais personalidades mundiais. Fique conectado tamb\u00e9m nas redes sociais.\",\"sameAs\":[\"http:\/\/www.portalmf.com.br\/\",\"https:\/\/www.facebook.com\/portalmfoficial\",\"https:\/\/www.instagram.com\/portalmf\/\",\"https:\/\/x.com\/https:\/\/x.com\/portalmfoficial\",\"https:\/\/www.youtube.com\/@portalmfoficial\"],\"url\":\"https:\/\/portalmf.com.br\/index.php\/author\/junior\/\"}]}<\/script>\n<!-- \/ Yoast SEO plugin. -->","yoast_head_json":{"title":"Ex\u00e9rcito e Prefeitura de Feira se unem na defesa do meio ambiente - Portal MF","robots":{"index":"index","follow":"follow","max-snippet":"max-snippet:-1","max-image-preview":"max-image-preview:large","max-video-preview":"max-video-preview:-1"},"canonical":"https:\/\/portalmf.com.br\/index.php\/2024\/02\/28\/exercito-e-prefeitura-de-feira-se-unem-na-defesa-do-meio-ambiente\/","og_locale":"pt_BR","og_type":"article","og_title":"Ex\u00e9rcito e Prefeitura de Feira se unem na defesa do meio ambiente - Portal MF","og_description":"Em uma iniciativa in\u00e9dita, o 35\u00ba Batalh\u00e3o de Infantaria (35\u00ba BI) e a Secretaria Municipal de Meio Ambiente (SEMMAM) de Feira de Santana firmaram uma parceria hist\u00f3rica para fortalecer a prote\u00e7\u00e3o ambiental na regi\u00e3o. A uni\u00e3o das for\u00e7as busca promover a\u00e7\u00f5es conjuntas em prol da preserva\u00e7\u00e3o dos recursos naturais e da qualidade ambiental do munic\u00edpio. [&hellip;]","og_url":"https:\/\/portalmf.com.br\/index.php\/2024\/02\/28\/exercito-e-prefeitura-de-feira-se-unem-na-defesa-do-meio-ambiente\/","og_site_name":"Portal MF","article_author":"https:\/\/www.facebook.com\/portalmfoficial","article_published_time":"2024-02-28T21:02:58+00:00","article_modified_time":"2024-02-28T21:02:59+00:00","og_image":[{"width":1299,"height":866,"url":"https:\/\/portalmf.com.br\/wp-content\/uploads\/2024\/02\/VISITA-DO-COMANTE-DO-35-BI-SEC-DE-MAIO-AMBIENTE-FOTO-VALDENIR-LIMA-27.jpeg","type":"image\/jpeg"}],"author":"Reda\u00e7\u00e3o Portal MF","twitter_card":"summary_large_image","twitter_creator":"@https:\/\/x.com\/portalmfoficial","twitter_misc":{"Escrito por":"Reda\u00e7\u00e3o Portal MF","Est. tempo de leitura":"2 minutos"},"schema":{"@context":"https:\/\/schema.org","@graph":[{"@type":"WebPage","@id":"https:\/\/portalmf.com.br\/index.php\/2024\/02\/28\/exercito-e-prefeitura-de-feira-se-unem-na-defesa-do-meio-ambiente\/","url":"https:\/\/portalmf.com.br\/index.php\/2024\/02\/28\/exercito-e-prefeitura-de-feira-se-unem-na-defesa-do-meio-ambiente\/","name":"Ex\u00e9rcito e Prefeitura de Feira se unem na defesa do meio ambiente - Portal MF","isPartOf":{"@id":"https:\/\/portalmf.com.br\/#website"},"primaryImageOfPage":{"@id":"https:\/\/portalmf.com.br\/index.php\/2024\/02\/28\/exercito-e-prefeitura-de-feira-se-unem-na-defesa-do-meio-ambiente\/#primaryimage"},"image":{"@id":"https:\/\/portalmf.com.br\/index.php\/2024\/02\/28\/exercito-e-prefeitura-de-feira-se-unem-na-defesa-do-meio-ambiente\/#primaryimage"},"thumbnailUrl":"https:\/\/portalmf.com.br\/wp-content\/uploads\/2024\/02\/VISITA-DO-COMANTE-DO-35-BI-SEC-DE-MAIO-AMBIENTE-FOTO-VALDENIR-LIMA-27.jpeg","datePublished":"2024-02-28T21:02:58+00:00","dateModified":"2024-02-28T21:02:59+00:00","author":{"@id":"https:\/\/portalmf.com.br\/#\/schema\/person\/9ec101baf56233e53520c26de5d6f6f0"},"breadcrumb":{"@id":"https:\/\/portalmf.com.br\/index.php\/2024\/02\/28\/exercito-e-prefeitura-de-feira-se-unem-na-defesa-do-meio-ambiente\/#breadcrumb"},"inLanguage":"pt-BR","potentialAction":[{"@type":"ReadAction","target":["https:\/\/portalmf.com.br\/index.php\/2024\/02\/28\/exercito-e-prefeitura-de-feira-se-unem-na-defesa-do-meio-ambiente\/"]}]},{"@type":"ImageObject","inLanguage":"pt-BR","@id":"https:\/\/portalmf.com.br\/index.php\/2024\/02\/28\/exercito-e-prefeitura-de-feira-se-unem-na-defesa-do-meio-ambiente\/#primaryimage","url":"https:\/\/portalmf.com.br\/wp-content\/uploads\/2024\/02\/VISITA-DO-COMANTE-DO-35-BI-SEC-DE-MAIO-AMBIENTE-FOTO-VALDENIR-LIMA-27.jpeg","contentUrl":"https:\/\/portalmf.com.br\/wp-content\/uploads\/2024\/02\/VISITA-DO-COMANTE-DO-35-BI-SEC-DE-MAIO-AMBIENTE-FOTO-VALDENIR-LIMA-27.jpeg","width":1299,"height":866},{"@type":"BreadcrumbList","@id":"https:\/\/portalmf.com.br\/index.php\/2024\/02\/28\/exercito-e-prefeitura-de-feira-se-unem-na-defesa-do-meio-ambiente\/#breadcrumb","itemListElement":[{"@type":"ListItem","position":1,"name":"In\u00edcio","item":"https:\/\/portalmf.com.br\/"},{"@type":"ListItem","position":2,"name":"Ex\u00e9rcito e Prefeitura de Feira se unem na defesa do meio ambiente"}]},{"@type":"WebSite","@id":"https:\/\/portalmf.com.br\/#website","url":"https:\/\/portalmf.com.br\/","name":"Portal MF","description":"Voc\u00ea conectado com a informa\u00e7\u00e3o","potentialAction":[{"@type":"SearchAction","target":{"@type":"EntryPoint","urlTemplate":"https:\/\/portalmf.com.br\/?s={search_term_string}"},"query-input":"required name=search_term_string"}],"inLanguage":"pt-BR"},{"@type":"Person","@id":"https:\/\/portalmf.com.br\/#\/schema\/person\/9ec101baf56233e53520c26de5d6f6f0","name":"Reda\u00e7\u00e3o Portal MF","image":{"@type":"ImageObject","inLanguage":"pt-BR","@id":"https:\/\/portalmf.com.br\/#\/schema\/person\/image\/","url":"https:\/\/secure.gravatar.com\/avatar\/41b9aaeb2100835f7c64362330f74c7f?s=96&d=mm&r=g","contentUrl":"https:\/\/secure.gravatar.com\/avatar\/41b9aaeb2100835f7c64362330f74c7f?s=96&d=mm&r=g","caption":"Reda\u00e7\u00e3o Portal MF"},"description":"Sejam bem-vindos o portal de informa\u00e7\u00f5es de entretenimento de Feira de Santana, desde 2006 realiza coberturas dos principais eventos com entrevistas exclusivas com as principais personalidades mundiais. Fique conectado tamb\u00e9m nas redes sociais.","sameAs":["http:\/\/www.portalmf.com.br\/","https:\/\/www.facebook.com\/portalmfoficial","https:\/\/www.instagram.com\/portalmf\/","https:\/\/x.com\/https:\/\/x.com\/portalmfoficial","https:\/\/www.youtube.com\/@portalmfoficial"],"url":"https:\/\/portalmf.com.br\/index.php\/author\/junior\/"}]}},"_links":{"self":[{"href":"https:\/\/portalmf.com.br\/index.php\/wp-json\/wp\/v2\/posts\/24287"}],"collection":[{"href":"https:\/\/portalmf.com.br\/index.php\/wp-json\/wp\/v2\/posts"}],"about":[{"href":"https:\/\/portalmf.com.br\/index.php\/wp-json\/wp\/v2\/types\/post"}],"author":[{"embeddable":true,"href":"https:\/\/portalmf.com.br\/index.php\/wp-json\/wp\/v2\/users\/3"}],"replies":[{"embeddable":true,"href":"https:\/\/portalmf.com.br\/index.php\/wp-json\/wp\/v2\/comments?post=24287"}],"version-history":[{"count":1,"href":"https:\/\/portalmf.com.br\/index.php\/wp-json\/wp\/v2\/posts\/24287\/revisions"}],"predecessor-version":[{"id":24289,"href":"https:\/\/portalmf.com.br\/index.php\/wp-json\/wp\/v2\/posts\/24287\/revisions\/24289"}],"wp:featuredmedia":[{"embeddable":true,"href":"https:\/\/portalmf.com.br\/index.php\/wp-json\/wp\/v2\/media\/24288"}],"wp:attachment":[{"href":"https:\/\/portalmf.com.br\/index.php\/wp-json\/wp\/v2\/media?parent=24287"}],"wp:term":[{"taxonomy":"category","embeddable":true,"href":"https:\/\/portalmf.com.br\/index.php\/wp-json\/wp\/v2\/categories?post=24287"},{"taxonomy":"post_tag","embeddable":true,"href":"https:\/\/portalmf.com.br\/index.php\/wp-json\/wp\/v2\/tags?post=24287"}],"curies":[{"name":"wp","href":"https:\/\/api.w.org\/{rel}","templated":true}]}}