{"id":2425,"date":"2022-08-01T16:53:21","date_gmt":"2022-08-01T19:53:21","guid":{"rendered":"http:\/\/portalmf.com.br\/?p=2425"},"modified":"2022-08-01T16:53:22","modified_gmt":"2022-08-01T19:53:22","slug":"luva-de-pedreiro-assina-acordo-de-exclusividade-com-patrocinadora-de-messi-e-da-copa-do-mundo","status":"publish","type":"post","link":"https:\/\/portalmf.com.br\/index.php\/2022\/08\/01\/luva-de-pedreiro-assina-acordo-de-exclusividade-com-patrocinadora-de-messi-e-da-copa-do-mundo\/","title":{"rendered":"Luva de Pedreiro assina acordo de exclusividade com patrocinadora de Messi e da Copa do Mundo"},"content":{"rendered":"\n<p>O Cara da Luva de Pedreiro, Iran Ferreira, anunciou, nesta segunda-feira, o contrato com a Adidas, marca conhecida mundialmente no ramo esportivo e que patrocina Messi e a Copa do Mundo da Fifa. O acordo \u00e9 o primeiro sob a supervis\u00e3o dos empres\u00e1rios Falc\u00e3o e Marcelo &#8220;Batata&#8221;, s\u00f3cios da &#8220;F.12&#8221;<\/p>\n\n\n\n<p>O contrato do Luva com a Adidas prev\u00ea exclusividade do uso de roupas e acess\u00f3rios da marca, da mesma forma que \u00e9 feito com os jogadores de futebol. Com isso, o jovem passa a ter suas redes sociais com a\u00e7\u00f5es de marketing da empresa e deve utilizar apenas materiais da Adidas. O acordo \u00e9 um dos maiores j\u00e1 firmados desde que o influencer bombou na internet.<\/p>\n\n\n\n<p>At\u00e9 este momento, o maior contrato de Luva foi assinado ainda sob a supervis\u00e3o do empres\u00e1rio Allan Jesus, com a Pepsi. O influencer tamb\u00e9m tem acordo com a gigante do e-commerce e streaming Amazon, que tem o direito de transmiss\u00e3o de jogos da Copa do Brasil. Luva \u00e9 respons\u00e1vel por anunciar as atra\u00e7\u00f5es da empresa na TV, nas redes sociais e em propagandas espalhadas pelas cidades do Brasil. O contrato com a Amazon gira em torno de R$ 2 milh\u00f5es.<\/p>\n\n\n\n<p>Desse montante, a empresa gerida por Falc\u00e3o tem direito a 40%, com Iran recebendo integralmente os outros 60%. O jovem ainda recebe um sal\u00e1rio de R$100 mil e tem todas as suas despesas pagas pela consultoria da lenda do futsal.<\/p>\n\n\n\n<p>Nas redes sociais de um dos empres\u00e1rios, Luva j\u00e1 tinha dado ind\u00edcios do acordo com a Adidas. Seus pais apareceram utilizando apenas roupas da marca em viagem para a Europa. Al\u00e9m disso, Luva j\u00e1 havia dado sinais com o corte de cabelo representando as tr\u00eas listas da marca. Para o an\u00fancio, o influencer desenhou a logomarca da Adidas no cabelo.<\/p>\n\n\n\n<figure class=\"wp-block-embed is-type-rich is-provider-twitter wp-block-embed-twitter\"><div class=\"wp-block-embed__wrapper\">\n<blockquote class=\"twitter-tweet\" data-width=\"550\" data-dnt=\"true\"><p lang=\"pt\" dir=\"ltr\">O melhor do mundo agora \u00e9 tr\u00eas listras: receba!!!<br><br>Simplesmente inigual\u00e1vel,inimit\u00e1vel e magn\u00edfico, n\u00e3o tem jeito! \ud83e\udde4<a href=\"https:\/\/twitter.com\/luvadepedreiro?ref_src=twsrc%5Etfw\">@luvadepedreiro<\/a> <a href=\"https:\/\/t.co\/IDPTTo6S25\">pic.twitter.com\/IDPTTo6S25<\/a><\/p>&mdash; adidasbrasil (@adidasbrasil) <a href=\"https:\/\/twitter.com\/adidasbrasil\/status\/1554148080882155520?ref_src=twsrc%5Etfw\">August 1, 2022<\/a><\/blockquote><script async src=\"https:\/\/platform.twitter.com\/widgets.js\" charset=\"utf-8\"><\/script>\n<\/div><\/figure>\n\n\n\n<p>Com informa\u00e7\u00f5es do Lance!<\/p>\n","protected":false},"excerpt":{"rendered":"<p>O Cara da Luva de Pedreiro, Iran Ferreira, anunciou, nesta segunda-feira, o contrato com a Adidas, marca conhecida mundialmente no ramo esportivo e que patrocina Messi e a Copa do Mundo da Fifa. O acordo \u00e9 o primeiro sob a supervis\u00e3o dos empres\u00e1rios Falc\u00e3o e Marcelo &#8220;Batata&#8221;, s\u00f3cios da &#8220;F.12&#8221; O contrato do Luva com [&hellip;]<\/p>\n","protected":false},"author":2,"featured_media":2426,"comment_status":"open","ping_status":"open","sticky":false,"template":"","format":"standard","meta":{"_monsterinsights_skip_tracking":false,"_monsterinsights_sitenote_active":false,"_monsterinsights_sitenote_note":"","_monsterinsights_sitenote_category":0,"footnotes":""},"categories":[42,35],"tags":[],"yoast_head":"<!-- This site is optimized with the Yoast SEO plugin v22.9 - https:\/\/yoast.com\/wordpress\/plugins\/seo\/ -->\n<title>Luva de Pedreiro assina acordo de exclusividade com patrocinadora de Messi e da Copa do Mundo - Portal MF<\/title>\n<meta name=\"robots\" content=\"index, follow, max-snippet:-1, max-image-preview:large, max-video-preview:-1\" \/>\n<link rel=\"canonical\" href=\"https:\/\/portalmf.com.br\/index.php\/2022\/08\/01\/luva-de-pedreiro-assina-acordo-de-exclusividade-com-patrocinadora-de-messi-e-da-copa-do-mundo\/\" \/>\n<meta property=\"og:locale\" content=\"pt_BR\" \/>\n<meta property=\"og:type\" content=\"article\" \/>\n<meta property=\"og:title\" content=\"Luva de Pedreiro assina acordo de exclusividade com patrocinadora de Messi e da Copa do Mundo - Portal MF\" \/>\n<meta property=\"og:description\" content=\"O Cara da Luva de Pedreiro, Iran Ferreira, anunciou, nesta segunda-feira, o contrato com a Adidas, marca conhecida mundialmente no ramo esportivo e que patrocina Messi e a Copa do Mundo da Fifa. O acordo \u00e9 o primeiro sob a supervis\u00e3o dos empres\u00e1rios Falc\u00e3o e Marcelo &#8220;Batata&#8221;, s\u00f3cios da &#8220;F.12&#8221; O contrato do Luva com [&hellip;]\" \/>\n<meta property=\"og:url\" content=\"https:\/\/portalmf.com.br\/index.php\/2022\/08\/01\/luva-de-pedreiro-assina-acordo-de-exclusividade-com-patrocinadora-de-messi-e-da-copa-do-mundo\/\" \/>\n<meta property=\"og:site_name\" content=\"Portal MF\" \/>\n<meta property=\"article:author\" content=\"reginaldojrfsa\" \/>\n<meta property=\"article:published_time\" content=\"2022-08-01T19:53:21+00:00\" \/>\n<meta property=\"article:modified_time\" content=\"2022-08-01T19:53:22+00:00\" \/>\n<meta property=\"og:image\" content=\"https:\/\/portalmf.com.br\/wp-content\/uploads\/2022\/08\/280292597_524106765829913_713970694403178362_n.jpg\" \/>\n\t<meta property=\"og:image:width\" content=\"1080\" \/>\n\t<meta property=\"og:image:height\" content=\"642\" \/>\n\t<meta property=\"og:image:type\" content=\"image\/jpeg\" \/>\n<meta name=\"author\" content=\"Reginaldo J\u00fanior\" \/>\n<meta name=\"twitter:card\" content=\"summary_large_image\" \/>\n<meta name=\"twitter:creator\" content=\"@reginaldojrmf\" \/>\n<meta name=\"twitter:label1\" content=\"Escrito por\" \/>\n\t<meta name=\"twitter:data1\" content=\"Reginaldo J\u00fanior\" \/>\n\t<meta name=\"twitter:label2\" content=\"Est. tempo de leitura\" \/>\n\t<meta name=\"twitter:data2\" content=\"2 minutos\" \/>\n<script type=\"application\/ld+json\" class=\"yoast-schema-graph\">{\"@context\":\"https:\/\/schema.org\",\"@graph\":[{\"@type\":\"WebPage\",\"@id\":\"https:\/\/portalmf.com.br\/index.php\/2022\/08\/01\/luva-de-pedreiro-assina-acordo-de-exclusividade-com-patrocinadora-de-messi-e-da-copa-do-mundo\/\",\"url\":\"https:\/\/portalmf.com.br\/index.php\/2022\/08\/01\/luva-de-pedreiro-assina-acordo-de-exclusividade-com-patrocinadora-de-messi-e-da-copa-do-mundo\/\",\"name\":\"Luva de Pedreiro assina acordo de exclusividade com patrocinadora de Messi e da Copa do Mundo - Portal MF\",\"isPartOf\":{\"@id\":\"https:\/\/portalmf.com.br\/#website\"},\"primaryImageOfPage\":{\"@id\":\"https:\/\/portalmf.com.br\/index.php\/2022\/08\/01\/luva-de-pedreiro-assina-acordo-de-exclusividade-com-patrocinadora-de-messi-e-da-copa-do-mundo\/#primaryimage\"},\"image\":{\"@id\":\"https:\/\/portalmf.com.br\/index.php\/2022\/08\/01\/luva-de-pedreiro-assina-acordo-de-exclusividade-com-patrocinadora-de-messi-e-da-copa-do-mundo\/#primaryimage\"},\"thumbnailUrl\":\"https:\/\/portalmf.com.br\/wp-content\/uploads\/2022\/08\/280292597_524106765829913_713970694403178362_n.jpg\",\"datePublished\":\"2022-08-01T19:53:21+00:00\",\"dateModified\":\"2022-08-01T19:53:22+00:00\",\"author\":{\"@id\":\"https:\/\/portalmf.com.br\/#\/schema\/person\/11c82086fe8abc05a19147e964587285\"},\"breadcrumb\":{\"@id\":\"https:\/\/portalmf.com.br\/index.php\/2022\/08\/01\/luva-de-pedreiro-assina-acordo-de-exclusividade-com-patrocinadora-de-messi-e-da-copa-do-mundo\/#breadcrumb\"},\"inLanguage\":\"pt-BR\",\"potentialAction\":[{\"@type\":\"ReadAction\",\"target\":[\"https:\/\/portalmf.com.br\/index.php\/2022\/08\/01\/luva-de-pedreiro-assina-acordo-de-exclusividade-com-patrocinadora-de-messi-e-da-copa-do-mundo\/\"]}]},{\"@type\":\"ImageObject\",\"inLanguage\":\"pt-BR\",\"@id\":\"https:\/\/portalmf.com.br\/index.php\/2022\/08\/01\/luva-de-pedreiro-assina-acordo-de-exclusividade-com-patrocinadora-de-messi-e-da-copa-do-mundo\/#primaryimage\",\"url\":\"https:\/\/portalmf.com.br\/wp-content\/uploads\/2022\/08\/280292597_524106765829913_713970694403178362_n.jpg\",\"contentUrl\":\"https:\/\/portalmf.com.br\/wp-content\/uploads\/2022\/08\/280292597_524106765829913_713970694403178362_n.jpg\",\"width\":1080,\"height\":642},{\"@type\":\"BreadcrumbList\",\"@id\":\"https:\/\/portalmf.com.br\/index.php\/2022\/08\/01\/luva-de-pedreiro-assina-acordo-de-exclusividade-com-patrocinadora-de-messi-e-da-copa-do-mundo\/#breadcrumb\",\"itemListElement\":[{\"@type\":\"ListItem\",\"position\":1,\"name\":\"In\u00edcio\",\"item\":\"https:\/\/portalmf.com.br\/\"},{\"@type\":\"ListItem\",\"position\":2,\"name\":\"Luva de Pedreiro assina acordo de exclusividade com patrocinadora de Messi e da Copa do Mundo\"}]},{\"@type\":\"WebSite\",\"@id\":\"https:\/\/portalmf.com.br\/#website\",\"url\":\"https:\/\/portalmf.com.br\/\",\"name\":\"Portal MF\",\"description\":\"Voc\u00ea conectado com a informa\u00e7\u00e3o\",\"potentialAction\":[{\"@type\":\"SearchAction\",\"target\":{\"@type\":\"EntryPoint\",\"urlTemplate\":\"https:\/\/portalmf.com.br\/?s={search_term_string}\"},\"query-input\":\"required name=search_term_string\"}],\"inLanguage\":\"pt-BR\"},{\"@type\":\"Person\",\"@id\":\"https:\/\/portalmf.com.br\/#\/schema\/person\/11c82086fe8abc05a19147e964587285\",\"name\":\"Reginaldo J\u00fanior\",\"image\":{\"@type\":\"ImageObject\",\"inLanguage\":\"pt-BR\",\"@id\":\"https:\/\/portalmf.com.br\/#\/schema\/person\/image\/\",\"url\":\"https:\/\/secure.gravatar.com\/avatar\/32a3c797cd0ac47cc53b8644c62776f9?s=96&d=mm&r=g\",\"contentUrl\":\"https:\/\/secure.gravatar.com\/avatar\/32a3c797cd0ac47cc53b8644c62776f9?s=96&d=mm&r=g\",\"caption\":\"Reginaldo J\u00fanior\"},\"description\":\"Jornalista e idealizador Portal MF\",\"sameAs\":[\"https:\/\/portalmf.com.br\/index.php\/author\/reginaldojr\/\",\"reginaldojrfsa\",\"reginaldojuniormf\",\"https:\/\/x.com\/reginaldojrmf\"],\"url\":\"https:\/\/portalmf.com.br\/index.php\/author\/reginaldojr\/\"}]}<\/script>\n<!-- \/ Yoast SEO plugin. -->","yoast_head_json":{"title":"Luva de Pedreiro assina acordo de exclusividade com patrocinadora de Messi e da Copa do Mundo - Portal MF","robots":{"index":"index","follow":"follow","max-snippet":"max-snippet:-1","max-image-preview":"max-image-preview:large","max-video-preview":"max-video-preview:-1"},"canonical":"https:\/\/portalmf.com.br\/index.php\/2022\/08\/01\/luva-de-pedreiro-assina-acordo-de-exclusividade-com-patrocinadora-de-messi-e-da-copa-do-mundo\/","og_locale":"pt_BR","og_type":"article","og_title":"Luva de Pedreiro assina acordo de exclusividade com patrocinadora de Messi e da Copa do Mundo - Portal MF","og_description":"O Cara da Luva de Pedreiro, Iran Ferreira, anunciou, nesta segunda-feira, o contrato com a Adidas, marca conhecida mundialmente no ramo esportivo e que patrocina Messi e a Copa do Mundo da Fifa. O acordo \u00e9 o primeiro sob a supervis\u00e3o dos empres\u00e1rios Falc\u00e3o e Marcelo &#8220;Batata&#8221;, s\u00f3cios da &#8220;F.12&#8221; O contrato do Luva com [&hellip;]","og_url":"https:\/\/portalmf.com.br\/index.php\/2022\/08\/01\/luva-de-pedreiro-assina-acordo-de-exclusividade-com-patrocinadora-de-messi-e-da-copa-do-mundo\/","og_site_name":"Portal MF","article_author":"reginaldojrfsa","article_published_time":"2022-08-01T19:53:21+00:00","article_modified_time":"2022-08-01T19:53:22+00:00","og_image":[{"width":1080,"height":642,"url":"https:\/\/portalmf.com.br\/wp-content\/uploads\/2022\/08\/280292597_524106765829913_713970694403178362_n.jpg","type":"image\/jpeg"}],"author":"Reginaldo J\u00fanior","twitter_card":"summary_large_image","twitter_creator":"@reginaldojrmf","twitter_misc":{"Escrito por":"Reginaldo J\u00fanior","Est. tempo de leitura":"2 minutos"},"schema":{"@context":"https:\/\/schema.org","@graph":[{"@type":"WebPage","@id":"https:\/\/portalmf.com.br\/index.php\/2022\/08\/01\/luva-de-pedreiro-assina-acordo-de-exclusividade-com-patrocinadora-de-messi-e-da-copa-do-mundo\/","url":"https:\/\/portalmf.com.br\/index.php\/2022\/08\/01\/luva-de-pedreiro-assina-acordo-de-exclusividade-com-patrocinadora-de-messi-e-da-copa-do-mundo\/","name":"Luva de Pedreiro assina acordo de exclusividade com patrocinadora de Messi e da Copa do Mundo - Portal MF","isPartOf":{"@id":"https:\/\/portalmf.com.br\/#website"},"primaryImageOfPage":{"@id":"https:\/\/portalmf.com.br\/index.php\/2022\/08\/01\/luva-de-pedreiro-assina-acordo-de-exclusividade-com-patrocinadora-de-messi-e-da-copa-do-mundo\/#primaryimage"},"image":{"@id":"https:\/\/portalmf.com.br\/index.php\/2022\/08\/01\/luva-de-pedreiro-assina-acordo-de-exclusividade-com-patrocinadora-de-messi-e-da-copa-do-mundo\/#primaryimage"},"thumbnailUrl":"https:\/\/portalmf.com.br\/wp-content\/uploads\/2022\/08\/280292597_524106765829913_713970694403178362_n.jpg","datePublished":"2022-08-01T19:53:21+00:00","dateModified":"2022-08-01T19:53:22+00:00","author":{"@id":"https:\/\/portalmf.com.br\/#\/schema\/person\/11c82086fe8abc05a19147e964587285"},"breadcrumb":{"@id":"https:\/\/portalmf.com.br\/index.php\/2022\/08\/01\/luva-de-pedreiro-assina-acordo-de-exclusividade-com-patrocinadora-de-messi-e-da-copa-do-mundo\/#breadcrumb"},"inLanguage":"pt-BR","potentialAction":[{"@type":"ReadAction","target":["https:\/\/portalmf.com.br\/index.php\/2022\/08\/01\/luva-de-pedreiro-assina-acordo-de-exclusividade-com-patrocinadora-de-messi-e-da-copa-do-mundo\/"]}]},{"@type":"ImageObject","inLanguage":"pt-BR","@id":"https:\/\/portalmf.com.br\/index.php\/2022\/08\/01\/luva-de-pedreiro-assina-acordo-de-exclusividade-com-patrocinadora-de-messi-e-da-copa-do-mundo\/#primaryimage","url":"https:\/\/portalmf.com.br\/wp-content\/uploads\/2022\/08\/280292597_524106765829913_713970694403178362_n.jpg","contentUrl":"https:\/\/portalmf.com.br\/wp-content\/uploads\/2022\/08\/280292597_524106765829913_713970694403178362_n.jpg","width":1080,"height":642},{"@type":"BreadcrumbList","@id":"https:\/\/portalmf.com.br\/index.php\/2022\/08\/01\/luva-de-pedreiro-assina-acordo-de-exclusividade-com-patrocinadora-de-messi-e-da-copa-do-mundo\/#breadcrumb","itemListElement":[{"@type":"ListItem","position":1,"name":"In\u00edcio","item":"https:\/\/portalmf.com.br\/"},{"@type":"ListItem","position":2,"name":"Luva de Pedreiro assina acordo de exclusividade com patrocinadora de Messi e da Copa do Mundo"}]},{"@type":"WebSite","@id":"https:\/\/portalmf.com.br\/#website","url":"https:\/\/portalmf.com.br\/","name":"Portal MF","description":"Voc\u00ea conectado com a informa\u00e7\u00e3o","potentialAction":[{"@type":"SearchAction","target":{"@type":"EntryPoint","urlTemplate":"https:\/\/portalmf.com.br\/?s={search_term_string}"},"query-input":"required name=search_term_string"}],"inLanguage":"pt-BR"},{"@type":"Person","@id":"https:\/\/portalmf.com.br\/#\/schema\/person\/11c82086fe8abc05a19147e964587285","name":"Reginaldo J\u00fanior","image":{"@type":"ImageObject","inLanguage":"pt-BR","@id":"https:\/\/portalmf.com.br\/#\/schema\/person\/image\/","url":"https:\/\/secure.gravatar.com\/avatar\/32a3c797cd0ac47cc53b8644c62776f9?s=96&d=mm&r=g","contentUrl":"https:\/\/secure.gravatar.com\/avatar\/32a3c797cd0ac47cc53b8644c62776f9?s=96&d=mm&r=g","caption":"Reginaldo J\u00fanior"},"description":"Jornalista e idealizador Portal MF","sameAs":["https:\/\/portalmf.com.br\/index.php\/author\/reginaldojr\/","reginaldojrfsa","reginaldojuniormf","https:\/\/x.com\/reginaldojrmf"],"url":"https:\/\/portalmf.com.br\/index.php\/author\/reginaldojr\/"}]}},"_links":{"self":[{"href":"https:\/\/portalmf.com.br\/index.php\/wp-json\/wp\/v2\/posts\/2425"}],"collection":[{"href":"https:\/\/portalmf.com.br\/index.php\/wp-json\/wp\/v2\/posts"}],"about":[{"href":"https:\/\/portalmf.com.br\/index.php\/wp-json\/wp\/v2\/types\/post"}],"author":[{"embeddable":true,"href":"https:\/\/portalmf.com.br\/index.php\/wp-json\/wp\/v2\/users\/2"}],"replies":[{"embeddable":true,"href":"https:\/\/portalmf.com.br\/index.php\/wp-json\/wp\/v2\/comments?post=2425"}],"version-history":[{"count":1,"href":"https:\/\/portalmf.com.br\/index.php\/wp-json\/wp\/v2\/posts\/2425\/revisions"}],"predecessor-version":[{"id":2427,"href":"https:\/\/portalmf.com.br\/index.php\/wp-json\/wp\/v2\/posts\/2425\/revisions\/2427"}],"wp:featuredmedia":[{"embeddable":true,"href":"https:\/\/portalmf.com.br\/index.php\/wp-json\/wp\/v2\/media\/2426"}],"wp:attachment":[{"href":"https:\/\/portalmf.com.br\/index.php\/wp-json\/wp\/v2\/media?parent=2425"}],"wp:term":[{"taxonomy":"category","embeddable":true,"href":"https:\/\/portalmf.com.br\/index.php\/wp-json\/wp\/v2\/categories?post=2425"},{"taxonomy":"post_tag","embeddable":true,"href":"https:\/\/portalmf.com.br\/index.php\/wp-json\/wp\/v2\/tags?post=2425"}],"curies":[{"name":"wp","href":"https:\/\/api.w.org\/{rel}","templated":true}]}}